{"id":38684,"date":"2026-09-01T14:03:50","date_gmt":"2026-09-01T12:03:50","guid":{"rendered":"https:\/\/skgd.pl\/?p=38684"},"modified":"2026-09-01T14:03:50","modified_gmt":"2026-09-01T12:03:50","slug":"dobra-wiadomosc-od-vdg-przedluzono-termin-zgloszen","status":"publish","type":"post","link":"https:\/\/skgd.pl\/en\/dobra-wiadomosc-od-vdg-przedluzono-termin-zgloszen\/","title":{"rendered":"(Polski) Dobra wiadomo\u015b\u0107 od VdG! Przed\u0142u\u017cono termin zg\u0142osze\u0144!"},"content":{"rendered":"<p class=\"qtranxs-available-languages-message qtranxs-available-languages-message-en\">Sorry, this entry is only available in <a href=\"https:\/\/skgd.pl\/pl\/wp-json\/wp\/v2\/posts\/38684\" class=\"qtranxs-available-language-link qtranxs-available-language-link-pl\" title=\"Polski\">Polski<\/a> and <a href=\"https:\/\/skgd.pl\/de\/wp-json\/wp\/v2\/posts\/38684\" class=\"qtranxs-available-language-link qtranxs-available-language-link-de\" title=\"Deutsch\">Deutsch<\/a>.<\/p>","protected":false},"excerpt":{"rendered":"<p>Sorry, this entry is only available in Polski and Deutsch.<\/p>\n","protected":false},"author":21,"featured_media":38685,"comment_status":"closed","ping_status":"closed","sticky":false,"template":"","format":"standard","meta":{"footnotes":""},"categories":[1],"tags":[],"class_list":["post-38684","post","type-post","status-publish","format-standard","has-post-thumbnail","hentry","category-aktualnosci"],"yoast_head":"<!-- This site is optimized with the Yoast SEO plugin v18.9 - https:\/\/yoast.com\/wordpress\/plugins\/seo\/ -->\n<title>(Polski) Dobra wiadomo\u015b\u0107 od VdG! Przed\u0142u\u017cono termin zg\u0142osze\u0144! - The Social-Cultural Society<\/title>\n<meta name=\"robots\" content=\"index, follow, max-snippet:-1, max-image-preview:large, max-video-preview:-1\" \/>\n<link rel=\"canonical\" href=\"https:\/\/skgd.pl\/dobra-wiadomosc-od-vdg-przedluzono-termin-zgloszen\/\" \/>\n<meta property=\"og:locale\" content=\"en_US\" \/>\n<meta property=\"og:type\" content=\"article\" \/>\n<meta property=\"og:title\" content=\"(Polski) Dobra wiadomo\u015b\u0107 od VdG! Przed\u0142u\u017cono termin zg\u0142osze\u0144! - The Social-Cultural Society\" \/>\n<meta property=\"og:description\" content=\"Sorry, this entry is only available in Polski and Deutsch.\" \/>\n<meta property=\"og:url\" content=\"https:\/\/skgd.pl\/dobra-wiadomosc-od-vdg-przedluzono-termin-zgloszen\/\" \/>\n<meta property=\"og:site_name\" content=\"The Social-Cultural Society\" \/>\n<meta property=\"article:published_time\" content=\"2026-09-01T12:03:50+00:00\" \/>\n<meta property=\"og:image\" content=\"https:\/\/skgd.pl\/wp-content\/uploads\/2026\/09\/post-konkurs.jpeg\" \/>\n\t<meta property=\"og:image:width\" content=\"1131\" \/>\n\t<meta property=\"og:image:height\" content=\"1600\" \/>\n\t<meta property=\"og:image:type\" content=\"image\/jpeg\" \/>\n<meta name=\"twitter:card\" content=\"summary_large_image\" \/>\n<meta name=\"twitter:label1\" content=\"Written by\" \/>\n\t<meta name=\"twitter:data1\" content=\"Marcel \u015awierc\" \/>\n\t<meta name=\"twitter:label2\" content=\"Est. reading time\" \/>\n\t<meta name=\"twitter:data2\" content=\"1 minute\" \/>\n<script type=\"application\/ld+json\" class=\"yoast-schema-graph\">{\"@context\":\"https:\/\/schema.org\",\"@graph\":[{\"@type\":\"WebSite\",\"@id\":\"https:\/\/skgd.pl\/#website\",\"url\":\"https:\/\/skgd.pl\/\",\"name\":\"The Social-Cultural Society\",\"description\":\"The Social-Cultural Society of Germans in Opole Silesia\",\"potentialAction\":[{\"@type\":\"SearchAction\",\"target\":{\"@type\":\"EntryPoint\",\"urlTemplate\":\"https:\/\/skgd.pl\/?s={search_term_string}\"},\"query-input\":\"required name=search_term_string\"}],\"inLanguage\":\"en-US\"},{\"@type\":\"ImageObject\",\"inLanguage\":\"en-US\",\"@id\":\"https:\/\/skgd.pl\/dobra-wiadomosc-od-vdg-przedluzono-termin-zgloszen\/#primaryimage\",\"url\":\"https:\/\/skgd.pl\/wp-content\/uploads\/2026\/09\/post-konkurs.jpeg\",\"contentUrl\":\"https:\/\/skgd.pl\/wp-content\/uploads\/2026\/09\/post-konkurs.jpeg\",\"width\":1131,\"height\":1600},{\"@type\":\"WebPage\",\"@id\":\"https:\/\/skgd.pl\/dobra-wiadomosc-od-vdg-przedluzono-termin-zgloszen\/#webpage\",\"url\":\"https:\/\/skgd.pl\/dobra-wiadomosc-od-vdg-przedluzono-termin-zgloszen\/\",\"name\":\"(Polski) Dobra wiadomo\u015b\u0107 od VdG! Przed\u0142u\u017cono termin zg\u0142osze\u0144! - The Social-Cultural Society\",\"isPartOf\":{\"@id\":\"https:\/\/skgd.pl\/#website\"},\"primaryImageOfPage\":{\"@id\":\"https:\/\/skgd.pl\/dobra-wiadomosc-od-vdg-przedluzono-termin-zgloszen\/#primaryimage\"},\"datePublished\":\"2026-09-01T12:03:50+00:00\",\"dateModified\":\"2026-09-01T12:03:50+00:00\",\"author\":{\"@id\":\"https:\/\/skgd.pl\/#\/schema\/person\/689e449cfc904a79ad1bd3f5a75585ae\"},\"breadcrumb\":{\"@id\":\"https:\/\/skgd.pl\/dobra-wiadomosc-od-vdg-przedluzono-termin-zgloszen\/#breadcrumb\"},\"inLanguage\":\"en-US\",\"potentialAction\":[{\"@type\":\"ReadAction\",\"target\":[\"https:\/\/skgd.pl\/dobra-wiadomosc-od-vdg-przedluzono-termin-zgloszen\/\"]}]},{\"@type\":\"BreadcrumbList\",\"@id\":\"https:\/\/skgd.pl\/dobra-wiadomosc-od-vdg-przedluzono-termin-zgloszen\/#breadcrumb\",\"itemListElement\":[{\"@type\":\"ListItem\",\"position\":1,\"name\":\"Strona g\u0142\u00f3wna\",\"item\":\"https:\/\/skgd.pl\/\"},{\"@type\":\"ListItem\",\"position\":2,\"name\":\"Dobra wiadomo\u015b\u0107 od VdG! Przed\u0142u\u017cono termin zg\u0142osze\u0144!\"}]},{\"@type\":\"Person\",\"@id\":\"https:\/\/skgd.pl\/#\/schema\/person\/689e449cfc904a79ad1bd3f5a75585ae\",\"name\":\"Marcel \u015awierc\",\"image\":{\"@type\":\"ImageObject\",\"inLanguage\":\"en-US\",\"@id\":\"https:\/\/skgd.pl\/#\/schema\/person\/image\/\",\"url\":\"https:\/\/secure.gravatar.com\/avatar\/95c22c780fde021221620646c5a8229a10aedf0f29b077c784de7ec9a35544ef?s=96&d=mm&r=g\",\"contentUrl\":\"https:\/\/secure.gravatar.com\/avatar\/95c22c780fde021221620646c5a8229a10aedf0f29b077c784de7ec9a35544ef?s=96&d=mm&r=g\",\"caption\":\"Marcel \u015awierc\"},\"url\":\"https:\/\/skgd.pl\/en\/author\/marcel-swiercskgd-pl\/\"}]}<\/script>\n<!-- \/ Yoast SEO plugin. -->","yoast_head_json":{"title":"(Polski) Dobra wiadomo\u015b\u0107 od VdG! Przed\u0142u\u017cono termin zg\u0142osze\u0144! - The Social-Cultural Society","robots":{"index":"index","follow":"follow","max-snippet":"max-snippet:-1","max-image-preview":"max-image-preview:large","max-video-preview":"max-video-preview:-1"},"canonical":"https:\/\/skgd.pl\/dobra-wiadomosc-od-vdg-przedluzono-termin-zgloszen\/","og_locale":"en_US","og_type":"article","og_title":"(Polski) Dobra wiadomo\u015b\u0107 od VdG! Przed\u0142u\u017cono termin zg\u0142osze\u0144! - The Social-Cultural Society","og_description":"Sorry, this entry is only available in Polski and Deutsch.","og_url":"https:\/\/skgd.pl\/dobra-wiadomosc-od-vdg-przedluzono-termin-zgloszen\/","og_site_name":"The Social-Cultural Society","article_published_time":"2026-09-01T12:03:50+00:00","og_image":[{"width":1131,"height":1600,"url":"https:\/\/skgd.pl\/wp-content\/uploads\/2026\/09\/post-konkurs.jpeg","type":"image\/jpeg"}],"twitter_card":"summary_large_image","twitter_misc":{"Written by":"Marcel \u015awierc","Est. reading time":"1 minute"},"schema":{"@context":"https:\/\/schema.org","@graph":[{"@type":"WebSite","@id":"https:\/\/skgd.pl\/#website","url":"https:\/\/skgd.pl\/","name":"The Social-Cultural Society","description":"The Social-Cultural Society of Germans in Opole Silesia","potentialAction":[{"@type":"SearchAction","target":{"@type":"EntryPoint","urlTemplate":"https:\/\/skgd.pl\/?s={search_term_string}"},"query-input":"required name=search_term_string"}],"inLanguage":"en-US"},{"@type":"ImageObject","inLanguage":"en-US","@id":"https:\/\/skgd.pl\/dobra-wiadomosc-od-vdg-przedluzono-termin-zgloszen\/#primaryimage","url":"https:\/\/skgd.pl\/wp-content\/uploads\/2026\/09\/post-konkurs.jpeg","contentUrl":"https:\/\/skgd.pl\/wp-content\/uploads\/2026\/09\/post-konkurs.jpeg","width":1131,"height":1600},{"@type":"WebPage","@id":"https:\/\/skgd.pl\/dobra-wiadomosc-od-vdg-przedluzono-termin-zgloszen\/#webpage","url":"https:\/\/skgd.pl\/dobra-wiadomosc-od-vdg-przedluzono-termin-zgloszen\/","name":"(Polski) Dobra wiadomo\u015b\u0107 od VdG! Przed\u0142u\u017cono termin zg\u0142osze\u0144! - The Social-Cultural Society","isPartOf":{"@id":"https:\/\/skgd.pl\/#website"},"primaryImageOfPage":{"@id":"https:\/\/skgd.pl\/dobra-wiadomosc-od-vdg-przedluzono-termin-zgloszen\/#primaryimage"},"datePublished":"2026-09-01T12:03:50+00:00","dateModified":"2026-09-01T12:03:50+00:00","author":{"@id":"https:\/\/skgd.pl\/#\/schema\/person\/689e449cfc904a79ad1bd3f5a75585ae"},"breadcrumb":{"@id":"https:\/\/skgd.pl\/dobra-wiadomosc-od-vdg-przedluzono-termin-zgloszen\/#breadcrumb"},"inLanguage":"en-US","potentialAction":[{"@type":"ReadAction","target":["https:\/\/skgd.pl\/dobra-wiadomosc-od-vdg-przedluzono-termin-zgloszen\/"]}]},{"@type":"BreadcrumbList","@id":"https:\/\/skgd.pl\/dobra-wiadomosc-od-vdg-przedluzono-termin-zgloszen\/#breadcrumb","itemListElement":[{"@type":"ListItem","position":1,"name":"Strona g\u0142\u00f3wna","item":"https:\/\/skgd.pl\/"},{"@type":"ListItem","position":2,"name":"Dobra wiadomo\u015b\u0107 od VdG! Przed\u0142u\u017cono termin zg\u0142osze\u0144!"}]},{"@type":"Person","@id":"https:\/\/skgd.pl\/#\/schema\/person\/689e449cfc904a79ad1bd3f5a75585ae","name":"Marcel \u015awierc","image":{"@type":"ImageObject","inLanguage":"en-US","@id":"https:\/\/skgd.pl\/#\/schema\/person\/image\/","url":"https:\/\/secure.gravatar.com\/avatar\/95c22c780fde021221620646c5a8229a10aedf0f29b077c784de7ec9a35544ef?s=96&d=mm&r=g","contentUrl":"https:\/\/secure.gravatar.com\/avatar\/95c22c780fde021221620646c5a8229a10aedf0f29b077c784de7ec9a35544ef?s=96&d=mm&r=g","caption":"Marcel \u015awierc"},"url":"https:\/\/skgd.pl\/en\/author\/marcel-swiercskgd-pl\/"}]}},"_links":{"self":[{"href":"https:\/\/skgd.pl\/en\/wp-json\/wp\/v2\/posts\/38684","targetHints":{"allow":["GET"]}}],"collection":[{"href":"https:\/\/skgd.pl\/en\/wp-json\/wp\/v2\/posts"}],"about":[{"href":"https:\/\/skgd.pl\/en\/wp-json\/wp\/v2\/types\/post"}],"author":[{"embeddable":true,"href":"https:\/\/skgd.pl\/en\/wp-json\/wp\/v2\/users\/21"}],"replies":[{"embeddable":true,"href":"https:\/\/skgd.pl\/en\/wp-json\/wp\/v2\/comments?post=38684"}],"version-history":[{"count":0,"href":"https:\/\/skgd.pl\/en\/wp-json\/wp\/v2\/posts\/38684\/revisions"}],"wp:featuredmedia":[{"embeddable":true,"href":"https:\/\/skgd.pl\/en\/wp-json\/wp\/v2\/media\/38685"}],"wp:attachment":[{"href":"https:\/\/skgd.pl\/en\/wp-json\/wp\/v2\/media?parent=38684"}],"wp:term":[{"taxonomy":"category","embeddable":true,"href":"https:\/\/skgd.pl\/en\/wp-json\/wp\/v2\/categories?post=38684"},{"taxonomy":"post_tag","embeddable":true,"href":"https:\/\/skgd.pl\/en\/wp-json\/wp\/v2\/tags?post=38684"}],"curies":[{"name":"wp","href":"https:\/\/api.w.org\/{rel}","templated":true}]}}