{"id":22051,"date":"2019-10-08T08:50:19","date_gmt":"2019-10-08T06:50:19","guid":{"rendered":"http:\/\/skgd.pl\/?p=22051"},"modified":"2019-10-08T09:16:05","modified_gmt":"2019-10-08T07:16:05","slug":"samorzadowcy-powiatu-krapkowickiego-popieraja-romana-kolka-jako-kandydata-do-senatu-w-okregu-53","status":"publish","type":"post","link":"https:\/\/skgd.pl\/en\/samorzadowcy-powiatu-krapkowickiego-popieraja-romana-kolka-jako-kandydata-do-senatu-w-okregu-53\/","title":{"rendered":"(Polski) Samorz\u0105dowcy powiatu krapkowickiego popieraj\u0105 Romana Kolka jako kandydata do senatu w okr\u0119gu 53"},"content":{"rendered":"<p>Samorz\u0105dowcy powiatu krapkowickiego popieraj\u0105 Romana Kolka jako kandydata do senatu w okr\u0119gu 53.<\/p>\n<p>Pan Roman Kolek jest kandydatem do Senatu w okr\u0119gu 53 (powiat g\u0142ubczycki, k\u0119dzierzy\u0144sko-kozielski, krapkowicki, strzelecki, oleski). Samorz\u0105dowcy z powiatu krapkowickiego: radna Sejmiku Zuznanna Donath-Kasiura, Burmistrz Krapkowic \u2013 Andrzej Kasiura, Burmistrz Gogolina \u2013 Joachim Wojtala, Burmistrz Zdzieszowic \u2013 Sybila Zimerman oraz W\u00f3jt Gminy Walce \u2013 Marek \u015amiech, udzielili poparcia Romanowi Kolkowi, kt\u00f3ry w okr\u0119gu 53 jest kandydatem KWW Mniejszo\u015b\u0107 Niemiecka na senatora.<\/p>\n<p>Opr\u00f3cz, b\u0119d\u0105cych \u017cyciow\u0105 pasj\u0105 kandydata na senatora KWW MN z okr\u0119gu 53 problem\u00f3w zdrowia publicznego, to sprawami, kt\u00f3re wymagaj\u0105 pilnej interwencji s\u0105 mi\u0119dzy innymi problem wykluczenia komunikacyjnego, kt\u00f3ry dotyka naszych uczni\u00f3w, student\u00f3w i przede wszystkim os\u00f3b starszych. Wobec nasilaj\u0105cego si\u0119 zjawiska tzw. \u201ehejtu\u201d i niskiego poziomu kultury<br \/>\nw debacie publicznej, dla Romana Kolka wa\u017cnym obszarem dzia\u0142ania jest propagowanie szacunku i dialogu, jako uznanego sposobu rozwi\u0105zywania konflikt\u00f3w, zar\u00f3wno w polityce jak<br \/>\ni w szeroko poj\u0119tym \u017cyciu spo\u0142ecznym.<\/p>\n<p>Jak m\u00f3wi\u0142 Roman Kolek: \u201eZr\u00f3wnowa\u017cony rozw\u00f3j regionu polega na tym, \u017ce dbamy r\u00f3wnie\u017c<br \/>\no tych najm\u0142odszych i najs\u0142abszych. Musimy zapewnia\u0107, dzia\u0142aj\u0105c wsp\u00f3lnie, dobry dost\u0119p do komunikacji publicznej nawet pomi\u0119dzy ma\u0142ymi miejscowo\u015bciami, jak r\u00f3wnie\u017c pomi\u0119dzy centrami miast. Bez w\u0105tpienia s\u0142u\u017c\u0105 temu realizowane ju\u017c plany komunikacyjne w powiecie krapkowickim z przepraw\u0105 mostow\u0105 w Krapkowicach i wiaduktem kolejowym w Gogolinie. Idea centr\u00f3w przesiadkowych w\u00f3wczas si\u0119 spe\u0142ni, a dzi\u0119ki temu m.in. zmniejszymy zanieczyszczenie powietrza. Czasem rozwi\u0105zania proponowane z poziomu centralnego si\u0119 nie sprawdzaj\u0105, a samorz\u0105d\u00f3w nie sta\u0107 na to by do tych rozwi\u0105za\u0144 dok\u0142ada\u0107. Mo\u017cemy to zmieni\u0107 tylko systemowo, kiedy samorz\u0105dy otrzymaj\u0105 w tym zakresie wi\u0119cej kompetencji decyzyjnych oraz \u015brodk\u00f3w, dzi\u0119ki czemu b\u0119d\u0105 mia\u0142y wp\u0142yw na to, jak te rozwi\u0105zania wygl\u0105daj\u0105. Lokalnie wiemy, jak te problemy rozwi\u0105zywa\u0107! Potrzebujemy jednak w tym zakresie wsparcia parlamentu i o to b\u0119d\u0119 zabiega\u0142, jako senator. Wiele jest obietnic przedwyborczych dla os\u00f3b starszych, ale to tak naprawd\u0119 my, jako Mniejszo\u015b\u0107 Niemiecka od wielu ju\u017c lat, konsekwentnie stawiamy dobro os\u00f3b starszych na wysokim miejscu, realizuj\u0105c wiele program\u00f3w wsparcia. Jak cho\u0107by ostatni z nich &#8211; Opolski Senior. Rozpocz\u0119cie realizacji kolejnego programu profilaktycznego realizowanego ze \u015brodk\u00f3w samorz\u0105du wojew\u00f3dztwa pod nazw\u0105 \u201eElementarze Szacunku\u201d to wyj\u015bcie naprzeciw faktycznym potrzebom zdrowia dzieci oraz przeciwdzia\u0142ania mowie nienawi\u015bci, przemocy i agresji. Program ten, oraz wa\u017cny program prozdrowotny \u201eDbamy o wzrok opolskich dzieci\u201d zosta\u0142 zainaugurowany w dniu wczorajszym w Strzelcach Opolskich i b\u0119dzie realizowany w szko\u0142ach naszego Regionu.\u201d<\/p>\n<p>Podczas konferencji samorz\u0105dowcy z powiatu krapkowickiego, udzielili poparcia panu Romanowi Kolkowi. Burmistrz Krapkowic m\u00f3wi\u0142: \u201eOd wielu lat wsp\u00f3\u0142pracuj\u0119 z Panem Romanem Kolkiem. Znam jego oddanie i zaanga\u017cowanie w sprawy mieszka\u0144c\u00f3w tego regionu. Zawsze, gdy musimy podj\u0105\u0107 si\u0119 trudnej sprawy lub wesprze\u0107 jakie\u015b zagadnienie na szczeblu wojew\u00f3dztwa lub centralnym, wiem, \u017ce mog\u0119 liczy\u0107 na wsparcie Pana Kolka. Takich ludzi potrzebujemy w Senacie.\u201d<\/p>\n<p>Burmistrz Gogolina \u2013 Joachim Wojtala oraz Burmistrz Zdzieszowic \u2013 Sybila Zimerman, zaapelowali do mieszka\u0144c\u00f3w wojew\u00f3dztwa opolskiego: \u201eMieszka\u0144cy powiatu krapkowickiego! To niezwykle wa\u017cne, kogo wybierzemy w tych wyborach do Senatu! Czy b\u0119dzie to osoba reprezentuj\u0105ca interes partyjny, czy b\u0119dzie to osoba st\u0105d, kt\u00f3ra zna nasze problemy i bol\u0105czki<br \/>\ni kt\u00f3ra jest z nami te\u017c w dobrych momentach. Wesprzyjcie waszym g\u0142osem Pana Romana Kolka, kt\u00f3ry jako specjalista i do\u015bwiadczony samorz\u0105dowiec, godnie b\u0119dzie nasz region reprezentowa\u0142<br \/>\nw Senacie i na pewno b\u0119dzie si\u0142\u0105 jednocz\u0105c\u0105 walcz\u0105ce dzi\u015b ze sob\u0105 obozy polityczne\u201d.<br \/>\n<\/p>","protected":false},"excerpt":{"rendered":"<p>Samorz\u0105dowcy powiatu krapkowickiego popieraj\u0105 Romana Kolka jako kandydata do senatu w okr\u0119gu 53. Pan Roman Kolek jest kandydatem do Senatu w okr\u0119gu 53 (powiat g\u0142ubczycki, k\u0119dzierzy\u0144sko-kozielski, krapkowicki, strzelecki, oleski). Samorz\u0105dowcy z powiatu krapkowickiego: radna Sejmiku Zuznanna Donath-Kasiura, Burmistrz Krapkowic \u2013 Andrzej Kasiura, Burmistrz Gogolina \u2013 Joachim Wojtala, Burmistrz Zdzieszowic \u2013 Sybila Zimerman oraz W\u00f3jt Gminy [&hellip;]<\/p>\n","protected":false},"author":7,"featured_media":22055,"comment_status":"closed","ping_status":"open","sticky":false,"template":"","format":"standard","meta":{"footnotes":""},"categories":[1],"tags":[],"class_list":["post-22051","post","type-post","status-publish","format-standard","has-post-thumbnail","hentry","category-aktualnosci"],"yoast_head":"<!-- This site is optimized with the Yoast SEO plugin v18.9 - https:\/\/yoast.com\/wordpress\/plugins\/seo\/ -->\n<title>(Polski) Samorz\u0105dowcy powiatu krapkowickiego popieraj\u0105 Romana Kolka jako kandydata do senatu w okr\u0119gu 53 - The Social-Cultural Society<\/title>\n<meta name=\"robots\" content=\"index, follow, max-snippet:-1, max-image-preview:large, max-video-preview:-1\" \/>\n<link rel=\"canonical\" href=\"https:\/\/skgd.pl\/de\/samorzadowcy-powiatu-krapkowickiego-popieraja-romana-kolka-jako-kandydata-do-senatu-w-okregu-53\/\" \/>\n<meta property=\"og:locale\" content=\"en_US\" \/>\n<meta property=\"og:type\" content=\"article\" \/>\n<meta property=\"og:title\" content=\"(Polski) Samorz\u0105dowcy powiatu krapkowickiego popieraj\u0105 Romana Kolka jako kandydata do senatu w okr\u0119gu 53 - The Social-Cultural Society\" \/>\n<meta property=\"og:description\" content=\"Samorz\u0105dowcy powiatu krapkowickiego popieraj\u0105 Romana Kolka jako kandydata do senatu w okr\u0119gu 53. Pan Roman Kolek jest kandydatem do Senatu w okr\u0119gu 53 (powiat g\u0142ubczycki, k\u0119dzierzy\u0144sko-kozielski, krapkowicki, strzelecki, oleski). Samorz\u0105dowcy z powiatu krapkowickiego: radna Sejmiku Zuznanna Donath-Kasiura, Burmistrz Krapkowic \u2013 Andrzej Kasiura, Burmistrz Gogolina \u2013 Joachim Wojtala, Burmistrz Zdzieszowic \u2013 Sybila Zimerman oraz W\u00f3jt Gminy [&hellip;]\" \/>\n<meta property=\"og:url\" content=\"https:\/\/skgd.pl\/de\/samorzadowcy-powiatu-krapkowickiego-popieraja-romana-kolka-jako-kandydata-do-senatu-w-okregu-53\/\" \/>\n<meta property=\"og:site_name\" content=\"The Social-Cultural Society\" \/>\n<meta property=\"article:published_time\" content=\"2019-10-08T06:50:19+00:00\" \/>\n<meta property=\"article:modified_time\" content=\"2019-10-08T07:16:05+00:00\" \/>\n<meta property=\"og:image\" content=\"https:\/\/skgd.pl\/wp-content\/uploads\/2019\/10\/lOW54hSg.jpeg\" \/>\n\t<meta property=\"og:image:width\" content=\"2048\" \/>\n\t<meta property=\"og:image:height\" content=\"1104\" \/>\n\t<meta property=\"og:image:type\" content=\"image\/jpeg\" \/>\n<meta name=\"twitter:card\" content=\"summary_large_image\" \/>\n<meta name=\"twitter:label1\" content=\"Written by\" \/>\n\t<meta name=\"twitter:data1\" content=\"Zuzanna Herud\" \/>\n\t<meta name=\"twitter:label2\" content=\"Est. reading time\" \/>\n\t<meta name=\"twitter:data2\" content=\"6 minutes\" \/>\n<script type=\"application\/ld+json\" class=\"yoast-schema-graph\">{\"@context\":\"https:\/\/schema.org\",\"@graph\":[{\"@type\":\"WebSite\",\"@id\":\"https:\/\/skgd.pl\/#website\",\"url\":\"https:\/\/skgd.pl\/\",\"name\":\"The Social-Cultural Society\",\"description\":\"The Social-Cultural Society of Germans in Opole Silesia\",\"potentialAction\":[{\"@type\":\"SearchAction\",\"target\":{\"@type\":\"EntryPoint\",\"urlTemplate\":\"https:\/\/skgd.pl\/?s={search_term_string}\"},\"query-input\":\"required name=search_term_string\"}],\"inLanguage\":\"en-US\"},{\"@type\":\"ImageObject\",\"inLanguage\":\"en-US\",\"@id\":\"https:\/\/skgd.pl\/de\/samorzadowcy-powiatu-krapkowickiego-popieraja-romana-kolka-jako-kandydata-do-senatu-w-okregu-53\/#primaryimage\",\"url\":\"https:\/\/skgd.pl\/wp-content\/uploads\/2019\/10\/lOW54hSg.jpeg\",\"contentUrl\":\"https:\/\/skgd.pl\/wp-content\/uploads\/2019\/10\/lOW54hSg.jpeg\",\"width\":2048,\"height\":1104},{\"@type\":\"WebPage\",\"@id\":\"https:\/\/skgd.pl\/de\/samorzadowcy-powiatu-krapkowickiego-popieraja-romana-kolka-jako-kandydata-do-senatu-w-okregu-53\/#webpage\",\"url\":\"https:\/\/skgd.pl\/de\/samorzadowcy-powiatu-krapkowickiego-popieraja-romana-kolka-jako-kandydata-do-senatu-w-okregu-53\/\",\"name\":\"(Polski) Samorz\u0105dowcy powiatu krapkowickiego popieraj\u0105 Romana Kolka jako kandydata do senatu w okr\u0119gu 53 - The Social-Cultural Society\",\"isPartOf\":{\"@id\":\"https:\/\/skgd.pl\/#website\"},\"primaryImageOfPage\":{\"@id\":\"https:\/\/skgd.pl\/de\/samorzadowcy-powiatu-krapkowickiego-popieraja-romana-kolka-jako-kandydata-do-senatu-w-okregu-53\/#primaryimage\"},\"datePublished\":\"2019-10-08T06:50:19+00:00\",\"dateModified\":\"2019-10-08T07:16:05+00:00\",\"author\":{\"@id\":\"https:\/\/skgd.pl\/#\/schema\/person\/dcdd6dd89280fa49735a207f6d6dccd2\"},\"breadcrumb\":{\"@id\":\"https:\/\/skgd.pl\/de\/samorzadowcy-powiatu-krapkowickiego-popieraja-romana-kolka-jako-kandydata-do-senatu-w-okregu-53\/#breadcrumb\"},\"inLanguage\":\"en-US\",\"potentialAction\":[{\"@type\":\"ReadAction\",\"target\":[\"https:\/\/skgd.pl\/de\/samorzadowcy-powiatu-krapkowickiego-popieraja-romana-kolka-jako-kandydata-do-senatu-w-okregu-53\/\"]}]},{\"@type\":\"BreadcrumbList\",\"@id\":\"https:\/\/skgd.pl\/de\/samorzadowcy-powiatu-krapkowickiego-popieraja-romana-kolka-jako-kandydata-do-senatu-w-okregu-53\/#breadcrumb\",\"itemListElement\":[{\"@type\":\"ListItem\",\"position\":1,\"name\":\"Strona g\u0142\u00f3wna\",\"item\":\"https:\/\/skgd.pl\/\"},{\"@type\":\"ListItem\",\"position\":2,\"name\":\"Die Vertreter der Selbstverwaltungen aus dem Kreis Keappitz unterst\u00fctzen Roman Kolek &#8211; den Kandidaten f\u00fcr den Senat der KWW Deutsche Minderheit\"}]},{\"@type\":\"Person\",\"@id\":\"https:\/\/skgd.pl\/#\/schema\/person\/dcdd6dd89280fa49735a207f6d6dccd2\",\"name\":\"Zuzanna Herud\",\"image\":{\"@type\":\"ImageObject\",\"inLanguage\":\"en-US\",\"@id\":\"https:\/\/skgd.pl\/#\/schema\/person\/image\/\",\"url\":\"https:\/\/secure.gravatar.com\/avatar\/a01f92cb4421a03a6fa61cc64f8d96dc?s=96&d=mm&r=g\",\"contentUrl\":\"https:\/\/secure.gravatar.com\/avatar\/a01f92cb4421a03a6fa61cc64f8d96dc?s=96&d=mm&r=g\",\"caption\":\"Zuzanna Herud\"},\"url\":\"https:\/\/skgd.pl\/en\/author\/zuzanna\/\"}]}<\/script>\n<!-- \/ Yoast SEO plugin. -->","yoast_head_json":{"title":"(Polski) Samorz\u0105dowcy powiatu krapkowickiego popieraj\u0105 Romana Kolka jako kandydata do senatu w okr\u0119gu 53 - The Social-Cultural Society","robots":{"index":"index","follow":"follow","max-snippet":"max-snippet:-1","max-image-preview":"max-image-preview:large","max-video-preview":"max-video-preview:-1"},"canonical":"https:\/\/skgd.pl\/de\/samorzadowcy-powiatu-krapkowickiego-popieraja-romana-kolka-jako-kandydata-do-senatu-w-okregu-53\/","og_locale":"en_US","og_type":"article","og_title":"(Polski) Samorz\u0105dowcy powiatu krapkowickiego popieraj\u0105 Romana Kolka jako kandydata do senatu w okr\u0119gu 53 - The Social-Cultural Society","og_description":"Samorz\u0105dowcy powiatu krapkowickiego popieraj\u0105 Romana Kolka jako kandydata do senatu w okr\u0119gu 53. Pan Roman Kolek jest kandydatem do Senatu w okr\u0119gu 53 (powiat g\u0142ubczycki, k\u0119dzierzy\u0144sko-kozielski, krapkowicki, strzelecki, oleski). Samorz\u0105dowcy z powiatu krapkowickiego: radna Sejmiku Zuznanna Donath-Kasiura, Burmistrz Krapkowic \u2013 Andrzej Kasiura, Burmistrz Gogolina \u2013 Joachim Wojtala, Burmistrz Zdzieszowic \u2013 Sybila Zimerman oraz W\u00f3jt Gminy [&hellip;]","og_url":"https:\/\/skgd.pl\/de\/samorzadowcy-powiatu-krapkowickiego-popieraja-romana-kolka-jako-kandydata-do-senatu-w-okregu-53\/","og_site_name":"The Social-Cultural Society","article_published_time":"2019-10-08T06:50:19+00:00","article_modified_time":"2019-10-08T07:16:05+00:00","og_image":[{"width":2048,"height":1104,"url":"https:\/\/skgd.pl\/wp-content\/uploads\/2019\/10\/lOW54hSg.jpeg","type":"image\/jpeg"}],"twitter_card":"summary_large_image","twitter_misc":{"Written by":"Zuzanna Herud","Est. reading time":"6 minutes"},"schema":{"@context":"https:\/\/schema.org","@graph":[{"@type":"WebSite","@id":"https:\/\/skgd.pl\/#website","url":"https:\/\/skgd.pl\/","name":"The Social-Cultural Society","description":"The Social-Cultural Society of Germans in Opole Silesia","potentialAction":[{"@type":"SearchAction","target":{"@type":"EntryPoint","urlTemplate":"https:\/\/skgd.pl\/?s={search_term_string}"},"query-input":"required name=search_term_string"}],"inLanguage":"en-US"},{"@type":"ImageObject","inLanguage":"en-US","@id":"https:\/\/skgd.pl\/de\/samorzadowcy-powiatu-krapkowickiego-popieraja-romana-kolka-jako-kandydata-do-senatu-w-okregu-53\/#primaryimage","url":"https:\/\/skgd.pl\/wp-content\/uploads\/2019\/10\/lOW54hSg.jpeg","contentUrl":"https:\/\/skgd.pl\/wp-content\/uploads\/2019\/10\/lOW54hSg.jpeg","width":2048,"height":1104},{"@type":"WebPage","@id":"https:\/\/skgd.pl\/de\/samorzadowcy-powiatu-krapkowickiego-popieraja-romana-kolka-jako-kandydata-do-senatu-w-okregu-53\/#webpage","url":"https:\/\/skgd.pl\/de\/samorzadowcy-powiatu-krapkowickiego-popieraja-romana-kolka-jako-kandydata-do-senatu-w-okregu-53\/","name":"(Polski) Samorz\u0105dowcy powiatu krapkowickiego popieraj\u0105 Romana Kolka jako kandydata do senatu w okr\u0119gu 53 - The Social-Cultural Society","isPartOf":{"@id":"https:\/\/skgd.pl\/#website"},"primaryImageOfPage":{"@id":"https:\/\/skgd.pl\/de\/samorzadowcy-powiatu-krapkowickiego-popieraja-romana-kolka-jako-kandydata-do-senatu-w-okregu-53\/#primaryimage"},"datePublished":"2019-10-08T06:50:19+00:00","dateModified":"2019-10-08T07:16:05+00:00","author":{"@id":"https:\/\/skgd.pl\/#\/schema\/person\/dcdd6dd89280fa49735a207f6d6dccd2"},"breadcrumb":{"@id":"https:\/\/skgd.pl\/de\/samorzadowcy-powiatu-krapkowickiego-popieraja-romana-kolka-jako-kandydata-do-senatu-w-okregu-53\/#breadcrumb"},"inLanguage":"en-US","potentialAction":[{"@type":"ReadAction","target":["https:\/\/skgd.pl\/de\/samorzadowcy-powiatu-krapkowickiego-popieraja-romana-kolka-jako-kandydata-do-senatu-w-okregu-53\/"]}]},{"@type":"BreadcrumbList","@id":"https:\/\/skgd.pl\/de\/samorzadowcy-powiatu-krapkowickiego-popieraja-romana-kolka-jako-kandydata-do-senatu-w-okregu-53\/#breadcrumb","itemListElement":[{"@type":"ListItem","position":1,"name":"Strona g\u0142\u00f3wna","item":"https:\/\/skgd.pl\/"},{"@type":"ListItem","position":2,"name":"Die Vertreter der Selbstverwaltungen aus dem Kreis Keappitz unterst\u00fctzen Roman Kolek &#8211; den Kandidaten f\u00fcr den Senat der KWW Deutsche Minderheit"}]},{"@type":"Person","@id":"https:\/\/skgd.pl\/#\/schema\/person\/dcdd6dd89280fa49735a207f6d6dccd2","name":"Zuzanna Herud","image":{"@type":"ImageObject","inLanguage":"en-US","@id":"https:\/\/skgd.pl\/#\/schema\/person\/image\/","url":"https:\/\/secure.gravatar.com\/avatar\/a01f92cb4421a03a6fa61cc64f8d96dc?s=96&d=mm&r=g","contentUrl":"https:\/\/secure.gravatar.com\/avatar\/a01f92cb4421a03a6fa61cc64f8d96dc?s=96&d=mm&r=g","caption":"Zuzanna Herud"},"url":"https:\/\/skgd.pl\/en\/author\/zuzanna\/"}]}},"_links":{"self":[{"href":"https:\/\/skgd.pl\/en\/wp-json\/wp\/v2\/posts\/22051","targetHints":{"allow":["GET"]}}],"collection":[{"href":"https:\/\/skgd.pl\/en\/wp-json\/wp\/v2\/posts"}],"about":[{"href":"https:\/\/skgd.pl\/en\/wp-json\/wp\/v2\/types\/post"}],"author":[{"embeddable":true,"href":"https:\/\/skgd.pl\/en\/wp-json\/wp\/v2\/users\/7"}],"replies":[{"embeddable":true,"href":"https:\/\/skgd.pl\/en\/wp-json\/wp\/v2\/comments?post=22051"}],"version-history":[{"count":3,"href":"https:\/\/skgd.pl\/en\/wp-json\/wp\/v2\/posts\/22051\/revisions"}],"predecessor-version":[{"id":22054,"href":"https:\/\/skgd.pl\/en\/wp-json\/wp\/v2\/posts\/22051\/revisions\/22054"}],"wp:featuredmedia":[{"embeddable":true,"href":"https:\/\/skgd.pl\/en\/wp-json\/wp\/v2\/media\/22055"}],"wp:attachment":[{"href":"https:\/\/skgd.pl\/en\/wp-json\/wp\/v2\/media?parent=22051"}],"wp:term":[{"taxonomy":"category","embeddable":true,"href":"https:\/\/skgd.pl\/en\/wp-json\/wp\/v2\/categories?post=22051"},{"taxonomy":"post_tag","embeddable":true,"href":"https:\/\/skgd.pl\/en\/wp-json\/wp\/v2\/tags?post=22051"}],"curies":[{"name":"wp","href":"https:\/\/api.w.org\/{rel}","templated":true}]}}