{"id":38710,"date":"2026-09-06T12:06:33","date_gmt":"2026-09-06T10:06:33","guid":{"rendered":"https:\/\/skgd.pl\/?p=38710"},"modified":"2026-09-06T12:09:39","modified_gmt":"2026-09-06T10:09:39","slug":"deutsche-filmwoche-in-oppeln-11-16-09-2026","status":"publish","type":"post","link":"https:\/\/skgd.pl\/de\/deutsche-filmwoche-in-oppeln-11-16-09-2026\/","title":{"rendered":"Deutsche Filmwoche in Oppeln, 11.\u201316.09.2026!"},"content":{"rendered":"<p>Schon wieder l\u00e4dt der Verein \u201eOpolskie Lamy\u201c die Einwohner von Opole zur \u201eWoche des deutschen Kinos\u201c ein \u2013 einer einw\u00f6chigen Filmreihe mit den neuesten und bewegendsten Produktionen von jenseits der Oder. Sieben Tage lang werden das Kino \u201eMeduza\u201c und das Freiluftkino in der Krakowska-Stra\u00dfe zu Treffpunkten f\u00fcr deutsche Filmkunst \u2013 von intimen Dramen \u00fcber gro\u00dfes Festivalkino bis hin zu Vorf\u00fchrungen f\u00fcr die j\u00fcngsten Zuschauer.<\/p>\n<p>Dies ist eine einzigartige Gelegenheit, an internationalen Festivals ausgezeichnete Filme zu sehen, die Profile ihrer Sch\u00f6pfer kennenzulernen und einen Blick auf das heutige Deutschland durch die Linse der Filmkunst zu werfen. Alle Vorf\u00fchrungen sind kostenlos und stehen allen offen, die sich f\u00fcr Film und deutsche Kultur interessieren.<\/p>\n<p>Wir beginnen die Filmreihe am Donnerstag, dem 10. September, im Freiluftkino beim Caf\u00e9 OPO (Krakowska-Stra\u00dfe 32), wo Sie neben der Filmvorf\u00fchrung ein Filmquiz und ein DJ-Set mit deutscher Musik erwartet. Die weiteren Vorf\u00fchrungen finden im Kino Meduza (Oleska-Stra\u00dfe 45) statt.<\/p>\n<h2><span>PROGRAMM<\/span><\/h2>\n<h3><span>Woche des Deutschen Kinos<\/span><\/h3>\n<p class=\"isSelectedEnd\"><strong><span>10.\u201316.09.2026<\/span><\/strong><\/p>\n<p class=\"isSelectedEnd\"><strong><span>10.09. | 18:00 Uhr (Steno)<\/span><\/strong><br \/>\n<strong><span>\u201eWas Marielle wei\u00df\u201c<\/span><\/strong><span>, Regie: Fr\u00e9d\u00e9ric Hambalek<\/span><br \/>\n<span>Deutschland 2025 \/ 89 Min.<\/span><br \/>\n<span>Open-Air-Kino OPO, Krakauer Stra\u00dfe 32<\/span><\/p>\n<p class=\"isSelectedEnd\"><strong><span>11.09. (Freitag) | 18:00 Uhr (Euriale)<\/span><\/strong><br \/>\n<strong><span>\u201eVaterland\u201c<\/span><\/strong><span>, Regie: Pawe\u0142 Pawlikowski<\/span><br \/>\n<span>Frankreich, Deutschland, Polen, Italien 2026 \/ 82 Min.<\/span><br \/>\n<span>Kino Meduza<\/span><\/p>\n<p class=\"isSelectedEnd\"><strong><span>12.09. (Samstag) | 12:00 Uhr (Steno)<\/span><\/strong><br \/>\n<strong><span>\u201eMeisterinnen\u201c<\/span><\/strong><span>, Regie: Soleen Yusef<\/span><br \/>\n<span>Deutschland 2026 \/ 119 Min.<\/span><br \/>\n<span>Kino Meduza<\/span><\/p>\n<p class=\"isSelectedEnd\"><strong><span>13.09. (Sonntag) | 10:00 Uhr (Steno)<\/span><\/strong><br \/>\n<strong><span>\u201eAb Morgen bin ich mutig\u201c<\/span><\/strong><span>, Regie: Bernd Sahling<\/span><br \/>\n<span>Deutschland 2025 \/ 80 Min.<\/span><br \/>\n<span>Kino Meduza<\/span><\/p>\n<p class=\"isSelectedEnd\"><strong><span>14.09. (Montag) | 18:00 Uhr (Steno)<\/span><\/strong><br \/>\n<strong><span>\u201eSterben\u201c<\/span><\/strong><span>, Regie: Matthias Glasner<\/span><br \/>\n<span>Deutschland 2025 \/ 183 Min.<\/span><br \/>\n<span>Kino Meduza<\/span><\/p>\n<p class=\"isSelectedEnd\"><strong><span>15.09. (Dienstag) | 18:00 Uhr (Steno)<\/span><\/strong><br \/>\n<strong><span>\u201eIn die Sonne schauen\u201c<\/span><\/strong><span>, Regie: Mascha Schilinski<\/span><br \/>\n<span>Deutschland 2025 \/ 159 Min.<\/span><br \/>\n<span>Kino Meduza<\/span><\/p>\n<p><strong><span>16.09. (Mittwoch) | 18:00 Uhr (Steno)<\/span><\/strong><br \/>\n<strong><span>\u201e<strong class=\"rQesXe MPyX\" data-sfc-cp=\"\" data-sfc-root=\"ep\" data-copy-service-computed-style=\"font-family: &quot;Google Sans&quot;, Arial, sans-serif; font-size: 16px; font-weight: 700; margin: 0px; text-decoration: none; border-bottom: 0px rgb(10, 10, 10);\">Miroirs No. 3<!--TgQPHd|||[]--><\/strong><!--TgQPHd|||[]-->.\u201c<\/span><\/strong><span>, Regie: Christian Petzold<\/span><br \/>\n<span>Deutschland 2025 \/ 86 Min.<\/span><br \/>\n<span>Kino Meduza<\/span><\/p>\n<p class=\"isSelectedEnd\"><strong><span>Praktische Informationen<\/span><\/strong><\/p>\n<p class=\"isSelectedEnd\"><strong><span>Kino Meduza<\/span><\/strong><span> \u2013 ul. Oleska 45, Oppeln<\/span><br \/>\n<strong><span>Open-Air-Kino OPO<\/span><\/strong><span> \u2013 ul. Krakowska 32, Oppeln<\/span><\/p>\n<p class=\"isSelectedEnd\"><span>Der Eintritt zu allen Veranstaltungen ist frei.<\/span><\/p>\n<p class=\"isSelectedEnd\"><span>Weitere Informationen: kinomeduza.pl<\/span><\/p>\n<p><strong><span>Wir laden Sie herzlich ein!<\/span><\/strong><\/p>","protected":false},"excerpt":{"rendered":"<p>Schon wieder l\u00e4dt der Verein \u201eOpolskie Lamy\u201c die Einwohner von Opole zur \u201eWoche des deutschen Kinos\u201c ein \u2013 einer einw\u00f6chigen Filmreihe mit den neuesten und bewegendsten Produktionen von jenseits der Oder. Sieben Tage lang werden das Kino \u201eMeduza\u201c und das Freiluftkino in der Krakowska-Stra\u00dfe zu Treffpunkten f\u00fcr deutsche Filmkunst \u2013 von intimen Dramen \u00fcber gro\u00dfes [&hellip;]<\/p>\n","protected":false},"author":2,"featured_media":38711,"comment_status":"closed","ping_status":"closed","sticky":false,"template":"","format":"standard","meta":{"footnotes":""},"categories":[1],"tags":[],"class_list":["post-38710","post","type-post","status-publish","format-standard","has-post-thumbnail","hentry","category-aktualnosci"],"yoast_head":"<!-- This site is optimized with the Yoast SEO plugin v18.9 - https:\/\/yoast.com\/wordpress\/plugins\/seo\/ -->\n<title>Deutsche Filmwoche in Oppeln, 11.\u201316.09.2026! - Deutsche Minderheit, Sozial-Kulturelle Gesellschaft der Deutschen im Oppelner Schlesien<\/title>\n<meta name=\"robots\" content=\"index, follow, max-snippet:-1, max-image-preview:large, max-video-preview:-1\" \/>\n<link rel=\"canonical\" href=\"https:\/\/skgd.pl\/deutsche-filmwoche-in-oppeln-11-16-09-2026\/\" \/>\n<meta property=\"og:locale\" content=\"de_DE\" \/>\n<meta property=\"og:type\" content=\"article\" \/>\n<meta property=\"og:title\" content=\"Deutsche Filmwoche in Oppeln, 11.\u201316.09.2026! - Deutsche Minderheit, Sozial-Kulturelle Gesellschaft der Deutschen im Oppelner Schlesien\" \/>\n<meta property=\"og:description\" content=\"Schon wieder l\u00e4dt der Verein \u201eOpolskie Lamy\u201c die Einwohner von Opole zur \u201eWoche des deutschen Kinos\u201c ein \u2013 einer einw\u00f6chigen Filmreihe mit den neuesten und bewegendsten Produktionen von jenseits der Oder. Sieben Tage lang werden das Kino \u201eMeduza\u201c und das Freiluftkino in der Krakowska-Stra\u00dfe zu Treffpunkten f\u00fcr deutsche Filmkunst \u2013 von intimen Dramen \u00fcber gro\u00dfes [&hellip;]\" \/>\n<meta property=\"og:url\" content=\"https:\/\/skgd.pl\/deutsche-filmwoche-in-oppeln-11-16-09-2026\/\" \/>\n<meta property=\"og:site_name\" content=\"Deutsche Minderheit, Sozial-Kulturelle Gesellschaft der Deutschen im Oppelner Schlesien\" \/>\n<meta property=\"article:published_time\" content=\"2026-09-06T10:06:33+00:00\" \/>\n<meta property=\"article:modified_time\" content=\"2026-09-06T10:09:39+00:00\" \/>\n<meta property=\"og:image\" content=\"https:\/\/skgd.pl\/wp-content\/uploads\/2026\/09\/Tydzien-filmu.jpg\" \/>\n\t<meta property=\"og:image:width\" content=\"645\" \/>\n\t<meta property=\"og:image:height\" content=\"912\" \/>\n\t<meta property=\"og:image:type\" content=\"image\/jpeg\" \/>\n<meta name=\"twitter:card\" content=\"summary_large_image\" \/>\n<meta name=\"twitter:label1\" content=\"Verfasst von\" \/>\n\t<meta name=\"twitter:data1\" content=\"Joanna Hassa\" \/>\n\t<meta name=\"twitter:label2\" content=\"Gesch\u00e4tzte Lesezeit\" \/>\n\t<meta name=\"twitter:data2\" content=\"3\u00a0Minuten\" \/>\n<script type=\"application\/ld+json\" class=\"yoast-schema-graph\">{\"@context\":\"https:\/\/schema.org\",\"@graph\":[{\"@type\":\"WebSite\",\"@id\":\"https:\/\/skgd.pl\/#website\",\"url\":\"https:\/\/skgd.pl\/\",\"name\":\"Deutsche Minderheit, Sozial-Kulturelle Gesellschaft der Deutschen im Oppelner Schlesien\",\"description\":\"Deutsche Minderheit in Polen\",\"potentialAction\":[{\"@type\":\"SearchAction\",\"target\":{\"@type\":\"EntryPoint\",\"urlTemplate\":\"https:\/\/skgd.pl\/?s={search_term_string}\"},\"query-input\":\"required name=search_term_string\"}],\"inLanguage\":\"de\"},{\"@type\":\"ImageObject\",\"inLanguage\":\"de\",\"@id\":\"https:\/\/skgd.pl\/deutsche-filmwoche-in-oppeln-11-16-09-2026\/#primaryimage\",\"url\":\"https:\/\/skgd.pl\/wp-content\/uploads\/2026\/09\/Tydzien-filmu.jpg\",\"contentUrl\":\"https:\/\/skgd.pl\/wp-content\/uploads\/2026\/09\/Tydzien-filmu.jpg\",\"width\":645,\"height\":912},{\"@type\":\"WebPage\",\"@id\":\"https:\/\/skgd.pl\/deutsche-filmwoche-in-oppeln-11-16-09-2026\/#webpage\",\"url\":\"https:\/\/skgd.pl\/deutsche-filmwoche-in-oppeln-11-16-09-2026\/\",\"name\":\"Deutsche Filmwoche in Oppeln, 11.\u201316.09.2026! - Deutsche Minderheit, Sozial-Kulturelle Gesellschaft der Deutschen im Oppelner Schlesien\",\"isPartOf\":{\"@id\":\"https:\/\/skgd.pl\/#website\"},\"primaryImageOfPage\":{\"@id\":\"https:\/\/skgd.pl\/deutsche-filmwoche-in-oppeln-11-16-09-2026\/#primaryimage\"},\"datePublished\":\"2026-09-06T10:06:33+00:00\",\"dateModified\":\"2026-09-06T10:09:39+00:00\",\"author\":{\"@id\":\"https:\/\/skgd.pl\/#\/schema\/person\/0620fbcc0ddc3adae2d5dd9fdc163f03\"},\"breadcrumb\":{\"@id\":\"https:\/\/skgd.pl\/deutsche-filmwoche-in-oppeln-11-16-09-2026\/#breadcrumb\"},\"inLanguage\":\"de\",\"potentialAction\":[{\"@type\":\"ReadAction\",\"target\":[\"https:\/\/skgd.pl\/deutsche-filmwoche-in-oppeln-11-16-09-2026\/\"]}]},{\"@type\":\"BreadcrumbList\",\"@id\":\"https:\/\/skgd.pl\/deutsche-filmwoche-in-oppeln-11-16-09-2026\/#breadcrumb\",\"itemListElement\":[{\"@type\":\"ListItem\",\"position\":1,\"name\":\"Strona g\u0142\u00f3wna\",\"item\":\"https:\/\/skgd.pl\/\"},{\"@type\":\"ListItem\",\"position\":2,\"name\":\"Tydzie\u0144 Kina Niemieckiego, 11.\u201316.09.2026!\"}]},{\"@type\":\"Person\",\"@id\":\"https:\/\/skgd.pl\/#\/schema\/person\/0620fbcc0ddc3adae2d5dd9fdc163f03\",\"name\":\"Joanna Hassa\",\"image\":{\"@type\":\"ImageObject\",\"inLanguage\":\"de\",\"@id\":\"https:\/\/skgd.pl\/#\/schema\/person\/image\/\",\"url\":\"https:\/\/secure.gravatar.com\/avatar\/e6bc131fd6ead2388ce9b90989110adf4601766749b52c1c5132e4a2cc812ccc?s=96&d=mm&r=g\",\"contentUrl\":\"https:\/\/secure.gravatar.com\/avatar\/e6bc131fd6ead2388ce9b90989110adf4601766749b52c1c5132e4a2cc812ccc?s=96&d=mm&r=g\",\"caption\":\"Joanna Hassa\"},\"url\":\"https:\/\/skgd.pl\/de\/author\/asia\/\"}]}<\/script>\n<!-- \/ Yoast SEO plugin. -->","yoast_head_json":{"title":"Deutsche Filmwoche in Oppeln, 11.\u201316.09.2026! - Deutsche Minderheit, Sozial-Kulturelle Gesellschaft der Deutschen im Oppelner Schlesien","robots":{"index":"index","follow":"follow","max-snippet":"max-snippet:-1","max-image-preview":"max-image-preview:large","max-video-preview":"max-video-preview:-1"},"canonical":"https:\/\/skgd.pl\/deutsche-filmwoche-in-oppeln-11-16-09-2026\/","og_locale":"de_DE","og_type":"article","og_title":"Deutsche Filmwoche in Oppeln, 11.\u201316.09.2026! - Deutsche Minderheit, Sozial-Kulturelle Gesellschaft der Deutschen im Oppelner Schlesien","og_description":"Schon wieder l\u00e4dt der Verein \u201eOpolskie Lamy\u201c die Einwohner von Opole zur \u201eWoche des deutschen Kinos\u201c ein \u2013 einer einw\u00f6chigen Filmreihe mit den neuesten und bewegendsten Produktionen von jenseits der Oder. Sieben Tage lang werden das Kino \u201eMeduza\u201c und das Freiluftkino in der Krakowska-Stra\u00dfe zu Treffpunkten f\u00fcr deutsche Filmkunst \u2013 von intimen Dramen \u00fcber gro\u00dfes [&hellip;]","og_url":"https:\/\/skgd.pl\/deutsche-filmwoche-in-oppeln-11-16-09-2026\/","og_site_name":"Deutsche Minderheit, Sozial-Kulturelle Gesellschaft der Deutschen im Oppelner Schlesien","article_published_time":"2026-09-06T10:06:33+00:00","article_modified_time":"2026-09-06T10:09:39+00:00","og_image":[{"width":645,"height":912,"url":"https:\/\/skgd.pl\/wp-content\/uploads\/2026\/09\/Tydzien-filmu.jpg","type":"image\/jpeg"}],"twitter_card":"summary_large_image","twitter_misc":{"Verfasst von":"Joanna Hassa","Gesch\u00e4tzte Lesezeit":"3\u00a0Minuten"},"schema":{"@context":"https:\/\/schema.org","@graph":[{"@type":"WebSite","@id":"https:\/\/skgd.pl\/#website","url":"https:\/\/skgd.pl\/","name":"Deutsche Minderheit, Sozial-Kulturelle Gesellschaft der Deutschen im Oppelner Schlesien","description":"Deutsche Minderheit in Polen","potentialAction":[{"@type":"SearchAction","target":{"@type":"EntryPoint","urlTemplate":"https:\/\/skgd.pl\/?s={search_term_string}"},"query-input":"required name=search_term_string"}],"inLanguage":"de"},{"@type":"ImageObject","inLanguage":"de","@id":"https:\/\/skgd.pl\/deutsche-filmwoche-in-oppeln-11-16-09-2026\/#primaryimage","url":"https:\/\/skgd.pl\/wp-content\/uploads\/2026\/09\/Tydzien-filmu.jpg","contentUrl":"https:\/\/skgd.pl\/wp-content\/uploads\/2026\/09\/Tydzien-filmu.jpg","width":645,"height":912},{"@type":"WebPage","@id":"https:\/\/skgd.pl\/deutsche-filmwoche-in-oppeln-11-16-09-2026\/#webpage","url":"https:\/\/skgd.pl\/deutsche-filmwoche-in-oppeln-11-16-09-2026\/","name":"Deutsche Filmwoche in Oppeln, 11.\u201316.09.2026! - Deutsche Minderheit, Sozial-Kulturelle Gesellschaft der Deutschen im Oppelner Schlesien","isPartOf":{"@id":"https:\/\/skgd.pl\/#website"},"primaryImageOfPage":{"@id":"https:\/\/skgd.pl\/deutsche-filmwoche-in-oppeln-11-16-09-2026\/#primaryimage"},"datePublished":"2026-09-06T10:06:33+00:00","dateModified":"2026-09-06T10:09:39+00:00","author":{"@id":"https:\/\/skgd.pl\/#\/schema\/person\/0620fbcc0ddc3adae2d5dd9fdc163f03"},"breadcrumb":{"@id":"https:\/\/skgd.pl\/deutsche-filmwoche-in-oppeln-11-16-09-2026\/#breadcrumb"},"inLanguage":"de","potentialAction":[{"@type":"ReadAction","target":["https:\/\/skgd.pl\/deutsche-filmwoche-in-oppeln-11-16-09-2026\/"]}]},{"@type":"BreadcrumbList","@id":"https:\/\/skgd.pl\/deutsche-filmwoche-in-oppeln-11-16-09-2026\/#breadcrumb","itemListElement":[{"@type":"ListItem","position":1,"name":"Strona g\u0142\u00f3wna","item":"https:\/\/skgd.pl\/"},{"@type":"ListItem","position":2,"name":"Tydzie\u0144 Kina Niemieckiego, 11.\u201316.09.2026!"}]},{"@type":"Person","@id":"https:\/\/skgd.pl\/#\/schema\/person\/0620fbcc0ddc3adae2d5dd9fdc163f03","name":"Joanna Hassa","image":{"@type":"ImageObject","inLanguage":"de","@id":"https:\/\/skgd.pl\/#\/schema\/person\/image\/","url":"https:\/\/secure.gravatar.com\/avatar\/e6bc131fd6ead2388ce9b90989110adf4601766749b52c1c5132e4a2cc812ccc?s=96&d=mm&r=g","contentUrl":"https:\/\/secure.gravatar.com\/avatar\/e6bc131fd6ead2388ce9b90989110adf4601766749b52c1c5132e4a2cc812ccc?s=96&d=mm&r=g","caption":"Joanna Hassa"},"url":"https:\/\/skgd.pl\/de\/author\/asia\/"}]}},"_links":{"self":[{"href":"https:\/\/skgd.pl\/de\/wp-json\/wp\/v2\/posts\/38710","targetHints":{"allow":["GET"]}}],"collection":[{"href":"https:\/\/skgd.pl\/de\/wp-json\/wp\/v2\/posts"}],"about":[{"href":"https:\/\/skgd.pl\/de\/wp-json\/wp\/v2\/types\/post"}],"author":[{"embeddable":true,"href":"https:\/\/skgd.pl\/de\/wp-json\/wp\/v2\/users\/2"}],"replies":[{"embeddable":true,"href":"https:\/\/skgd.pl\/de\/wp-json\/wp\/v2\/comments?post=38710"}],"version-history":[{"count":4,"href":"https:\/\/skgd.pl\/de\/wp-json\/wp\/v2\/posts\/38710\/revisions"}],"predecessor-version":[{"id":38715,"href":"https:\/\/skgd.pl\/de\/wp-json\/wp\/v2\/posts\/38710\/revisions\/38715"}],"wp:featuredmedia":[{"embeddable":true,"href":"https:\/\/skgd.pl\/de\/wp-json\/wp\/v2\/media\/38711"}],"wp:attachment":[{"href":"https:\/\/skgd.pl\/de\/wp-json\/wp\/v2\/media?parent=38710"}],"wp:term":[{"taxonomy":"category","embeddable":true,"href":"https:\/\/skgd.pl\/de\/wp-json\/wp\/v2\/categories?post=38710"},{"taxonomy":"post_tag","embeddable":true,"href":"https:\/\/skgd.pl\/de\/wp-json\/wp\/v2\/tags?post=38710"}],"curies":[{"name":"wp","href":"https:\/\/api.w.org\/{rel}","templated":true}]}}