{"id":38704,"date":"2026-09-04T13:12:57","date_gmt":"2026-09-04T11:12:57","guid":{"rendered":"https:\/\/skgd.pl\/?p=38704"},"modified":"2026-09-04T13:12:57","modified_gmt":"2026-09-04T11:12:57","slug":"mniejszosc-niemiecka-na-slasku-opolskim-35-lat-wystawa-w-popielowie","status":"publish","type":"post","link":"https:\/\/skgd.pl\/de\/mniejszosc-niemiecka-na-slasku-opolskim-35-lat-wystawa-w-popielowie\/","title":{"rendered":"\u201eDie deutsche Minderheit im Oppelner Schlesien \u2013 35 Jahre\u201c \u2013 Ausstellung in Poppelau"},"content":{"rendered":"<p>Ab heute k\u00f6nnen die Einwohnerinnen und Einwohner von Poppelau und Umgebung eine Ausstellung besichtigen, die der 35-j\u00e4hrigen Geschichte und T\u00e4tigkeit der Sozial-Kulturellen Gesellschaft der Deutschen im Oppelner Schlesien gewidmet ist.<\/p>\n<p>Die Ausstellung zeigt wichtige Ereignisse, Initiativen und verschiedene Bereiche des Engagements der deutschen Minderheit. Die einzelnen Tafeln geben unter anderem Einblicke in die Arbeit in den Bereichen Kultur, Bildung, deutsche Sprache, Brauchtum und gesellschaftliches Leben. Gleichzeitig erz\u00e4hlen sie von dem Engagement der deutschen Minderheit f\u00fcr das Leben und die Entwicklung der lokalen Gemeinschaften. Die Ausstellung ist vom 4. bis zum 18. September 2026 vor dem Gemeindlichen Kultur-, Tourismus- und Freizeitzentrum in Poppelau zu sehen.<\/p>\n<p>Wir laden die Einwohnerinnen und Einwohner von Poppelau und Umgebung herzlich ein, die Ausstellung zu besuchen und mehr \u00fcber die Geschichte und das Engagement der deutschen Minderheit im Oppelner Schlesien zu erfahren. Vielleicht entdecken Sie dabei auch Ereignisse, Orte und Initiativen, die Ihnen selbst gut bekannt sind.<\/p>\n<p><strong>Wir freuen uns auf Ihren Besuch!<\/strong><\/p>\n<p>Die Ausstellung wurde vom Innenministerium des Freistaates Sachsen finanziert.<\/p>\n<p><img loading=\"lazy\" decoding=\"async\" class=\"alignnone size-medium wp-image-37184\" src=\"https:\/\/skgd.pl\/wp-content\/uploads\/2025\/10\/Ministerstwo_Spraw_Wewnetrznych_i_Administracji_logo_2022-300x79.png\" alt=\"\" width=\"300\" height=\"79\" srcset=\"https:\/\/skgd.pl\/wp-content\/uploads\/2025\/10\/Ministerstwo_Spraw_Wewnetrznych_i_Administracji_logo_2022-300x79.png 300w, https:\/\/skgd.pl\/wp-content\/uploads\/2025\/10\/Ministerstwo_Spraw_Wewnetrznych_i_Administracji_logo_2022-768x203.png 768w, https:\/\/skgd.pl\/wp-content\/uploads\/2025\/10\/Ministerstwo_Spraw_Wewnetrznych_i_Administracji_logo_2022-600x158.png 600w, https:\/\/skgd.pl\/wp-content\/uploads\/2025\/10\/Ministerstwo_Spraw_Wewnetrznych_i_Administracji_logo_2022.png 800w\" sizes=\"auto, (max-width: 300px) 100vw, 300px\" \/><\/p>\n<p>&nbsp;<\/p>\n<div id='' class='wpcp-container'><div id='UseyourDrive' class=' gallery  wpcp-has-scroll-to-top' data-module-id='' style='display:none'><noscript><div class='UseyourDrive-nojsmessage'>Um diesen Inhalt anzuzeigen, m\u00fcssen Sie JavaScript in Ihrem Browser aktiviert haben.<br\/><a href='http:\/\/www.enable-javascript.com\/' target='_blank'>Gehen Sie dazu bitte wie folgt vor<\/a>.<\/div><\/noscript><div id='UseyourDrive-dcb1106f03fd80fe53c132780ac8ad5d' class='wpcp-module UseyourDrive wpcp-gallery jsdisabled' data-list='gallery' data-token='dcb1106f03fd80fe53c132780ac8ad5d' data-account-id='115230797372415529152' data-id='' data-path='bnVsbA==' data-sort='name:asc' data-org-id='' data-org-path='bnVsbA==' data-source='04175dca2a77e61dd1e2fbaf22052299' data-targetheight='300' data-slideshow='0' data-pausetime='5000' data-lightboxnav='1' data-lightboxthumbs='1' data-lightboxopen='0' data-query=''><div class=\"list-container\" style=\"width:100%;max-width:100%;\"><div class=\"nav-header nav-header-has-breadcrumb nav-header-onhover\">        <a class=\"nav-home entry-info-button\" title=\"Gehen Sie zur\u00fcck zum Startordner\" tabindex=\"0\">\r\n            <i class=\"eva eva-home-outline\"><\/i>\r\n        <\/a>\r\n        <div class=\"nav-title\">Laden...<\/div>\r\n                <a class=\"nav-search entry-info-button\" tabindex=\"0\">\r\n            <i class=\"eva eva-search\"><\/i>\r\n        <\/a>\r\n\r\n        <div class=\"tippy-content-holder search-wrapper\">\r\n            <a class=\"search-icon search-submit\" href=\"javascript:;\"><i class=\"eva eva-search\"><\/i><\/a>\r\n            <input class=\"search-input\" name=\"q\" type=\"search\" autocomplete=\"off\" size=\"40\" aria-label=\"Suche\" placeholder=\"Suche nach Dateien\"  \/>\r\n            <a class=\"search-remove\" href=\"javascript:;\" title=\"Clear\"><i class=\"eva eva-close\"><\/i><\/a>     \r\n        <\/div>\r\n        \r\n        <a class=\"nav-sort entry-info-button\" title=\"Sortieren\">\r\n            <i class=\"eva eva-options\"><\/i>\r\n        <\/a>\r\n        <div class=\"tippy-content-holder sort-div\">\r\n            <ul class='nav-sorting-list'>\r\n                <li><a class=\"nav-sorting-field nav-name sort-selected\" data-field=\"name\" title=\"Name\">\r\n                        Name                    <\/a>\r\n                <\/li>\r\n                <li><a class=\"nav-sorting-field nav-size \" data-field=\"size\" title=\"Gr\u00f6\u00dfe\">\r\n                        Gr\u00f6\u00dfe                    <\/a>\r\n                <\/li>\r\n                <li><a class=\"nav-sorting-field nav-modified \" data-field=\"modified\" title=\"\u00c4nderungsdatum\">\r\n                        \u00c4nderungsdatum                    <\/a>\r\n                <\/li>\r\n                <li><a class=\"nav-sorting-field nav-created \" data-field=\"created\" title=\"Erstellungsdatum\">\r\n                        Erstellungsdatum                    <\/a>\r\n                <\/li>\r\n                <li class=\"list-separator\">&nbsp;<\/li>\r\n                <li><a class=\"nav-sorting-order nav-asc sort-selected\" data-order=\"asc\" title=\"Aufsteigend\">\r\n                        Aufsteigend                    <\/a>\r\n                <\/li>\r\n                <li><a class=\"nav-sorting-order nav-desc \" data-order=\"desc\" title=\"Absteigend\">\r\n                        Absteigend                    <\/a>\r\n                <\/li>\r\n            <\/ul>\r\n        <\/div>\r\n\r\n        <a class=\"nav-gear entry-info-button\" title=\"Weitere Aktionen\">\r\n            <i class=\"eva eva-more-vertical-outline\"><\/i>\r\n        <\/a>\r\n        <div class=\"tippy-content-holder gear-div\" data-token=\"dcb1106f03fd80fe53c132780ac8ad5d\">\r\n            <ul>\r\n                                <li class='gear-menu-no-options' style=\"display: none\"><a><i class='eva eva-info-outline eva-lg'><\/i>Keine Optionen...<\/a><\/li>\r\n            <\/ul>\r\n        <\/div>\r\n                        <a class=\"nav-refresh entry-info-button\" title=\"Neu laden\">\r\n                    <i class=\"eva eva-sync\"><\/i>\r\n                <\/a>\r\n                <\/div>    <div class=\"file-container\">\r\n        <div class=\"loading initialize\">            <svg class=\"loader-spinner\" viewBox=\"25 25 50 50\">\r\n                <circle class=\"path\" cx=\"50\" cy=\"50\" r=\"20\" fill=\"none\" stroke-width=\"3\" stroke-miterlimit=\"10\"><\/circle>\r\n            <\/svg>\r\n                    <\/div>\r\n        <div class=\"ajax-filelist\" style=\"\">\r\n            <div class='images image-collage'>\r\n                \r\n<div class=\"image-container entry\">\r\n    <a>\r\n        <img loading=\"lazy\" decoding=\"async\" class=\"skeleton skeleton-gallery-img\" alt=\"\" src=\"data:image\/png;base64,iVBORw0KGgoAAAANSUhEUgAAAAEAAAABCAYAAAAfFcSJAAAAC0lEQVQYV2NgAAIAAAUAAarVyFEAAAAASUVORK5CYII=\" width=\"169\" height=\"300\" style=\"width:169px !important;height:300px !important; \">\r\n    <\/a>\r\n<\/div>\r\n\r\n<div class=\"image-container entry\">\r\n    <a>\r\n        <img loading=\"lazy\" decoding=\"async\" class=\"skeleton skeleton-gallery-img\" alt=\"\" src=\"data:image\/png;base64,iVBORw0KGgoAAAANSUhEUgAAAAEAAAABCAYAAAAfFcSJAAAAC0lEQVQYV2NgAAIAAAUAAarVyFEAAAAASUVORK5CYII=\" width=\"300\" height=\"300\" style=\"width:300px !important;height:300px !important; \">\r\n    <\/a>\r\n<\/div>\r\n\r\n<div class=\"image-container entry\">\r\n    <a>\r\n        <img loading=\"lazy\" decoding=\"async\" class=\"skeleton skeleton-gallery-img\" alt=\"\" src=\"data:image\/png;base64,iVBORw0KGgoAAAANSUhEUgAAAAEAAAABCAYAAAAfFcSJAAAAC0lEQVQYV2NgAAIAAAUAAarVyFEAAAAASUVORK5CYII=\" width=\"300\" height=\"300\" style=\"width:300px !important;height:300px !important; \">\r\n    <\/a>\r\n<\/div>\r\n\r\n<div class=\"image-container entry\">\r\n    <a>\r\n        <img loading=\"lazy\" decoding=\"async\" class=\"skeleton skeleton-gallery-img\" alt=\"\" src=\"data:image\/png;base64,iVBORw0KGgoAAAANSUhEUgAAAAEAAAABCAYAAAAfFcSJAAAAC0lEQVQYV2NgAAIAAAUAAarVyFEAAAAASUVORK5CYII=\" width=\"534\" height=\"300\" style=\"width:534px !important;height:300px !important; \">\r\n    <\/a>\r\n<\/div>\r\n\r\n<div class=\"image-container entry\">\r\n    <a>\r\n        <img loading=\"lazy\" decoding=\"async\" class=\"skeleton skeleton-gallery-img\" alt=\"\" src=\"data:image\/png;base64,iVBORw0KGgoAAAANSUhEUgAAAAEAAAABCAYAAAAfFcSJAAAAC0lEQVQYV2NgAAIAAAUAAarVyFEAAAAASUVORK5CYII=\" width=\"534\" height=\"300\" style=\"width:534px !important;height:300px !important; \">\r\n    <\/a>\r\n<\/div>\r\n            <\/div>\r\n        <\/div>\r\n\r\n        <div class=\"scroll-to-top\">\r\n            <button class=\"scroll-to-top-action button button-round-icon secondary button-round-icon-lg button-shadow-3\" type=\"button\" title=\"Nach oben scrollen\" aria-expanded=\"false\"><i class=\"eva eva-arrow-upward-outline eva-2x\"><\/i><\/button>     \r\n                    <\/div>\r\n    <\/div>\r\n<\/div>\r\n<style>\r\n  \r\n  <\/style>\r\n<\/div><\/div><script type='text\/javascript'>if (typeof(jQuery) !== 'undefined' && typeof(jQuery.cp) !== 'undefined' && typeof(jQuery.cp.UseyourDrive) === 'function') { jQuery('#UseyourDrive-dcb1106f03fd80fe53c132780ac8ad5d').UseyourDrive(UseyourDrive_vars); };<\/script><\/div><\/p>","protected":false},"excerpt":{"rendered":"<p>Ab heute k\u00f6nnen die Einwohnerinnen und Einwohner von Poppelau und Umgebung eine Ausstellung besichtigen, die der 35-j\u00e4hrigen Geschichte und T\u00e4tigkeit der Sozial-Kulturellen Gesellschaft der Deutschen im Oppelner Schlesien gewidmet ist. Die Ausstellung zeigt wichtige Ereignisse, Initiativen und verschiedene Bereiche des Engagements der deutschen Minderheit. Die einzelnen Tafeln geben unter anderem Einblicke in die Arbeit in [&hellip;]<\/p>\n","protected":false},"author":21,"featured_media":38705,"comment_status":"closed","ping_status":"closed","sticky":false,"template":"","format":"standard","meta":{"footnotes":""},"categories":[1],"tags":[],"class_list":["post-38704","post","type-post","status-publish","format-standard","has-post-thumbnail","hentry","category-aktualnosci"],"yoast_head":"<!-- This site is optimized with the Yoast SEO plugin v18.9 - https:\/\/yoast.com\/wordpress\/plugins\/seo\/ -->\n<title>\u201eDie deutsche Minderheit im Oppelner Schlesien \u2013 35 Jahre\u201c \u2013 Ausstellung in Poppelau - Deutsche Minderheit, Sozial-Kulturelle Gesellschaft der Deutschen im Oppelner Schlesien<\/title>\n<meta name=\"robots\" content=\"index, follow, max-snippet:-1, max-image-preview:large, max-video-preview:-1\" \/>\n<link rel=\"canonical\" href=\"https:\/\/skgd.pl\/mniejszosc-niemiecka-na-slasku-opolskim-35-lat-wystawa-w-popielowie\/\" \/>\n<meta property=\"og:locale\" content=\"de_DE\" \/>\n<meta property=\"og:type\" content=\"article\" \/>\n<meta property=\"og:title\" content=\"\u201eDie deutsche Minderheit im Oppelner Schlesien \u2013 35 Jahre\u201c \u2013 Ausstellung in Poppelau - Deutsche Minderheit, Sozial-Kulturelle Gesellschaft der Deutschen im Oppelner Schlesien\" \/>\n<meta property=\"og:description\" content=\"Ab heute k\u00f6nnen die Einwohnerinnen und Einwohner von Poppelau und Umgebung eine Ausstellung besichtigen, die der 35-j\u00e4hrigen Geschichte und T\u00e4tigkeit der Sozial-Kulturellen Gesellschaft der Deutschen im Oppelner Schlesien gewidmet ist. Die Ausstellung zeigt wichtige Ereignisse, Initiativen und verschiedene Bereiche des Engagements der deutschen Minderheit. Die einzelnen Tafeln geben unter anderem Einblicke in die Arbeit in [&hellip;]\" \/>\n<meta property=\"og:url\" content=\"https:\/\/skgd.pl\/mniejszosc-niemiecka-na-slasku-opolskim-35-lat-wystawa-w-popielowie\/\" \/>\n<meta property=\"og:site_name\" content=\"Deutsche Minderheit, Sozial-Kulturelle Gesellschaft der Deutschen im Oppelner Schlesien\" \/>\n<meta property=\"article:published_time\" content=\"2026-09-04T11:12:57+00:00\" \/>\n<meta property=\"og:image\" content=\"https:\/\/skgd.pl\/wp-content\/uploads\/2026\/09\/wystawa-1-scaled.jpg\" \/>\n\t<meta property=\"og:image:width\" content=\"2560\" \/>\n\t<meta property=\"og:image:height\" content=\"1928\" \/>\n\t<meta property=\"og:image:type\" content=\"image\/jpeg\" \/>\n<meta name=\"twitter:card\" content=\"summary_large_image\" \/>\n<meta name=\"twitter:label1\" content=\"Verfasst von\" \/>\n\t<meta name=\"twitter:data1\" content=\"Marcel \u015awierc\" \/>\n\t<meta name=\"twitter:label2\" content=\"Gesch\u00e4tzte Lesezeit\" \/>\n\t<meta name=\"twitter:data2\" content=\"2\u00a0Minuten\" \/>\n<script type=\"application\/ld+json\" class=\"yoast-schema-graph\">{\"@context\":\"https:\/\/schema.org\",\"@graph\":[{\"@type\":\"WebSite\",\"@id\":\"https:\/\/skgd.pl\/#website\",\"url\":\"https:\/\/skgd.pl\/\",\"name\":\"Deutsche Minderheit, Sozial-Kulturelle Gesellschaft der Deutschen im Oppelner Schlesien\",\"description\":\"Deutsche Minderheit in Polen\",\"potentialAction\":[{\"@type\":\"SearchAction\",\"target\":{\"@type\":\"EntryPoint\",\"urlTemplate\":\"https:\/\/skgd.pl\/?s={search_term_string}\"},\"query-input\":\"required name=search_term_string\"}],\"inLanguage\":\"de\"},{\"@type\":\"ImageObject\",\"inLanguage\":\"de\",\"@id\":\"https:\/\/skgd.pl\/mniejszosc-niemiecka-na-slasku-opolskim-35-lat-wystawa-w-popielowie\/#primaryimage\",\"url\":\"https:\/\/skgd.pl\/wp-content\/uploads\/2026\/09\/wystawa-1-scaled.jpg\",\"contentUrl\":\"https:\/\/skgd.pl\/wp-content\/uploads\/2026\/09\/wystawa-1-scaled.jpg\",\"width\":2560,\"height\":1928,\"caption\":\"oplus_34\"},{\"@type\":\"WebPage\",\"@id\":\"https:\/\/skgd.pl\/mniejszosc-niemiecka-na-slasku-opolskim-35-lat-wystawa-w-popielowie\/#webpage\",\"url\":\"https:\/\/skgd.pl\/mniejszosc-niemiecka-na-slasku-opolskim-35-lat-wystawa-w-popielowie\/\",\"name\":\"\u201eDie deutsche Minderheit im Oppelner Schlesien \u2013 35 Jahre\u201c \u2013 Ausstellung in Poppelau - Deutsche Minderheit, Sozial-Kulturelle Gesellschaft der Deutschen im Oppelner Schlesien\",\"isPartOf\":{\"@id\":\"https:\/\/skgd.pl\/#website\"},\"primaryImageOfPage\":{\"@id\":\"https:\/\/skgd.pl\/mniejszosc-niemiecka-na-slasku-opolskim-35-lat-wystawa-w-popielowie\/#primaryimage\"},\"datePublished\":\"2026-09-04T11:12:57+00:00\",\"dateModified\":\"2026-09-04T11:12:57+00:00\",\"author\":{\"@id\":\"https:\/\/skgd.pl\/#\/schema\/person\/689e449cfc904a79ad1bd3f5a75585ae\"},\"breadcrumb\":{\"@id\":\"https:\/\/skgd.pl\/mniejszosc-niemiecka-na-slasku-opolskim-35-lat-wystawa-w-popielowie\/#breadcrumb\"},\"inLanguage\":\"de\",\"potentialAction\":[{\"@type\":\"ReadAction\",\"target\":[\"https:\/\/skgd.pl\/mniejszosc-niemiecka-na-slasku-opolskim-35-lat-wystawa-w-popielowie\/\"]}]},{\"@type\":\"BreadcrumbList\",\"@id\":\"https:\/\/skgd.pl\/mniejszosc-niemiecka-na-slasku-opolskim-35-lat-wystawa-w-popielowie\/#breadcrumb\",\"itemListElement\":[{\"@type\":\"ListItem\",\"position\":1,\"name\":\"Strona g\u0142\u00f3wna\",\"item\":\"https:\/\/skgd.pl\/\"},{\"@type\":\"ListItem\",\"position\":2,\"name\":\"\u201eMniejszo\u015b\u0107 niemiecka na \u015al\u0105sku Opolskim \u2013 35 lat\u201d \u2013 wystawa w Popielowie\"}]},{\"@type\":\"Person\",\"@id\":\"https:\/\/skgd.pl\/#\/schema\/person\/689e449cfc904a79ad1bd3f5a75585ae\",\"name\":\"Marcel \u015awierc\",\"image\":{\"@type\":\"ImageObject\",\"inLanguage\":\"de\",\"@id\":\"https:\/\/skgd.pl\/#\/schema\/person\/image\/\",\"url\":\"https:\/\/secure.gravatar.com\/avatar\/95c22c780fde021221620646c5a8229a10aedf0f29b077c784de7ec9a35544ef?s=96&d=mm&r=g\",\"contentUrl\":\"https:\/\/secure.gravatar.com\/avatar\/95c22c780fde021221620646c5a8229a10aedf0f29b077c784de7ec9a35544ef?s=96&d=mm&r=g\",\"caption\":\"Marcel \u015awierc\"},\"url\":\"https:\/\/skgd.pl\/de\/author\/marcel-swiercskgd-pl\/\"}]}<\/script>\n<!-- \/ Yoast SEO plugin. -->","yoast_head_json":{"title":"\u201eDie deutsche Minderheit im Oppelner Schlesien \u2013 35 Jahre\u201c \u2013 Ausstellung in Poppelau - Deutsche Minderheit, Sozial-Kulturelle Gesellschaft der Deutschen im Oppelner Schlesien","robots":{"index":"index","follow":"follow","max-snippet":"max-snippet:-1","max-image-preview":"max-image-preview:large","max-video-preview":"max-video-preview:-1"},"canonical":"https:\/\/skgd.pl\/mniejszosc-niemiecka-na-slasku-opolskim-35-lat-wystawa-w-popielowie\/","og_locale":"de_DE","og_type":"article","og_title":"\u201eDie deutsche Minderheit im Oppelner Schlesien \u2013 35 Jahre\u201c \u2013 Ausstellung in Poppelau - Deutsche Minderheit, Sozial-Kulturelle Gesellschaft der Deutschen im Oppelner Schlesien","og_description":"Ab heute k\u00f6nnen die Einwohnerinnen und Einwohner von Poppelau und Umgebung eine Ausstellung besichtigen, die der 35-j\u00e4hrigen Geschichte und T\u00e4tigkeit der Sozial-Kulturellen Gesellschaft der Deutschen im Oppelner Schlesien gewidmet ist. Die Ausstellung zeigt wichtige Ereignisse, Initiativen und verschiedene Bereiche des Engagements der deutschen Minderheit. Die einzelnen Tafeln geben unter anderem Einblicke in die Arbeit in [&hellip;]","og_url":"https:\/\/skgd.pl\/mniejszosc-niemiecka-na-slasku-opolskim-35-lat-wystawa-w-popielowie\/","og_site_name":"Deutsche Minderheit, Sozial-Kulturelle Gesellschaft der Deutschen im Oppelner Schlesien","article_published_time":"2026-09-04T11:12:57+00:00","og_image":[{"width":2560,"height":1928,"url":"https:\/\/skgd.pl\/wp-content\/uploads\/2026\/09\/wystawa-1-scaled.jpg","type":"image\/jpeg"}],"twitter_card":"summary_large_image","twitter_misc":{"Verfasst von":"Marcel \u015awierc","Gesch\u00e4tzte Lesezeit":"2\u00a0Minuten"},"schema":{"@context":"https:\/\/schema.org","@graph":[{"@type":"WebSite","@id":"https:\/\/skgd.pl\/#website","url":"https:\/\/skgd.pl\/","name":"Deutsche Minderheit, Sozial-Kulturelle Gesellschaft der Deutschen im Oppelner Schlesien","description":"Deutsche Minderheit in Polen","potentialAction":[{"@type":"SearchAction","target":{"@type":"EntryPoint","urlTemplate":"https:\/\/skgd.pl\/?s={search_term_string}"},"query-input":"required name=search_term_string"}],"inLanguage":"de"},{"@type":"ImageObject","inLanguage":"de","@id":"https:\/\/skgd.pl\/mniejszosc-niemiecka-na-slasku-opolskim-35-lat-wystawa-w-popielowie\/#primaryimage","url":"https:\/\/skgd.pl\/wp-content\/uploads\/2026\/09\/wystawa-1-scaled.jpg","contentUrl":"https:\/\/skgd.pl\/wp-content\/uploads\/2026\/09\/wystawa-1-scaled.jpg","width":2560,"height":1928,"caption":"oplus_34"},{"@type":"WebPage","@id":"https:\/\/skgd.pl\/mniejszosc-niemiecka-na-slasku-opolskim-35-lat-wystawa-w-popielowie\/#webpage","url":"https:\/\/skgd.pl\/mniejszosc-niemiecka-na-slasku-opolskim-35-lat-wystawa-w-popielowie\/","name":"\u201eDie deutsche Minderheit im Oppelner Schlesien \u2013 35 Jahre\u201c \u2013 Ausstellung in Poppelau - Deutsche Minderheit, Sozial-Kulturelle Gesellschaft der Deutschen im Oppelner Schlesien","isPartOf":{"@id":"https:\/\/skgd.pl\/#website"},"primaryImageOfPage":{"@id":"https:\/\/skgd.pl\/mniejszosc-niemiecka-na-slasku-opolskim-35-lat-wystawa-w-popielowie\/#primaryimage"},"datePublished":"2026-09-04T11:12:57+00:00","dateModified":"2026-09-04T11:12:57+00:00","author":{"@id":"https:\/\/skgd.pl\/#\/schema\/person\/689e449cfc904a79ad1bd3f5a75585ae"},"breadcrumb":{"@id":"https:\/\/skgd.pl\/mniejszosc-niemiecka-na-slasku-opolskim-35-lat-wystawa-w-popielowie\/#breadcrumb"},"inLanguage":"de","potentialAction":[{"@type":"ReadAction","target":["https:\/\/skgd.pl\/mniejszosc-niemiecka-na-slasku-opolskim-35-lat-wystawa-w-popielowie\/"]}]},{"@type":"BreadcrumbList","@id":"https:\/\/skgd.pl\/mniejszosc-niemiecka-na-slasku-opolskim-35-lat-wystawa-w-popielowie\/#breadcrumb","itemListElement":[{"@type":"ListItem","position":1,"name":"Strona g\u0142\u00f3wna","item":"https:\/\/skgd.pl\/"},{"@type":"ListItem","position":2,"name":"\u201eMniejszo\u015b\u0107 niemiecka na \u015al\u0105sku Opolskim \u2013 35 lat\u201d \u2013 wystawa w Popielowie"}]},{"@type":"Person","@id":"https:\/\/skgd.pl\/#\/schema\/person\/689e449cfc904a79ad1bd3f5a75585ae","name":"Marcel \u015awierc","image":{"@type":"ImageObject","inLanguage":"de","@id":"https:\/\/skgd.pl\/#\/schema\/person\/image\/","url":"https:\/\/secure.gravatar.com\/avatar\/95c22c780fde021221620646c5a8229a10aedf0f29b077c784de7ec9a35544ef?s=96&d=mm&r=g","contentUrl":"https:\/\/secure.gravatar.com\/avatar\/95c22c780fde021221620646c5a8229a10aedf0f29b077c784de7ec9a35544ef?s=96&d=mm&r=g","caption":"Marcel \u015awierc"},"url":"https:\/\/skgd.pl\/de\/author\/marcel-swiercskgd-pl\/"}]}},"_links":{"self":[{"href":"https:\/\/skgd.pl\/de\/wp-json\/wp\/v2\/posts\/38704","targetHints":{"allow":["GET"]}}],"collection":[{"href":"https:\/\/skgd.pl\/de\/wp-json\/wp\/v2\/posts"}],"about":[{"href":"https:\/\/skgd.pl\/de\/wp-json\/wp\/v2\/types\/post"}],"author":[{"embeddable":true,"href":"https:\/\/skgd.pl\/de\/wp-json\/wp\/v2\/users\/21"}],"replies":[{"embeddable":true,"href":"https:\/\/skgd.pl\/de\/wp-json\/wp\/v2\/comments?post=38704"}],"version-history":[{"count":2,"href":"https:\/\/skgd.pl\/de\/wp-json\/wp\/v2\/posts\/38704\/revisions"}],"predecessor-version":[{"id":38708,"href":"https:\/\/skgd.pl\/de\/wp-json\/wp\/v2\/posts\/38704\/revisions\/38708"}],"wp:featuredmedia":[{"embeddable":true,"href":"https:\/\/skgd.pl\/de\/wp-json\/wp\/v2\/media\/38705"}],"wp:attachment":[{"href":"https:\/\/skgd.pl\/de\/wp-json\/wp\/v2\/media?parent=38704"}],"wp:term":[{"taxonomy":"category","embeddable":true,"href":"https:\/\/skgd.pl\/de\/wp-json\/wp\/v2\/categories?post=38704"},{"taxonomy":"post_tag","embeddable":true,"href":"https:\/\/skgd.pl\/de\/wp-json\/wp\/v2\/tags?post=38704"}],"curies":[{"name":"wp","href":"https:\/\/api.w.org\/{rel}","templated":true}]}}