{"id":38690,"date":"2026-09-04T07:31:49","date_gmt":"2026-09-04T05:31:49","guid":{"rendered":"https:\/\/skgd.pl\/?p=38690"},"modified":"2026-09-04T07:33:25","modified_gmt":"2026-09-04T05:33:25","slug":"za-nami-kolejna-edycja-projektwoche-z-dfk-izbicko","status":"publish","type":"post","link":"https:\/\/skgd.pl\/de\/za-nami-kolejna-edycja-projektwoche-z-dfk-izbicko\/","title":{"rendered":"Erfolgreich beendet: Eine weitere \u201eProjektwoche\u201c mit dem DFK Stubendorf"},"content":{"rendered":"<p><\/p>\n<p data-path-to-node=\"3\">K\u00f6rperliche Aktivit\u00e4t, das Entdecken lokaler Attraktionen und die Gelegenheit f\u00fcr eine gemeinsame Zeit \u2013 vom 27. Juli bis zum 31. Juli fand eine weitere Ausgabe des Events \u201eProjektwoche\u201c statt, einer traditionell vom DFK Stubendorf organisierten Feriengestaltung f\u00fcr die J\u00fcngsten.<\/p>\n<p data-path-to-node=\"4\">Das diesj\u00e4hrige Programm basierte auf einer Reihe von Radtouren, die die Teilnehmer durch die umliegenden Ortschaften f\u00fchrten. Die Kinder hatten die Gelegenheit, sich mit den Dorfbewohnern zu treffen, die die jungen Teilnehmer mit offenen Armen empfingen, Geschichten sowie Wissenswertes mit ihnen teilten und f\u00fcr vielf\u00e4ltige Attraktionen vor Ort sorgten.<\/p>\n<p data-path-to-node=\"5\">Als echter Eignungstest und H\u00f6hepunkt der gesamten Reise erwies sich der vierte Tag des Ausflugs. Die Teilnehmer machten sich damals auf den Weg zum St. Annaberg und bew\u00e4ltigten auf den R\u00e4dern eine anspruchsvolle Strecke, f\u00fcr die sie 3,5 Stunden ben\u00f6tigten. Die M\u00fche hat sich gelohnt \u2013 vor Ort warteten unvergessliche Aussichten, gro\u00dfe Genugtuung und Stolz auf die zur\u00fcckgelegte Distanz auf sie.<\/p>\n<p data-path-to-node=\"6\">Die meiste Zeit meinte es das sonnige Wetter gut mit den Teilnehmern, und die festgelegten Routen konnten reibungslos und weitgehend problemlos bew\u00e4ltigt werden. Mehr Details dazu erfahren Sie auf der Facebook-Seite des DFK Stubendorf.<\/p>\n<p data-path-to-node=\"7\">Beitr\u00e4ge zu den einzelnen Etappen des Ausflugs k\u00f6nnen Sie auf der Facebook-Seite des DFK Stubendorf ansehen: <a href=\"https:\/\/www.facebook.com\/permalink.php?story_fbid=pfbid02ymrnds16icBxPgjuqZGvzgFzMG2PMDBMHd5nStYif5ptREgRVSjtV6UrF73sUP3Jl&amp;id=100069125533351\">Tag ein<\/a><\/p>\n<div id='' class='wpcp-container'><div id='UseyourDrive' class=' gallery  wpcp-has-scroll-to-top' data-module-id='' style='display:none'><noscript><div class='UseyourDrive-nojsmessage'>Um diesen Inhalt anzuzeigen, m\u00fcssen Sie JavaScript in Ihrem Browser aktiviert haben.<br\/><a href='http:\/\/www.enable-javascript.com\/' target='_blank'>Gehen Sie dazu bitte wie folgt vor<\/a>.<\/div><\/noscript><div id='UseyourDrive-31b23dd7599f1c29bdc237c68ef01636' class='wpcp-module UseyourDrive wpcp-gallery jsdisabled' data-list='gallery' data-token='31b23dd7599f1c29bdc237c68ef01636' data-account-id='115230797372415529152' data-id='' data-path='bnVsbA==' data-sort='name:asc' data-org-id='' data-org-path='bnVsbA==' data-source='ae031fdd7dc37e75550c612537cd6738' data-targetheight='300' data-slideshow='0' data-pausetime='5000' data-lightboxnav='1' data-lightboxthumbs='1' data-lightboxopen='0' data-query=''><div class=\"list-container\" style=\"width:100%;max-width:100%;\"><div class=\"nav-header nav-header-has-breadcrumb nav-header-onhover\">        <a class=\"nav-home entry-info-button\" title=\"Gehen Sie zur\u00fcck zum Startordner\" tabindex=\"0\">\r\n            <i class=\"eva eva-home-outline\"><\/i>\r\n        <\/a>\r\n        <div class=\"nav-title\">Laden...<\/div>\r\n                <a class=\"nav-search entry-info-button\" tabindex=\"0\">\r\n            <i class=\"eva eva-search\"><\/i>\r\n        <\/a>\r\n\r\n        <div class=\"tippy-content-holder search-wrapper\">\r\n            <a class=\"search-icon search-submit\" href=\"javascript:;\"><i class=\"eva eva-search\"><\/i><\/a>\r\n            <input class=\"search-input\" name=\"q\" type=\"search\" autocomplete=\"off\" size=\"40\" aria-label=\"Suche\" placeholder=\"Suche nach Dateien\"  \/>\r\n            <a class=\"search-remove\" href=\"javascript:;\" title=\"Clear\"><i class=\"eva eva-close\"><\/i><\/a>     \r\n        <\/div>\r\n        \r\n        <a class=\"nav-sort entry-info-button\" title=\"Sortieren\">\r\n            <i class=\"eva eva-options\"><\/i>\r\n        <\/a>\r\n        <div class=\"tippy-content-holder sort-div\">\r\n            <ul class='nav-sorting-list'>\r\n                <li><a class=\"nav-sorting-field nav-name sort-selected\" data-field=\"name\" title=\"Name\">\r\n                        Name                    <\/a>\r\n                <\/li>\r\n                <li><a class=\"nav-sorting-field nav-size \" data-field=\"size\" title=\"Gr\u00f6\u00dfe\">\r\n                        Gr\u00f6\u00dfe                    <\/a>\r\n                <\/li>\r\n                <li><a class=\"nav-sorting-field nav-modified \" data-field=\"modified\" title=\"\u00c4nderungsdatum\">\r\n                        \u00c4nderungsdatum                    <\/a>\r\n                <\/li>\r\n                <li><a class=\"nav-sorting-field nav-created \" data-field=\"created\" title=\"Erstellungsdatum\">\r\n                        Erstellungsdatum                    <\/a>\r\n                <\/li>\r\n                <li class=\"list-separator\">&nbsp;<\/li>\r\n                <li><a class=\"nav-sorting-order nav-asc sort-selected\" data-order=\"asc\" title=\"Aufsteigend\">\r\n                        Aufsteigend                    <\/a>\r\n                <\/li>\r\n                <li><a class=\"nav-sorting-order nav-desc \" data-order=\"desc\" title=\"Absteigend\">\r\n                        Absteigend                    <\/a>\r\n                <\/li>\r\n            <\/ul>\r\n        <\/div>\r\n\r\n        <a class=\"nav-gear entry-info-button\" title=\"Weitere Aktionen\">\r\n            <i class=\"eva eva-more-vertical-outline\"><\/i>\r\n        <\/a>\r\n        <div class=\"tippy-content-holder gear-div\" data-token=\"31b23dd7599f1c29bdc237c68ef01636\">\r\n            <ul>\r\n                                <li class='gear-menu-no-options' style=\"display: none\"><a><i class='eva eva-info-outline eva-lg'><\/i>Keine Optionen...<\/a><\/li>\r\n            <\/ul>\r\n        <\/div>\r\n                        <a class=\"nav-refresh entry-info-button\" title=\"Neu laden\">\r\n                    <i class=\"eva eva-sync\"><\/i>\r\n                <\/a>\r\n                <\/div>    <div class=\"file-container\">\r\n        <div class=\"loading initialize\">            <svg class=\"loader-spinner\" viewBox=\"25 25 50 50\">\r\n                <circle class=\"path\" cx=\"50\" cy=\"50\" r=\"20\" fill=\"none\" stroke-width=\"3\" stroke-miterlimit=\"10\"><\/circle>\r\n            <\/svg>\r\n                    <\/div>\r\n        <div class=\"ajax-filelist\" style=\"\">\r\n            <div class='images image-collage'>\r\n                \r\n<div class=\"image-container entry\">\r\n    <a>\r\n        <img loading=\"lazy\" decoding=\"async\" class=\"skeleton skeleton-gallery-img\" alt=\"\" src=\"data:image\/png;base64,iVBORw0KGgoAAAANSUhEUgAAAAEAAAABCAYAAAAfFcSJAAAAC0lEQVQYV2NgAAIAAAUAAarVyFEAAAAASUVORK5CYII=\" width=\"399\" height=\"300\" style=\"width:399px !important;height:300px !important; \">\r\n    <\/a>\r\n<\/div>\r\n\r\n<div class=\"image-container entry\">\r\n    <a>\r\n        <img loading=\"lazy\" decoding=\"async\" class=\"skeleton skeleton-gallery-img\" alt=\"\" src=\"data:image\/png;base64,iVBORw0KGgoAAAANSUhEUgAAAAEAAAABCAYAAAAfFcSJAAAAC0lEQVQYV2NgAAIAAAUAAarVyFEAAAAASUVORK5CYII=\" width=\"399\" height=\"300\" style=\"width:399px !important;height:300px !important; \">\r\n    <\/a>\r\n<\/div>\r\n\r\n<div class=\"image-container entry\">\r\n    <a>\r\n        <img loading=\"lazy\" decoding=\"async\" class=\"skeleton skeleton-gallery-img\" alt=\"\" src=\"data:image\/png;base64,iVBORw0KGgoAAAANSUhEUgAAAAEAAAABCAYAAAAfFcSJAAAAC0lEQVQYV2NgAAIAAAUAAarVyFEAAAAASUVORK5CYII=\" width=\"300\" height=\"300\" style=\"width:300px !important;height:300px !important; \">\r\n    <\/a>\r\n<\/div>\r\n\r\n<div class=\"image-container entry\">\r\n    <a>\r\n        <img loading=\"lazy\" decoding=\"async\" class=\"skeleton skeleton-gallery-img\" alt=\"\" src=\"data:image\/png;base64,iVBORw0KGgoAAAANSUhEUgAAAAEAAAABCAYAAAAfFcSJAAAAC0lEQVQYV2NgAAIAAAUAAarVyFEAAAAASUVORK5CYII=\" width=\"534\" height=\"300\" style=\"width:534px !important;height:300px !important; \">\r\n    <\/a>\r\n<\/div>\r\n\r\n<div class=\"image-container entry\">\r\n    <a>\r\n        <img loading=\"lazy\" decoding=\"async\" class=\"skeleton skeleton-gallery-img\" alt=\"\" src=\"data:image\/png;base64,iVBORw0KGgoAAAANSUhEUgAAAAEAAAABCAYAAAAfFcSJAAAAC0lEQVQYV2NgAAIAAAUAAarVyFEAAAAASUVORK5CYII=\" width=\"169\" height=\"300\" style=\"width:169px !important;height:300px !important; \">\r\n    <\/a>\r\n<\/div>\r\n            <\/div>\r\n        <\/div>\r\n\r\n        <div class=\"scroll-to-top\">\r\n            <button class=\"scroll-to-top-action button button-round-icon secondary button-round-icon-lg button-shadow-3\" type=\"button\" title=\"Nach oben scrollen\" aria-expanded=\"false\"><i class=\"eva eva-arrow-upward-outline eva-2x\"><\/i><\/button>     \r\n                    <\/div>\r\n    <\/div>\r\n<\/div>\r\n<style>\r\n  \r\n  <\/style>\r\n<\/div><\/div><script type='text\/javascript'>if (typeof(jQuery) !== 'undefined' && typeof(jQuery.cp) !== 'undefined' && typeof(jQuery.cp.UseyourDrive) === 'function') { jQuery('#UseyourDrive-31b23dd7599f1c29bdc237c68ef01636').UseyourDrive(UseyourDrive_vars); };<\/script><\/div><\/p>","protected":false},"excerpt":{"rendered":"<p>K\u00f6rperliche Aktivit\u00e4t, das Entdecken lokaler Attraktionen und die Gelegenheit f\u00fcr eine gemeinsame Zeit \u2013 vom 27. Juli bis zum 31. Juli fand eine weitere Ausgabe des Events \u201eProjektwoche\u201c statt, einer traditionell vom DFK Stubendorf organisierten Feriengestaltung f\u00fcr die J\u00fcngsten. Das diesj\u00e4hrige Programm basierte auf einer Reihe von Radtouren, die die Teilnehmer durch die umliegenden Ortschaften [&hellip;]<\/p>\n","protected":false},"author":21,"featured_media":38698,"comment_status":"closed","ping_status":"closed","sticky":false,"template":"","format":"standard","meta":{"footnotes":""},"categories":[1,368],"tags":[],"class_list":["post-38690","post","type-post","status-publish","format-standard","has-post-thumbnail","hentry","category-aktualnosci","category-dfk-izbicko-stubendorf"],"yoast_head":"<!-- This site is optimized with the Yoast SEO plugin v18.9 - https:\/\/yoast.com\/wordpress\/plugins\/seo\/ -->\n<title>Erfolgreich beendet: Eine weitere \u201eProjektwoche\u201c mit dem DFK Stubendorf - Deutsche Minderheit, Sozial-Kulturelle Gesellschaft der Deutschen im Oppelner Schlesien<\/title>\n<meta name=\"robots\" content=\"index, follow, max-snippet:-1, max-image-preview:large, max-video-preview:-1\" \/>\n<link rel=\"canonical\" href=\"https:\/\/skgd.pl\/za-nami-kolejna-edycja-projektwoche-z-dfk-izbicko\/\" \/>\n<meta property=\"og:locale\" content=\"de_DE\" \/>\n<meta property=\"og:type\" content=\"article\" \/>\n<meta property=\"og:title\" content=\"Erfolgreich beendet: Eine weitere \u201eProjektwoche\u201c mit dem DFK Stubendorf - Deutsche Minderheit, Sozial-Kulturelle Gesellschaft der Deutschen im Oppelner Schlesien\" \/>\n<meta property=\"og:description\" content=\"K\u00f6rperliche Aktivit\u00e4t, das Entdecken lokaler Attraktionen und die Gelegenheit f\u00fcr eine gemeinsame Zeit \u2013 vom 27. Juli bis zum 31. Juli fand eine weitere Ausgabe des Events \u201eProjektwoche\u201c statt, einer traditionell vom DFK Stubendorf organisierten Feriengestaltung f\u00fcr die J\u00fcngsten. Das diesj\u00e4hrige Programm basierte auf einer Reihe von Radtouren, die die Teilnehmer durch die umliegenden Ortschaften [&hellip;]\" \/>\n<meta property=\"og:url\" content=\"https:\/\/skgd.pl\/za-nami-kolejna-edycja-projektwoche-z-dfk-izbicko\/\" \/>\n<meta property=\"og:site_name\" content=\"Deutsche Minderheit, Sozial-Kulturelle Gesellschaft der Deutschen im Oppelner Schlesien\" \/>\n<meta property=\"article:published_time\" content=\"2026-09-04T05:31:49+00:00\" \/>\n<meta property=\"article:modified_time\" content=\"2026-09-04T05:33:25+00:00\" \/>\n<meta property=\"og:image\" content=\"https:\/\/skgd.pl\/wp-content\/uploads\/2026\/09\/DFk-izbicko-projektwoche.jpg\" \/>\n\t<meta property=\"og:image:width\" content=\"1200\" \/>\n\t<meta property=\"og:image:height\" content=\"1600\" \/>\n\t<meta property=\"og:image:type\" content=\"image\/jpeg\" \/>\n<meta name=\"twitter:card\" content=\"summary_large_image\" \/>\n<meta name=\"twitter:label1\" content=\"Verfasst von\" \/>\n\t<meta name=\"twitter:data1\" content=\"Marcel \u015awierc\" \/>\n\t<meta name=\"twitter:label2\" content=\"Gesch\u00e4tzte Lesezeit\" \/>\n\t<meta name=\"twitter:data2\" content=\"2\u00a0Minuten\" \/>\n<script type=\"application\/ld+json\" class=\"yoast-schema-graph\">{\"@context\":\"https:\/\/schema.org\",\"@graph\":[{\"@type\":\"WebSite\",\"@id\":\"https:\/\/skgd.pl\/#website\",\"url\":\"https:\/\/skgd.pl\/\",\"name\":\"Deutsche Minderheit, Sozial-Kulturelle Gesellschaft der Deutschen im Oppelner Schlesien\",\"description\":\"Deutsche Minderheit in Polen\",\"potentialAction\":[{\"@type\":\"SearchAction\",\"target\":{\"@type\":\"EntryPoint\",\"urlTemplate\":\"https:\/\/skgd.pl\/?s={search_term_string}\"},\"query-input\":\"required name=search_term_string\"}],\"inLanguage\":\"de\"},{\"@type\":\"ImageObject\",\"inLanguage\":\"de\",\"@id\":\"https:\/\/skgd.pl\/za-nami-kolejna-edycja-projektwoche-z-dfk-izbicko\/#primaryimage\",\"url\":\"https:\/\/skgd.pl\/wp-content\/uploads\/2026\/09\/DFk-izbicko-projektwoche.jpg\",\"contentUrl\":\"https:\/\/skgd.pl\/wp-content\/uploads\/2026\/09\/DFk-izbicko-projektwoche.jpg\",\"width\":1200,\"height\":1600},{\"@type\":\"WebPage\",\"@id\":\"https:\/\/skgd.pl\/za-nami-kolejna-edycja-projektwoche-z-dfk-izbicko\/#webpage\",\"url\":\"https:\/\/skgd.pl\/za-nami-kolejna-edycja-projektwoche-z-dfk-izbicko\/\",\"name\":\"Erfolgreich beendet: Eine weitere \u201eProjektwoche\u201c mit dem DFK Stubendorf - Deutsche Minderheit, Sozial-Kulturelle Gesellschaft der Deutschen im Oppelner Schlesien\",\"isPartOf\":{\"@id\":\"https:\/\/skgd.pl\/#website\"},\"primaryImageOfPage\":{\"@id\":\"https:\/\/skgd.pl\/za-nami-kolejna-edycja-projektwoche-z-dfk-izbicko\/#primaryimage\"},\"datePublished\":\"2026-09-04T05:31:49+00:00\",\"dateModified\":\"2026-09-04T05:33:25+00:00\",\"author\":{\"@id\":\"https:\/\/skgd.pl\/#\/schema\/person\/689e449cfc904a79ad1bd3f5a75585ae\"},\"breadcrumb\":{\"@id\":\"https:\/\/skgd.pl\/za-nami-kolejna-edycja-projektwoche-z-dfk-izbicko\/#breadcrumb\"},\"inLanguage\":\"de\",\"potentialAction\":[{\"@type\":\"ReadAction\",\"target\":[\"https:\/\/skgd.pl\/za-nami-kolejna-edycja-projektwoche-z-dfk-izbicko\/\"]}]},{\"@type\":\"BreadcrumbList\",\"@id\":\"https:\/\/skgd.pl\/za-nami-kolejna-edycja-projektwoche-z-dfk-izbicko\/#breadcrumb\",\"itemListElement\":[{\"@type\":\"ListItem\",\"position\":1,\"name\":\"Strona g\u0142\u00f3wna\",\"item\":\"https:\/\/skgd.pl\/\"},{\"@type\":\"ListItem\",\"position\":2,\"name\":\"Za nami kolejna edycja \u201eProjektwoche\u201d z DFK Izbicko\"}]},{\"@type\":\"Person\",\"@id\":\"https:\/\/skgd.pl\/#\/schema\/person\/689e449cfc904a79ad1bd3f5a75585ae\",\"name\":\"Marcel \u015awierc\",\"image\":{\"@type\":\"ImageObject\",\"inLanguage\":\"de\",\"@id\":\"https:\/\/skgd.pl\/#\/schema\/person\/image\/\",\"url\":\"https:\/\/secure.gravatar.com\/avatar\/95c22c780fde021221620646c5a8229a10aedf0f29b077c784de7ec9a35544ef?s=96&d=mm&r=g\",\"contentUrl\":\"https:\/\/secure.gravatar.com\/avatar\/95c22c780fde021221620646c5a8229a10aedf0f29b077c784de7ec9a35544ef?s=96&d=mm&r=g\",\"caption\":\"Marcel \u015awierc\"},\"url\":\"https:\/\/skgd.pl\/de\/author\/marcel-swiercskgd-pl\/\"}]}<\/script>\n<!-- \/ Yoast SEO plugin. -->","yoast_head_json":{"title":"Erfolgreich beendet: Eine weitere \u201eProjektwoche\u201c mit dem DFK Stubendorf - Deutsche Minderheit, Sozial-Kulturelle Gesellschaft der Deutschen im Oppelner Schlesien","robots":{"index":"index","follow":"follow","max-snippet":"max-snippet:-1","max-image-preview":"max-image-preview:large","max-video-preview":"max-video-preview:-1"},"canonical":"https:\/\/skgd.pl\/za-nami-kolejna-edycja-projektwoche-z-dfk-izbicko\/","og_locale":"de_DE","og_type":"article","og_title":"Erfolgreich beendet: Eine weitere \u201eProjektwoche\u201c mit dem DFK Stubendorf - Deutsche Minderheit, Sozial-Kulturelle Gesellschaft der Deutschen im Oppelner Schlesien","og_description":"K\u00f6rperliche Aktivit\u00e4t, das Entdecken lokaler Attraktionen und die Gelegenheit f\u00fcr eine gemeinsame Zeit \u2013 vom 27. Juli bis zum 31. Juli fand eine weitere Ausgabe des Events \u201eProjektwoche\u201c statt, einer traditionell vom DFK Stubendorf organisierten Feriengestaltung f\u00fcr die J\u00fcngsten. Das diesj\u00e4hrige Programm basierte auf einer Reihe von Radtouren, die die Teilnehmer durch die umliegenden Ortschaften [&hellip;]","og_url":"https:\/\/skgd.pl\/za-nami-kolejna-edycja-projektwoche-z-dfk-izbicko\/","og_site_name":"Deutsche Minderheit, Sozial-Kulturelle Gesellschaft der Deutschen im Oppelner Schlesien","article_published_time":"2026-09-04T05:31:49+00:00","article_modified_time":"2026-09-04T05:33:25+00:00","og_image":[{"width":1200,"height":1600,"url":"https:\/\/skgd.pl\/wp-content\/uploads\/2026\/09\/DFk-izbicko-projektwoche.jpg","type":"image\/jpeg"}],"twitter_card":"summary_large_image","twitter_misc":{"Verfasst von":"Marcel \u015awierc","Gesch\u00e4tzte Lesezeit":"2\u00a0Minuten"},"schema":{"@context":"https:\/\/schema.org","@graph":[{"@type":"WebSite","@id":"https:\/\/skgd.pl\/#website","url":"https:\/\/skgd.pl\/","name":"Deutsche Minderheit, Sozial-Kulturelle Gesellschaft der Deutschen im Oppelner Schlesien","description":"Deutsche Minderheit in Polen","potentialAction":[{"@type":"SearchAction","target":{"@type":"EntryPoint","urlTemplate":"https:\/\/skgd.pl\/?s={search_term_string}"},"query-input":"required name=search_term_string"}],"inLanguage":"de"},{"@type":"ImageObject","inLanguage":"de","@id":"https:\/\/skgd.pl\/za-nami-kolejna-edycja-projektwoche-z-dfk-izbicko\/#primaryimage","url":"https:\/\/skgd.pl\/wp-content\/uploads\/2026\/09\/DFk-izbicko-projektwoche.jpg","contentUrl":"https:\/\/skgd.pl\/wp-content\/uploads\/2026\/09\/DFk-izbicko-projektwoche.jpg","width":1200,"height":1600},{"@type":"WebPage","@id":"https:\/\/skgd.pl\/za-nami-kolejna-edycja-projektwoche-z-dfk-izbicko\/#webpage","url":"https:\/\/skgd.pl\/za-nami-kolejna-edycja-projektwoche-z-dfk-izbicko\/","name":"Erfolgreich beendet: Eine weitere \u201eProjektwoche\u201c mit dem DFK Stubendorf - Deutsche Minderheit, Sozial-Kulturelle Gesellschaft der Deutschen im Oppelner Schlesien","isPartOf":{"@id":"https:\/\/skgd.pl\/#website"},"primaryImageOfPage":{"@id":"https:\/\/skgd.pl\/za-nami-kolejna-edycja-projektwoche-z-dfk-izbicko\/#primaryimage"},"datePublished":"2026-09-04T05:31:49+00:00","dateModified":"2026-09-04T05:33:25+00:00","author":{"@id":"https:\/\/skgd.pl\/#\/schema\/person\/689e449cfc904a79ad1bd3f5a75585ae"},"breadcrumb":{"@id":"https:\/\/skgd.pl\/za-nami-kolejna-edycja-projektwoche-z-dfk-izbicko\/#breadcrumb"},"inLanguage":"de","potentialAction":[{"@type":"ReadAction","target":["https:\/\/skgd.pl\/za-nami-kolejna-edycja-projektwoche-z-dfk-izbicko\/"]}]},{"@type":"BreadcrumbList","@id":"https:\/\/skgd.pl\/za-nami-kolejna-edycja-projektwoche-z-dfk-izbicko\/#breadcrumb","itemListElement":[{"@type":"ListItem","position":1,"name":"Strona g\u0142\u00f3wna","item":"https:\/\/skgd.pl\/"},{"@type":"ListItem","position":2,"name":"Za nami kolejna edycja \u201eProjektwoche\u201d z DFK Izbicko"}]},{"@type":"Person","@id":"https:\/\/skgd.pl\/#\/schema\/person\/689e449cfc904a79ad1bd3f5a75585ae","name":"Marcel \u015awierc","image":{"@type":"ImageObject","inLanguage":"de","@id":"https:\/\/skgd.pl\/#\/schema\/person\/image\/","url":"https:\/\/secure.gravatar.com\/avatar\/95c22c780fde021221620646c5a8229a10aedf0f29b077c784de7ec9a35544ef?s=96&d=mm&r=g","contentUrl":"https:\/\/secure.gravatar.com\/avatar\/95c22c780fde021221620646c5a8229a10aedf0f29b077c784de7ec9a35544ef?s=96&d=mm&r=g","caption":"Marcel \u015awierc"},"url":"https:\/\/skgd.pl\/de\/author\/marcel-swiercskgd-pl\/"}]}},"_links":{"self":[{"href":"https:\/\/skgd.pl\/de\/wp-json\/wp\/v2\/posts\/38690","targetHints":{"allow":["GET"]}}],"collection":[{"href":"https:\/\/skgd.pl\/de\/wp-json\/wp\/v2\/posts"}],"about":[{"href":"https:\/\/skgd.pl\/de\/wp-json\/wp\/v2\/types\/post"}],"author":[{"embeddable":true,"href":"https:\/\/skgd.pl\/de\/wp-json\/wp\/v2\/users\/21"}],"replies":[{"embeddable":true,"href":"https:\/\/skgd.pl\/de\/wp-json\/wp\/v2\/comments?post=38690"}],"version-history":[{"count":2,"href":"https:\/\/skgd.pl\/de\/wp-json\/wp\/v2\/posts\/38690\/revisions"}],"predecessor-version":[{"id":38697,"href":"https:\/\/skgd.pl\/de\/wp-json\/wp\/v2\/posts\/38690\/revisions\/38697"}],"wp:featuredmedia":[{"embeddable":true,"href":"https:\/\/skgd.pl\/de\/wp-json\/wp\/v2\/media\/38698"}],"wp:attachment":[{"href":"https:\/\/skgd.pl\/de\/wp-json\/wp\/v2\/media?parent=38690"}],"wp:term":[{"taxonomy":"category","embeddable":true,"href":"https:\/\/skgd.pl\/de\/wp-json\/wp\/v2\/categories?post=38690"},{"taxonomy":"post_tag","embeddable":true,"href":"https:\/\/skgd.pl\/de\/wp-json\/wp\/v2\/tags?post=38690"}],"curies":[{"name":"wp","href":"https:\/\/api.w.org\/{rel}","templated":true}]}}