{"id":38687,"date":"2026-09-02T11:42:54","date_gmt":"2026-09-02T09:42:54","guid":{"rendered":"https:\/\/skgd.pl\/?p=38687"},"modified":"2026-09-02T11:42:54","modified_gmt":"2026-09-02T09:42:54","slug":"ii-kongres-slaskich-samorzadowcow-juz-16-wrzesnia-w-opolu","status":"publish","type":"post","link":"https:\/\/skgd.pl\/de\/ii-kongres-slaskich-samorzadowcow-juz-16-wrzesnia-w-opolu\/","title":{"rendered":"II. KONGRESS DER SCHLESISCHEN KOMMUNALPOLITIKER AM 16. SEPTEMBER IN OPLEN!"},"content":{"rendered":"<p><\/p>\n<p data-path-to-node=\"11\"><b data-path-to-node=\"11\" data-index-in-node=\"5\">Liebe Einwohner der Woiwodschaft Oppeln, Mitglieder und Sympathisanten der Deutschen Minderheit!<\/b> \ud83d\udc4b<\/p>\n<p data-path-to-node=\"12\">Wir leiten ein wichtiges Schreiben der Schlesischen Kommunalvereinigung an Sie weiter.<\/p>\n<p data-path-to-node=\"13\">Am 16. September treffen wir uns in Oppeln! Das Hauptthema des diesj\u00e4hrigen Kongresses ist der <b data-path-to-node=\"13\" data-index-in-node=\"95\">moderne und verantwortungsvolle Schutz des kulturellen Erbes des multikulturellen Schlesiens<\/b> sowie der Dialog \u00fcber seine vielschichtige und oft schwierige Geschichte. \ud83d\udd4a\ufe0f Die Veranstaltung steht auch im Zeichen des <b data-path-to-node=\"13\" data-index-in-node=\"310\">35. Jahrestages der Unterzeichnung des deutsch-polnischen Nachbarschaftsvertrages<\/b>.<\/p>\n<p data-path-to-node=\"14\">\ud83e\udd1d <b data-path-to-node=\"14\" data-index-in-node=\"3\">Warum lohnt es sich, dabei zu sein?<\/b> Es ist eine hervorragende Gelegenheit, als Gemeinschaft <b data-path-to-node=\"14\" data-index-in-node=\"95\">Einheit und St\u00e4rke<\/b> zu zeigen.<\/p>\n<p data-path-to-node=\"15\">\ud83d\udce9 <b data-path-to-node=\"15\" data-index-in-node=\"3\">Eine Anmeldung ist erforderlich:<\/b> \ud83d\udc49 <a class=\"ng-star-inserted\" href=\"https:\/\/kongres.stowarzyszenie.lesnica.pl\/\" target=\"_blank\" rel=\"noopener\">https:\/\/kongres.stowarzyszenie.lesnica.pl\/<\/a><\/p>\n<p data-path-to-node=\"16\">Wir sehen uns in Oppeln!<\/p>\n<p><\/p>","protected":false},"excerpt":{"rendered":"<p>Liebe Einwohner der Woiwodschaft Oppeln, Mitglieder und Sympathisanten der Deutschen Minderheit! \ud83d\udc4b Wir leiten ein wichtiges Schreiben der Schlesischen Kommunalvereinigung an Sie weiter. Am 16. September treffen wir uns in Oppeln! Das Hauptthema des diesj\u00e4hrigen Kongresses ist der moderne und verantwortungsvolle Schutz des kulturellen Erbes des multikulturellen Schlesiens sowie der Dialog \u00fcber seine vielschichtige und [&hellip;]<\/p>\n","protected":false},"author":20,"featured_media":38688,"comment_status":"closed","ping_status":"closed","sticky":false,"template":"","format":"standard","meta":{"footnotes":""},"categories":[1],"tags":[],"class_list":["post-38687","post","type-post","status-publish","format-standard","has-post-thumbnail","hentry","category-aktualnosci"],"yoast_head":"<!-- This site is optimized with the Yoast SEO plugin v18.9 - https:\/\/yoast.com\/wordpress\/plugins\/seo\/ -->\n<title>II. KONGRESS DER SCHLESISCHEN KOMMUNALPOLITIKER AM 16. SEPTEMBER IN OPLEN! - Deutsche Minderheit, Sozial-Kulturelle Gesellschaft der Deutschen im Oppelner Schlesien<\/title>\n<meta name=\"robots\" content=\"index, follow, max-snippet:-1, max-image-preview:large, max-video-preview:-1\" \/>\n<link rel=\"canonical\" href=\"https:\/\/skgd.pl\/ii-kongres-slaskich-samorzadowcow-juz-16-wrzesnia-w-opolu\/\" \/>\n<meta property=\"og:locale\" content=\"de_DE\" \/>\n<meta property=\"og:type\" content=\"article\" \/>\n<meta property=\"og:title\" content=\"II. KONGRESS DER SCHLESISCHEN KOMMUNALPOLITIKER AM 16. SEPTEMBER IN OPLEN! - Deutsche Minderheit, Sozial-Kulturelle Gesellschaft der Deutschen im Oppelner Schlesien\" \/>\n<meta property=\"og:description\" content=\"Liebe Einwohner der Woiwodschaft Oppeln, Mitglieder und Sympathisanten der Deutschen Minderheit! \ud83d\udc4b Wir leiten ein wichtiges Schreiben der Schlesischen Kommunalvereinigung an Sie weiter. Am 16. September treffen wir uns in Oppeln! Das Hauptthema des diesj\u00e4hrigen Kongresses ist der moderne und verantwortungsvolle Schutz des kulturellen Erbes des multikulturellen Schlesiens sowie der Dialog \u00fcber seine vielschichtige und [&hellip;]\" \/>\n<meta property=\"og:url\" content=\"https:\/\/skgd.pl\/ii-kongres-slaskich-samorzadowcow-juz-16-wrzesnia-w-opolu\/\" \/>\n<meta property=\"og:site_name\" content=\"Deutsche Minderheit, Sozial-Kulturelle Gesellschaft der Deutschen im Oppelner Schlesien\" \/>\n<meta property=\"article:published_time\" content=\"2026-09-02T09:42:54+00:00\" \/>\n<meta property=\"og:image\" content=\"https:\/\/skgd.pl\/wp-content\/uploads\/2026\/09\/Jak-chronic-dziedzictwo-16.09.jpeg\" \/>\n\t<meta property=\"og:image:width\" content=\"1131\" \/>\n\t<meta property=\"og:image:height\" content=\"1600\" \/>\n\t<meta property=\"og:image:type\" content=\"image\/jpeg\" \/>\n<meta name=\"twitter:card\" content=\"summary_large_image\" \/>\n<meta name=\"twitter:label1\" content=\"Verfasst von\" \/>\n\t<meta name=\"twitter:data1\" content=\"Anna Koschny\" \/>\n\t<meta name=\"twitter:label2\" content=\"Gesch\u00e4tzte Lesezeit\" \/>\n\t<meta name=\"twitter:data2\" content=\"1\u00a0Minute\" \/>\n<script type=\"application\/ld+json\" class=\"yoast-schema-graph\">{\"@context\":\"https:\/\/schema.org\",\"@graph\":[{\"@type\":\"WebSite\",\"@id\":\"https:\/\/skgd.pl\/#website\",\"url\":\"https:\/\/skgd.pl\/\",\"name\":\"Deutsche Minderheit, Sozial-Kulturelle Gesellschaft der Deutschen im Oppelner Schlesien\",\"description\":\"Deutsche Minderheit in Polen\",\"potentialAction\":[{\"@type\":\"SearchAction\",\"target\":{\"@type\":\"EntryPoint\",\"urlTemplate\":\"https:\/\/skgd.pl\/?s={search_term_string}\"},\"query-input\":\"required name=search_term_string\"}],\"inLanguage\":\"de\"},{\"@type\":\"ImageObject\",\"inLanguage\":\"de\",\"@id\":\"https:\/\/skgd.pl\/ii-kongres-slaskich-samorzadowcow-juz-16-wrzesnia-w-opolu\/#primaryimage\",\"url\":\"https:\/\/skgd.pl\/wp-content\/uploads\/2026\/09\/Jak-chronic-dziedzictwo-16.09.jpeg\",\"contentUrl\":\"https:\/\/skgd.pl\/wp-content\/uploads\/2026\/09\/Jak-chronic-dziedzictwo-16.09.jpeg\",\"width\":1131,\"height\":1600},{\"@type\":\"WebPage\",\"@id\":\"https:\/\/skgd.pl\/ii-kongres-slaskich-samorzadowcow-juz-16-wrzesnia-w-opolu\/#webpage\",\"url\":\"https:\/\/skgd.pl\/ii-kongres-slaskich-samorzadowcow-juz-16-wrzesnia-w-opolu\/\",\"name\":\"II. KONGRESS DER SCHLESISCHEN KOMMUNALPOLITIKER AM 16. SEPTEMBER IN OPLEN! - Deutsche Minderheit, Sozial-Kulturelle Gesellschaft der Deutschen im Oppelner Schlesien\",\"isPartOf\":{\"@id\":\"https:\/\/skgd.pl\/#website\"},\"primaryImageOfPage\":{\"@id\":\"https:\/\/skgd.pl\/ii-kongres-slaskich-samorzadowcow-juz-16-wrzesnia-w-opolu\/#primaryimage\"},\"datePublished\":\"2026-09-02T09:42:54+00:00\",\"dateModified\":\"2026-09-02T09:42:54+00:00\",\"author\":{\"@id\":\"https:\/\/skgd.pl\/#\/schema\/person\/3949b133860add46d83a0c68af13c928\"},\"breadcrumb\":{\"@id\":\"https:\/\/skgd.pl\/ii-kongres-slaskich-samorzadowcow-juz-16-wrzesnia-w-opolu\/#breadcrumb\"},\"inLanguage\":\"de\",\"potentialAction\":[{\"@type\":\"ReadAction\",\"target\":[\"https:\/\/skgd.pl\/ii-kongres-slaskich-samorzadowcow-juz-16-wrzesnia-w-opolu\/\"]}]},{\"@type\":\"BreadcrumbList\",\"@id\":\"https:\/\/skgd.pl\/ii-kongres-slaskich-samorzadowcow-juz-16-wrzesnia-w-opolu\/#breadcrumb\",\"itemListElement\":[{\"@type\":\"ListItem\",\"position\":1,\"name\":\"Strona g\u0142\u00f3wna\",\"item\":\"https:\/\/skgd.pl\/\"},{\"@type\":\"ListItem\",\"position\":2,\"name\":\"II KONGRES \u015aL\u0104SKICH SAMORZ\u0104DOWC\u00d3W JU\u017b 16 WRZE\u015aNIA W OPOLU!\"}]},{\"@type\":\"Person\",\"@id\":\"https:\/\/skgd.pl\/#\/schema\/person\/3949b133860add46d83a0c68af13c928\",\"name\":\"Anna Koschny\",\"image\":{\"@type\":\"ImageObject\",\"inLanguage\":\"de\",\"@id\":\"https:\/\/skgd.pl\/#\/schema\/person\/image\/\",\"url\":\"https:\/\/secure.gravatar.com\/avatar\/5f2015f490aae61737c8f3352635d3501f543cf95e6eed462d9af128d767a768?s=96&d=mm&r=g\",\"contentUrl\":\"https:\/\/secure.gravatar.com\/avatar\/5f2015f490aae61737c8f3352635d3501f543cf95e6eed462d9af128d767a768?s=96&d=mm&r=g\",\"caption\":\"Anna Koschny\"},\"url\":\"https:\/\/skgd.pl\/de\/author\/anna-koschnyskgd-pl\/\"}]}<\/script>\n<!-- \/ Yoast SEO plugin. -->","yoast_head_json":{"title":"II. KONGRESS DER SCHLESISCHEN KOMMUNALPOLITIKER AM 16. SEPTEMBER IN OPLEN! - Deutsche Minderheit, Sozial-Kulturelle Gesellschaft der Deutschen im Oppelner Schlesien","robots":{"index":"index","follow":"follow","max-snippet":"max-snippet:-1","max-image-preview":"max-image-preview:large","max-video-preview":"max-video-preview:-1"},"canonical":"https:\/\/skgd.pl\/ii-kongres-slaskich-samorzadowcow-juz-16-wrzesnia-w-opolu\/","og_locale":"de_DE","og_type":"article","og_title":"II. KONGRESS DER SCHLESISCHEN KOMMUNALPOLITIKER AM 16. SEPTEMBER IN OPLEN! - Deutsche Minderheit, Sozial-Kulturelle Gesellschaft der Deutschen im Oppelner Schlesien","og_description":"Liebe Einwohner der Woiwodschaft Oppeln, Mitglieder und Sympathisanten der Deutschen Minderheit! \ud83d\udc4b Wir leiten ein wichtiges Schreiben der Schlesischen Kommunalvereinigung an Sie weiter. Am 16. September treffen wir uns in Oppeln! Das Hauptthema des diesj\u00e4hrigen Kongresses ist der moderne und verantwortungsvolle Schutz des kulturellen Erbes des multikulturellen Schlesiens sowie der Dialog \u00fcber seine vielschichtige und [&hellip;]","og_url":"https:\/\/skgd.pl\/ii-kongres-slaskich-samorzadowcow-juz-16-wrzesnia-w-opolu\/","og_site_name":"Deutsche Minderheit, Sozial-Kulturelle Gesellschaft der Deutschen im Oppelner Schlesien","article_published_time":"2026-09-02T09:42:54+00:00","og_image":[{"width":1131,"height":1600,"url":"https:\/\/skgd.pl\/wp-content\/uploads\/2026\/09\/Jak-chronic-dziedzictwo-16.09.jpeg","type":"image\/jpeg"}],"twitter_card":"summary_large_image","twitter_misc":{"Verfasst von":"Anna Koschny","Gesch\u00e4tzte Lesezeit":"1\u00a0Minute"},"schema":{"@context":"https:\/\/schema.org","@graph":[{"@type":"WebSite","@id":"https:\/\/skgd.pl\/#website","url":"https:\/\/skgd.pl\/","name":"Deutsche Minderheit, Sozial-Kulturelle Gesellschaft der Deutschen im Oppelner Schlesien","description":"Deutsche Minderheit in Polen","potentialAction":[{"@type":"SearchAction","target":{"@type":"EntryPoint","urlTemplate":"https:\/\/skgd.pl\/?s={search_term_string}"},"query-input":"required name=search_term_string"}],"inLanguage":"de"},{"@type":"ImageObject","inLanguage":"de","@id":"https:\/\/skgd.pl\/ii-kongres-slaskich-samorzadowcow-juz-16-wrzesnia-w-opolu\/#primaryimage","url":"https:\/\/skgd.pl\/wp-content\/uploads\/2026\/09\/Jak-chronic-dziedzictwo-16.09.jpeg","contentUrl":"https:\/\/skgd.pl\/wp-content\/uploads\/2026\/09\/Jak-chronic-dziedzictwo-16.09.jpeg","width":1131,"height":1600},{"@type":"WebPage","@id":"https:\/\/skgd.pl\/ii-kongres-slaskich-samorzadowcow-juz-16-wrzesnia-w-opolu\/#webpage","url":"https:\/\/skgd.pl\/ii-kongres-slaskich-samorzadowcow-juz-16-wrzesnia-w-opolu\/","name":"II. KONGRESS DER SCHLESISCHEN KOMMUNALPOLITIKER AM 16. SEPTEMBER IN OPLEN! - Deutsche Minderheit, Sozial-Kulturelle Gesellschaft der Deutschen im Oppelner Schlesien","isPartOf":{"@id":"https:\/\/skgd.pl\/#website"},"primaryImageOfPage":{"@id":"https:\/\/skgd.pl\/ii-kongres-slaskich-samorzadowcow-juz-16-wrzesnia-w-opolu\/#primaryimage"},"datePublished":"2026-09-02T09:42:54+00:00","dateModified":"2026-09-02T09:42:54+00:00","author":{"@id":"https:\/\/skgd.pl\/#\/schema\/person\/3949b133860add46d83a0c68af13c928"},"breadcrumb":{"@id":"https:\/\/skgd.pl\/ii-kongres-slaskich-samorzadowcow-juz-16-wrzesnia-w-opolu\/#breadcrumb"},"inLanguage":"de","potentialAction":[{"@type":"ReadAction","target":["https:\/\/skgd.pl\/ii-kongres-slaskich-samorzadowcow-juz-16-wrzesnia-w-opolu\/"]}]},{"@type":"BreadcrumbList","@id":"https:\/\/skgd.pl\/ii-kongres-slaskich-samorzadowcow-juz-16-wrzesnia-w-opolu\/#breadcrumb","itemListElement":[{"@type":"ListItem","position":1,"name":"Strona g\u0142\u00f3wna","item":"https:\/\/skgd.pl\/"},{"@type":"ListItem","position":2,"name":"II KONGRES \u015aL\u0104SKICH SAMORZ\u0104DOWC\u00d3W JU\u017b 16 WRZE\u015aNIA W OPOLU!"}]},{"@type":"Person","@id":"https:\/\/skgd.pl\/#\/schema\/person\/3949b133860add46d83a0c68af13c928","name":"Anna Koschny","image":{"@type":"ImageObject","inLanguage":"de","@id":"https:\/\/skgd.pl\/#\/schema\/person\/image\/","url":"https:\/\/secure.gravatar.com\/avatar\/5f2015f490aae61737c8f3352635d3501f543cf95e6eed462d9af128d767a768?s=96&d=mm&r=g","contentUrl":"https:\/\/secure.gravatar.com\/avatar\/5f2015f490aae61737c8f3352635d3501f543cf95e6eed462d9af128d767a768?s=96&d=mm&r=g","caption":"Anna Koschny"},"url":"https:\/\/skgd.pl\/de\/author\/anna-koschnyskgd-pl\/"}]}},"_links":{"self":[{"href":"https:\/\/skgd.pl\/de\/wp-json\/wp\/v2\/posts\/38687","targetHints":{"allow":["GET"]}}],"collection":[{"href":"https:\/\/skgd.pl\/de\/wp-json\/wp\/v2\/posts"}],"about":[{"href":"https:\/\/skgd.pl\/de\/wp-json\/wp\/v2\/types\/post"}],"author":[{"embeddable":true,"href":"https:\/\/skgd.pl\/de\/wp-json\/wp\/v2\/users\/20"}],"replies":[{"embeddable":true,"href":"https:\/\/skgd.pl\/de\/wp-json\/wp\/v2\/comments?post=38687"}],"version-history":[{"count":1,"href":"https:\/\/skgd.pl\/de\/wp-json\/wp\/v2\/posts\/38687\/revisions"}],"predecessor-version":[{"id":38689,"href":"https:\/\/skgd.pl\/de\/wp-json\/wp\/v2\/posts\/38687\/revisions\/38689"}],"wp:featuredmedia":[{"embeddable":true,"href":"https:\/\/skgd.pl\/de\/wp-json\/wp\/v2\/media\/38688"}],"wp:attachment":[{"href":"https:\/\/skgd.pl\/de\/wp-json\/wp\/v2\/media?parent=38687"}],"wp:term":[{"taxonomy":"category","embeddable":true,"href":"https:\/\/skgd.pl\/de\/wp-json\/wp\/v2\/categories?post=38687"},{"taxonomy":"post_tag","embeddable":true,"href":"https:\/\/skgd.pl\/de\/wp-json\/wp\/v2\/tags?post=38687"}],"curies":[{"name":"wp","href":"https:\/\/api.w.org\/{rel}","templated":true}]}}