{"id":38684,"date":"2026-09-01T14:03:50","date_gmt":"2026-09-01T12:03:50","guid":{"rendered":"https:\/\/skgd.pl\/?p=38684"},"modified":"2026-09-01T14:03:50","modified_gmt":"2026-09-01T12:03:50","slug":"dobra-wiadomosc-od-vdg-przedluzono-termin-zgloszen","status":"publish","type":"post","link":"https:\/\/skgd.pl\/de\/dobra-wiadomosc-od-vdg-przedluzono-termin-zgloszen\/","title":{"rendered":"Gute Nachricht von der VdG! Die Anmeldefrist wurde verl\u00e4ngert!"},"content":{"rendered":"<p>Auf vielfachen Wunsch verl\u00e4ngert der Verband der deutschen sozial-kulturellen Gesellschaften in Polen (VdG) die Frist f\u00fcr die Einreichung von Beitr\u00e4gen f\u00fcr den Musikwettbewerb!&nbsp; Anmeldungen werden noch bis zum 13. September 2026 entgegengenommen!&nbsp;<\/p>\n<p>Machst du Musik auf Deutsch? Singst du solo oder in einer Band? Dann ist dieser Wettbewerb genau das Richtige f\u00fcr dich!<\/p>\n<p>Auf den Gewinner warten:<\/p>\n<ul>\n<li>eine professionelle Studioaufnahme,<\/li>\n<li>die Produktion eines Musikvideos,<\/li>\n<li>ein Auftritt beim Kulturfestival der Deutschen Minderheit in Breslau am 28. August 2027,<\/li>\n<li>der Gesamtwert des Preises betr\u00e4gt insgesamt 17 000 PLN!<\/li>\n<\/ul>\n<p>Der Wettbewerb richtet sich an K\u00fcnstlerinnen und K\u00fcnstler, die im Rahmen von Organisationen, Institutionen oder Kreisen der deutschen Minderheit (u.a. SKGD) t\u00e4tig sind.<\/p>\n<p>Alle Informationen, das Reglement und das Anmeldeformular findest du auf der Website der VdG:<br \/>\n<a href=\"https:\/\/vdg.pl\/konkurs-na-autorski-utwor-muzyczny\/\">https:\/\/vdg.pl\/konkurs-na-autorski-utwor-muzyczny\/<\/a><\/p>\n<p>Z\u00f6gere nicht! Melde dein Musikst\u00fcck noch heute an!<\/p>","protected":false},"excerpt":{"rendered":"<p>Auf vielfachen Wunsch verl\u00e4ngert der Verband der deutschen sozial-kulturellen Gesellschaften in Polen (VdG) die Frist f\u00fcr die Einreichung von Beitr\u00e4gen f\u00fcr den Musikwettbewerb!&nbsp; Anmeldungen werden noch bis zum 13. September 2026 entgegengenommen!&nbsp; Machst du Musik auf Deutsch? Singst du solo oder in einer Band? Dann ist dieser Wettbewerb genau das Richtige f\u00fcr dich! Auf den [&hellip;]<\/p>\n","protected":false},"author":21,"featured_media":38685,"comment_status":"closed","ping_status":"closed","sticky":false,"template":"","format":"standard","meta":{"footnotes":""},"categories":[1],"tags":[],"class_list":["post-38684","post","type-post","status-publish","format-standard","has-post-thumbnail","hentry","category-aktualnosci"],"yoast_head":"<!-- This site is optimized with the Yoast SEO plugin v18.9 - https:\/\/yoast.com\/wordpress\/plugins\/seo\/ -->\n<title>Gute Nachricht von der VdG! Die Anmeldefrist wurde verl\u00e4ngert! - Deutsche Minderheit, Sozial-Kulturelle Gesellschaft der Deutschen im Oppelner Schlesien<\/title>\n<meta name=\"robots\" content=\"index, follow, max-snippet:-1, max-image-preview:large, max-video-preview:-1\" \/>\n<link rel=\"canonical\" href=\"https:\/\/skgd.pl\/dobra-wiadomosc-od-vdg-przedluzono-termin-zgloszen\/\" \/>\n<meta property=\"og:locale\" content=\"de_DE\" \/>\n<meta property=\"og:type\" content=\"article\" \/>\n<meta property=\"og:title\" content=\"Gute Nachricht von der VdG! Die Anmeldefrist wurde verl\u00e4ngert! - Deutsche Minderheit, Sozial-Kulturelle Gesellschaft der Deutschen im Oppelner Schlesien\" \/>\n<meta property=\"og:description\" content=\"Auf vielfachen Wunsch verl\u00e4ngert der Verband der deutschen sozial-kulturellen Gesellschaften in Polen (VdG) die Frist f\u00fcr die Einreichung von Beitr\u00e4gen f\u00fcr den Musikwettbewerb!&nbsp; Anmeldungen werden noch bis zum 13. September 2026 entgegengenommen!&nbsp; Machst du Musik auf Deutsch? Singst du solo oder in einer Band? Dann ist dieser Wettbewerb genau das Richtige f\u00fcr dich! Auf den [&hellip;]\" \/>\n<meta property=\"og:url\" content=\"https:\/\/skgd.pl\/dobra-wiadomosc-od-vdg-przedluzono-termin-zgloszen\/\" \/>\n<meta property=\"og:site_name\" content=\"Deutsche Minderheit, Sozial-Kulturelle Gesellschaft der Deutschen im Oppelner Schlesien\" \/>\n<meta property=\"article:published_time\" content=\"2026-09-01T12:03:50+00:00\" \/>\n<meta property=\"og:image\" content=\"https:\/\/skgd.pl\/wp-content\/uploads\/2026\/09\/post-konkurs.jpeg\" \/>\n\t<meta property=\"og:image:width\" content=\"1131\" \/>\n\t<meta property=\"og:image:height\" content=\"1600\" \/>\n\t<meta property=\"og:image:type\" content=\"image\/jpeg\" \/>\n<meta name=\"twitter:card\" content=\"summary_large_image\" \/>\n<meta name=\"twitter:label1\" content=\"Verfasst von\" \/>\n\t<meta name=\"twitter:data1\" content=\"Marcel \u015awierc\" \/>\n\t<meta name=\"twitter:label2\" content=\"Gesch\u00e4tzte Lesezeit\" \/>\n\t<meta name=\"twitter:data2\" content=\"1\u00a0Minute\" \/>\n<script type=\"application\/ld+json\" class=\"yoast-schema-graph\">{\"@context\":\"https:\/\/schema.org\",\"@graph\":[{\"@type\":\"WebSite\",\"@id\":\"https:\/\/skgd.pl\/#website\",\"url\":\"https:\/\/skgd.pl\/\",\"name\":\"Deutsche Minderheit, Sozial-Kulturelle Gesellschaft der Deutschen im Oppelner Schlesien\",\"description\":\"Deutsche Minderheit in Polen\",\"potentialAction\":[{\"@type\":\"SearchAction\",\"target\":{\"@type\":\"EntryPoint\",\"urlTemplate\":\"https:\/\/skgd.pl\/?s={search_term_string}\"},\"query-input\":\"required name=search_term_string\"}],\"inLanguage\":\"de\"},{\"@type\":\"ImageObject\",\"inLanguage\":\"de\",\"@id\":\"https:\/\/skgd.pl\/dobra-wiadomosc-od-vdg-przedluzono-termin-zgloszen\/#primaryimage\",\"url\":\"https:\/\/skgd.pl\/wp-content\/uploads\/2026\/09\/post-konkurs.jpeg\",\"contentUrl\":\"https:\/\/skgd.pl\/wp-content\/uploads\/2026\/09\/post-konkurs.jpeg\",\"width\":1131,\"height\":1600},{\"@type\":\"WebPage\",\"@id\":\"https:\/\/skgd.pl\/dobra-wiadomosc-od-vdg-przedluzono-termin-zgloszen\/#webpage\",\"url\":\"https:\/\/skgd.pl\/dobra-wiadomosc-od-vdg-przedluzono-termin-zgloszen\/\",\"name\":\"Gute Nachricht von der VdG! Die Anmeldefrist wurde verl\u00e4ngert! - Deutsche Minderheit, Sozial-Kulturelle Gesellschaft der Deutschen im Oppelner Schlesien\",\"isPartOf\":{\"@id\":\"https:\/\/skgd.pl\/#website\"},\"primaryImageOfPage\":{\"@id\":\"https:\/\/skgd.pl\/dobra-wiadomosc-od-vdg-przedluzono-termin-zgloszen\/#primaryimage\"},\"datePublished\":\"2026-09-01T12:03:50+00:00\",\"dateModified\":\"2026-09-01T12:03:50+00:00\",\"author\":{\"@id\":\"https:\/\/skgd.pl\/#\/schema\/person\/689e449cfc904a79ad1bd3f5a75585ae\"},\"breadcrumb\":{\"@id\":\"https:\/\/skgd.pl\/dobra-wiadomosc-od-vdg-przedluzono-termin-zgloszen\/#breadcrumb\"},\"inLanguage\":\"de\",\"potentialAction\":[{\"@type\":\"ReadAction\",\"target\":[\"https:\/\/skgd.pl\/dobra-wiadomosc-od-vdg-przedluzono-termin-zgloszen\/\"]}]},{\"@type\":\"BreadcrumbList\",\"@id\":\"https:\/\/skgd.pl\/dobra-wiadomosc-od-vdg-przedluzono-termin-zgloszen\/#breadcrumb\",\"itemListElement\":[{\"@type\":\"ListItem\",\"position\":1,\"name\":\"Strona g\u0142\u00f3wna\",\"item\":\"https:\/\/skgd.pl\/\"},{\"@type\":\"ListItem\",\"position\":2,\"name\":\"Dobra wiadomo\u015b\u0107 od VdG! Przed\u0142u\u017cono termin zg\u0142osze\u0144!\"}]},{\"@type\":\"Person\",\"@id\":\"https:\/\/skgd.pl\/#\/schema\/person\/689e449cfc904a79ad1bd3f5a75585ae\",\"name\":\"Marcel \u015awierc\",\"image\":{\"@type\":\"ImageObject\",\"inLanguage\":\"de\",\"@id\":\"https:\/\/skgd.pl\/#\/schema\/person\/image\/\",\"url\":\"https:\/\/secure.gravatar.com\/avatar\/95c22c780fde021221620646c5a8229a10aedf0f29b077c784de7ec9a35544ef?s=96&d=mm&r=g\",\"contentUrl\":\"https:\/\/secure.gravatar.com\/avatar\/95c22c780fde021221620646c5a8229a10aedf0f29b077c784de7ec9a35544ef?s=96&d=mm&r=g\",\"caption\":\"Marcel \u015awierc\"},\"url\":\"https:\/\/skgd.pl\/de\/author\/marcel-swiercskgd-pl\/\"}]}<\/script>\n<!-- \/ Yoast SEO plugin. -->","yoast_head_json":{"title":"Gute Nachricht von der VdG! Die Anmeldefrist wurde verl\u00e4ngert! - Deutsche Minderheit, Sozial-Kulturelle Gesellschaft der Deutschen im Oppelner Schlesien","robots":{"index":"index","follow":"follow","max-snippet":"max-snippet:-1","max-image-preview":"max-image-preview:large","max-video-preview":"max-video-preview:-1"},"canonical":"https:\/\/skgd.pl\/dobra-wiadomosc-od-vdg-przedluzono-termin-zgloszen\/","og_locale":"de_DE","og_type":"article","og_title":"Gute Nachricht von der VdG! Die Anmeldefrist wurde verl\u00e4ngert! - Deutsche Minderheit, Sozial-Kulturelle Gesellschaft der Deutschen im Oppelner Schlesien","og_description":"Auf vielfachen Wunsch verl\u00e4ngert der Verband der deutschen sozial-kulturellen Gesellschaften in Polen (VdG) die Frist f\u00fcr die Einreichung von Beitr\u00e4gen f\u00fcr den Musikwettbewerb!&nbsp; Anmeldungen werden noch bis zum 13. September 2026 entgegengenommen!&nbsp; Machst du Musik auf Deutsch? Singst du solo oder in einer Band? Dann ist dieser Wettbewerb genau das Richtige f\u00fcr dich! Auf den [&hellip;]","og_url":"https:\/\/skgd.pl\/dobra-wiadomosc-od-vdg-przedluzono-termin-zgloszen\/","og_site_name":"Deutsche Minderheit, Sozial-Kulturelle Gesellschaft der Deutschen im Oppelner Schlesien","article_published_time":"2026-09-01T12:03:50+00:00","og_image":[{"width":1131,"height":1600,"url":"https:\/\/skgd.pl\/wp-content\/uploads\/2026\/09\/post-konkurs.jpeg","type":"image\/jpeg"}],"twitter_card":"summary_large_image","twitter_misc":{"Verfasst von":"Marcel \u015awierc","Gesch\u00e4tzte Lesezeit":"1\u00a0Minute"},"schema":{"@context":"https:\/\/schema.org","@graph":[{"@type":"WebSite","@id":"https:\/\/skgd.pl\/#website","url":"https:\/\/skgd.pl\/","name":"Deutsche Minderheit, Sozial-Kulturelle Gesellschaft der Deutschen im Oppelner Schlesien","description":"Deutsche Minderheit in Polen","potentialAction":[{"@type":"SearchAction","target":{"@type":"EntryPoint","urlTemplate":"https:\/\/skgd.pl\/?s={search_term_string}"},"query-input":"required name=search_term_string"}],"inLanguage":"de"},{"@type":"ImageObject","inLanguage":"de","@id":"https:\/\/skgd.pl\/dobra-wiadomosc-od-vdg-przedluzono-termin-zgloszen\/#primaryimage","url":"https:\/\/skgd.pl\/wp-content\/uploads\/2026\/09\/post-konkurs.jpeg","contentUrl":"https:\/\/skgd.pl\/wp-content\/uploads\/2026\/09\/post-konkurs.jpeg","width":1131,"height":1600},{"@type":"WebPage","@id":"https:\/\/skgd.pl\/dobra-wiadomosc-od-vdg-przedluzono-termin-zgloszen\/#webpage","url":"https:\/\/skgd.pl\/dobra-wiadomosc-od-vdg-przedluzono-termin-zgloszen\/","name":"Gute Nachricht von der VdG! Die Anmeldefrist wurde verl\u00e4ngert! - Deutsche Minderheit, Sozial-Kulturelle Gesellschaft der Deutschen im Oppelner Schlesien","isPartOf":{"@id":"https:\/\/skgd.pl\/#website"},"primaryImageOfPage":{"@id":"https:\/\/skgd.pl\/dobra-wiadomosc-od-vdg-przedluzono-termin-zgloszen\/#primaryimage"},"datePublished":"2026-09-01T12:03:50+00:00","dateModified":"2026-09-01T12:03:50+00:00","author":{"@id":"https:\/\/skgd.pl\/#\/schema\/person\/689e449cfc904a79ad1bd3f5a75585ae"},"breadcrumb":{"@id":"https:\/\/skgd.pl\/dobra-wiadomosc-od-vdg-przedluzono-termin-zgloszen\/#breadcrumb"},"inLanguage":"de","potentialAction":[{"@type":"ReadAction","target":["https:\/\/skgd.pl\/dobra-wiadomosc-od-vdg-przedluzono-termin-zgloszen\/"]}]},{"@type":"BreadcrumbList","@id":"https:\/\/skgd.pl\/dobra-wiadomosc-od-vdg-przedluzono-termin-zgloszen\/#breadcrumb","itemListElement":[{"@type":"ListItem","position":1,"name":"Strona g\u0142\u00f3wna","item":"https:\/\/skgd.pl\/"},{"@type":"ListItem","position":2,"name":"Dobra wiadomo\u015b\u0107 od VdG! Przed\u0142u\u017cono termin zg\u0142osze\u0144!"}]},{"@type":"Person","@id":"https:\/\/skgd.pl\/#\/schema\/person\/689e449cfc904a79ad1bd3f5a75585ae","name":"Marcel \u015awierc","image":{"@type":"ImageObject","inLanguage":"de","@id":"https:\/\/skgd.pl\/#\/schema\/person\/image\/","url":"https:\/\/secure.gravatar.com\/avatar\/95c22c780fde021221620646c5a8229a10aedf0f29b077c784de7ec9a35544ef?s=96&d=mm&r=g","contentUrl":"https:\/\/secure.gravatar.com\/avatar\/95c22c780fde021221620646c5a8229a10aedf0f29b077c784de7ec9a35544ef?s=96&d=mm&r=g","caption":"Marcel \u015awierc"},"url":"https:\/\/skgd.pl\/de\/author\/marcel-swiercskgd-pl\/"}]}},"_links":{"self":[{"href":"https:\/\/skgd.pl\/de\/wp-json\/wp\/v2\/posts\/38684","targetHints":{"allow":["GET"]}}],"collection":[{"href":"https:\/\/skgd.pl\/de\/wp-json\/wp\/v2\/posts"}],"about":[{"href":"https:\/\/skgd.pl\/de\/wp-json\/wp\/v2\/types\/post"}],"author":[{"embeddable":true,"href":"https:\/\/skgd.pl\/de\/wp-json\/wp\/v2\/users\/21"}],"replies":[{"embeddable":true,"href":"https:\/\/skgd.pl\/de\/wp-json\/wp\/v2\/comments?post=38684"}],"version-history":[{"count":1,"href":"https:\/\/skgd.pl\/de\/wp-json\/wp\/v2\/posts\/38684\/revisions"}],"predecessor-version":[{"id":38686,"href":"https:\/\/skgd.pl\/de\/wp-json\/wp\/v2\/posts\/38684\/revisions\/38686"}],"wp:featuredmedia":[{"embeddable":true,"href":"https:\/\/skgd.pl\/de\/wp-json\/wp\/v2\/media\/38685"}],"wp:attachment":[{"href":"https:\/\/skgd.pl\/de\/wp-json\/wp\/v2\/media?parent=38684"}],"wp:term":[{"taxonomy":"category","embeddable":true,"href":"https:\/\/skgd.pl\/de\/wp-json\/wp\/v2\/categories?post=38684"},{"taxonomy":"post_tag","embeddable":true,"href":"https:\/\/skgd.pl\/de\/wp-json\/wp\/v2\/tags?post=38684"}],"curies":[{"name":"wp","href":"https:\/\/api.w.org\/{rel}","templated":true}]}}