{"id":38672,"date":"2026-09-01T13:00:35","date_gmt":"2026-09-01T11:00:35","guid":{"rendered":"https:\/\/skgd.pl\/?p=38672"},"modified":"2026-09-01T12:05:07","modified_gmt":"2026-09-01T10:05:07","slug":"kulturmix-dfk-wegry","status":"publish","type":"post","link":"https:\/\/skgd.pl\/de\/kulturmix-dfk-wegry\/","title":{"rendered":"KulturMix \u2013 DFK Wengern"},"content":{"rendered":"<p>Am 14. August fand in Wengern ein besonderes Open-Air-Kino im Rahmen des Projekts DMi Activ \u201eKulturMix \u2013 DFK Wengern f\u00fcr alle Generationen\u201c statt. Das Projekt wurde aus Mitteln des Bundesministeriums des Innern durch den Verband der deutschen sozial-kulturellen Gesellschaften in Polen finanziert. Die Veranstaltung brachte Bewohnerinnen und Bewohner sowie G\u00e4ste jeden Alters zusammen. Es war ein Abend voller guter Unterhaltung, Begegnungen, famili\u00e4rer Atmosph\u00e4re und gemeinsamer Zeit im Freien.<br \/>\nAuf die Teilnehmerinnen und Teilnehmer warteten zahlreiche Attraktionen. Die Kinder konnten die H\u00fcpfburgen nutzen und an verschiedenen Spielen, Aktivit\u00e4ten, Workshops und Wettbewerben rund um die deutsche und schlesische Sprache teilnehmen.<br \/>\nNat\u00fcrlich durfte auch das Wichtigste bei einem solchen Treffen im Freien nicht fehlen \u2013 gutes Essen und gem\u00fctliches gemeinsames Beisammensein.<br \/>\nDer H\u00f6hepunkt des Abends war die Vorf\u00fchrung des deutschsprachigen Films \u201eWillkommen bei den Hartmanns\u201c, den die G\u00e4ste unter freiem Himmel und in einer wahrhaft sommerlichen Atmosph\u00e4re genie\u00dfen konnten.<\/p>\n<div id='' class='wpcp-container'><div id='UseyourDrive' class=' gallery  wpcp-has-scroll-to-top' data-module-id='' style='display:none'><noscript><div class='UseyourDrive-nojsmessage'>Um diesen Inhalt anzuzeigen, m\u00fcssen Sie JavaScript in Ihrem Browser aktiviert haben.<br\/><a href='http:\/\/www.enable-javascript.com\/' target='_blank'>Gehen Sie dazu bitte wie folgt vor<\/a>.<\/div><\/noscript><div id='UseyourDrive-ca1acb00abc6d6f5bf8850b3638f4457' class='wpcp-module UseyourDrive wpcp-gallery jsdisabled' data-list='gallery' data-token='ca1acb00abc6d6f5bf8850b3638f4457' data-account-id='115230797372415529152' data-id='' data-path='bnVsbA==' data-sort='name:asc' data-org-id='' data-org-path='bnVsbA==' data-source='65f8f022049e3c9998e4c2ace7da50ee' data-targetheight='300' data-slideshow='0' data-pausetime='5000' data-lightboxnav='1' data-lightboxthumbs='1' data-lightboxopen='0' data-query=''><div class=\"list-container\" style=\"width:100%;max-width:100%;\"><div class=\"nav-header nav-header-has-breadcrumb nav-header-onhover\">        <a class=\"nav-home entry-info-button\" title=\"Gehen Sie zur\u00fcck zum Startordner\" tabindex=\"0\">\r\n            <i class=\"eva eva-home-outline\"><\/i>\r\n        <\/a>\r\n        <div class=\"nav-title\">Laden...<\/div>\r\n                <a class=\"nav-search entry-info-button\" tabindex=\"0\">\r\n            <i class=\"eva eva-search\"><\/i>\r\n        <\/a>\r\n\r\n        <div class=\"tippy-content-holder search-wrapper\">\r\n            <a class=\"search-icon search-submit\" href=\"javascript:;\"><i class=\"eva eva-search\"><\/i><\/a>\r\n            <input class=\"search-input\" name=\"q\" type=\"search\" autocomplete=\"off\" size=\"40\" aria-label=\"Suche\" placeholder=\"Suche nach Dateien\"  \/>\r\n            <a class=\"search-remove\" href=\"javascript:;\" title=\"Clear\"><i class=\"eva eva-close\"><\/i><\/a>     \r\n        <\/div>\r\n        \r\n        <a class=\"nav-sort entry-info-button\" title=\"Sortieren\">\r\n            <i class=\"eva eva-options\"><\/i>\r\n        <\/a>\r\n        <div class=\"tippy-content-holder sort-div\">\r\n            <ul class='nav-sorting-list'>\r\n                <li><a class=\"nav-sorting-field nav-name sort-selected\" data-field=\"name\" title=\"Name\">\r\n                        Name                    <\/a>\r\n                <\/li>\r\n                <li><a class=\"nav-sorting-field nav-size \" data-field=\"size\" title=\"Gr\u00f6\u00dfe\">\r\n                        Gr\u00f6\u00dfe                    <\/a>\r\n                <\/li>\r\n                <li><a class=\"nav-sorting-field nav-modified \" data-field=\"modified\" title=\"\u00c4nderungsdatum\">\r\n                        \u00c4nderungsdatum                    <\/a>\r\n                <\/li>\r\n                <li><a class=\"nav-sorting-field nav-created \" data-field=\"created\" title=\"Erstellungsdatum\">\r\n                        Erstellungsdatum                    <\/a>\r\n                <\/li>\r\n                <li class=\"list-separator\">&nbsp;<\/li>\r\n                <li><a class=\"nav-sorting-order nav-asc sort-selected\" data-order=\"asc\" title=\"Aufsteigend\">\r\n                        Aufsteigend                    <\/a>\r\n                <\/li>\r\n                <li><a class=\"nav-sorting-order nav-desc \" data-order=\"desc\" title=\"Absteigend\">\r\n                        Absteigend                    <\/a>\r\n                <\/li>\r\n            <\/ul>\r\n        <\/div>\r\n\r\n        <a class=\"nav-gear entry-info-button\" title=\"Weitere Aktionen\">\r\n            <i class=\"eva eva-more-vertical-outline\"><\/i>\r\n        <\/a>\r\n        <div class=\"tippy-content-holder gear-div\" data-token=\"ca1acb00abc6d6f5bf8850b3638f4457\">\r\n            <ul>\r\n                                <li class='gear-menu-no-options' style=\"display: none\"><a><i class='eva eva-info-outline eva-lg'><\/i>Keine Optionen...<\/a><\/li>\r\n            <\/ul>\r\n        <\/div>\r\n                        <a class=\"nav-refresh entry-info-button\" title=\"Neu laden\">\r\n                    <i class=\"eva eva-sync\"><\/i>\r\n                <\/a>\r\n                <\/div>    <div class=\"file-container\">\r\n        <div class=\"loading initialize\">            <svg class=\"loader-spinner\" viewBox=\"25 25 50 50\">\r\n                <circle class=\"path\" cx=\"50\" cy=\"50\" r=\"20\" fill=\"none\" stroke-width=\"3\" stroke-miterlimit=\"10\"><\/circle>\r\n            <\/svg>\r\n                    <\/div>\r\n        <div class=\"ajax-filelist\" style=\"\">\r\n            <div class='images image-collage'>\r\n                \r\n<div class=\"image-container entry\">\r\n    <a>\r\n        <img loading=\"lazy\" decoding=\"async\" class=\"skeleton skeleton-gallery-img\" alt=\"\" src=\"data:image\/png;base64,iVBORw0KGgoAAAANSUhEUgAAAAEAAAABCAYAAAAfFcSJAAAAC0lEQVQYV2NgAAIAAAUAAarVyFEAAAAASUVORK5CYII=\" width=\"399\" height=\"300\" style=\"width:399px !important;height:300px !important; \">\r\n    <\/a>\r\n<\/div>\r\n\r\n<div class=\"image-container entry\">\r\n    <a>\r\n        <img loading=\"lazy\" decoding=\"async\" class=\"skeleton skeleton-gallery-img\" alt=\"\" src=\"data:image\/png;base64,iVBORw0KGgoAAAANSUhEUgAAAAEAAAABCAYAAAAfFcSJAAAAC0lEQVQYV2NgAAIAAAUAAarVyFEAAAAASUVORK5CYII=\" width=\"534\" height=\"300\" style=\"width:534px !important;height:300px !important; \">\r\n    <\/a>\r\n<\/div>\r\n\r\n<div class=\"image-container entry\">\r\n    <a>\r\n        <img loading=\"lazy\" decoding=\"async\" class=\"skeleton skeleton-gallery-img\" alt=\"\" src=\"data:image\/png;base64,iVBORw0KGgoAAAANSUhEUgAAAAEAAAABCAYAAAAfFcSJAAAAC0lEQVQYV2NgAAIAAAUAAarVyFEAAAAASUVORK5CYII=\" width=\"169\" height=\"300\" style=\"width:169px !important;height:300px !important; \">\r\n    <\/a>\r\n<\/div>\r\n\r\n<div class=\"image-container entry\">\r\n    <a>\r\n        <img loading=\"lazy\" decoding=\"async\" class=\"skeleton skeleton-gallery-img\" alt=\"\" src=\"data:image\/png;base64,iVBORw0KGgoAAAANSUhEUgAAAAEAAAABCAYAAAAfFcSJAAAAC0lEQVQYV2NgAAIAAAUAAarVyFEAAAAASUVORK5CYII=\" width=\"169\" height=\"300\" style=\"width:169px !important;height:300px !important; \">\r\n    <\/a>\r\n<\/div>\r\n\r\n<div class=\"image-container entry\">\r\n    <a>\r\n        <img loading=\"lazy\" decoding=\"async\" class=\"skeleton skeleton-gallery-img\" alt=\"\" src=\"data:image\/png;base64,iVBORw0KGgoAAAANSUhEUgAAAAEAAAABCAYAAAAfFcSJAAAAC0lEQVQYV2NgAAIAAAUAAarVyFEAAAAASUVORK5CYII=\" width=\"300\" height=\"300\" style=\"width:300px !important;height:300px !important; \">\r\n    <\/a>\r\n<\/div>\r\n            <\/div>\r\n        <\/div>\r\n\r\n        <div class=\"scroll-to-top\">\r\n            <button class=\"scroll-to-top-action button button-round-icon secondary button-round-icon-lg button-shadow-3\" type=\"button\" title=\"Nach oben scrollen\" aria-expanded=\"false\"><i class=\"eva eva-arrow-upward-outline eva-2x\"><\/i><\/button>     \r\n                    <\/div>\r\n    <\/div>\r\n<\/div>\r\n<style>\r\n  \r\n  <\/style>\r\n<\/div><\/div><script type='text\/javascript'>if (typeof(jQuery) !== 'undefined' && typeof(jQuery.cp) !== 'undefined' && typeof(jQuery.cp.UseyourDrive) === 'function') { jQuery('#UseyourDrive-ca1acb00abc6d6f5bf8850b3638f4457').UseyourDrive(UseyourDrive_vars); };<\/script><\/div>\n<p>&nbsp;<\/p>","protected":false},"excerpt":{"rendered":"<p>Am 14. August fand in Wengern ein besonderes Open-Air-Kino im Rahmen des Projekts DMi Activ \u201eKulturMix \u2013 DFK Wengern f\u00fcr alle Generationen\u201c statt. Das Projekt wurde aus Mitteln des Bundesministeriums des Innern durch den Verband der deutschen sozial-kulturellen Gesellschaften in Polen finanziert. Die Veranstaltung brachte Bewohnerinnen und Bewohner sowie G\u00e4ste jeden Alters zusammen. Es war [&hellip;]<\/p>\n","protected":false},"author":1,"featured_media":38677,"comment_status":"closed","ping_status":"closed","sticky":false,"template":"","format":"standard","meta":{"footnotes":""},"categories":[1,328],"tags":[],"class_list":["post-38672","post","type-post","status-publish","format-standard","has-post-thumbnail","hentry","category-aktualnosci","category-dfk-wegry-wengern"],"yoast_head":"<!-- This site is optimized with the Yoast SEO plugin v18.9 - https:\/\/yoast.com\/wordpress\/plugins\/seo\/ -->\n<title>KulturMix \u2013 DFK Wengern - Deutsche Minderheit, Sozial-Kulturelle Gesellschaft der Deutschen im Oppelner Schlesien<\/title>\n<meta name=\"robots\" content=\"index, follow, max-snippet:-1, max-image-preview:large, max-video-preview:-1\" \/>\n<link rel=\"canonical\" href=\"https:\/\/skgd.pl\/kulturmix-dfk-wegry\/\" \/>\n<meta property=\"og:locale\" content=\"de_DE\" \/>\n<meta property=\"og:type\" content=\"article\" \/>\n<meta property=\"og:title\" content=\"KulturMix \u2013 DFK Wengern - Deutsche Minderheit, Sozial-Kulturelle Gesellschaft der Deutschen im Oppelner Schlesien\" \/>\n<meta property=\"og:description\" content=\"Am 14. August fand in Wengern ein besonderes Open-Air-Kino im Rahmen des Projekts DMi Activ \u201eKulturMix \u2013 DFK Wengern f\u00fcr alle Generationen\u201c statt. Das Projekt wurde aus Mitteln des Bundesministeriums des Innern durch den Verband der deutschen sozial-kulturellen Gesellschaften in Polen finanziert. Die Veranstaltung brachte Bewohnerinnen und Bewohner sowie G\u00e4ste jeden Alters zusammen. Es war [&hellip;]\" \/>\n<meta property=\"og:url\" content=\"https:\/\/skgd.pl\/kulturmix-dfk-wegry\/\" \/>\n<meta property=\"og:site_name\" content=\"Deutsche Minderheit, Sozial-Kulturelle Gesellschaft der Deutschen im Oppelner Schlesien\" \/>\n<meta property=\"article:published_time\" content=\"2026-09-01T11:00:35+00:00\" \/>\n<meta property=\"article:modified_time\" content=\"2026-09-01T10:05:07+00:00\" \/>\n<meta property=\"og:image\" content=\"https:\/\/skgd.pl\/wp-content\/uploads\/2026\/09\/WhatsApp-Image-2026-08-25-at-09.23.54.jpeg\" \/>\n\t<meta property=\"og:image:width\" content=\"2040\" \/>\n\t<meta property=\"og:image:height\" content=\"1148\" \/>\n\t<meta property=\"og:image:type\" content=\"image\/jpeg\" \/>\n<meta name=\"twitter:card\" content=\"summary_large_image\" \/>\n<meta name=\"twitter:label1\" content=\"Verfasst von\" \/>\n\t<meta name=\"twitter:data1\" content=\"admin\" \/>\n\t<meta name=\"twitter:label2\" content=\"Gesch\u00e4tzte Lesezeit\" \/>\n\t<meta name=\"twitter:data2\" content=\"2\u00a0Minuten\" \/>\n<script type=\"application\/ld+json\" class=\"yoast-schema-graph\">{\"@context\":\"https:\/\/schema.org\",\"@graph\":[{\"@type\":\"WebSite\",\"@id\":\"https:\/\/skgd.pl\/#website\",\"url\":\"https:\/\/skgd.pl\/\",\"name\":\"Deutsche Minderheit, Sozial-Kulturelle Gesellschaft der Deutschen im Oppelner Schlesien\",\"description\":\"Deutsche Minderheit in Polen\",\"potentialAction\":[{\"@type\":\"SearchAction\",\"target\":{\"@type\":\"EntryPoint\",\"urlTemplate\":\"https:\/\/skgd.pl\/?s={search_term_string}\"},\"query-input\":\"required name=search_term_string\"}],\"inLanguage\":\"de\"},{\"@type\":\"ImageObject\",\"inLanguage\":\"de\",\"@id\":\"https:\/\/skgd.pl\/kulturmix-dfk-wegry\/#primaryimage\",\"url\":\"https:\/\/skgd.pl\/wp-content\/uploads\/2026\/09\/WhatsApp-Image-2026-08-25-at-09.23.54.jpeg\",\"contentUrl\":\"https:\/\/skgd.pl\/wp-content\/uploads\/2026\/09\/WhatsApp-Image-2026-08-25-at-09.23.54.jpeg\",\"width\":2040,\"height\":1148},{\"@type\":\"WebPage\",\"@id\":\"https:\/\/skgd.pl\/kulturmix-dfk-wegry\/#webpage\",\"url\":\"https:\/\/skgd.pl\/kulturmix-dfk-wegry\/\",\"name\":\"KulturMix \u2013 DFK Wengern - Deutsche Minderheit, Sozial-Kulturelle Gesellschaft der Deutschen im Oppelner Schlesien\",\"isPartOf\":{\"@id\":\"https:\/\/skgd.pl\/#website\"},\"primaryImageOfPage\":{\"@id\":\"https:\/\/skgd.pl\/kulturmix-dfk-wegry\/#primaryimage\"},\"datePublished\":\"2026-09-01T11:00:35+00:00\",\"dateModified\":\"2026-09-01T10:05:07+00:00\",\"author\":{\"@id\":\"https:\/\/skgd.pl\/#\/schema\/person\/709172ef205731476e77391cc87c04e8\"},\"breadcrumb\":{\"@id\":\"https:\/\/skgd.pl\/kulturmix-dfk-wegry\/#breadcrumb\"},\"inLanguage\":\"de\",\"potentialAction\":[{\"@type\":\"ReadAction\",\"target\":[\"https:\/\/skgd.pl\/kulturmix-dfk-wegry\/\"]}]},{\"@type\":\"BreadcrumbList\",\"@id\":\"https:\/\/skgd.pl\/kulturmix-dfk-wegry\/#breadcrumb\",\"itemListElement\":[{\"@type\":\"ListItem\",\"position\":1,\"name\":\"Strona g\u0142\u00f3wna\",\"item\":\"https:\/\/skgd.pl\/\"},{\"@type\":\"ListItem\",\"position\":2,\"name\":\"Kulturmix &#8211; DFK W\u0119gry\"}]},{\"@type\":\"Person\",\"@id\":\"https:\/\/skgd.pl\/#\/schema\/person\/709172ef205731476e77391cc87c04e8\",\"name\":\"admin\",\"image\":{\"@type\":\"ImageObject\",\"inLanguage\":\"de\",\"@id\":\"https:\/\/skgd.pl\/#\/schema\/person\/image\/\",\"url\":\"https:\/\/secure.gravatar.com\/avatar\/a352aecaac6403c9ea5013a95dbe945e910d71bc652d01a07313977398158711?s=96&d=mm&r=g\",\"contentUrl\":\"https:\/\/secure.gravatar.com\/avatar\/a352aecaac6403c9ea5013a95dbe945e910d71bc652d01a07313977398158711?s=96&d=mm&r=g\",\"caption\":\"admin\"},\"url\":\"https:\/\/skgd.pl\/de\/author\/admin\/\"}]}<\/script>\n<!-- \/ Yoast SEO plugin. -->","yoast_head_json":{"title":"KulturMix \u2013 DFK Wengern - Deutsche Minderheit, Sozial-Kulturelle Gesellschaft der Deutschen im Oppelner Schlesien","robots":{"index":"index","follow":"follow","max-snippet":"max-snippet:-1","max-image-preview":"max-image-preview:large","max-video-preview":"max-video-preview:-1"},"canonical":"https:\/\/skgd.pl\/kulturmix-dfk-wegry\/","og_locale":"de_DE","og_type":"article","og_title":"KulturMix \u2013 DFK Wengern - Deutsche Minderheit, Sozial-Kulturelle Gesellschaft der Deutschen im Oppelner Schlesien","og_description":"Am 14. August fand in Wengern ein besonderes Open-Air-Kino im Rahmen des Projekts DMi Activ \u201eKulturMix \u2013 DFK Wengern f\u00fcr alle Generationen\u201c statt. Das Projekt wurde aus Mitteln des Bundesministeriums des Innern durch den Verband der deutschen sozial-kulturellen Gesellschaften in Polen finanziert. Die Veranstaltung brachte Bewohnerinnen und Bewohner sowie G\u00e4ste jeden Alters zusammen. Es war [&hellip;]","og_url":"https:\/\/skgd.pl\/kulturmix-dfk-wegry\/","og_site_name":"Deutsche Minderheit, Sozial-Kulturelle Gesellschaft der Deutschen im Oppelner Schlesien","article_published_time":"2026-09-01T11:00:35+00:00","article_modified_time":"2026-09-01T10:05:07+00:00","og_image":[{"width":2040,"height":1148,"url":"https:\/\/skgd.pl\/wp-content\/uploads\/2026\/09\/WhatsApp-Image-2026-08-25-at-09.23.54.jpeg","type":"image\/jpeg"}],"twitter_card":"summary_large_image","twitter_misc":{"Verfasst von":"admin","Gesch\u00e4tzte Lesezeit":"2\u00a0Minuten"},"schema":{"@context":"https:\/\/schema.org","@graph":[{"@type":"WebSite","@id":"https:\/\/skgd.pl\/#website","url":"https:\/\/skgd.pl\/","name":"Deutsche Minderheit, Sozial-Kulturelle Gesellschaft der Deutschen im Oppelner Schlesien","description":"Deutsche Minderheit in Polen","potentialAction":[{"@type":"SearchAction","target":{"@type":"EntryPoint","urlTemplate":"https:\/\/skgd.pl\/?s={search_term_string}"},"query-input":"required name=search_term_string"}],"inLanguage":"de"},{"@type":"ImageObject","inLanguage":"de","@id":"https:\/\/skgd.pl\/kulturmix-dfk-wegry\/#primaryimage","url":"https:\/\/skgd.pl\/wp-content\/uploads\/2026\/09\/WhatsApp-Image-2026-08-25-at-09.23.54.jpeg","contentUrl":"https:\/\/skgd.pl\/wp-content\/uploads\/2026\/09\/WhatsApp-Image-2026-08-25-at-09.23.54.jpeg","width":2040,"height":1148},{"@type":"WebPage","@id":"https:\/\/skgd.pl\/kulturmix-dfk-wegry\/#webpage","url":"https:\/\/skgd.pl\/kulturmix-dfk-wegry\/","name":"KulturMix \u2013 DFK Wengern - Deutsche Minderheit, Sozial-Kulturelle Gesellschaft der Deutschen im Oppelner Schlesien","isPartOf":{"@id":"https:\/\/skgd.pl\/#website"},"primaryImageOfPage":{"@id":"https:\/\/skgd.pl\/kulturmix-dfk-wegry\/#primaryimage"},"datePublished":"2026-09-01T11:00:35+00:00","dateModified":"2026-09-01T10:05:07+00:00","author":{"@id":"https:\/\/skgd.pl\/#\/schema\/person\/709172ef205731476e77391cc87c04e8"},"breadcrumb":{"@id":"https:\/\/skgd.pl\/kulturmix-dfk-wegry\/#breadcrumb"},"inLanguage":"de","potentialAction":[{"@type":"ReadAction","target":["https:\/\/skgd.pl\/kulturmix-dfk-wegry\/"]}]},{"@type":"BreadcrumbList","@id":"https:\/\/skgd.pl\/kulturmix-dfk-wegry\/#breadcrumb","itemListElement":[{"@type":"ListItem","position":1,"name":"Strona g\u0142\u00f3wna","item":"https:\/\/skgd.pl\/"},{"@type":"ListItem","position":2,"name":"Kulturmix &#8211; DFK W\u0119gry"}]},{"@type":"Person","@id":"https:\/\/skgd.pl\/#\/schema\/person\/709172ef205731476e77391cc87c04e8","name":"admin","image":{"@type":"ImageObject","inLanguage":"de","@id":"https:\/\/skgd.pl\/#\/schema\/person\/image\/","url":"https:\/\/secure.gravatar.com\/avatar\/a352aecaac6403c9ea5013a95dbe945e910d71bc652d01a07313977398158711?s=96&d=mm&r=g","contentUrl":"https:\/\/secure.gravatar.com\/avatar\/a352aecaac6403c9ea5013a95dbe945e910d71bc652d01a07313977398158711?s=96&d=mm&r=g","caption":"admin"},"url":"https:\/\/skgd.pl\/de\/author\/admin\/"}]}},"_links":{"self":[{"href":"https:\/\/skgd.pl\/de\/wp-json\/wp\/v2\/posts\/38672","targetHints":{"allow":["GET"]}}],"collection":[{"href":"https:\/\/skgd.pl\/de\/wp-json\/wp\/v2\/posts"}],"about":[{"href":"https:\/\/skgd.pl\/de\/wp-json\/wp\/v2\/types\/post"}],"author":[{"embeddable":true,"href":"https:\/\/skgd.pl\/de\/wp-json\/wp\/v2\/users\/1"}],"replies":[{"embeddable":true,"href":"https:\/\/skgd.pl\/de\/wp-json\/wp\/v2\/comments?post=38672"}],"version-history":[{"count":8,"href":"https:\/\/skgd.pl\/de\/wp-json\/wp\/v2\/posts\/38672\/revisions"}],"predecessor-version":[{"id":38683,"href":"https:\/\/skgd.pl\/de\/wp-json\/wp\/v2\/posts\/38672\/revisions\/38683"}],"wp:featuredmedia":[{"embeddable":true,"href":"https:\/\/skgd.pl\/de\/wp-json\/wp\/v2\/media\/38677"}],"wp:attachment":[{"href":"https:\/\/skgd.pl\/de\/wp-json\/wp\/v2\/media?parent=38672"}],"wp:term":[{"taxonomy":"category","embeddable":true,"href":"https:\/\/skgd.pl\/de\/wp-json\/wp\/v2\/categories?post=38672"},{"taxonomy":"post_tag","embeddable":true,"href":"https:\/\/skgd.pl\/de\/wp-json\/wp\/v2\/tags?post=38672"}],"curies":[{"name":"wp","href":"https:\/\/api.w.org\/{rel}","templated":true}]}}