{"id":38176,"date":"2026-05-01T13:00:20","date_gmt":"2026-05-01T11:00:20","guid":{"rendered":"https:\/\/skgd.pl\/?p=38176"},"modified":"2026-04-30T15:14:11","modified_gmt":"2026-04-30T13:14:11","slug":"zaproszenie-do-udzialu-w-xxxv-przegladzie-zespolow-dzieciecych-i-mlodziezowych-mniejszosci-niemieckiej-lesnica-2026","status":"publish","type":"post","link":"https:\/\/skgd.pl\/de\/zaproszenie-do-udzialu-w-xxxv-przegladzie-zespolow-dzieciecych-i-mlodziezowych-mniejszosci-niemieckiej-lesnica-2026\/","title":{"rendered":"Einladung zur XXXV. Kinder- und Jugendkulturbegegnung der Deutschen Minderheit"},"content":{"rendered":"<p><\/p>\n<p data-path-to-node=\"2\"><b data-path-to-node=\"2\" data-index-in-node=\"0\">Sehr geehrte Leiterinnen und Leiter der Kinder- und Jugendgruppen,<\/b><\/p>\n<p data-path-to-node=\"3\">bereits zum 35. Mal organisiert die Schlesische Kommunalvereinigung (Schlesische Kommunalpolitiker) in Zusammenarbeit mit dem Kultur- und Freizeitzentrum Leschnitz die <b data-path-to-node=\"3\" data-index-in-node=\"168\">Kulturbegegnung der Kinder- und Jugendgruppen der Deutschen Minderheit Leschnitz 2026<\/b>.<\/p>\n<p data-path-to-node=\"4\">Wir laden Ihre Gruppe \/ Ihre Gruppen herzlich zur Teilnahme an diesem Kulturevent ein. Die Veranstaltung findet am <b data-path-to-node=\"4\" data-index-in-node=\"115\">Sonntag, den 7. Juni 2026, in Sankt Annaberg<\/b> statt (am Tag der Wallfahrt der nationalen Minderheiten) im Festzelt neben dem Pilgerheim.<\/p>\n<p data-path-to-node=\"5\">Wir bitten Sie, die ausgef\u00fcllten Anmeldeformulare bis zum <b data-path-to-node=\"5\" data-index-in-node=\"58\">6. Mai 2026<\/b> an die folgende Adresse zu senden:<\/p>\n<p data-path-to-node=\"6\"><b data-path-to-node=\"6\" data-index-in-node=\"0\">\u015al\u0105skie Stowarzyszenie Samorz\u0105dowe<\/b> <b data-path-to-node=\"6\" data-index-in-node=\"35\">ul. 1 Maja 9<\/b> <b data-path-to-node=\"6\" data-index-in-node=\"48\">47-150 Le\u015bnica<\/b> oder per E-Mail an: <b data-path-to-node=\"6\" data-index-in-node=\"83\">biuro@stowarzyszenie.lesnica.pl<\/b><\/p>\n<p data-path-to-node=\"7\">Jegliche Informationen zu dieser Veranstaltung erteilt Ihnen Frau <b data-path-to-node=\"7\" data-index-in-node=\"66\">Aurelia Apostel<\/b> unter der Telefonnummer <b data-path-to-node=\"7\" data-index-in-node=\"106\">77\/463 9821<\/b> oder per E-Mail unter: <b data-path-to-node=\"7\" data-index-in-node=\"141\">biuro@stowarzyszenie.lesnica.pl<\/b>.<\/p>\n<p><\/p>","protected":false},"excerpt":{"rendered":"<p>Sehr geehrte Leiterinnen und Leiter der Kinder- und Jugendgruppen, bereits zum 35. Mal organisiert die Schlesische Kommunalvereinigung (Schlesische Kommunalpolitiker) in Zusammenarbeit mit dem Kultur- und Freizeitzentrum Leschnitz die Kulturbegegnung der Kinder- und Jugendgruppen der Deutschen Minderheit Leschnitz 2026. Wir laden Ihre Gruppe \/ Ihre Gruppen herzlich zur Teilnahme an diesem Kulturevent ein. Die Veranstaltung findet [&hellip;]<\/p>\n","protected":false},"author":20,"featured_media":38181,"comment_status":"closed","ping_status":"closed","sticky":false,"template":"","format":"standard","meta":{"footnotes":""},"categories":[1],"tags":[],"class_list":["post-38176","post","type-post","status-publish","format-standard","has-post-thumbnail","hentry","category-aktualnosci"],"yoast_head":"<!-- This site is optimized with the Yoast SEO plugin v18.9 - https:\/\/yoast.com\/wordpress\/plugins\/seo\/ -->\n<title>Einladung zur XXXV. Kinder- und Jugendkulturbegegnung der Deutschen Minderheit - Deutsche Minderheit, Sozial-Kulturelle Gesellschaft der Deutschen im Oppelner Schlesien<\/title>\n<meta name=\"robots\" content=\"index, follow, max-snippet:-1, max-image-preview:large, max-video-preview:-1\" \/>\n<link rel=\"canonical\" href=\"https:\/\/skgd.pl\/zaproszenie-do-udzialu-w-xxxv-przegladzie-zespolow-dzieciecych-i-mlodziezowych-mniejszosci-niemieckiej-lesnica-2026\/\" \/>\n<meta property=\"og:locale\" content=\"de_DE\" \/>\n<meta property=\"og:type\" content=\"article\" \/>\n<meta property=\"og:title\" content=\"Einladung zur XXXV. Kinder- und Jugendkulturbegegnung der Deutschen Minderheit - Deutsche Minderheit, Sozial-Kulturelle Gesellschaft der Deutschen im Oppelner Schlesien\" \/>\n<meta property=\"og:description\" content=\"Sehr geehrte Leiterinnen und Leiter der Kinder- und Jugendgruppen, bereits zum 35. Mal organisiert die Schlesische Kommunalvereinigung (Schlesische Kommunalpolitiker) in Zusammenarbeit mit dem Kultur- und Freizeitzentrum Leschnitz die Kulturbegegnung der Kinder- und Jugendgruppen der Deutschen Minderheit Leschnitz 2026. Wir laden Ihre Gruppe \/ Ihre Gruppen herzlich zur Teilnahme an diesem Kulturevent ein. Die Veranstaltung findet [&hellip;]\" \/>\n<meta property=\"og:url\" content=\"https:\/\/skgd.pl\/zaproszenie-do-udzialu-w-xxxv-przegladzie-zespolow-dzieciecych-i-mlodziezowych-mniejszosci-niemieckiej-lesnica-2026\/\" \/>\n<meta property=\"og:site_name\" content=\"Deutsche Minderheit, Sozial-Kulturelle Gesellschaft der Deutschen im Oppelner Schlesien\" \/>\n<meta property=\"article:published_time\" content=\"2026-05-01T11:00:20+00:00\" \/>\n<meta property=\"article:modified_time\" content=\"2026-04-30T13:14:11+00:00\" \/>\n<meta property=\"og:image\" content=\"https:\/\/skgd.pl\/wp-content\/uploads\/2026\/04\/obraz-na-strone.jpg\" \/>\n\t<meta property=\"og:image:width\" content=\"732\" \/>\n\t<meta property=\"og:image:height\" content=\"380\" \/>\n\t<meta property=\"og:image:type\" content=\"image\/jpeg\" \/>\n<meta name=\"twitter:card\" content=\"summary_large_image\" \/>\n<meta name=\"twitter:label1\" content=\"Verfasst von\" \/>\n\t<meta name=\"twitter:data1\" content=\"Anna Koschny\" \/>\n\t<meta name=\"twitter:label2\" content=\"Gesch\u00e4tzte Lesezeit\" \/>\n\t<meta name=\"twitter:data2\" content=\"1\u00a0Minute\" \/>\n<script type=\"application\/ld+json\" class=\"yoast-schema-graph\">{\"@context\":\"https:\/\/schema.org\",\"@graph\":[{\"@type\":\"WebSite\",\"@id\":\"https:\/\/skgd.pl\/#website\",\"url\":\"https:\/\/skgd.pl\/\",\"name\":\"Deutsche Minderheit, Sozial-Kulturelle Gesellschaft der Deutschen im Oppelner Schlesien\",\"description\":\"Deutsche Minderheit in Polen\",\"potentialAction\":[{\"@type\":\"SearchAction\",\"target\":{\"@type\":\"EntryPoint\",\"urlTemplate\":\"https:\/\/skgd.pl\/?s={search_term_string}\"},\"query-input\":\"required name=search_term_string\"}],\"inLanguage\":\"de\"},{\"@type\":\"ImageObject\",\"inLanguage\":\"de\",\"@id\":\"https:\/\/skgd.pl\/zaproszenie-do-udzialu-w-xxxv-przegladzie-zespolow-dzieciecych-i-mlodziezowych-mniejszosci-niemieckiej-lesnica-2026\/#primaryimage\",\"url\":\"https:\/\/skgd.pl\/wp-content\/uploads\/2026\/04\/obraz-na-strone.jpg\",\"contentUrl\":\"https:\/\/skgd.pl\/wp-content\/uploads\/2026\/04\/obraz-na-strone.jpg\",\"width\":732,\"height\":380},{\"@type\":\"WebPage\",\"@id\":\"https:\/\/skgd.pl\/zaproszenie-do-udzialu-w-xxxv-przegladzie-zespolow-dzieciecych-i-mlodziezowych-mniejszosci-niemieckiej-lesnica-2026\/#webpage\",\"url\":\"https:\/\/skgd.pl\/zaproszenie-do-udzialu-w-xxxv-przegladzie-zespolow-dzieciecych-i-mlodziezowych-mniejszosci-niemieckiej-lesnica-2026\/\",\"name\":\"Einladung zur XXXV. Kinder- und Jugendkulturbegegnung der Deutschen Minderheit - Deutsche Minderheit, Sozial-Kulturelle Gesellschaft der Deutschen im Oppelner Schlesien\",\"isPartOf\":{\"@id\":\"https:\/\/skgd.pl\/#website\"},\"primaryImageOfPage\":{\"@id\":\"https:\/\/skgd.pl\/zaproszenie-do-udzialu-w-xxxv-przegladzie-zespolow-dzieciecych-i-mlodziezowych-mniejszosci-niemieckiej-lesnica-2026\/#primaryimage\"},\"datePublished\":\"2026-05-01T11:00:20+00:00\",\"dateModified\":\"2026-04-30T13:14:11+00:00\",\"author\":{\"@id\":\"https:\/\/skgd.pl\/#\/schema\/person\/3949b133860add46d83a0c68af13c928\"},\"breadcrumb\":{\"@id\":\"https:\/\/skgd.pl\/zaproszenie-do-udzialu-w-xxxv-przegladzie-zespolow-dzieciecych-i-mlodziezowych-mniejszosci-niemieckiej-lesnica-2026\/#breadcrumb\"},\"inLanguage\":\"de\",\"potentialAction\":[{\"@type\":\"ReadAction\",\"target\":[\"https:\/\/skgd.pl\/zaproszenie-do-udzialu-w-xxxv-przegladzie-zespolow-dzieciecych-i-mlodziezowych-mniejszosci-niemieckiej-lesnica-2026\/\"]}]},{\"@type\":\"BreadcrumbList\",\"@id\":\"https:\/\/skgd.pl\/zaproszenie-do-udzialu-w-xxxv-przegladzie-zespolow-dzieciecych-i-mlodziezowych-mniejszosci-niemieckiej-lesnica-2026\/#breadcrumb\",\"itemListElement\":[{\"@type\":\"ListItem\",\"position\":1,\"name\":\"Strona g\u0142\u00f3wna\",\"item\":\"https:\/\/skgd.pl\/\"},{\"@type\":\"ListItem\",\"position\":2,\"name\":\"Zaproszenie do udzia\u0142u w XXXV Przegl\u0105dzie Zespo\u0142\u00f3w Dzieci\u0119cych i M\u0142odzie\u017cowych Mniejszo\u015bci Niemieckiej Le\u015bnica 2026\"}]},{\"@type\":\"Person\",\"@id\":\"https:\/\/skgd.pl\/#\/schema\/person\/3949b133860add46d83a0c68af13c928\",\"name\":\"Anna Koschny\",\"image\":{\"@type\":\"ImageObject\",\"inLanguage\":\"de\",\"@id\":\"https:\/\/skgd.pl\/#\/schema\/person\/image\/\",\"url\":\"https:\/\/secure.gravatar.com\/avatar\/4e81b53917072303a83a06648cc779cc?s=96&d=mm&r=g\",\"contentUrl\":\"https:\/\/secure.gravatar.com\/avatar\/4e81b53917072303a83a06648cc779cc?s=96&d=mm&r=g\",\"caption\":\"Anna Koschny\"},\"url\":\"https:\/\/skgd.pl\/de\/author\/anna-koschnyskgd-pl\/\"}]}<\/script>\n<!-- \/ Yoast SEO plugin. -->","yoast_head_json":{"title":"Einladung zur XXXV. Kinder- und Jugendkulturbegegnung der Deutschen Minderheit - Deutsche Minderheit, Sozial-Kulturelle Gesellschaft der Deutschen im Oppelner Schlesien","robots":{"index":"index","follow":"follow","max-snippet":"max-snippet:-1","max-image-preview":"max-image-preview:large","max-video-preview":"max-video-preview:-1"},"canonical":"https:\/\/skgd.pl\/zaproszenie-do-udzialu-w-xxxv-przegladzie-zespolow-dzieciecych-i-mlodziezowych-mniejszosci-niemieckiej-lesnica-2026\/","og_locale":"de_DE","og_type":"article","og_title":"Einladung zur XXXV. Kinder- und Jugendkulturbegegnung der Deutschen Minderheit - Deutsche Minderheit, Sozial-Kulturelle Gesellschaft der Deutschen im Oppelner Schlesien","og_description":"Sehr geehrte Leiterinnen und Leiter der Kinder- und Jugendgruppen, bereits zum 35. Mal organisiert die Schlesische Kommunalvereinigung (Schlesische Kommunalpolitiker) in Zusammenarbeit mit dem Kultur- und Freizeitzentrum Leschnitz die Kulturbegegnung der Kinder- und Jugendgruppen der Deutschen Minderheit Leschnitz 2026. Wir laden Ihre Gruppe \/ Ihre Gruppen herzlich zur Teilnahme an diesem Kulturevent ein. Die Veranstaltung findet [&hellip;]","og_url":"https:\/\/skgd.pl\/zaproszenie-do-udzialu-w-xxxv-przegladzie-zespolow-dzieciecych-i-mlodziezowych-mniejszosci-niemieckiej-lesnica-2026\/","og_site_name":"Deutsche Minderheit, Sozial-Kulturelle Gesellschaft der Deutschen im Oppelner Schlesien","article_published_time":"2026-05-01T11:00:20+00:00","article_modified_time":"2026-04-30T13:14:11+00:00","og_image":[{"width":732,"height":380,"url":"https:\/\/skgd.pl\/wp-content\/uploads\/2026\/04\/obraz-na-strone.jpg","type":"image\/jpeg"}],"twitter_card":"summary_large_image","twitter_misc":{"Verfasst von":"Anna Koschny","Gesch\u00e4tzte Lesezeit":"1\u00a0Minute"},"schema":{"@context":"https:\/\/schema.org","@graph":[{"@type":"WebSite","@id":"https:\/\/skgd.pl\/#website","url":"https:\/\/skgd.pl\/","name":"Deutsche Minderheit, Sozial-Kulturelle Gesellschaft der Deutschen im Oppelner Schlesien","description":"Deutsche Minderheit in Polen","potentialAction":[{"@type":"SearchAction","target":{"@type":"EntryPoint","urlTemplate":"https:\/\/skgd.pl\/?s={search_term_string}"},"query-input":"required name=search_term_string"}],"inLanguage":"de"},{"@type":"ImageObject","inLanguage":"de","@id":"https:\/\/skgd.pl\/zaproszenie-do-udzialu-w-xxxv-przegladzie-zespolow-dzieciecych-i-mlodziezowych-mniejszosci-niemieckiej-lesnica-2026\/#primaryimage","url":"https:\/\/skgd.pl\/wp-content\/uploads\/2026\/04\/obraz-na-strone.jpg","contentUrl":"https:\/\/skgd.pl\/wp-content\/uploads\/2026\/04\/obraz-na-strone.jpg","width":732,"height":380},{"@type":"WebPage","@id":"https:\/\/skgd.pl\/zaproszenie-do-udzialu-w-xxxv-przegladzie-zespolow-dzieciecych-i-mlodziezowych-mniejszosci-niemieckiej-lesnica-2026\/#webpage","url":"https:\/\/skgd.pl\/zaproszenie-do-udzialu-w-xxxv-przegladzie-zespolow-dzieciecych-i-mlodziezowych-mniejszosci-niemieckiej-lesnica-2026\/","name":"Einladung zur XXXV. Kinder- und Jugendkulturbegegnung der Deutschen Minderheit - Deutsche Minderheit, Sozial-Kulturelle Gesellschaft der Deutschen im Oppelner Schlesien","isPartOf":{"@id":"https:\/\/skgd.pl\/#website"},"primaryImageOfPage":{"@id":"https:\/\/skgd.pl\/zaproszenie-do-udzialu-w-xxxv-przegladzie-zespolow-dzieciecych-i-mlodziezowych-mniejszosci-niemieckiej-lesnica-2026\/#primaryimage"},"datePublished":"2026-05-01T11:00:20+00:00","dateModified":"2026-04-30T13:14:11+00:00","author":{"@id":"https:\/\/skgd.pl\/#\/schema\/person\/3949b133860add46d83a0c68af13c928"},"breadcrumb":{"@id":"https:\/\/skgd.pl\/zaproszenie-do-udzialu-w-xxxv-przegladzie-zespolow-dzieciecych-i-mlodziezowych-mniejszosci-niemieckiej-lesnica-2026\/#breadcrumb"},"inLanguage":"de","potentialAction":[{"@type":"ReadAction","target":["https:\/\/skgd.pl\/zaproszenie-do-udzialu-w-xxxv-przegladzie-zespolow-dzieciecych-i-mlodziezowych-mniejszosci-niemieckiej-lesnica-2026\/"]}]},{"@type":"BreadcrumbList","@id":"https:\/\/skgd.pl\/zaproszenie-do-udzialu-w-xxxv-przegladzie-zespolow-dzieciecych-i-mlodziezowych-mniejszosci-niemieckiej-lesnica-2026\/#breadcrumb","itemListElement":[{"@type":"ListItem","position":1,"name":"Strona g\u0142\u00f3wna","item":"https:\/\/skgd.pl\/"},{"@type":"ListItem","position":2,"name":"Zaproszenie do udzia\u0142u w XXXV Przegl\u0105dzie Zespo\u0142\u00f3w Dzieci\u0119cych i M\u0142odzie\u017cowych Mniejszo\u015bci Niemieckiej Le\u015bnica 2026"}]},{"@type":"Person","@id":"https:\/\/skgd.pl\/#\/schema\/person\/3949b133860add46d83a0c68af13c928","name":"Anna Koschny","image":{"@type":"ImageObject","inLanguage":"de","@id":"https:\/\/skgd.pl\/#\/schema\/person\/image\/","url":"https:\/\/secure.gravatar.com\/avatar\/4e81b53917072303a83a06648cc779cc?s=96&d=mm&r=g","contentUrl":"https:\/\/secure.gravatar.com\/avatar\/4e81b53917072303a83a06648cc779cc?s=96&d=mm&r=g","caption":"Anna Koschny"},"url":"https:\/\/skgd.pl\/de\/author\/anna-koschnyskgd-pl\/"}]}},"_links":{"self":[{"href":"https:\/\/skgd.pl\/de\/wp-json\/wp\/v2\/posts\/38176","targetHints":{"allow":["GET"]}}],"collection":[{"href":"https:\/\/skgd.pl\/de\/wp-json\/wp\/v2\/posts"}],"about":[{"href":"https:\/\/skgd.pl\/de\/wp-json\/wp\/v2\/types\/post"}],"author":[{"embeddable":true,"href":"https:\/\/skgd.pl\/de\/wp-json\/wp\/v2\/users\/20"}],"replies":[{"embeddable":true,"href":"https:\/\/skgd.pl\/de\/wp-json\/wp\/v2\/comments?post=38176"}],"version-history":[{"count":2,"href":"https:\/\/skgd.pl\/de\/wp-json\/wp\/v2\/posts\/38176\/revisions"}],"predecessor-version":[{"id":38184,"href":"https:\/\/skgd.pl\/de\/wp-json\/wp\/v2\/posts\/38176\/revisions\/38184"}],"wp:featuredmedia":[{"embeddable":true,"href":"https:\/\/skgd.pl\/de\/wp-json\/wp\/v2\/media\/38181"}],"wp:attachment":[{"href":"https:\/\/skgd.pl\/de\/wp-json\/wp\/v2\/media?parent=38176"}],"wp:term":[{"taxonomy":"category","embeddable":true,"href":"https:\/\/skgd.pl\/de\/wp-json\/wp\/v2\/categories?post=38176"},{"taxonomy":"post_tag","embeddable":true,"href":"https:\/\/skgd.pl\/de\/wp-json\/wp\/v2\/tags?post=38176"}],"curies":[{"name":"wp","href":"https:\/\/api.w.org\/{rel}","templated":true}]}}