{"id":38170,"date":"2026-05-01T08:00:40","date_gmt":"2026-05-01T06:00:40","guid":{"rendered":"https:\/\/skgd.pl\/?p=38170"},"modified":"2026-04-30T14:37:40","modified_gmt":"2026-04-30T12:37:40","slug":"trwaja-eliminacje-rejonowe-xxxii-konkursu-recytatorskiego-w-jezyku-niemieckim-mlodziez-recytuje-poezje-2","status":"publish","type":"post","link":"https:\/\/skgd.pl\/de\/trwaja-eliminacje-rejonowe-xxxii-konkursu-recytatorskiego-w-jezyku-niemieckim-mlodziez-recytuje-poezje-2\/","title":{"rendered":"Die Regionalebene des 32. deutschen Rezitationswettbewerbs \u201eJugend tr\u00e4gt Gedichte vor\u201c sind in vollem Gange!"},"content":{"rendered":"<p><\/p>\n<div dir=\"ltr\">\n<p>Im April 2026&nbsp;finden die Regionalebene des 32. deutschen Rezitationswettbewerbs \u201cJugend tr\u00e4gt Gedichte vor\u201d statt.<\/p>\n<p>Es wurden drei weitere Regionalebene durchgef\u00fchrt, die hinter uns liegen:<\/p>\n<\/div>\n<div dir=\"ltr\">am 21.04.2026 im Kulturhaus in Malapane<br \/>\nam 23.04.2026 im St\u00e4dtischen Kulturzentrum in Czissek<br \/>\nam 28.04.2026 im Kultur- und Sportzentrum in Proskau&nbsp;Weitere Teilnehmer trugen ausgew\u00e4hlte Gedichte in deutscher Sprache vor.&nbsp;&nbsp;<\/p>\n<p>Wir freuen uns, dass sich so viele begabte junge Menschen f\u00fcr deutsche Lyrik interessieren und sich jedes Jahr in so gro\u00dfer Zahl an dem von uns organisierten Wettbewerb beteiligen.<br \/>\n&nbsp;<br \/>\nDas Finale des Rezitationswettbewerbs findet am 2. Juni 2026 um 9:30 Uhr im Studenten-Kulturzentrum in Oppeln, Katowicka-Stra\u00dfe 95, statt.<\/p>\n<div id='' class='wpcp-container'><div id='UseyourDrive' class=' carousel  wpcp-has-scroll-to-top' data-module-id='' style='display:none'><noscript><div class='UseyourDrive-nojsmessage'>Um diesen Inhalt anzuzeigen, m\u00fcssen Sie JavaScript in Ihrem Browser aktiviert haben.<br\/><a href='http:\/\/www.enable-javascript.com\/' target='_blank'>Gehen Sie dazu bitte wie folgt vor<\/a>.<\/div><\/noscript><div id='UseyourDrive-cb554329616cd4c677b797055d172b87' class='wpcp-module UseyourDrive carousel jsdisabled' data-list='carousel' data-token='cb554329616cd4c677b797055d172b87' data-account-id='115230797372415529152' data-id='' data-path='bnVsbA==' data-sort='name:asc' data-org-id='' data-org-path='bnVsbA==' data-source='67d05a744baab19eb66001851c71f458' data-slideshow='0' data-lightboxnav='1' data-lightboxthumbs='1' data-lightboxopen='0'><!-- Start Slider  --->\r\n<div class=\"wpcp-carousel \">\r\n  <!-- Main Slider Container --->\r\n    <div\r\n      id=\"wpcp-carousel-cb554329616cd4c677b797055d172b87\" \r\n      class=\"wpcp-carousel-main-container\" \r\n      data-axis=\"horizontal\" \r\n      data-gutter=\"10\" \r\n      data-nav=\"1\" \r\n      data-navigation-arrows=\"1\" \r\n      data-items=\"3\" \r\n      data-center=\"0\" \r\n      data-auto-size=\"0\"       \r\n      data-slideBy=\"1\" \r\n      data-speed=\"300\" \r\n      data-autoplay=\"1\" \r\n      data-autoplayTimeout=\"5000\" \r\n      data-autoplayHoverPause=\"0\" \r\n      data-autoplayDirection=\"forward\" \r\n    ><\/div>\r\n    <!-- End Main Slider Container --->\r\n    <!-- Slide Template --->\r\n    <div class=\"wpcp-carousel-item-template\">\r\n      <div class=\"wpcp-carousel-item\">\r\n        <div class=\"wpcp-carousel-item-holder\">\r\n          <!-- Slide Image Preloading --->\r\n          <div class=\"preloading\"><\/div>\r\n          <!-- Slide Image --->   \r\n          <div class=\"wpcp-carousel-item-bg preloading\"><\/div>\r\n          <!-- Slide Overlay --->   \r\n          <div class=\"wpcp-carousel-item-overlay\"><\/div>\r\n          <!-- Slide Content --->  \r\n          <div class=\"wpcp-carousel-item-content\">\r\n            <div class=\"wpcp-carousel-item-text\">\r\n              <!-- Slide Content Metadata--->  \r\n              <ul class=\"wpcp-carousel-item-metadata\">                <li class=\"wpcp-carousel-item-date\">\r\n                  <i class=\"eva eva-clock-outline\"><\/i>\r\n                  <span><\/span>\r\n                <\/li>\r\n\r\n                              <!-- Actions --->\r\n                <li class=\"wpcp-carousel-item-actions\">\r\n                                    <div class=\"entry-info-button entry_action_download\" title=\"Datei herunterladen\" tabindex=\"0\">\r\n                    <a href=\"\" class=\"entry_action_download\" title=\"Datei herunterladen\">\r\n                      <i class=\"eva eva-download eva-lg\"><\/i>\r\n                    <\/a>\r\n                  <\/div>\r\n                                    <div class=\"entry-info-button entry_action_view\" title=\"Vorschau\" tabindex=\"0\">\r\n                    <i class=\"eva eva-eye-outline eva-lg\"><\/i>\r\n                  <\/div>\r\n                                  <\/li>   \r\n                <!-- End Actions --->    \r\n              <\/ul>  \r\n              <!-- Slide Content Title --->  \r\n                            <!-- Slide Content Description --->  \r\n                          <\/div>\r\n          <\/div>\r\n          <!-- End Slide Content --->  \r\n        <\/div>\r\n      <\/div>\r\n    <\/div>\r\n    <!-- End Slide Template --->\r\n    <!-- Slider Preloading --->\r\n    <div class=\"wpcp-carousel-preloading loading initialize\">\r\n                    <svg class=\"loader-spinner\" viewBox=\"25 25 50 50\">\r\n                  <circle class=\"path\" cx=\"50\" cy=\"50\" r=\"20\" fill=\"none\" stroke-width=\"3\" stroke-miterlimit=\"10\"><\/circle>\r\n              <\/svg>\r\n                  <\/div>\r\n    <!-- End Slider Preloading --->\r\n<\/div>\r\n<style>\r\n    #UseyourDrive-cb554329616cd4c677b797055d172b87 .wpcp-carousel-item {\r\n    height:300px;\r\n  }\r\n      #UseyourDrive-cb554329616cd4c677b797055d172b87 .wpcp-carousel:not(.wpcp-carousel-loaded) {\r\n      height:300px;\r\n    }\r\n    <\/style>\r\n<!-- End Slider  ---><\/div><\/div><script type='text\/javascript'>if (typeof(jQuery) !== 'undefined' && typeof(jQuery.cp) !== 'undefined' && typeof(jQuery.cp.UseyourDrive) === 'function') { jQuery('#UseyourDrive-cb554329616cd4c677b797055d172b87').UseyourDrive(UseyourDrive_vars); };<\/script><\/div>\n<div id='' class='wpcp-container'><div id='UseyourDrive' class=' carousel  wpcp-has-scroll-to-top' data-module-id='' style='display:none'><noscript><div class='UseyourDrive-nojsmessage'>Um diesen Inhalt anzuzeigen, m\u00fcssen Sie JavaScript in Ihrem Browser aktiviert haben.<br\/><a href='http:\/\/www.enable-javascript.com\/' target='_blank'>Gehen Sie dazu bitte wie folgt vor<\/a>.<\/div><\/noscript><div id='UseyourDrive-420fc6f98b7efe086744297714ac7793' class='wpcp-module UseyourDrive carousel jsdisabled' data-list='carousel' data-token='420fc6f98b7efe086744297714ac7793' data-account-id='115230797372415529152' data-id='' data-path='bnVsbA==' data-sort='name:asc' data-org-id='' data-org-path='bnVsbA==' data-source='6241bf83eaf278cb81c76fe1f0670c99' data-slideshow='0' data-lightboxnav='1' data-lightboxthumbs='1' data-lightboxopen='0'><!-- Start Slider  --->\r\n<div class=\"wpcp-carousel \">\r\n  <!-- Main Slider Container --->\r\n    <div\r\n      id=\"wpcp-carousel-420fc6f98b7efe086744297714ac7793\" \r\n      class=\"wpcp-carousel-main-container\" \r\n      data-axis=\"horizontal\" \r\n      data-gutter=\"10\" \r\n      data-nav=\"1\" \r\n      data-navigation-arrows=\"1\" \r\n      data-items=\"3\" \r\n      data-center=\"0\" \r\n      data-auto-size=\"0\"       \r\n      data-slideBy=\"1\" \r\n      data-speed=\"300\" \r\n      data-autoplay=\"1\" \r\n      data-autoplayTimeout=\"5000\" \r\n      data-autoplayHoverPause=\"0\" \r\n      data-autoplayDirection=\"forward\" \r\n    ><\/div>\r\n    <!-- End Main Slider Container --->\r\n    <!-- Slide Template --->\r\n    <div class=\"wpcp-carousel-item-template\">\r\n      <div class=\"wpcp-carousel-item\">\r\n        <div class=\"wpcp-carousel-item-holder\">\r\n          <!-- Slide Image Preloading --->\r\n          <div class=\"preloading\"><\/div>\r\n          <!-- Slide Image --->   \r\n          <div class=\"wpcp-carousel-item-bg preloading\"><\/div>\r\n          <!-- Slide Overlay --->   \r\n          <div class=\"wpcp-carousel-item-overlay\"><\/div>\r\n          <!-- Slide Content --->  \r\n          <div class=\"wpcp-carousel-item-content\">\r\n            <div class=\"wpcp-carousel-item-text\">\r\n              <!-- Slide Content Metadata--->  \r\n              <ul class=\"wpcp-carousel-item-metadata\">                <li class=\"wpcp-carousel-item-date\">\r\n                  <i class=\"eva eva-clock-outline\"><\/i>\r\n                  <span><\/span>\r\n                <\/li>\r\n\r\n                              <!-- Actions --->\r\n                <li class=\"wpcp-carousel-item-actions\">\r\n                                    <div class=\"entry-info-button entry_action_download\" title=\"Datei herunterladen\" tabindex=\"0\">\r\n                    <a href=\"\" class=\"entry_action_download\" title=\"Datei herunterladen\">\r\n                      <i class=\"eva eva-download eva-lg\"><\/i>\r\n                    <\/a>\r\n                  <\/div>\r\n                                    <div class=\"entry-info-button entry_action_view\" title=\"Vorschau\" tabindex=\"0\">\r\n                    <i class=\"eva eva-eye-outline eva-lg\"><\/i>\r\n                  <\/div>\r\n                                  <\/li>   \r\n                <!-- End Actions --->    \r\n              <\/ul>  \r\n              <!-- Slide Content Title --->  \r\n                            <!-- Slide Content Description --->  \r\n                          <\/div>\r\n          <\/div>\r\n          <!-- End Slide Content --->  \r\n        <\/div>\r\n      <\/div>\r\n    <\/div>\r\n    <!-- End Slide Template --->\r\n    <!-- Slider Preloading --->\r\n    <div class=\"wpcp-carousel-preloading loading initialize\">\r\n                    <svg class=\"loader-spinner\" viewBox=\"25 25 50 50\">\r\n                  <circle class=\"path\" cx=\"50\" cy=\"50\" r=\"20\" fill=\"none\" stroke-width=\"3\" stroke-miterlimit=\"10\"><\/circle>\r\n              <\/svg>\r\n                  <\/div>\r\n    <!-- End Slider Preloading --->\r\n<\/div>\r\n<style>\r\n    #UseyourDrive-420fc6f98b7efe086744297714ac7793 .wpcp-carousel-item {\r\n    height:300px;\r\n  }\r\n      #UseyourDrive-420fc6f98b7efe086744297714ac7793 .wpcp-carousel:not(.wpcp-carousel-loaded) {\r\n      height:300px;\r\n    }\r\n    <\/style>\r\n<!-- End Slider  ---><\/div><\/div><script type='text\/javascript'>if (typeof(jQuery) !== 'undefined' && typeof(jQuery.cp) !== 'undefined' && typeof(jQuery.cp.UseyourDrive) === 'function') { jQuery('#UseyourDrive-420fc6f98b7efe086744297714ac7793').UseyourDrive(UseyourDrive_vars); };<\/script><\/div>\n<div id='' class='wpcp-container'><div id='UseyourDrive' class=' carousel  wpcp-has-scroll-to-top' data-module-id='' style='display:none'><noscript><div class='UseyourDrive-nojsmessage'>Um diesen Inhalt anzuzeigen, m\u00fcssen Sie JavaScript in Ihrem Browser aktiviert haben.<br\/><a href='http:\/\/www.enable-javascript.com\/' target='_blank'>Gehen Sie dazu bitte wie folgt vor<\/a>.<\/div><\/noscript><div id='UseyourDrive-1452d07dd101dc2890aea37b8d236c77' class='wpcp-module UseyourDrive carousel jsdisabled' data-list='carousel' data-token='1452d07dd101dc2890aea37b8d236c77' data-account-id='115230797372415529152' data-id='' data-path='bnVsbA==' data-sort='name:asc' data-org-id='' data-org-path='bnVsbA==' data-source='734c290bc91e11feb04cc04b2248bf80' data-slideshow='0' data-lightboxnav='1' data-lightboxthumbs='1' data-lightboxopen='0'><!-- Start Slider  --->\r\n<div class=\"wpcp-carousel \">\r\n  <!-- Main Slider Container --->\r\n    <div\r\n      id=\"wpcp-carousel-1452d07dd101dc2890aea37b8d236c77\" \r\n      class=\"wpcp-carousel-main-container\" \r\n      data-axis=\"horizontal\" \r\n      data-gutter=\"10\" \r\n      data-nav=\"1\" \r\n      data-navigation-arrows=\"1\" \r\n      data-items=\"3\" \r\n      data-center=\"0\" \r\n      data-auto-size=\"0\"       \r\n      data-slideBy=\"1\" \r\n      data-speed=\"300\" \r\n      data-autoplay=\"1\" \r\n      data-autoplayTimeout=\"5000\" \r\n      data-autoplayHoverPause=\"0\" \r\n      data-autoplayDirection=\"forward\" \r\n    ><\/div>\r\n    <!-- End Main Slider Container --->\r\n    <!-- Slide Template --->\r\n    <div class=\"wpcp-carousel-item-template\">\r\n      <div class=\"wpcp-carousel-item\">\r\n        <div class=\"wpcp-carousel-item-holder\">\r\n          <!-- Slide Image Preloading --->\r\n          <div class=\"preloading\"><\/div>\r\n          <!-- Slide Image --->   \r\n          <div class=\"wpcp-carousel-item-bg preloading\"><\/div>\r\n          <!-- Slide Overlay --->   \r\n          <div class=\"wpcp-carousel-item-overlay\"><\/div>\r\n          <!-- Slide Content --->  \r\n          <div class=\"wpcp-carousel-item-content\">\r\n            <div class=\"wpcp-carousel-item-text\">\r\n              <!-- Slide Content Metadata--->  \r\n              <ul class=\"wpcp-carousel-item-metadata\">                <li class=\"wpcp-carousel-item-date\">\r\n                  <i class=\"eva eva-clock-outline\"><\/i>\r\n                  <span><\/span>\r\n                <\/li>\r\n\r\n                              <!-- Actions --->\r\n                <li class=\"wpcp-carousel-item-actions\">\r\n                                    <div class=\"entry-info-button entry_action_download\" title=\"Datei herunterladen\" tabindex=\"0\">\r\n                    <a href=\"\" class=\"entry_action_download\" title=\"Datei herunterladen\">\r\n                      <i class=\"eva eva-download eva-lg\"><\/i>\r\n                    <\/a>\r\n                  <\/div>\r\n                                    <div class=\"entry-info-button entry_action_view\" title=\"Vorschau\" tabindex=\"0\">\r\n                    <i class=\"eva eva-eye-outline eva-lg\"><\/i>\r\n                  <\/div>\r\n                                  <\/li>   \r\n                <!-- End Actions --->    \r\n              <\/ul>  \r\n              <!-- Slide Content Title --->  \r\n                            <!-- Slide Content Description --->  \r\n                          <\/div>\r\n          <\/div>\r\n          <!-- End Slide Content --->  \r\n        <\/div>\r\n      <\/div>\r\n    <\/div>\r\n    <!-- End Slide Template --->\r\n    <!-- Slider Preloading --->\r\n    <div class=\"wpcp-carousel-preloading loading initialize\">\r\n                    <svg class=\"loader-spinner\" viewBox=\"25 25 50 50\">\r\n                  <circle class=\"path\" cx=\"50\" cy=\"50\" r=\"20\" fill=\"none\" stroke-width=\"3\" stroke-miterlimit=\"10\"><\/circle>\r\n              <\/svg>\r\n                  <\/div>\r\n    <!-- End Slider Preloading --->\r\n<\/div>\r\n<style>\r\n    #UseyourDrive-1452d07dd101dc2890aea37b8d236c77 .wpcp-carousel-item {\r\n    height:300px;\r\n  }\r\n      #UseyourDrive-1452d07dd101dc2890aea37b8d236c77 .wpcp-carousel:not(.wpcp-carousel-loaded) {\r\n      height:300px;\r\n    }\r\n    <\/style>\r\n<!-- End Slider  ---><\/div><\/div><script type='text\/javascript'>if (typeof(jQuery) !== 'undefined' && typeof(jQuery.cp) !== 'undefined' && typeof(jQuery.cp.UseyourDrive) === 'function') { jQuery('#UseyourDrive-1452d07dd101dc2890aea37b8d236c77').UseyourDrive(UseyourDrive_vars); };<\/script><\/div>\n<\/div>\n<p><\/p>","protected":false},"excerpt":{"rendered":"<p>Im April 2026&nbsp;finden die Regionalebene des 32. deutschen Rezitationswettbewerbs \u201cJugend tr\u00e4gt Gedichte vor\u201d statt. Es wurden drei weitere Regionalebene durchgef\u00fchrt, die hinter uns liegen: am 21.04.2026 im Kulturhaus in Malapane am 23.04.2026 im St\u00e4dtischen Kulturzentrum in Czissek am 28.04.2026 im Kultur- und Sportzentrum in Proskau&nbsp;Weitere Teilnehmer trugen ausgew\u00e4hlte Gedichte in deutscher Sprache vor.&nbsp;&nbsp; Wir freuen [&hellip;]<\/p>\n","protected":false},"author":20,"featured_media":38172,"comment_status":"closed","ping_status":"closed","sticky":false,"template":"","format":"standard","meta":{"footnotes":""},"categories":[733,1],"tags":[],"class_list":["post-38170","post","type-post","status-publish","format-standard","has-post-thumbnail","hentry","category-kultura","category-aktualnosci"],"yoast_head":"<!-- This site is optimized with the Yoast SEO plugin v18.9 - https:\/\/yoast.com\/wordpress\/plugins\/seo\/ -->\n<title>Die Regionalebene des 32. deutschen Rezitationswettbewerbs \u201eJugend tr\u00e4gt Gedichte vor\u201c sind in vollem Gange! - Deutsche Minderheit, Sozial-Kulturelle Gesellschaft der Deutschen im Oppelner Schlesien<\/title>\n<meta name=\"robots\" content=\"index, follow, max-snippet:-1, max-image-preview:large, max-video-preview:-1\" \/>\n<link rel=\"canonical\" href=\"https:\/\/skgd.pl\/trwaja-eliminacje-rejonowe-xxxii-konkursu-recytatorskiego-w-jezyku-niemieckim-mlodziez-recytuje-poezje-2\/\" \/>\n<meta property=\"og:locale\" content=\"de_DE\" \/>\n<meta property=\"og:type\" content=\"article\" \/>\n<meta property=\"og:title\" content=\"Die Regionalebene des 32. deutschen Rezitationswettbewerbs \u201eJugend tr\u00e4gt Gedichte vor\u201c sind in vollem Gange! - Deutsche Minderheit, Sozial-Kulturelle Gesellschaft der Deutschen im Oppelner Schlesien\" \/>\n<meta property=\"og:description\" content=\"Im April 2026&nbsp;finden die Regionalebene des 32. deutschen Rezitationswettbewerbs \u201cJugend tr\u00e4gt Gedichte vor\u201d statt. Es wurden drei weitere Regionalebene durchgef\u00fchrt, die hinter uns liegen: am 21.04.2026 im Kulturhaus in Malapane am 23.04.2026 im St\u00e4dtischen Kulturzentrum in Czissek am 28.04.2026 im Kultur- und Sportzentrum in Proskau&nbsp;Weitere Teilnehmer trugen ausgew\u00e4hlte Gedichte in deutscher Sprache vor.&nbsp;&nbsp; Wir freuen [&hellip;]\" \/>\n<meta property=\"og:url\" content=\"https:\/\/skgd.pl\/trwaja-eliminacje-rejonowe-xxxii-konkursu-recytatorskiego-w-jezyku-niemieckim-mlodziez-recytuje-poezje-2\/\" \/>\n<meta property=\"og:site_name\" content=\"Deutsche Minderheit, Sozial-Kulturelle Gesellschaft der Deutschen im Oppelner Schlesien\" \/>\n<meta property=\"article:published_time\" content=\"2026-05-01T06:00:40+00:00\" \/>\n<meta property=\"article:modified_time\" content=\"2026-04-30T12:37:40+00:00\" \/>\n<meta property=\"og:image\" content=\"https:\/\/skgd.pl\/wp-content\/uploads\/2026\/04\/b2436bc2-deac-4058-9aae-5b71329670ab.jpg\" \/>\n\t<meta property=\"og:image:width\" content=\"1600\" \/>\n\t<meta property=\"og:image:height\" content=\"986\" \/>\n\t<meta property=\"og:image:type\" content=\"image\/jpeg\" \/>\n<meta name=\"twitter:card\" content=\"summary_large_image\" \/>\n<meta name=\"twitter:label1\" content=\"Verfasst von\" \/>\n\t<meta name=\"twitter:data1\" content=\"Anna Koschny\" \/>\n\t<meta name=\"twitter:label2\" content=\"Gesch\u00e4tzte Lesezeit\" \/>\n\t<meta name=\"twitter:data2\" content=\"2\u00a0Minuten\" \/>\n<script type=\"application\/ld+json\" class=\"yoast-schema-graph\">{\"@context\":\"https:\/\/schema.org\",\"@graph\":[{\"@type\":\"WebSite\",\"@id\":\"https:\/\/skgd.pl\/#website\",\"url\":\"https:\/\/skgd.pl\/\",\"name\":\"Deutsche Minderheit, Sozial-Kulturelle Gesellschaft der Deutschen im Oppelner Schlesien\",\"description\":\"Deutsche Minderheit in Polen\",\"potentialAction\":[{\"@type\":\"SearchAction\",\"target\":{\"@type\":\"EntryPoint\",\"urlTemplate\":\"https:\/\/skgd.pl\/?s={search_term_string}\"},\"query-input\":\"required name=search_term_string\"}],\"inLanguage\":\"de\"},{\"@type\":\"ImageObject\",\"inLanguage\":\"de\",\"@id\":\"https:\/\/skgd.pl\/trwaja-eliminacje-rejonowe-xxxii-konkursu-recytatorskiego-w-jezyku-niemieckim-mlodziez-recytuje-poezje-2\/#primaryimage\",\"url\":\"https:\/\/skgd.pl\/wp-content\/uploads\/2026\/04\/b2436bc2-deac-4058-9aae-5b71329670ab.jpg\",\"contentUrl\":\"https:\/\/skgd.pl\/wp-content\/uploads\/2026\/04\/b2436bc2-deac-4058-9aae-5b71329670ab.jpg\",\"width\":1600,\"height\":986},{\"@type\":\"WebPage\",\"@id\":\"https:\/\/skgd.pl\/trwaja-eliminacje-rejonowe-xxxii-konkursu-recytatorskiego-w-jezyku-niemieckim-mlodziez-recytuje-poezje-2\/#webpage\",\"url\":\"https:\/\/skgd.pl\/trwaja-eliminacje-rejonowe-xxxii-konkursu-recytatorskiego-w-jezyku-niemieckim-mlodziez-recytuje-poezje-2\/\",\"name\":\"Die Regionalebene des 32. deutschen Rezitationswettbewerbs \u201eJugend tr\u00e4gt Gedichte vor\u201c sind in vollem Gange! - Deutsche Minderheit, Sozial-Kulturelle Gesellschaft der Deutschen im Oppelner Schlesien\",\"isPartOf\":{\"@id\":\"https:\/\/skgd.pl\/#website\"},\"primaryImageOfPage\":{\"@id\":\"https:\/\/skgd.pl\/trwaja-eliminacje-rejonowe-xxxii-konkursu-recytatorskiego-w-jezyku-niemieckim-mlodziez-recytuje-poezje-2\/#primaryimage\"},\"datePublished\":\"2026-05-01T06:00:40+00:00\",\"dateModified\":\"2026-04-30T12:37:40+00:00\",\"author\":{\"@id\":\"https:\/\/skgd.pl\/#\/schema\/person\/3949b133860add46d83a0c68af13c928\"},\"breadcrumb\":{\"@id\":\"https:\/\/skgd.pl\/trwaja-eliminacje-rejonowe-xxxii-konkursu-recytatorskiego-w-jezyku-niemieckim-mlodziez-recytuje-poezje-2\/#breadcrumb\"},\"inLanguage\":\"de\",\"potentialAction\":[{\"@type\":\"ReadAction\",\"target\":[\"https:\/\/skgd.pl\/trwaja-eliminacje-rejonowe-xxxii-konkursu-recytatorskiego-w-jezyku-niemieckim-mlodziez-recytuje-poezje-2\/\"]}]},{\"@type\":\"BreadcrumbList\",\"@id\":\"https:\/\/skgd.pl\/trwaja-eliminacje-rejonowe-xxxii-konkursu-recytatorskiego-w-jezyku-niemieckim-mlodziez-recytuje-poezje-2\/#breadcrumb\",\"itemListElement\":[{\"@type\":\"ListItem\",\"position\":1,\"name\":\"Strona g\u0142\u00f3wna\",\"item\":\"https:\/\/skgd.pl\/\"},{\"@type\":\"ListItem\",\"position\":2,\"name\":\"Trwaj\u0105 eliminacje rejonowe XXXII Konkursu Recytatorskiego w j\u0119zyku niemieckim \u201eM\u0142odzie\u017c recytuje poezj\u0119\u201d!\"}]},{\"@type\":\"Person\",\"@id\":\"https:\/\/skgd.pl\/#\/schema\/person\/3949b133860add46d83a0c68af13c928\",\"name\":\"Anna Koschny\",\"image\":{\"@type\":\"ImageObject\",\"inLanguage\":\"de\",\"@id\":\"https:\/\/skgd.pl\/#\/schema\/person\/image\/\",\"url\":\"https:\/\/secure.gravatar.com\/avatar\/4e81b53917072303a83a06648cc779cc?s=96&d=mm&r=g\",\"contentUrl\":\"https:\/\/secure.gravatar.com\/avatar\/4e81b53917072303a83a06648cc779cc?s=96&d=mm&r=g\",\"caption\":\"Anna Koschny\"},\"url\":\"https:\/\/skgd.pl\/de\/author\/anna-koschnyskgd-pl\/\"}]}<\/script>\n<!-- \/ Yoast SEO plugin. -->","yoast_head_json":{"title":"Die Regionalebene des 32. deutschen Rezitationswettbewerbs \u201eJugend tr\u00e4gt Gedichte vor\u201c sind in vollem Gange! - Deutsche Minderheit, Sozial-Kulturelle Gesellschaft der Deutschen im Oppelner Schlesien","robots":{"index":"index","follow":"follow","max-snippet":"max-snippet:-1","max-image-preview":"max-image-preview:large","max-video-preview":"max-video-preview:-1"},"canonical":"https:\/\/skgd.pl\/trwaja-eliminacje-rejonowe-xxxii-konkursu-recytatorskiego-w-jezyku-niemieckim-mlodziez-recytuje-poezje-2\/","og_locale":"de_DE","og_type":"article","og_title":"Die Regionalebene des 32. deutschen Rezitationswettbewerbs \u201eJugend tr\u00e4gt Gedichte vor\u201c sind in vollem Gange! - Deutsche Minderheit, Sozial-Kulturelle Gesellschaft der Deutschen im Oppelner Schlesien","og_description":"Im April 2026&nbsp;finden die Regionalebene des 32. deutschen Rezitationswettbewerbs \u201cJugend tr\u00e4gt Gedichte vor\u201d statt. Es wurden drei weitere Regionalebene durchgef\u00fchrt, die hinter uns liegen: am 21.04.2026 im Kulturhaus in Malapane am 23.04.2026 im St\u00e4dtischen Kulturzentrum in Czissek am 28.04.2026 im Kultur- und Sportzentrum in Proskau&nbsp;Weitere Teilnehmer trugen ausgew\u00e4hlte Gedichte in deutscher Sprache vor.&nbsp;&nbsp; Wir freuen [&hellip;]","og_url":"https:\/\/skgd.pl\/trwaja-eliminacje-rejonowe-xxxii-konkursu-recytatorskiego-w-jezyku-niemieckim-mlodziez-recytuje-poezje-2\/","og_site_name":"Deutsche Minderheit, Sozial-Kulturelle Gesellschaft der Deutschen im Oppelner Schlesien","article_published_time":"2026-05-01T06:00:40+00:00","article_modified_time":"2026-04-30T12:37:40+00:00","og_image":[{"width":1600,"height":986,"url":"https:\/\/skgd.pl\/wp-content\/uploads\/2026\/04\/b2436bc2-deac-4058-9aae-5b71329670ab.jpg","type":"image\/jpeg"}],"twitter_card":"summary_large_image","twitter_misc":{"Verfasst von":"Anna Koschny","Gesch\u00e4tzte Lesezeit":"2\u00a0Minuten"},"schema":{"@context":"https:\/\/schema.org","@graph":[{"@type":"WebSite","@id":"https:\/\/skgd.pl\/#website","url":"https:\/\/skgd.pl\/","name":"Deutsche Minderheit, Sozial-Kulturelle Gesellschaft der Deutschen im Oppelner Schlesien","description":"Deutsche Minderheit in Polen","potentialAction":[{"@type":"SearchAction","target":{"@type":"EntryPoint","urlTemplate":"https:\/\/skgd.pl\/?s={search_term_string}"},"query-input":"required name=search_term_string"}],"inLanguage":"de"},{"@type":"ImageObject","inLanguage":"de","@id":"https:\/\/skgd.pl\/trwaja-eliminacje-rejonowe-xxxii-konkursu-recytatorskiego-w-jezyku-niemieckim-mlodziez-recytuje-poezje-2\/#primaryimage","url":"https:\/\/skgd.pl\/wp-content\/uploads\/2026\/04\/b2436bc2-deac-4058-9aae-5b71329670ab.jpg","contentUrl":"https:\/\/skgd.pl\/wp-content\/uploads\/2026\/04\/b2436bc2-deac-4058-9aae-5b71329670ab.jpg","width":1600,"height":986},{"@type":"WebPage","@id":"https:\/\/skgd.pl\/trwaja-eliminacje-rejonowe-xxxii-konkursu-recytatorskiego-w-jezyku-niemieckim-mlodziez-recytuje-poezje-2\/#webpage","url":"https:\/\/skgd.pl\/trwaja-eliminacje-rejonowe-xxxii-konkursu-recytatorskiego-w-jezyku-niemieckim-mlodziez-recytuje-poezje-2\/","name":"Die Regionalebene des 32. deutschen Rezitationswettbewerbs \u201eJugend tr\u00e4gt Gedichte vor\u201c sind in vollem Gange! - Deutsche Minderheit, Sozial-Kulturelle Gesellschaft der Deutschen im Oppelner Schlesien","isPartOf":{"@id":"https:\/\/skgd.pl\/#website"},"primaryImageOfPage":{"@id":"https:\/\/skgd.pl\/trwaja-eliminacje-rejonowe-xxxii-konkursu-recytatorskiego-w-jezyku-niemieckim-mlodziez-recytuje-poezje-2\/#primaryimage"},"datePublished":"2026-05-01T06:00:40+00:00","dateModified":"2026-04-30T12:37:40+00:00","author":{"@id":"https:\/\/skgd.pl\/#\/schema\/person\/3949b133860add46d83a0c68af13c928"},"breadcrumb":{"@id":"https:\/\/skgd.pl\/trwaja-eliminacje-rejonowe-xxxii-konkursu-recytatorskiego-w-jezyku-niemieckim-mlodziez-recytuje-poezje-2\/#breadcrumb"},"inLanguage":"de","potentialAction":[{"@type":"ReadAction","target":["https:\/\/skgd.pl\/trwaja-eliminacje-rejonowe-xxxii-konkursu-recytatorskiego-w-jezyku-niemieckim-mlodziez-recytuje-poezje-2\/"]}]},{"@type":"BreadcrumbList","@id":"https:\/\/skgd.pl\/trwaja-eliminacje-rejonowe-xxxii-konkursu-recytatorskiego-w-jezyku-niemieckim-mlodziez-recytuje-poezje-2\/#breadcrumb","itemListElement":[{"@type":"ListItem","position":1,"name":"Strona g\u0142\u00f3wna","item":"https:\/\/skgd.pl\/"},{"@type":"ListItem","position":2,"name":"Trwaj\u0105 eliminacje rejonowe XXXII Konkursu Recytatorskiego w j\u0119zyku niemieckim \u201eM\u0142odzie\u017c recytuje poezj\u0119\u201d!"}]},{"@type":"Person","@id":"https:\/\/skgd.pl\/#\/schema\/person\/3949b133860add46d83a0c68af13c928","name":"Anna Koschny","image":{"@type":"ImageObject","inLanguage":"de","@id":"https:\/\/skgd.pl\/#\/schema\/person\/image\/","url":"https:\/\/secure.gravatar.com\/avatar\/4e81b53917072303a83a06648cc779cc?s=96&d=mm&r=g","contentUrl":"https:\/\/secure.gravatar.com\/avatar\/4e81b53917072303a83a06648cc779cc?s=96&d=mm&r=g","caption":"Anna Koschny"},"url":"https:\/\/skgd.pl\/de\/author\/anna-koschnyskgd-pl\/"}]}},"_links":{"self":[{"href":"https:\/\/skgd.pl\/de\/wp-json\/wp\/v2\/posts\/38170","targetHints":{"allow":["GET"]}}],"collection":[{"href":"https:\/\/skgd.pl\/de\/wp-json\/wp\/v2\/posts"}],"about":[{"href":"https:\/\/skgd.pl\/de\/wp-json\/wp\/v2\/types\/post"}],"author":[{"embeddable":true,"href":"https:\/\/skgd.pl\/de\/wp-json\/wp\/v2\/users\/20"}],"replies":[{"embeddable":true,"href":"https:\/\/skgd.pl\/de\/wp-json\/wp\/v2\/comments?post=38170"}],"version-history":[{"count":4,"href":"https:\/\/skgd.pl\/de\/wp-json\/wp\/v2\/posts\/38170\/revisions"}],"predecessor-version":[{"id":38183,"href":"https:\/\/skgd.pl\/de\/wp-json\/wp\/v2\/posts\/38170\/revisions\/38183"}],"wp:featuredmedia":[{"embeddable":true,"href":"https:\/\/skgd.pl\/de\/wp-json\/wp\/v2\/media\/38172"}],"wp:attachment":[{"href":"https:\/\/skgd.pl\/de\/wp-json\/wp\/v2\/media?parent=38170"}],"wp:term":[{"taxonomy":"category","embeddable":true,"href":"https:\/\/skgd.pl\/de\/wp-json\/wp\/v2\/categories?post=38170"},{"taxonomy":"post_tag","embeddable":true,"href":"https:\/\/skgd.pl\/de\/wp-json\/wp\/v2\/tags?post=38170"}],"curies":[{"name":"wp","href":"https:\/\/api.w.org\/{rel}","templated":true}]}}