{"id":38165,"date":"2026-04-30T15:00:49","date_gmt":"2026-04-30T13:00:49","guid":{"rendered":"https:\/\/skgd.pl\/?p=38165"},"modified":"2026-04-30T13:46:21","modified_gmt":"2026-04-30T11:46:21","slug":"terminy-egzaminow-kwalifikacyjnych-dla-nauczycieli-jezyka-niemieckiego-jako-mniejszosci","status":"publish","type":"post","link":"https:\/\/skgd.pl\/de\/terminy-egzaminow-kwalifikacyjnych-dla-nauczycieli-jezyka-niemieckiego-jako-mniejszosci\/","title":{"rendered":"Termine der Qualifikationspr\u00fcfung f\u00fcr Lehrkr\u00e4fte f\u00fcr Deutsch als Minderheitensprache"},"content":{"rendered":"<p>Sehr geehrte Damen und Herren,<\/p>\n<p>wir m\u00f6chten Sie hiermit dar\u00fcber informieren, dass wir zwei Termine f\u00fcr die Qualifikationspr\u00fcfung f\u00fcr Lehrkr\u00e4fte f\u00fcr Deutsch als Minderheitensprache festgelegt haben.<\/p>\n<p>Die genauen Termine sowie weitere Informationen, u. a. zur Anmeldung f\u00fcr diese Pr\u00fcfung, finden Sie&nbsp;<a href=\"https:\/\/www.bildung.pl\/de\/oswiata\/doskonalenie-nauczycieli\/egzaminy\/\" target=\"_blank\" rel=\"noopener\">HIER<\/a><\/p>","protected":false},"excerpt":{"rendered":"<p>Sehr geehrte Damen und Herren, wir m\u00f6chten Sie hiermit dar\u00fcber informieren, dass wir zwei Termine f\u00fcr die Qualifikationspr\u00fcfung f\u00fcr Lehrkr\u00e4fte f\u00fcr Deutsch als Minderheitensprache festgelegt haben. Die genauen Termine sowie weitere Informationen, u. a. zur Anmeldung f\u00fcr diese Pr\u00fcfung, finden Sie&nbsp;HIER<\/p>\n","protected":false},"author":20,"featured_media":38166,"comment_status":"closed","ping_status":"closed","sticky":false,"template":"","format":"standard","meta":{"footnotes":""},"categories":[1],"tags":[],"class_list":["post-38165","post","type-post","status-publish","format-standard","has-post-thumbnail","hentry","category-aktualnosci"],"yoast_head":"<!-- This site is optimized with the Yoast SEO plugin v18.9 - https:\/\/yoast.com\/wordpress\/plugins\/seo\/ -->\n<title>Termine der Qualifikationspr\u00fcfung f\u00fcr Lehrkr\u00e4fte f\u00fcr Deutsch als Minderheitensprache - Deutsche Minderheit, Sozial-Kulturelle Gesellschaft der Deutschen im Oppelner Schlesien<\/title>\n<meta name=\"robots\" content=\"index, follow, max-snippet:-1, max-image-preview:large, max-video-preview:-1\" \/>\n<link rel=\"canonical\" href=\"https:\/\/skgd.pl\/terminy-egzaminow-kwalifikacyjnych-dla-nauczycieli-jezyka-niemieckiego-jako-mniejszosci\/\" \/>\n<meta property=\"og:locale\" content=\"de_DE\" \/>\n<meta property=\"og:type\" content=\"article\" \/>\n<meta property=\"og:title\" content=\"Termine der Qualifikationspr\u00fcfung f\u00fcr Lehrkr\u00e4fte f\u00fcr Deutsch als Minderheitensprache - Deutsche Minderheit, Sozial-Kulturelle Gesellschaft der Deutschen im Oppelner Schlesien\" \/>\n<meta property=\"og:description\" content=\"Sehr geehrte Damen und Herren, wir m\u00f6chten Sie hiermit dar\u00fcber informieren, dass wir zwei Termine f\u00fcr die Qualifikationspr\u00fcfung f\u00fcr Lehrkr\u00e4fte f\u00fcr Deutsch als Minderheitensprache festgelegt haben. Die genauen Termine sowie weitere Informationen, u. a. zur Anmeldung f\u00fcr diese Pr\u00fcfung, finden Sie&nbsp;HIER\" \/>\n<meta property=\"og:url\" content=\"https:\/\/skgd.pl\/terminy-egzaminow-kwalifikacyjnych-dla-nauczycieli-jezyka-niemieckiego-jako-mniejszosci\/\" \/>\n<meta property=\"og:site_name\" content=\"Deutsche Minderheit, Sozial-Kulturelle Gesellschaft der Deutschen im Oppelner Schlesien\" \/>\n<meta property=\"article:published_time\" content=\"2026-04-30T13:00:49+00:00\" \/>\n<meta property=\"article:modified_time\" content=\"2026-04-30T11:46:21+00:00\" \/>\n<meta property=\"og:image\" content=\"https:\/\/skgd.pl\/wp-content\/uploads\/2026\/04\/Kopia-\u2013-DBG-800x671-1.png\" \/>\n\t<meta property=\"og:image:width\" content=\"800\" \/>\n\t<meta property=\"og:image:height\" content=\"671\" \/>\n\t<meta property=\"og:image:type\" content=\"image\/png\" \/>\n<meta name=\"twitter:card\" content=\"summary_large_image\" \/>\n<meta name=\"twitter:label1\" content=\"Verfasst von\" \/>\n\t<meta name=\"twitter:data1\" content=\"Anna Koschny\" \/>\n\t<meta name=\"twitter:label2\" content=\"Gesch\u00e4tzte Lesezeit\" \/>\n\t<meta name=\"twitter:data2\" content=\"1\u00a0Minute\" \/>\n<script type=\"application\/ld+json\" class=\"yoast-schema-graph\">{\"@context\":\"https:\/\/schema.org\",\"@graph\":[{\"@type\":\"WebSite\",\"@id\":\"https:\/\/skgd.pl\/#website\",\"url\":\"https:\/\/skgd.pl\/\",\"name\":\"Deutsche Minderheit, Sozial-Kulturelle Gesellschaft der Deutschen im Oppelner Schlesien\",\"description\":\"Deutsche Minderheit in Polen\",\"potentialAction\":[{\"@type\":\"SearchAction\",\"target\":{\"@type\":\"EntryPoint\",\"urlTemplate\":\"https:\/\/skgd.pl\/?s={search_term_string}\"},\"query-input\":\"required name=search_term_string\"}],\"inLanguage\":\"de\"},{\"@type\":\"ImageObject\",\"inLanguage\":\"de\",\"@id\":\"https:\/\/skgd.pl\/terminy-egzaminow-kwalifikacyjnych-dla-nauczycieli-jezyka-niemieckiego-jako-mniejszosci\/#primaryimage\",\"url\":\"https:\/\/skgd.pl\/wp-content\/uploads\/2026\/04\/Kopia-\u2013-DBG-800x671-1.png\",\"contentUrl\":\"https:\/\/skgd.pl\/wp-content\/uploads\/2026\/04\/Kopia-\u2013-DBG-800x671-1.png\",\"width\":800,\"height\":671},{\"@type\":\"WebPage\",\"@id\":\"https:\/\/skgd.pl\/terminy-egzaminow-kwalifikacyjnych-dla-nauczycieli-jezyka-niemieckiego-jako-mniejszosci\/#webpage\",\"url\":\"https:\/\/skgd.pl\/terminy-egzaminow-kwalifikacyjnych-dla-nauczycieli-jezyka-niemieckiego-jako-mniejszosci\/\",\"name\":\"Termine der Qualifikationspr\u00fcfung f\u00fcr Lehrkr\u00e4fte f\u00fcr Deutsch als Minderheitensprache - Deutsche Minderheit, Sozial-Kulturelle Gesellschaft der Deutschen im Oppelner Schlesien\",\"isPartOf\":{\"@id\":\"https:\/\/skgd.pl\/#website\"},\"primaryImageOfPage\":{\"@id\":\"https:\/\/skgd.pl\/terminy-egzaminow-kwalifikacyjnych-dla-nauczycieli-jezyka-niemieckiego-jako-mniejszosci\/#primaryimage\"},\"datePublished\":\"2026-04-30T13:00:49+00:00\",\"dateModified\":\"2026-04-30T11:46:21+00:00\",\"author\":{\"@id\":\"https:\/\/skgd.pl\/#\/schema\/person\/3949b133860add46d83a0c68af13c928\"},\"breadcrumb\":{\"@id\":\"https:\/\/skgd.pl\/terminy-egzaminow-kwalifikacyjnych-dla-nauczycieli-jezyka-niemieckiego-jako-mniejszosci\/#breadcrumb\"},\"inLanguage\":\"de\",\"potentialAction\":[{\"@type\":\"ReadAction\",\"target\":[\"https:\/\/skgd.pl\/terminy-egzaminow-kwalifikacyjnych-dla-nauczycieli-jezyka-niemieckiego-jako-mniejszosci\/\"]}]},{\"@type\":\"BreadcrumbList\",\"@id\":\"https:\/\/skgd.pl\/terminy-egzaminow-kwalifikacyjnych-dla-nauczycieli-jezyka-niemieckiego-jako-mniejszosci\/#breadcrumb\",\"itemListElement\":[{\"@type\":\"ListItem\",\"position\":1,\"name\":\"Strona g\u0142\u00f3wna\",\"item\":\"https:\/\/skgd.pl\/\"},{\"@type\":\"ListItem\",\"position\":2,\"name\":\"Terminy egzamin\u00f3w kwalifikacyjnych dla nauczycieli j\u0119zyka niemieckiego jako mniejszo\u015bci\"}]},{\"@type\":\"Person\",\"@id\":\"https:\/\/skgd.pl\/#\/schema\/person\/3949b133860add46d83a0c68af13c928\",\"name\":\"Anna Koschny\",\"image\":{\"@type\":\"ImageObject\",\"inLanguage\":\"de\",\"@id\":\"https:\/\/skgd.pl\/#\/schema\/person\/image\/\",\"url\":\"https:\/\/secure.gravatar.com\/avatar\/4e81b53917072303a83a06648cc779cc?s=96&d=mm&r=g\",\"contentUrl\":\"https:\/\/secure.gravatar.com\/avatar\/4e81b53917072303a83a06648cc779cc?s=96&d=mm&r=g\",\"caption\":\"Anna Koschny\"},\"url\":\"https:\/\/skgd.pl\/de\/author\/anna-koschnyskgd-pl\/\"}]}<\/script>\n<!-- \/ Yoast SEO plugin. -->","yoast_head_json":{"title":"Termine der Qualifikationspr\u00fcfung f\u00fcr Lehrkr\u00e4fte f\u00fcr Deutsch als Minderheitensprache - Deutsche Minderheit, Sozial-Kulturelle Gesellschaft der Deutschen im Oppelner Schlesien","robots":{"index":"index","follow":"follow","max-snippet":"max-snippet:-1","max-image-preview":"max-image-preview:large","max-video-preview":"max-video-preview:-1"},"canonical":"https:\/\/skgd.pl\/terminy-egzaminow-kwalifikacyjnych-dla-nauczycieli-jezyka-niemieckiego-jako-mniejszosci\/","og_locale":"de_DE","og_type":"article","og_title":"Termine der Qualifikationspr\u00fcfung f\u00fcr Lehrkr\u00e4fte f\u00fcr Deutsch als Minderheitensprache - Deutsche Minderheit, Sozial-Kulturelle Gesellschaft der Deutschen im Oppelner Schlesien","og_description":"Sehr geehrte Damen und Herren, wir m\u00f6chten Sie hiermit dar\u00fcber informieren, dass wir zwei Termine f\u00fcr die Qualifikationspr\u00fcfung f\u00fcr Lehrkr\u00e4fte f\u00fcr Deutsch als Minderheitensprache festgelegt haben. Die genauen Termine sowie weitere Informationen, u. a. zur Anmeldung f\u00fcr diese Pr\u00fcfung, finden Sie&nbsp;HIER","og_url":"https:\/\/skgd.pl\/terminy-egzaminow-kwalifikacyjnych-dla-nauczycieli-jezyka-niemieckiego-jako-mniejszosci\/","og_site_name":"Deutsche Minderheit, Sozial-Kulturelle Gesellschaft der Deutschen im Oppelner Schlesien","article_published_time":"2026-04-30T13:00:49+00:00","article_modified_time":"2026-04-30T11:46:21+00:00","og_image":[{"width":800,"height":671,"url":"https:\/\/skgd.pl\/wp-content\/uploads\/2026\/04\/Kopia-\u2013-DBG-800x671-1.png","type":"image\/png"}],"twitter_card":"summary_large_image","twitter_misc":{"Verfasst von":"Anna Koschny","Gesch\u00e4tzte Lesezeit":"1\u00a0Minute"},"schema":{"@context":"https:\/\/schema.org","@graph":[{"@type":"WebSite","@id":"https:\/\/skgd.pl\/#website","url":"https:\/\/skgd.pl\/","name":"Deutsche Minderheit, Sozial-Kulturelle Gesellschaft der Deutschen im Oppelner Schlesien","description":"Deutsche Minderheit in Polen","potentialAction":[{"@type":"SearchAction","target":{"@type":"EntryPoint","urlTemplate":"https:\/\/skgd.pl\/?s={search_term_string}"},"query-input":"required name=search_term_string"}],"inLanguage":"de"},{"@type":"ImageObject","inLanguage":"de","@id":"https:\/\/skgd.pl\/terminy-egzaminow-kwalifikacyjnych-dla-nauczycieli-jezyka-niemieckiego-jako-mniejszosci\/#primaryimage","url":"https:\/\/skgd.pl\/wp-content\/uploads\/2026\/04\/Kopia-\u2013-DBG-800x671-1.png","contentUrl":"https:\/\/skgd.pl\/wp-content\/uploads\/2026\/04\/Kopia-\u2013-DBG-800x671-1.png","width":800,"height":671},{"@type":"WebPage","@id":"https:\/\/skgd.pl\/terminy-egzaminow-kwalifikacyjnych-dla-nauczycieli-jezyka-niemieckiego-jako-mniejszosci\/#webpage","url":"https:\/\/skgd.pl\/terminy-egzaminow-kwalifikacyjnych-dla-nauczycieli-jezyka-niemieckiego-jako-mniejszosci\/","name":"Termine der Qualifikationspr\u00fcfung f\u00fcr Lehrkr\u00e4fte f\u00fcr Deutsch als Minderheitensprache - Deutsche Minderheit, Sozial-Kulturelle Gesellschaft der Deutschen im Oppelner Schlesien","isPartOf":{"@id":"https:\/\/skgd.pl\/#website"},"primaryImageOfPage":{"@id":"https:\/\/skgd.pl\/terminy-egzaminow-kwalifikacyjnych-dla-nauczycieli-jezyka-niemieckiego-jako-mniejszosci\/#primaryimage"},"datePublished":"2026-04-30T13:00:49+00:00","dateModified":"2026-04-30T11:46:21+00:00","author":{"@id":"https:\/\/skgd.pl\/#\/schema\/person\/3949b133860add46d83a0c68af13c928"},"breadcrumb":{"@id":"https:\/\/skgd.pl\/terminy-egzaminow-kwalifikacyjnych-dla-nauczycieli-jezyka-niemieckiego-jako-mniejszosci\/#breadcrumb"},"inLanguage":"de","potentialAction":[{"@type":"ReadAction","target":["https:\/\/skgd.pl\/terminy-egzaminow-kwalifikacyjnych-dla-nauczycieli-jezyka-niemieckiego-jako-mniejszosci\/"]}]},{"@type":"BreadcrumbList","@id":"https:\/\/skgd.pl\/terminy-egzaminow-kwalifikacyjnych-dla-nauczycieli-jezyka-niemieckiego-jako-mniejszosci\/#breadcrumb","itemListElement":[{"@type":"ListItem","position":1,"name":"Strona g\u0142\u00f3wna","item":"https:\/\/skgd.pl\/"},{"@type":"ListItem","position":2,"name":"Terminy egzamin\u00f3w kwalifikacyjnych dla nauczycieli j\u0119zyka niemieckiego jako mniejszo\u015bci"}]},{"@type":"Person","@id":"https:\/\/skgd.pl\/#\/schema\/person\/3949b133860add46d83a0c68af13c928","name":"Anna Koschny","image":{"@type":"ImageObject","inLanguage":"de","@id":"https:\/\/skgd.pl\/#\/schema\/person\/image\/","url":"https:\/\/secure.gravatar.com\/avatar\/4e81b53917072303a83a06648cc779cc?s=96&d=mm&r=g","contentUrl":"https:\/\/secure.gravatar.com\/avatar\/4e81b53917072303a83a06648cc779cc?s=96&d=mm&r=g","caption":"Anna Koschny"},"url":"https:\/\/skgd.pl\/de\/author\/anna-koschnyskgd-pl\/"}]}},"_links":{"self":[{"href":"https:\/\/skgd.pl\/de\/wp-json\/wp\/v2\/posts\/38165","targetHints":{"allow":["GET"]}}],"collection":[{"href":"https:\/\/skgd.pl\/de\/wp-json\/wp\/v2\/posts"}],"about":[{"href":"https:\/\/skgd.pl\/de\/wp-json\/wp\/v2\/types\/post"}],"author":[{"embeddable":true,"href":"https:\/\/skgd.pl\/de\/wp-json\/wp\/v2\/users\/20"}],"replies":[{"embeddable":true,"href":"https:\/\/skgd.pl\/de\/wp-json\/wp\/v2\/comments?post=38165"}],"version-history":[{"count":2,"href":"https:\/\/skgd.pl\/de\/wp-json\/wp\/v2\/posts\/38165\/revisions"}],"predecessor-version":[{"id":38175,"href":"https:\/\/skgd.pl\/de\/wp-json\/wp\/v2\/posts\/38165\/revisions\/38175"}],"wp:featuredmedia":[{"embeddable":true,"href":"https:\/\/skgd.pl\/de\/wp-json\/wp\/v2\/media\/38166"}],"wp:attachment":[{"href":"https:\/\/skgd.pl\/de\/wp-json\/wp\/v2\/media?parent=38165"}],"wp:term":[{"taxonomy":"category","embeddable":true,"href":"https:\/\/skgd.pl\/de\/wp-json\/wp\/v2\/categories?post=38165"},{"taxonomy":"post_tag","embeddable":true,"href":"https:\/\/skgd.pl\/de\/wp-json\/wp\/v2\/tags?post=38165"}],"curies":[{"name":"wp","href":"https:\/\/api.w.org\/{rel}","templated":true}]}}