{"id":38155,"date":"2026-04-30T09:32:58","date_gmt":"2026-04-30T07:32:58","guid":{"rendered":"https:\/\/skgd.pl\/?p=38155"},"modified":"2026-04-30T09:32:58","modified_gmt":"2026-04-30T07:32:58","slug":"wiosenna-tradycja-maibaum-jako-symbol-wspolnoty-i-nowego-poczatku","status":"publish","type":"post","link":"https:\/\/skgd.pl\/de\/wiosenna-tradycja-maibaum-jako-symbol-wspolnoty-i-nowego-poczatku\/","title":{"rendered":"Fr\u00fchlingstradition: Maibaum als Zeichen von Gemeinschaft und Neubeginn"},"content":{"rendered":"<p><span style=\"font-weight: 400;\">Heute beginnen die ersten Maibaum-Initiativen und bringen eine besondere, fr\u00fchlingshafte Atmosph\u00e4re in unsere Ortschaften. <\/span><span style=\"font-weight: 400;\"><br \/>\n<\/span><span style=\"font-weight: 400;\">Die hohen, farbenfroh geschm\u00fcckten Maib\u00e4ume stehen erneut als Symbol f\u00fcr Leben, die erwachende Natur und neue Energie, die den Mai begleitet.<\/span><\/p>\n<p><span style=\"font-weight: 400;\">Diese sch\u00f6ne Tradition verbindet Natur und Gemeinschaft. Die gemeinsame Vorbereitung, das Schm\u00fccken und das Aufstellen der Maib\u00e4ume zeigen, wie viel durch Zusammenarbeit und Engagement der Bewohner erreicht werden kann. Jede Schleife und jedes Detail ist das Ergebnis gemeinsamer Arbeit und der Freude, etwas zusammen zu schaffen.<\/span><\/p>\n<p><span style=\"font-weight: 400;\">M\u00f6ge diese Zeit voller Begegnungen, guter Stimmung und Stolz auf eine Tradition sein, die Generationen verbindet. Bravo DFKs!<\/span><\/p>\n<p><span style=\"font-weight: 400;\">Das Projekt \u201eMaibaum &amp; Gemeinschaft \u2013 Tradition lebendig halten\u201d wird aus den Mitteln des Bundesministeriums des Innern der Bundesrepublik Deutschland durch den VdG finanziert.<\/span><\/p>","protected":false},"excerpt":{"rendered":"<p>Heute beginnen die ersten Maibaum-Initiativen und bringen eine besondere, fr\u00fchlingshafte Atmosph\u00e4re in unsere Ortschaften. Die hohen, farbenfroh geschm\u00fcckten Maib\u00e4ume stehen erneut als Symbol f\u00fcr Leben, die erwachende Natur und neue Energie, die den Mai begleitet. Diese sch\u00f6ne Tradition verbindet Natur und Gemeinschaft. Die gemeinsame Vorbereitung, das Schm\u00fccken und das Aufstellen der Maib\u00e4ume zeigen, wie viel [&hellip;]<\/p>\n","protected":false},"author":20,"featured_media":38156,"comment_status":"closed","ping_status":"closed","sticky":false,"template":"","format":"standard","meta":{"footnotes":""},"categories":[1],"tags":[],"class_list":["post-38155","post","type-post","status-publish","format-standard","has-post-thumbnail","hentry","category-aktualnosci"],"yoast_head":"<!-- This site is optimized with the Yoast SEO plugin v18.9 - https:\/\/yoast.com\/wordpress\/plugins\/seo\/ -->\n<title>Fr\u00fchlingstradition: Maibaum als Zeichen von Gemeinschaft und Neubeginn - Deutsche Minderheit, Sozial-Kulturelle Gesellschaft der Deutschen im Oppelner Schlesien<\/title>\n<meta name=\"robots\" content=\"index, follow, max-snippet:-1, max-image-preview:large, max-video-preview:-1\" \/>\n<link rel=\"canonical\" href=\"https:\/\/skgd.pl\/wiosenna-tradycja-maibaum-jako-symbol-wspolnoty-i-nowego-poczatku\/\" \/>\n<meta property=\"og:locale\" content=\"de_DE\" \/>\n<meta property=\"og:type\" content=\"article\" \/>\n<meta property=\"og:title\" content=\"Fr\u00fchlingstradition: Maibaum als Zeichen von Gemeinschaft und Neubeginn - Deutsche Minderheit, Sozial-Kulturelle Gesellschaft der Deutschen im Oppelner Schlesien\" \/>\n<meta property=\"og:description\" content=\"Heute beginnen die ersten Maibaum-Initiativen und bringen eine besondere, fr\u00fchlingshafte Atmosph\u00e4re in unsere Ortschaften. Die hohen, farbenfroh geschm\u00fcckten Maib\u00e4ume stehen erneut als Symbol f\u00fcr Leben, die erwachende Natur und neue Energie, die den Mai begleitet. Diese sch\u00f6ne Tradition verbindet Natur und Gemeinschaft. Die gemeinsame Vorbereitung, das Schm\u00fccken und das Aufstellen der Maib\u00e4ume zeigen, wie viel [&hellip;]\" \/>\n<meta property=\"og:url\" content=\"https:\/\/skgd.pl\/wiosenna-tradycja-maibaum-jako-symbol-wspolnoty-i-nowego-poczatku\/\" \/>\n<meta property=\"og:site_name\" content=\"Deutsche Minderheit, Sozial-Kulturelle Gesellschaft der Deutschen im Oppelner Schlesien\" \/>\n<meta property=\"article:published_time\" content=\"2026-04-30T07:32:58+00:00\" \/>\n<meta property=\"og:image\" content=\"https:\/\/skgd.pl\/wp-content\/uploads\/2026\/04\/Maibaum.jpg\" \/>\n\t<meta property=\"og:image:width\" content=\"1886\" \/>\n\t<meta property=\"og:image:height\" content=\"1080\" \/>\n\t<meta property=\"og:image:type\" content=\"image\/jpeg\" \/>\n<meta name=\"twitter:card\" content=\"summary_large_image\" \/>\n<meta name=\"twitter:label1\" content=\"Verfasst von\" \/>\n\t<meta name=\"twitter:data1\" content=\"Anna Koschny\" \/>\n\t<meta name=\"twitter:label2\" content=\"Gesch\u00e4tzte Lesezeit\" \/>\n\t<meta name=\"twitter:data2\" content=\"1\u00a0Minute\" \/>\n<script type=\"application\/ld+json\" class=\"yoast-schema-graph\">{\"@context\":\"https:\/\/schema.org\",\"@graph\":[{\"@type\":\"WebSite\",\"@id\":\"https:\/\/skgd.pl\/#website\",\"url\":\"https:\/\/skgd.pl\/\",\"name\":\"Deutsche Minderheit, Sozial-Kulturelle Gesellschaft der Deutschen im Oppelner Schlesien\",\"description\":\"Deutsche Minderheit in Polen\",\"potentialAction\":[{\"@type\":\"SearchAction\",\"target\":{\"@type\":\"EntryPoint\",\"urlTemplate\":\"https:\/\/skgd.pl\/?s={search_term_string}\"},\"query-input\":\"required name=search_term_string\"}],\"inLanguage\":\"de\"},{\"@type\":\"ImageObject\",\"inLanguage\":\"de\",\"@id\":\"https:\/\/skgd.pl\/wiosenna-tradycja-maibaum-jako-symbol-wspolnoty-i-nowego-poczatku\/#primaryimage\",\"url\":\"https:\/\/skgd.pl\/wp-content\/uploads\/2026\/04\/Maibaum.jpg\",\"contentUrl\":\"https:\/\/skgd.pl\/wp-content\/uploads\/2026\/04\/Maibaum.jpg\",\"width\":1886,\"height\":1080},{\"@type\":\"WebPage\",\"@id\":\"https:\/\/skgd.pl\/wiosenna-tradycja-maibaum-jako-symbol-wspolnoty-i-nowego-poczatku\/#webpage\",\"url\":\"https:\/\/skgd.pl\/wiosenna-tradycja-maibaum-jako-symbol-wspolnoty-i-nowego-poczatku\/\",\"name\":\"Fr\u00fchlingstradition: Maibaum als Zeichen von Gemeinschaft und Neubeginn - Deutsche Minderheit, Sozial-Kulturelle Gesellschaft der Deutschen im Oppelner Schlesien\",\"isPartOf\":{\"@id\":\"https:\/\/skgd.pl\/#website\"},\"primaryImageOfPage\":{\"@id\":\"https:\/\/skgd.pl\/wiosenna-tradycja-maibaum-jako-symbol-wspolnoty-i-nowego-poczatku\/#primaryimage\"},\"datePublished\":\"2026-04-30T07:32:58+00:00\",\"dateModified\":\"2026-04-30T07:32:58+00:00\",\"author\":{\"@id\":\"https:\/\/skgd.pl\/#\/schema\/person\/3949b133860add46d83a0c68af13c928\"},\"breadcrumb\":{\"@id\":\"https:\/\/skgd.pl\/wiosenna-tradycja-maibaum-jako-symbol-wspolnoty-i-nowego-poczatku\/#breadcrumb\"},\"inLanguage\":\"de\",\"potentialAction\":[{\"@type\":\"ReadAction\",\"target\":[\"https:\/\/skgd.pl\/wiosenna-tradycja-maibaum-jako-symbol-wspolnoty-i-nowego-poczatku\/\"]}]},{\"@type\":\"BreadcrumbList\",\"@id\":\"https:\/\/skgd.pl\/wiosenna-tradycja-maibaum-jako-symbol-wspolnoty-i-nowego-poczatku\/#breadcrumb\",\"itemListElement\":[{\"@type\":\"ListItem\",\"position\":1,\"name\":\"Strona g\u0142\u00f3wna\",\"item\":\"https:\/\/skgd.pl\/\"},{\"@type\":\"ListItem\",\"position\":2,\"name\":\"Wiosenna tradycja: Maibaum jako symbol wsp\u00f3lnoty i nowego pocz\u0105tku\"}]},{\"@type\":\"Person\",\"@id\":\"https:\/\/skgd.pl\/#\/schema\/person\/3949b133860add46d83a0c68af13c928\",\"name\":\"Anna Koschny\",\"image\":{\"@type\":\"ImageObject\",\"inLanguage\":\"de\",\"@id\":\"https:\/\/skgd.pl\/#\/schema\/person\/image\/\",\"url\":\"https:\/\/secure.gravatar.com\/avatar\/4e81b53917072303a83a06648cc779cc?s=96&d=mm&r=g\",\"contentUrl\":\"https:\/\/secure.gravatar.com\/avatar\/4e81b53917072303a83a06648cc779cc?s=96&d=mm&r=g\",\"caption\":\"Anna Koschny\"},\"url\":\"https:\/\/skgd.pl\/de\/author\/anna-koschnyskgd-pl\/\"}]}<\/script>\n<!-- \/ Yoast SEO plugin. -->","yoast_head_json":{"title":"Fr\u00fchlingstradition: Maibaum als Zeichen von Gemeinschaft und Neubeginn - Deutsche Minderheit, Sozial-Kulturelle Gesellschaft der Deutschen im Oppelner Schlesien","robots":{"index":"index","follow":"follow","max-snippet":"max-snippet:-1","max-image-preview":"max-image-preview:large","max-video-preview":"max-video-preview:-1"},"canonical":"https:\/\/skgd.pl\/wiosenna-tradycja-maibaum-jako-symbol-wspolnoty-i-nowego-poczatku\/","og_locale":"de_DE","og_type":"article","og_title":"Fr\u00fchlingstradition: Maibaum als Zeichen von Gemeinschaft und Neubeginn - Deutsche Minderheit, Sozial-Kulturelle Gesellschaft der Deutschen im Oppelner Schlesien","og_description":"Heute beginnen die ersten Maibaum-Initiativen und bringen eine besondere, fr\u00fchlingshafte Atmosph\u00e4re in unsere Ortschaften. Die hohen, farbenfroh geschm\u00fcckten Maib\u00e4ume stehen erneut als Symbol f\u00fcr Leben, die erwachende Natur und neue Energie, die den Mai begleitet. Diese sch\u00f6ne Tradition verbindet Natur und Gemeinschaft. Die gemeinsame Vorbereitung, das Schm\u00fccken und das Aufstellen der Maib\u00e4ume zeigen, wie viel [&hellip;]","og_url":"https:\/\/skgd.pl\/wiosenna-tradycja-maibaum-jako-symbol-wspolnoty-i-nowego-poczatku\/","og_site_name":"Deutsche Minderheit, Sozial-Kulturelle Gesellschaft der Deutschen im Oppelner Schlesien","article_published_time":"2026-04-30T07:32:58+00:00","og_image":[{"width":1886,"height":1080,"url":"https:\/\/skgd.pl\/wp-content\/uploads\/2026\/04\/Maibaum.jpg","type":"image\/jpeg"}],"twitter_card":"summary_large_image","twitter_misc":{"Verfasst von":"Anna Koschny","Gesch\u00e4tzte Lesezeit":"1\u00a0Minute"},"schema":{"@context":"https:\/\/schema.org","@graph":[{"@type":"WebSite","@id":"https:\/\/skgd.pl\/#website","url":"https:\/\/skgd.pl\/","name":"Deutsche Minderheit, Sozial-Kulturelle Gesellschaft der Deutschen im Oppelner Schlesien","description":"Deutsche Minderheit in Polen","potentialAction":[{"@type":"SearchAction","target":{"@type":"EntryPoint","urlTemplate":"https:\/\/skgd.pl\/?s={search_term_string}"},"query-input":"required name=search_term_string"}],"inLanguage":"de"},{"@type":"ImageObject","inLanguage":"de","@id":"https:\/\/skgd.pl\/wiosenna-tradycja-maibaum-jako-symbol-wspolnoty-i-nowego-poczatku\/#primaryimage","url":"https:\/\/skgd.pl\/wp-content\/uploads\/2026\/04\/Maibaum.jpg","contentUrl":"https:\/\/skgd.pl\/wp-content\/uploads\/2026\/04\/Maibaum.jpg","width":1886,"height":1080},{"@type":"WebPage","@id":"https:\/\/skgd.pl\/wiosenna-tradycja-maibaum-jako-symbol-wspolnoty-i-nowego-poczatku\/#webpage","url":"https:\/\/skgd.pl\/wiosenna-tradycja-maibaum-jako-symbol-wspolnoty-i-nowego-poczatku\/","name":"Fr\u00fchlingstradition: Maibaum als Zeichen von Gemeinschaft und Neubeginn - Deutsche Minderheit, Sozial-Kulturelle Gesellschaft der Deutschen im Oppelner Schlesien","isPartOf":{"@id":"https:\/\/skgd.pl\/#website"},"primaryImageOfPage":{"@id":"https:\/\/skgd.pl\/wiosenna-tradycja-maibaum-jako-symbol-wspolnoty-i-nowego-poczatku\/#primaryimage"},"datePublished":"2026-04-30T07:32:58+00:00","dateModified":"2026-04-30T07:32:58+00:00","author":{"@id":"https:\/\/skgd.pl\/#\/schema\/person\/3949b133860add46d83a0c68af13c928"},"breadcrumb":{"@id":"https:\/\/skgd.pl\/wiosenna-tradycja-maibaum-jako-symbol-wspolnoty-i-nowego-poczatku\/#breadcrumb"},"inLanguage":"de","potentialAction":[{"@type":"ReadAction","target":["https:\/\/skgd.pl\/wiosenna-tradycja-maibaum-jako-symbol-wspolnoty-i-nowego-poczatku\/"]}]},{"@type":"BreadcrumbList","@id":"https:\/\/skgd.pl\/wiosenna-tradycja-maibaum-jako-symbol-wspolnoty-i-nowego-poczatku\/#breadcrumb","itemListElement":[{"@type":"ListItem","position":1,"name":"Strona g\u0142\u00f3wna","item":"https:\/\/skgd.pl\/"},{"@type":"ListItem","position":2,"name":"Wiosenna tradycja: Maibaum jako symbol wsp\u00f3lnoty i nowego pocz\u0105tku"}]},{"@type":"Person","@id":"https:\/\/skgd.pl\/#\/schema\/person\/3949b133860add46d83a0c68af13c928","name":"Anna Koschny","image":{"@type":"ImageObject","inLanguage":"de","@id":"https:\/\/skgd.pl\/#\/schema\/person\/image\/","url":"https:\/\/secure.gravatar.com\/avatar\/4e81b53917072303a83a06648cc779cc?s=96&d=mm&r=g","contentUrl":"https:\/\/secure.gravatar.com\/avatar\/4e81b53917072303a83a06648cc779cc?s=96&d=mm&r=g","caption":"Anna Koschny"},"url":"https:\/\/skgd.pl\/de\/author\/anna-koschnyskgd-pl\/"}]}},"_links":{"self":[{"href":"https:\/\/skgd.pl\/de\/wp-json\/wp\/v2\/posts\/38155","targetHints":{"allow":["GET"]}}],"collection":[{"href":"https:\/\/skgd.pl\/de\/wp-json\/wp\/v2\/posts"}],"about":[{"href":"https:\/\/skgd.pl\/de\/wp-json\/wp\/v2\/types\/post"}],"author":[{"embeddable":true,"href":"https:\/\/skgd.pl\/de\/wp-json\/wp\/v2\/users\/20"}],"replies":[{"embeddable":true,"href":"https:\/\/skgd.pl\/de\/wp-json\/wp\/v2\/comments?post=38155"}],"version-history":[{"count":1,"href":"https:\/\/skgd.pl\/de\/wp-json\/wp\/v2\/posts\/38155\/revisions"}],"predecessor-version":[{"id":38157,"href":"https:\/\/skgd.pl\/de\/wp-json\/wp\/v2\/posts\/38155\/revisions\/38157"}],"wp:featuredmedia":[{"embeddable":true,"href":"https:\/\/skgd.pl\/de\/wp-json\/wp\/v2\/media\/38156"}],"wp:attachment":[{"href":"https:\/\/skgd.pl\/de\/wp-json\/wp\/v2\/media?parent=38155"}],"wp:term":[{"taxonomy":"category","embeddable":true,"href":"https:\/\/skgd.pl\/de\/wp-json\/wp\/v2\/categories?post=38155"},{"taxonomy":"post_tag","embeddable":true,"href":"https:\/\/skgd.pl\/de\/wp-json\/wp\/v2\/tags?post=38155"}],"curies":[{"name":"wp","href":"https:\/\/api.w.org\/{rel}","templated":true}]}}