{"id":38150,"date":"2026-04-30T12:00:15","date_gmt":"2026-04-30T10:00:15","guid":{"rendered":"https:\/\/skgd.pl\/?p=38150"},"modified":"2026-04-30T11:18:15","modified_gmt":"2026-04-30T09:18:15","slug":"wielki-final-xvi-konkursu-wiedzy-o-mniejszosci-niemieckiej-w-ozimku","status":"publish","type":"post","link":"https:\/\/skgd.pl\/de\/wielki-final-xvi-konkursu-wiedzy-o-mniejszosci-niemieckiej-w-ozimku\/","title":{"rendered":"Gro\u00dfes Finale des XVI. Wissenswettbewerbs \u00fcber die Deutsche Minderheit in Malapane!"},"content":{"rendered":"<p>Am Montag, dem <b data-path-to-node=\"3\" data-index-in-node=\"15\">27. April 2026<\/b>, wurde Malapane) zum Zentrum der regionalen Bildung und Kultur. Hier fand das gro\u00dfe Finale der <b data-path-to-node=\"3\" data-index-in-node=\"133\">XVI. Auflage des Wissenswettbewerbs \u00fcber die Deutsche Minderheit<\/b> statt. Es war ein besonderer Tag, an dem wir die engagiertesten und am besten vorbereiteten Teilnehmer aus der ganzen Woiwodschaft Oppeln begr\u00fc\u00dfen durften.<\/p>\n<p>F\u00fcr das diesj\u00e4hrige Finale qualifizierten sich stolze <b data-path-to-node=\"5\" data-index-in-node=\"54\">125 Sch\u00fclerinnen und Sch\u00fcler<\/b> aus <b data-path-to-node=\"5\" data-index-in-node=\"87\">42 Grundschulen<\/b>. Sie alle hatten die Schulphase erfolgreich gemeistert und gl\u00e4nzten mit beeindruckendem Wissen \u00fcber die Geschichte, Kultur und Gegenwart der deutschen Minderheit in Polen. Besonders erfreulich: In diesem Jahr konnten wir eine <b data-path-to-node=\"5\" data-index-in-node=\"329\">Rekordzahl an Anmeldungen<\/b> verzeichnen. Dies motiviert uns sehr, diese Initiative auch in Zukunft weiter auszubauen.<\/p>\n<p>Der Erfolg der Sch\u00fcler ist auch das Verdienst ihrer Mentoren. Wir m\u00f6chten uns herzlich bei den <b data-path-to-node=\"7\" data-index-in-node=\"95\">57 Lehrerinnen und Lehrern<\/b> bedanken, die die Finalisten mit gro\u00dfer Leidenschaft auf den Wettbewerb vorbereitet haben. Ihre Arbeit ist das Fundament f\u00fcr das Geschichtsbewusstsein und das kulturelle Erbe der jungen Generation. <b data-path-to-node=\"7\" data-index-in-node=\"320\">Vielen Dank!<\/b><\/p>\n<p>Neben dem Wettbewerbsfieber bot die Veranstaltung eine hervorragende Gelegenheit f\u00fcr:<\/p>\n<ul data-path-to-node=\"11\">\n<li>Das Kn\u00fcpfen neuer Bekanntschaften.<\/li>\n<li>Den Erfahrungsaustausch zwischen den verschiedenen Einrichtungen.<\/li>\n<li>Die Integration der Jugend, die sich f\u00fcr Zweisprachigkeit interessiert.<\/li>\n<li>Die Entdeckung des reichen kulturellen Erbes unserer Region.<\/li>\n<\/ul>\n<p><b data-path-to-node=\"12,0\" data-index-in-node=\"0\">&nbsp; &nbsp; &nbsp;Herzlichen Gl\u00fcckwunsch!<\/b> Wir gratulieren allen Teilnehmern und Finalisten. Allein die Qualifikation f\u00fcr diese Stufe ist ein Beweis f\u00fcr enormes Wissen und gro\u00dfe Leidenschaft.<\/p>\n<p>Ein Projekt dieser Gr\u00f6\u00dfenordnung w\u00e4re ohne Unterst\u00fctzung nicht m\u00f6glich gewesen. Unser herzlicher Dank gilt:<\/p>\n<ul data-path-to-node=\"16\">\n<li><strong><span lang=\"de\" dir=\"ltr\"><span class=\"mw-page-title-main\">Haus der Deutsch-Polnischen Zusammenarbeit <\/span><\/span>in Oppeln<\/strong> \u2013 f\u00fcr die inhaltliche Vorbereitung und die Durchf\u00fchrung inspirierender Workshops f\u00fcr Lehrer.<\/li>\n<li><b data-path-to-node=\"16,1,0\" data-index-in-node=\"0\">Dem Bund der Jugend der Deutschen Minderheit (BJDM)<\/b> \u2013 f\u00fcr die Energie und die professionellen Workshops, die speziell f\u00fcr die Sch\u00fcler vorbereitet wurden.<\/li>\n<li><b data-path-to-node=\"16,2,0\" data-index-in-node=\"0\">Dem B\u00fcrgermeister von Ozimek, Herrn Miros\u0142aw Wieszo\u0142ek<\/b> \u2013 f\u00fcr die Offenheit und die Gastfreundschaft der Gemeinde Ozimek.<\/li>\n<li><b data-path-to-node=\"16,3,0\" data-index-in-node=\"0\">Der Grundschule Nr. 3 \u201ePolnische Paralympiker und Olympiker\u201c in Malapane<\/b>&nbsp;\u2013 unter der Leitung von Direktorin Jolanta Bajor, dem Lehrerkollegium sowie der Sch\u00fclervertretung f\u00fcr die unsch\u00e4tzbare Hilfe bei der Organisation und Durchf\u00fchrung.<\/li>\n<\/ul>\n<p data-path-to-node=\"17\"><em>ACHTUNG: In K\u00fcrze werden wir die offizielle Liste der Preistr\u00e4ger auf unserer Website bekannt geben! Wir laden Sie ein, sich die Fotogalerie der Veranstaltung unten anzusehen.<\/em><\/p>\n<p><b data-path-to-node=\"19\" data-index-in-node=\"0\">Finanzierung und Schirmherrschaft:<\/b> Das Projekt wurde durch die Unterst\u00fctzung des <b data-path-to-node=\"19\" data-index-in-node=\"81\">Ministeriums f\u00fcr Inneres und Verwaltung (MSWiA)<\/b> sowie des <b data-path-to-node=\"19\" data-index-in-node=\"139\">Bundesministeriums des Inneren (BMI)<\/b> \u00fcber den Verband der deutschen sozial-kulturellen Gesellschaften in Polen (VdG) finanziert.<\/p>\n<p>Die Veranstaltung stand unter der Schirmherrschaft des <b data-path-to-node=\"20\" data-index-in-node=\"55\">Kuratoriums f\u00fcr Bildung in Oppeln<\/b>. <b data-path-to-node=\"20\" data-index-in-node=\"90\">Partner:<\/b> Universit\u00e4t Oppeln und die Grundschule Nr. 3 in Ozimek.<br \/>\n<div id='' class='wpcp-container'><div id='UseyourDrive' class=' carousel  wpcp-has-scroll-to-top' data-module-id='' style='display:none'><noscript><div class='UseyourDrive-nojsmessage'>Um diesen Inhalt anzuzeigen, m\u00fcssen Sie JavaScript in Ihrem Browser aktiviert haben.<br\/><a href='http:\/\/www.enable-javascript.com\/' target='_blank'>Gehen Sie dazu bitte wie folgt vor<\/a>.<\/div><\/noscript><div id='UseyourDrive-8f52030fbbf815a9741898db815c5910' class='wpcp-module UseyourDrive carousel jsdisabled' data-list='carousel' data-token='8f52030fbbf815a9741898db815c5910' data-account-id='115230797372415529152' data-id='' data-path='bnVsbA==' data-sort='name:asc' data-org-id='' data-org-path='bnVsbA==' data-source='21b8205b34ed0a4f49b691f2e717e094' data-slideshow='0' data-lightboxnav='1' data-lightboxthumbs='1' data-lightboxopen='0'><!-- Start Slider  --->\r\n<div class=\"wpcp-carousel \">\r\n  <!-- Main Slider Container --->\r\n    <div\r\n      id=\"wpcp-carousel-8f52030fbbf815a9741898db815c5910\" \r\n      class=\"wpcp-carousel-main-container\" \r\n      data-axis=\"horizontal\" \r\n      data-gutter=\"10\" \r\n      data-nav=\"1\" \r\n      data-navigation-arrows=\"1\" \r\n      data-items=\"3\" \r\n      data-center=\"0\" \r\n      data-auto-size=\"0\"       \r\n      data-slideBy=\"1\" \r\n      data-speed=\"300\" \r\n      data-autoplay=\"1\" \r\n      data-autoplayTimeout=\"5000\" \r\n      data-autoplayHoverPause=\"0\" \r\n      data-autoplayDirection=\"forward\" \r\n    ><\/div>\r\n    <!-- End Main Slider Container --->\r\n    <!-- Slide Template --->\r\n    <div class=\"wpcp-carousel-item-template\">\r\n      <div class=\"wpcp-carousel-item\">\r\n        <div class=\"wpcp-carousel-item-holder\">\r\n          <!-- Slide Image Preloading --->\r\n          <div class=\"preloading\"><\/div>\r\n          <!-- Slide Image --->   \r\n          <div class=\"wpcp-carousel-item-bg preloading\"><\/div>\r\n          <!-- Slide Overlay --->   \r\n          <div class=\"wpcp-carousel-item-overlay\"><\/div>\r\n          <!-- Slide Content --->  \r\n          <div class=\"wpcp-carousel-item-content\">\r\n            <div class=\"wpcp-carousel-item-text\">\r\n              <!-- Slide Content Metadata--->  \r\n              <ul class=\"wpcp-carousel-item-metadata\">                <li class=\"wpcp-carousel-item-date\">\r\n                  <i class=\"eva eva-clock-outline\"><\/i>\r\n                  <span><\/span>\r\n                <\/li>\r\n\r\n                              <!-- Actions --->\r\n                <li class=\"wpcp-carousel-item-actions\">\r\n                                    <div class=\"entry-info-button entry_action_download\" title=\"Datei herunterladen\" tabindex=\"0\">\r\n                    <a href=\"\" class=\"entry_action_download\" title=\"Datei herunterladen\">\r\n                      <i class=\"eva eva-download eva-lg\"><\/i>\r\n                    <\/a>\r\n                  <\/div>\r\n                                    <div class=\"entry-info-button entry_action_view\" title=\"Vorschau\" tabindex=\"0\">\r\n                    <i class=\"eva eva-eye-outline eva-lg\"><\/i>\r\n                  <\/div>\r\n                                  <\/li>   \r\n                <!-- End Actions --->    \r\n              <\/ul>  \r\n              <!-- Slide Content Title --->  \r\n                            <!-- Slide Content Description --->  \r\n                          <\/div>\r\n          <\/div>\r\n          <!-- End Slide Content --->  \r\n        <\/div>\r\n      <\/div>\r\n    <\/div>\r\n    <!-- End Slide Template --->\r\n    <!-- Slider Preloading --->\r\n    <div class=\"wpcp-carousel-preloading loading initialize\">\r\n                    <svg class=\"loader-spinner\" viewBox=\"25 25 50 50\">\r\n                  <circle class=\"path\" cx=\"50\" cy=\"50\" r=\"20\" fill=\"none\" stroke-width=\"3\" stroke-miterlimit=\"10\"><\/circle>\r\n              <\/svg>\r\n                  <\/div>\r\n    <!-- End Slider Preloading --->\r\n<\/div>\r\n<style>\r\n    #UseyourDrive-8f52030fbbf815a9741898db815c5910 .wpcp-carousel-item {\r\n    height:300px;\r\n  }\r\n      #UseyourDrive-8f52030fbbf815a9741898db815c5910 .wpcp-carousel:not(.wpcp-carousel-loaded) {\r\n      height:300px;\r\n    }\r\n    <\/style>\r\n<!-- End Slider  ---><\/div><\/div><script type='text\/javascript'>if (typeof(jQuery) !== 'undefined' && typeof(jQuery.cp) !== 'undefined' && typeof(jQuery.cp.UseyourDrive) === 'function') { jQuery('#UseyourDrive-8f52030fbbf815a9741898db815c5910').UseyourDrive(UseyourDrive_vars); };<\/script><\/div><\/p>","protected":false},"excerpt":{"rendered":"<p>Am Montag, dem 27. April 2026, wurde Malapane) zum Zentrum der regionalen Bildung und Kultur. Hier fand das gro\u00dfe Finale der XVI. Auflage des Wissenswettbewerbs \u00fcber die Deutsche Minderheit statt. Es war ein besonderer Tag, an dem wir die engagiertesten und am besten vorbereiteten Teilnehmer aus der ganzen Woiwodschaft Oppeln begr\u00fc\u00dfen durften. F\u00fcr das diesj\u00e4hrige [&hellip;]<\/p>\n","protected":false},"author":20,"featured_media":38159,"comment_status":"closed","ping_status":"closed","sticky":false,"template":"","format":"standard","meta":{"footnotes":""},"categories":[733,1],"tags":[],"class_list":["post-38150","post","type-post","status-publish","format-standard","has-post-thumbnail","hentry","category-kultura","category-aktualnosci"],"yoast_head":"<!-- This site is optimized with the Yoast SEO plugin v18.9 - https:\/\/yoast.com\/wordpress\/plugins\/seo\/ -->\n<title>Gro\u00dfes Finale des XVI. Wissenswettbewerbs \u00fcber die Deutsche Minderheit in Malapane! - Deutsche Minderheit, Sozial-Kulturelle Gesellschaft der Deutschen im Oppelner Schlesien<\/title>\n<meta name=\"robots\" content=\"index, follow, max-snippet:-1, max-image-preview:large, max-video-preview:-1\" \/>\n<link rel=\"canonical\" href=\"https:\/\/skgd.pl\/wielki-final-xvi-konkursu-wiedzy-o-mniejszosci-niemieckiej-w-ozimku\/\" \/>\n<meta property=\"og:locale\" content=\"de_DE\" \/>\n<meta property=\"og:type\" content=\"article\" \/>\n<meta property=\"og:title\" content=\"Gro\u00dfes Finale des XVI. Wissenswettbewerbs \u00fcber die Deutsche Minderheit in Malapane! - Deutsche Minderheit, Sozial-Kulturelle Gesellschaft der Deutschen im Oppelner Schlesien\" \/>\n<meta property=\"og:description\" content=\"Am Montag, dem 27. April 2026, wurde Malapane) zum Zentrum der regionalen Bildung und Kultur. Hier fand das gro\u00dfe Finale der XVI. Auflage des Wissenswettbewerbs \u00fcber die Deutsche Minderheit statt. Es war ein besonderer Tag, an dem wir die engagiertesten und am besten vorbereiteten Teilnehmer aus der ganzen Woiwodschaft Oppeln begr\u00fc\u00dfen durften. F\u00fcr das diesj\u00e4hrige [&hellip;]\" \/>\n<meta property=\"og:url\" content=\"https:\/\/skgd.pl\/wielki-final-xvi-konkursu-wiedzy-o-mniejszosci-niemieckiej-w-ozimku\/\" \/>\n<meta property=\"og:site_name\" content=\"Deutsche Minderheit, Sozial-Kulturelle Gesellschaft der Deutschen im Oppelner Schlesien\" \/>\n<meta property=\"article:published_time\" content=\"2026-04-30T10:00:15+00:00\" \/>\n<meta property=\"article:modified_time\" content=\"2026-04-30T09:18:15+00:00\" \/>\n<meta property=\"og:image\" content=\"https:\/\/skgd.pl\/wp-content\/uploads\/2026\/04\/DSC04825-scaled.jpg\" \/>\n\t<meta property=\"og:image:width\" content=\"2560\" \/>\n\t<meta property=\"og:image:height\" content=\"1707\" \/>\n\t<meta property=\"og:image:type\" content=\"image\/jpeg\" \/>\n<meta name=\"twitter:card\" content=\"summary_large_image\" \/>\n<meta name=\"twitter:label1\" content=\"Verfasst von\" \/>\n\t<meta name=\"twitter:data1\" content=\"Anna Koschny\" \/>\n\t<meta name=\"twitter:label2\" content=\"Gesch\u00e4tzte Lesezeit\" \/>\n\t<meta name=\"twitter:data2\" content=\"4\u00a0Minuten\" \/>\n<script type=\"application\/ld+json\" class=\"yoast-schema-graph\">{\"@context\":\"https:\/\/schema.org\",\"@graph\":[{\"@type\":\"WebSite\",\"@id\":\"https:\/\/skgd.pl\/#website\",\"url\":\"https:\/\/skgd.pl\/\",\"name\":\"Deutsche Minderheit, Sozial-Kulturelle Gesellschaft der Deutschen im Oppelner Schlesien\",\"description\":\"Deutsche Minderheit in Polen\",\"potentialAction\":[{\"@type\":\"SearchAction\",\"target\":{\"@type\":\"EntryPoint\",\"urlTemplate\":\"https:\/\/skgd.pl\/?s={search_term_string}\"},\"query-input\":\"required name=search_term_string\"}],\"inLanguage\":\"de\"},{\"@type\":\"ImageObject\",\"inLanguage\":\"de\",\"@id\":\"https:\/\/skgd.pl\/wielki-final-xvi-konkursu-wiedzy-o-mniejszosci-niemieckiej-w-ozimku\/#primaryimage\",\"url\":\"https:\/\/skgd.pl\/wp-content\/uploads\/2026\/04\/DSC04825-scaled.jpg\",\"contentUrl\":\"https:\/\/skgd.pl\/wp-content\/uploads\/2026\/04\/DSC04825-scaled.jpg\",\"width\":2560,\"height\":1707},{\"@type\":\"WebPage\",\"@id\":\"https:\/\/skgd.pl\/wielki-final-xvi-konkursu-wiedzy-o-mniejszosci-niemieckiej-w-ozimku\/#webpage\",\"url\":\"https:\/\/skgd.pl\/wielki-final-xvi-konkursu-wiedzy-o-mniejszosci-niemieckiej-w-ozimku\/\",\"name\":\"Gro\u00dfes Finale des XVI. Wissenswettbewerbs \u00fcber die Deutsche Minderheit in Malapane! - Deutsche Minderheit, Sozial-Kulturelle Gesellschaft der Deutschen im Oppelner Schlesien\",\"isPartOf\":{\"@id\":\"https:\/\/skgd.pl\/#website\"},\"primaryImageOfPage\":{\"@id\":\"https:\/\/skgd.pl\/wielki-final-xvi-konkursu-wiedzy-o-mniejszosci-niemieckiej-w-ozimku\/#primaryimage\"},\"datePublished\":\"2026-04-30T10:00:15+00:00\",\"dateModified\":\"2026-04-30T09:18:15+00:00\",\"author\":{\"@id\":\"https:\/\/skgd.pl\/#\/schema\/person\/3949b133860add46d83a0c68af13c928\"},\"breadcrumb\":{\"@id\":\"https:\/\/skgd.pl\/wielki-final-xvi-konkursu-wiedzy-o-mniejszosci-niemieckiej-w-ozimku\/#breadcrumb\"},\"inLanguage\":\"de\",\"potentialAction\":[{\"@type\":\"ReadAction\",\"target\":[\"https:\/\/skgd.pl\/wielki-final-xvi-konkursu-wiedzy-o-mniejszosci-niemieckiej-w-ozimku\/\"]}]},{\"@type\":\"BreadcrumbList\",\"@id\":\"https:\/\/skgd.pl\/wielki-final-xvi-konkursu-wiedzy-o-mniejszosci-niemieckiej-w-ozimku\/#breadcrumb\",\"itemListElement\":[{\"@type\":\"ListItem\",\"position\":1,\"name\":\"Strona g\u0142\u00f3wna\",\"item\":\"https:\/\/skgd.pl\/\"},{\"@type\":\"ListItem\",\"position\":2,\"name\":\"Wielki Fina\u0142 XVI Konkursu Wiedzy o Mniejszo\u015bci Niemieckiej w Ozimku!\"}]},{\"@type\":\"Person\",\"@id\":\"https:\/\/skgd.pl\/#\/schema\/person\/3949b133860add46d83a0c68af13c928\",\"name\":\"Anna Koschny\",\"image\":{\"@type\":\"ImageObject\",\"inLanguage\":\"de\",\"@id\":\"https:\/\/skgd.pl\/#\/schema\/person\/image\/\",\"url\":\"https:\/\/secure.gravatar.com\/avatar\/4e81b53917072303a83a06648cc779cc?s=96&d=mm&r=g\",\"contentUrl\":\"https:\/\/secure.gravatar.com\/avatar\/4e81b53917072303a83a06648cc779cc?s=96&d=mm&r=g\",\"caption\":\"Anna Koschny\"},\"url\":\"https:\/\/skgd.pl\/de\/author\/anna-koschnyskgd-pl\/\"}]}<\/script>\n<!-- \/ Yoast SEO plugin. -->","yoast_head_json":{"title":"Gro\u00dfes Finale des XVI. Wissenswettbewerbs \u00fcber die Deutsche Minderheit in Malapane! - Deutsche Minderheit, Sozial-Kulturelle Gesellschaft der Deutschen im Oppelner Schlesien","robots":{"index":"index","follow":"follow","max-snippet":"max-snippet:-1","max-image-preview":"max-image-preview:large","max-video-preview":"max-video-preview:-1"},"canonical":"https:\/\/skgd.pl\/wielki-final-xvi-konkursu-wiedzy-o-mniejszosci-niemieckiej-w-ozimku\/","og_locale":"de_DE","og_type":"article","og_title":"Gro\u00dfes Finale des XVI. Wissenswettbewerbs \u00fcber die Deutsche Minderheit in Malapane! - Deutsche Minderheit, Sozial-Kulturelle Gesellschaft der Deutschen im Oppelner Schlesien","og_description":"Am Montag, dem 27. April 2026, wurde Malapane) zum Zentrum der regionalen Bildung und Kultur. Hier fand das gro\u00dfe Finale der XVI. Auflage des Wissenswettbewerbs \u00fcber die Deutsche Minderheit statt. Es war ein besonderer Tag, an dem wir die engagiertesten und am besten vorbereiteten Teilnehmer aus der ganzen Woiwodschaft Oppeln begr\u00fc\u00dfen durften. F\u00fcr das diesj\u00e4hrige [&hellip;]","og_url":"https:\/\/skgd.pl\/wielki-final-xvi-konkursu-wiedzy-o-mniejszosci-niemieckiej-w-ozimku\/","og_site_name":"Deutsche Minderheit, Sozial-Kulturelle Gesellschaft der Deutschen im Oppelner Schlesien","article_published_time":"2026-04-30T10:00:15+00:00","article_modified_time":"2026-04-30T09:18:15+00:00","og_image":[{"width":2560,"height":1707,"url":"https:\/\/skgd.pl\/wp-content\/uploads\/2026\/04\/DSC04825-scaled.jpg","type":"image\/jpeg"}],"twitter_card":"summary_large_image","twitter_misc":{"Verfasst von":"Anna Koschny","Gesch\u00e4tzte Lesezeit":"4\u00a0Minuten"},"schema":{"@context":"https:\/\/schema.org","@graph":[{"@type":"WebSite","@id":"https:\/\/skgd.pl\/#website","url":"https:\/\/skgd.pl\/","name":"Deutsche Minderheit, Sozial-Kulturelle Gesellschaft der Deutschen im Oppelner Schlesien","description":"Deutsche Minderheit in Polen","potentialAction":[{"@type":"SearchAction","target":{"@type":"EntryPoint","urlTemplate":"https:\/\/skgd.pl\/?s={search_term_string}"},"query-input":"required name=search_term_string"}],"inLanguage":"de"},{"@type":"ImageObject","inLanguage":"de","@id":"https:\/\/skgd.pl\/wielki-final-xvi-konkursu-wiedzy-o-mniejszosci-niemieckiej-w-ozimku\/#primaryimage","url":"https:\/\/skgd.pl\/wp-content\/uploads\/2026\/04\/DSC04825-scaled.jpg","contentUrl":"https:\/\/skgd.pl\/wp-content\/uploads\/2026\/04\/DSC04825-scaled.jpg","width":2560,"height":1707},{"@type":"WebPage","@id":"https:\/\/skgd.pl\/wielki-final-xvi-konkursu-wiedzy-o-mniejszosci-niemieckiej-w-ozimku\/#webpage","url":"https:\/\/skgd.pl\/wielki-final-xvi-konkursu-wiedzy-o-mniejszosci-niemieckiej-w-ozimku\/","name":"Gro\u00dfes Finale des XVI. Wissenswettbewerbs \u00fcber die Deutsche Minderheit in Malapane! - Deutsche Minderheit, Sozial-Kulturelle Gesellschaft der Deutschen im Oppelner Schlesien","isPartOf":{"@id":"https:\/\/skgd.pl\/#website"},"primaryImageOfPage":{"@id":"https:\/\/skgd.pl\/wielki-final-xvi-konkursu-wiedzy-o-mniejszosci-niemieckiej-w-ozimku\/#primaryimage"},"datePublished":"2026-04-30T10:00:15+00:00","dateModified":"2026-04-30T09:18:15+00:00","author":{"@id":"https:\/\/skgd.pl\/#\/schema\/person\/3949b133860add46d83a0c68af13c928"},"breadcrumb":{"@id":"https:\/\/skgd.pl\/wielki-final-xvi-konkursu-wiedzy-o-mniejszosci-niemieckiej-w-ozimku\/#breadcrumb"},"inLanguage":"de","potentialAction":[{"@type":"ReadAction","target":["https:\/\/skgd.pl\/wielki-final-xvi-konkursu-wiedzy-o-mniejszosci-niemieckiej-w-ozimku\/"]}]},{"@type":"BreadcrumbList","@id":"https:\/\/skgd.pl\/wielki-final-xvi-konkursu-wiedzy-o-mniejszosci-niemieckiej-w-ozimku\/#breadcrumb","itemListElement":[{"@type":"ListItem","position":1,"name":"Strona g\u0142\u00f3wna","item":"https:\/\/skgd.pl\/"},{"@type":"ListItem","position":2,"name":"Wielki Fina\u0142 XVI Konkursu Wiedzy o Mniejszo\u015bci Niemieckiej w Ozimku!"}]},{"@type":"Person","@id":"https:\/\/skgd.pl\/#\/schema\/person\/3949b133860add46d83a0c68af13c928","name":"Anna Koschny","image":{"@type":"ImageObject","inLanguage":"de","@id":"https:\/\/skgd.pl\/#\/schema\/person\/image\/","url":"https:\/\/secure.gravatar.com\/avatar\/4e81b53917072303a83a06648cc779cc?s=96&d=mm&r=g","contentUrl":"https:\/\/secure.gravatar.com\/avatar\/4e81b53917072303a83a06648cc779cc?s=96&d=mm&r=g","caption":"Anna Koschny"},"url":"https:\/\/skgd.pl\/de\/author\/anna-koschnyskgd-pl\/"}]}},"_links":{"self":[{"href":"https:\/\/skgd.pl\/de\/wp-json\/wp\/v2\/posts\/38150","targetHints":{"allow":["GET"]}}],"collection":[{"href":"https:\/\/skgd.pl\/de\/wp-json\/wp\/v2\/posts"}],"about":[{"href":"https:\/\/skgd.pl\/de\/wp-json\/wp\/v2\/types\/post"}],"author":[{"embeddable":true,"href":"https:\/\/skgd.pl\/de\/wp-json\/wp\/v2\/users\/20"}],"replies":[{"embeddable":true,"href":"https:\/\/skgd.pl\/de\/wp-json\/wp\/v2\/comments?post=38150"}],"version-history":[{"count":5,"href":"https:\/\/skgd.pl\/de\/wp-json\/wp\/v2\/posts\/38150\/revisions"}],"predecessor-version":[{"id":38164,"href":"https:\/\/skgd.pl\/de\/wp-json\/wp\/v2\/posts\/38150\/revisions\/38164"}],"wp:featuredmedia":[{"embeddable":true,"href":"https:\/\/skgd.pl\/de\/wp-json\/wp\/v2\/media\/38159"}],"wp:attachment":[{"href":"https:\/\/skgd.pl\/de\/wp-json\/wp\/v2\/media?parent=38150"}],"wp:term":[{"taxonomy":"category","embeddable":true,"href":"https:\/\/skgd.pl\/de\/wp-json\/wp\/v2\/categories?post=38150"},{"taxonomy":"post_tag","embeddable":true,"href":"https:\/\/skgd.pl\/de\/wp-json\/wp\/v2\/tags?post=38150"}],"curies":[{"name":"wp","href":"https:\/\/api.w.org\/{rel}","templated":true}]}}