{"id":38135,"date":"2026-04-29T20:58:54","date_gmt":"2026-04-29T18:58:54","guid":{"rendered":"https:\/\/skgd.pl\/?p=38135"},"modified":"2026-04-29T20:58:54","modified_gmt":"2026-04-29T18:58:54","slug":"zaproszenie-do-udzialu-w-xxxiv-przegladzie-orkiestr-mniejszosci-niemieckiej-lesnica-2026","status":"publish","type":"post","link":"https:\/\/skgd.pl\/de\/zaproszenie-do-udzialu-w-xxxiv-przegladzie-orkiestr-mniejszosci-niemieckiej-lesnica-2026\/","title":{"rendered":"Einladung zur XXXIV. Review der Blasorchester der Deutschen Minderheit"},"content":{"rendered":"<p>Sehr geehrte Kapellmeister, sehr geehrte Orchesterleiter,<\/p>\n<p>die Schlesische Kommunalvereinigung organisiert in Zusammenarbeit mit dem Kultur- und Freizeitzentrum Leschnitz bereits zum 34. Mal die Review der Blasorchester der Deutschen Minderheit Leschnitz 2026.<\/p>\n<p>Die Veranstaltung findet am 14. Juni 2026 (Sonntag) in Lichinia (Gemeinde Leschnitz) statt. Die Auftritte werden in einem Festzelt auf dem Sportplatz ausgetragen.<\/p>\n<p>Wir laden Ihr Orchester herzlich ein, an diesem kulturellen Ereignis teilzunehmen.<\/p>\n<p>Bitte senden Sie die ausgef\u00fcllten Unterlagen bis zum 13. Mai 2026 an folgende Adresse:<\/p>\n<p>Schlesische Kommunalvereinigung<br \/>\nul. 1 Maja 9<br \/>\n47-150 Le\u015bnica \/ Leschnitz<\/p>\n<p>oder per E-Mail an:<br \/>\nbiuro@stowarzyszenie.lesnica.pl<\/p>\n<p>F\u00fcr weitere Informationen zur Veranstaltung steht Ihnen Frau Aurelia Apostel unter der Telefonnummer 77\/463 9821 oder per E-Mail unter biuro@stowarzyszenie.lesnica.pl gerne zur Verf\u00fcgung.<\/p>","protected":false},"excerpt":{"rendered":"<p>Sehr geehrte Kapellmeister, sehr geehrte Orchesterleiter, die Schlesische Kommunalvereinigung organisiert in Zusammenarbeit mit dem Kultur- und Freizeitzentrum Leschnitz bereits zum 34. Mal die Review der Blasorchester der Deutschen Minderheit Leschnitz 2026. Die Veranstaltung findet am 14. Juni 2026 (Sonntag) in Lichinia (Gemeinde Leschnitz) statt. Die Auftritte werden in einem Festzelt auf dem Sportplatz ausgetragen. Wir [&hellip;]<\/p>\n","protected":false},"author":20,"featured_media":38154,"comment_status":"closed","ping_status":"closed","sticky":false,"template":"","format":"standard","meta":{"footnotes":""},"categories":[1],"tags":[],"class_list":["post-38135","post","type-post","status-publish","format-standard","has-post-thumbnail","hentry","category-aktualnosci"],"yoast_head":"<!-- This site is optimized with the Yoast SEO plugin v18.9 - https:\/\/yoast.com\/wordpress\/plugins\/seo\/ -->\n<title>Einladung zur XXXIV. Review der Blasorchester der Deutschen Minderheit - Deutsche Minderheit, Sozial-Kulturelle Gesellschaft der Deutschen im Oppelner Schlesien<\/title>\n<meta name=\"robots\" content=\"index, follow, max-snippet:-1, max-image-preview:large, max-video-preview:-1\" \/>\n<link rel=\"canonical\" href=\"https:\/\/skgd.pl\/zaproszenie-do-udzialu-w-xxxiv-przegladzie-orkiestr-mniejszosci-niemieckiej-lesnica-2026\/\" \/>\n<meta property=\"og:locale\" content=\"de_DE\" \/>\n<meta property=\"og:type\" content=\"article\" \/>\n<meta property=\"og:title\" content=\"Einladung zur XXXIV. Review der Blasorchester der Deutschen Minderheit - Deutsche Minderheit, Sozial-Kulturelle Gesellschaft der Deutschen im Oppelner Schlesien\" \/>\n<meta property=\"og:description\" content=\"Sehr geehrte Kapellmeister, sehr geehrte Orchesterleiter, die Schlesische Kommunalvereinigung organisiert in Zusammenarbeit mit dem Kultur- und Freizeitzentrum Leschnitz bereits zum 34. Mal die Review der Blasorchester der Deutschen Minderheit Leschnitz 2026. Die Veranstaltung findet am 14. Juni 2026 (Sonntag) in Lichinia (Gemeinde Leschnitz) statt. Die Auftritte werden in einem Festzelt auf dem Sportplatz ausgetragen. Wir [&hellip;]\" \/>\n<meta property=\"og:url\" content=\"https:\/\/skgd.pl\/zaproszenie-do-udzialu-w-xxxiv-przegladzie-orkiestr-mniejszosci-niemieckiej-lesnica-2026\/\" \/>\n<meta property=\"og:site_name\" content=\"Deutsche Minderheit, Sozial-Kulturelle Gesellschaft der Deutschen im Oppelner Schlesien\" \/>\n<meta property=\"article:published_time\" content=\"2026-04-29T18:58:54+00:00\" \/>\n<meta property=\"og:image\" content=\"https:\/\/skgd.pl\/wp-content\/uploads\/2026\/04\/obrazek.jpg\" \/>\n\t<meta property=\"og:image:width\" content=\"732\" \/>\n\t<meta property=\"og:image:height\" content=\"380\" \/>\n\t<meta property=\"og:image:type\" content=\"image\/jpeg\" \/>\n<meta name=\"twitter:card\" content=\"summary_large_image\" \/>\n<meta name=\"twitter:label1\" content=\"Verfasst von\" \/>\n\t<meta name=\"twitter:data1\" content=\"Anna Koschny\" \/>\n\t<meta name=\"twitter:label2\" content=\"Gesch\u00e4tzte Lesezeit\" \/>\n\t<meta name=\"twitter:data2\" content=\"1\u00a0Minute\" \/>\n<script type=\"application\/ld+json\" class=\"yoast-schema-graph\">{\"@context\":\"https:\/\/schema.org\",\"@graph\":[{\"@type\":\"WebSite\",\"@id\":\"https:\/\/skgd.pl\/#website\",\"url\":\"https:\/\/skgd.pl\/\",\"name\":\"Deutsche Minderheit, Sozial-Kulturelle Gesellschaft der Deutschen im Oppelner Schlesien\",\"description\":\"Deutsche Minderheit in Polen\",\"potentialAction\":[{\"@type\":\"SearchAction\",\"target\":{\"@type\":\"EntryPoint\",\"urlTemplate\":\"https:\/\/skgd.pl\/?s={search_term_string}\"},\"query-input\":\"required name=search_term_string\"}],\"inLanguage\":\"de\"},{\"@type\":\"ImageObject\",\"inLanguage\":\"de\",\"@id\":\"https:\/\/skgd.pl\/zaproszenie-do-udzialu-w-xxxiv-przegladzie-orkiestr-mniejszosci-niemieckiej-lesnica-2026\/#primaryimage\",\"url\":\"https:\/\/skgd.pl\/wp-content\/uploads\/2026\/04\/obrazek.jpg\",\"contentUrl\":\"https:\/\/skgd.pl\/wp-content\/uploads\/2026\/04\/obrazek.jpg\",\"width\":732,\"height\":380},{\"@type\":\"WebPage\",\"@id\":\"https:\/\/skgd.pl\/zaproszenie-do-udzialu-w-xxxiv-przegladzie-orkiestr-mniejszosci-niemieckiej-lesnica-2026\/#webpage\",\"url\":\"https:\/\/skgd.pl\/zaproszenie-do-udzialu-w-xxxiv-przegladzie-orkiestr-mniejszosci-niemieckiej-lesnica-2026\/\",\"name\":\"Einladung zur XXXIV. Review der Blasorchester der Deutschen Minderheit - Deutsche Minderheit, Sozial-Kulturelle Gesellschaft der Deutschen im Oppelner Schlesien\",\"isPartOf\":{\"@id\":\"https:\/\/skgd.pl\/#website\"},\"primaryImageOfPage\":{\"@id\":\"https:\/\/skgd.pl\/zaproszenie-do-udzialu-w-xxxiv-przegladzie-orkiestr-mniejszosci-niemieckiej-lesnica-2026\/#primaryimage\"},\"datePublished\":\"2026-04-29T18:58:54+00:00\",\"dateModified\":\"2026-04-29T18:58:54+00:00\",\"author\":{\"@id\":\"https:\/\/skgd.pl\/#\/schema\/person\/3949b133860add46d83a0c68af13c928\"},\"breadcrumb\":{\"@id\":\"https:\/\/skgd.pl\/zaproszenie-do-udzialu-w-xxxiv-przegladzie-orkiestr-mniejszosci-niemieckiej-lesnica-2026\/#breadcrumb\"},\"inLanguage\":\"de\",\"potentialAction\":[{\"@type\":\"ReadAction\",\"target\":[\"https:\/\/skgd.pl\/zaproszenie-do-udzialu-w-xxxiv-przegladzie-orkiestr-mniejszosci-niemieckiej-lesnica-2026\/\"]}]},{\"@type\":\"BreadcrumbList\",\"@id\":\"https:\/\/skgd.pl\/zaproszenie-do-udzialu-w-xxxiv-przegladzie-orkiestr-mniejszosci-niemieckiej-lesnica-2026\/#breadcrumb\",\"itemListElement\":[{\"@type\":\"ListItem\",\"position\":1,\"name\":\"Strona g\u0142\u00f3wna\",\"item\":\"https:\/\/skgd.pl\/\"},{\"@type\":\"ListItem\",\"position\":2,\"name\":\"Zaproszenie do udzia\u0142u w XXXIV Przegl\u0105dzie Orkiestr Mniejszo\u015bci Niemieckiej Le\u015bnica 2026\"}]},{\"@type\":\"Person\",\"@id\":\"https:\/\/skgd.pl\/#\/schema\/person\/3949b133860add46d83a0c68af13c928\",\"name\":\"Anna Koschny\",\"image\":{\"@type\":\"ImageObject\",\"inLanguage\":\"de\",\"@id\":\"https:\/\/skgd.pl\/#\/schema\/person\/image\/\",\"url\":\"https:\/\/secure.gravatar.com\/avatar\/4e81b53917072303a83a06648cc779cc?s=96&d=mm&r=g\",\"contentUrl\":\"https:\/\/secure.gravatar.com\/avatar\/4e81b53917072303a83a06648cc779cc?s=96&d=mm&r=g\",\"caption\":\"Anna Koschny\"},\"url\":\"https:\/\/skgd.pl\/de\/author\/anna-koschnyskgd-pl\/\"}]}<\/script>\n<!-- \/ Yoast SEO plugin. -->","yoast_head_json":{"title":"Einladung zur XXXIV. Review der Blasorchester der Deutschen Minderheit - Deutsche Minderheit, Sozial-Kulturelle Gesellschaft der Deutschen im Oppelner Schlesien","robots":{"index":"index","follow":"follow","max-snippet":"max-snippet:-1","max-image-preview":"max-image-preview:large","max-video-preview":"max-video-preview:-1"},"canonical":"https:\/\/skgd.pl\/zaproszenie-do-udzialu-w-xxxiv-przegladzie-orkiestr-mniejszosci-niemieckiej-lesnica-2026\/","og_locale":"de_DE","og_type":"article","og_title":"Einladung zur XXXIV. Review der Blasorchester der Deutschen Minderheit - Deutsche Minderheit, Sozial-Kulturelle Gesellschaft der Deutschen im Oppelner Schlesien","og_description":"Sehr geehrte Kapellmeister, sehr geehrte Orchesterleiter, die Schlesische Kommunalvereinigung organisiert in Zusammenarbeit mit dem Kultur- und Freizeitzentrum Leschnitz bereits zum 34. Mal die Review der Blasorchester der Deutschen Minderheit Leschnitz 2026. Die Veranstaltung findet am 14. Juni 2026 (Sonntag) in Lichinia (Gemeinde Leschnitz) statt. Die Auftritte werden in einem Festzelt auf dem Sportplatz ausgetragen. Wir [&hellip;]","og_url":"https:\/\/skgd.pl\/zaproszenie-do-udzialu-w-xxxiv-przegladzie-orkiestr-mniejszosci-niemieckiej-lesnica-2026\/","og_site_name":"Deutsche Minderheit, Sozial-Kulturelle Gesellschaft der Deutschen im Oppelner Schlesien","article_published_time":"2026-04-29T18:58:54+00:00","og_image":[{"width":732,"height":380,"url":"https:\/\/skgd.pl\/wp-content\/uploads\/2026\/04\/obrazek.jpg","type":"image\/jpeg"}],"twitter_card":"summary_large_image","twitter_misc":{"Verfasst von":"Anna Koschny","Gesch\u00e4tzte Lesezeit":"1\u00a0Minute"},"schema":{"@context":"https:\/\/schema.org","@graph":[{"@type":"WebSite","@id":"https:\/\/skgd.pl\/#website","url":"https:\/\/skgd.pl\/","name":"Deutsche Minderheit, Sozial-Kulturelle Gesellschaft der Deutschen im Oppelner Schlesien","description":"Deutsche Minderheit in Polen","potentialAction":[{"@type":"SearchAction","target":{"@type":"EntryPoint","urlTemplate":"https:\/\/skgd.pl\/?s={search_term_string}"},"query-input":"required name=search_term_string"}],"inLanguage":"de"},{"@type":"ImageObject","inLanguage":"de","@id":"https:\/\/skgd.pl\/zaproszenie-do-udzialu-w-xxxiv-przegladzie-orkiestr-mniejszosci-niemieckiej-lesnica-2026\/#primaryimage","url":"https:\/\/skgd.pl\/wp-content\/uploads\/2026\/04\/obrazek.jpg","contentUrl":"https:\/\/skgd.pl\/wp-content\/uploads\/2026\/04\/obrazek.jpg","width":732,"height":380},{"@type":"WebPage","@id":"https:\/\/skgd.pl\/zaproszenie-do-udzialu-w-xxxiv-przegladzie-orkiestr-mniejszosci-niemieckiej-lesnica-2026\/#webpage","url":"https:\/\/skgd.pl\/zaproszenie-do-udzialu-w-xxxiv-przegladzie-orkiestr-mniejszosci-niemieckiej-lesnica-2026\/","name":"Einladung zur XXXIV. Review der Blasorchester der Deutschen Minderheit - Deutsche Minderheit, Sozial-Kulturelle Gesellschaft der Deutschen im Oppelner Schlesien","isPartOf":{"@id":"https:\/\/skgd.pl\/#website"},"primaryImageOfPage":{"@id":"https:\/\/skgd.pl\/zaproszenie-do-udzialu-w-xxxiv-przegladzie-orkiestr-mniejszosci-niemieckiej-lesnica-2026\/#primaryimage"},"datePublished":"2026-04-29T18:58:54+00:00","dateModified":"2026-04-29T18:58:54+00:00","author":{"@id":"https:\/\/skgd.pl\/#\/schema\/person\/3949b133860add46d83a0c68af13c928"},"breadcrumb":{"@id":"https:\/\/skgd.pl\/zaproszenie-do-udzialu-w-xxxiv-przegladzie-orkiestr-mniejszosci-niemieckiej-lesnica-2026\/#breadcrumb"},"inLanguage":"de","potentialAction":[{"@type":"ReadAction","target":["https:\/\/skgd.pl\/zaproszenie-do-udzialu-w-xxxiv-przegladzie-orkiestr-mniejszosci-niemieckiej-lesnica-2026\/"]}]},{"@type":"BreadcrumbList","@id":"https:\/\/skgd.pl\/zaproszenie-do-udzialu-w-xxxiv-przegladzie-orkiestr-mniejszosci-niemieckiej-lesnica-2026\/#breadcrumb","itemListElement":[{"@type":"ListItem","position":1,"name":"Strona g\u0142\u00f3wna","item":"https:\/\/skgd.pl\/"},{"@type":"ListItem","position":2,"name":"Zaproszenie do udzia\u0142u w XXXIV Przegl\u0105dzie Orkiestr Mniejszo\u015bci Niemieckiej Le\u015bnica 2026"}]},{"@type":"Person","@id":"https:\/\/skgd.pl\/#\/schema\/person\/3949b133860add46d83a0c68af13c928","name":"Anna Koschny","image":{"@type":"ImageObject","inLanguage":"de","@id":"https:\/\/skgd.pl\/#\/schema\/person\/image\/","url":"https:\/\/secure.gravatar.com\/avatar\/4e81b53917072303a83a06648cc779cc?s=96&d=mm&r=g","contentUrl":"https:\/\/secure.gravatar.com\/avatar\/4e81b53917072303a83a06648cc779cc?s=96&d=mm&r=g","caption":"Anna Koschny"},"url":"https:\/\/skgd.pl\/de\/author\/anna-koschnyskgd-pl\/"}]}},"_links":{"self":[{"href":"https:\/\/skgd.pl\/de\/wp-json\/wp\/v2\/posts\/38135","targetHints":{"allow":["GET"]}}],"collection":[{"href":"https:\/\/skgd.pl\/de\/wp-json\/wp\/v2\/posts"}],"about":[{"href":"https:\/\/skgd.pl\/de\/wp-json\/wp\/v2\/types\/post"}],"author":[{"embeddable":true,"href":"https:\/\/skgd.pl\/de\/wp-json\/wp\/v2\/users\/20"}],"replies":[{"embeddable":true,"href":"https:\/\/skgd.pl\/de\/wp-json\/wp\/v2\/comments?post=38135"}],"version-history":[{"count":1,"href":"https:\/\/skgd.pl\/de\/wp-json\/wp\/v2\/posts\/38135\/revisions"}],"predecessor-version":[{"id":38141,"href":"https:\/\/skgd.pl\/de\/wp-json\/wp\/v2\/posts\/38135\/revisions\/38141"}],"wp:featuredmedia":[{"embeddable":true,"href":"https:\/\/skgd.pl\/de\/wp-json\/wp\/v2\/media\/38154"}],"wp:attachment":[{"href":"https:\/\/skgd.pl\/de\/wp-json\/wp\/v2\/media?parent=38135"}],"wp:term":[{"taxonomy":"category","embeddable":true,"href":"https:\/\/skgd.pl\/de\/wp-json\/wp\/v2\/categories?post=38135"},{"taxonomy":"post_tag","embeddable":true,"href":"https:\/\/skgd.pl\/de\/wp-json\/wp\/v2\/tags?post=38135"}],"curies":[{"name":"wp","href":"https:\/\/api.w.org\/{rel}","templated":true}]}}