{"id":38128,"date":"2026-04-28T10:24:34","date_gmt":"2026-04-28T08:24:34","guid":{"rendered":"https:\/\/skgd.pl\/?p=38128"},"modified":"2026-04-28T10:24:34","modified_gmt":"2026-04-28T08:24:34","slug":"bjdm-rusza-z-zapisami-do-6-edycji-jugendpunkt","status":"publish","type":"post","link":"https:\/\/skgd.pl\/de\/bjdm-rusza-z-zapisami-do-6-edycji-jugendpunkt\/","title":{"rendered":"BJDM startet die Anmeldung f\u00fcr die 6. Edition von Jugendpunkt!"},"content":{"rendered":"<p><\/p>\n<p data-path-to-node=\"3\">Wir freuen uns, euch mitteilen zu k\u00f6nnen, dass der <b data-path-to-node=\"3\" data-index-in-node=\"51\">Bund der Jugend der Deutschen Minderheit (BJDM)<\/b> die sechste Edition seines Erfolgsprojekts Jugendpunkt einl\u00e4utet! Es ist Zeit f\u00fcr au\u00dfergew\u00f6hnliche Begegnungen, kreative Workshops und neue Energie in euren Orten.<\/p>\n<p data-path-to-node=\"4\">Wir unterst\u00fctzen den BJDM bei der Bewerbung und laden euch herzlich zur Teilnahme ein!<\/p>\n<p data-path-to-node=\"6\">Das Projekt startet an der <b data-path-to-node=\"6\" data-index-in-node=\"27\">Wende von April zu Mai<\/b>.&nbsp;<\/p>\n<p data-path-to-node=\"8\">In dieser Edition besucht Jugendpunkt gleich <b data-path-to-node=\"8\" data-index-in-node=\"45\">20 Standorte<\/b> in vier Woiwodschaften. Schau nach, ob wir auch bei dir in der N\u00e4he sind!<\/p>\n<ul data-path-to-node=\"9\">\n<li>\n<p data-path-to-node=\"9,0,0\"><b data-path-to-node=\"9,0,0\" data-index-in-node=\"0\">Oppeln (Opolskie):<\/b> Oppeln (Zentrum), Oppeln (Czarnowanz), Gorek, Zl\u00f6nitz, Ellguth Turawa, Chronstau, Kreuzthal, Boritsch, Colonnowska, Guttentag, Leschnitz, Arnoldsdorf, Bischdorf, Kuhnau.<\/p>\n<\/li>\n<li>\n<p data-path-to-node=\"9,1,0\"><b data-path-to-node=\"9,1,0\" data-index-in-node=\"0\">Schlesien (\u015al\u0105skie):<\/b> Beuthen, Broslawitz, Birawa (Solarnia).<\/p>\n<\/li>\n<li>\n<p data-path-to-node=\"9,2,0\"><b data-path-to-node=\"9,2,0\" data-index-in-node=\"0\">Niederschlesien (Dolno\u015bl\u0105skie):<\/b> Glatz.<\/p>\n<\/li>\n<li>\n<p data-path-to-node=\"9,3,0\"><b data-path-to-node=\"9,3,0\" data-index-in-node=\"0\">Ermland-Masuren (Warmi\u0144sko-Mazurskie):<\/b> Allenstein, Heilsberg.<\/p>\n<\/li>\n<\/ul>\n<h3 data-path-to-node=\"10\">\ud83c\udf92 F\u00fcr wen?<\/h3>\n<p data-path-to-node=\"11\">Wir laden Kinder und Jugendliche im Alter von <b data-path-to-node=\"11\" data-index-in-node=\"46\">12 bis 16 Jahren<\/b> ein, die Lust haben, ihre Zeit auf interessante und aktive Weise zu verbringen.<\/p>\n<h3 data-path-to-node=\"12\">\ud83d\udcdd Wie melde ich mich an?<\/h3>\n<p data-path-to-node=\"13\">In vielen Orten (auf dem Plakat mit <b data-path-to-node=\"13\" data-index-in-node=\"36\">ZAPISY! \/ ANMELDUNGEN!<\/b> markiert) l\u00e4uft die Rekrutierung bereits. Anmeldungen k\u00f6nnt ihr per E-Mail oder \u00fcber die Social-Media-Kan\u00e4le (Facebook\/Instagram) des BJDM senden.<\/p>\n<p data-path-to-node=\"14\"><b data-path-to-node=\"14\" data-index-in-node=\"0\">Bitte gebt in der Nachricht folgende Daten an:<\/b><\/p>\n<ul data-path-to-node=\"15\">\n<li>\n<p data-path-to-node=\"15,0,0\">Vor- und Nachname<\/p>\n<\/li>\n<li>\n<p data-path-to-node=\"15,1,0\">Geburtsdatum der teilnehmenden Person<\/p>\n<\/li>\n<li>\n<p data-path-to-node=\"15,2,0\">Wohnort<\/p>\n<\/li>\n<li>\n<p data-path-to-node=\"15,3,0\">Kontakttelefonnummer<\/p>\n<\/li>\n<\/ul>\n<p data-path-to-node=\"16\">\ud83d\udce7 <b data-path-to-node=\"16\" data-index-in-node=\"3\">E-Mail f\u00fcr Anmeldungen:<\/b> <code data-path-to-node=\"16\" data-index-in-node=\"27\">jugendpunkt.bjdm@gmail.com<\/code><\/p>\n<p data-path-to-node=\"18\"><b data-path-to-node=\"18\" data-index-in-node=\"0\">Organisatoren und Partner:<\/b> Das Projekt wird vom <b data-path-to-node=\"18\" data-index-in-node=\"48\">BJDM (Jugend der Deutschen Minderheit)<\/b> realisiert, mit Unterst\u00fctzung von:<\/p>\n<ul data-path-to-node=\"19\">\n<li>\n<p data-path-to-node=\"19,0,0\">VdG (Verband der deutschen sozial-kulturellen Gesellschaften in Polen)<\/p>\n<\/li>\n<li>\n<p data-path-to-node=\"19,1,0\">Bundesministerium des Innern und f\u00fcr Heimat (BMI)<\/p>\n<\/li>\n<li>\n<p data-path-to-node=\"19,2,0\">Ministerium f\u00fcr Inneres und Verwaltung (MSWiA)<\/p>\n<\/li>\n<li>\n<p data-path-to-node=\"19,3,0\">Gemeinde Leschnitz<\/p>\n<\/li>\n<\/ul>\n<blockquote data-path-to-node=\"20\">\n<p data-path-to-node=\"20,0\"><b data-path-to-node=\"20,0\" data-index-in-node=\"0\">Finanzierung:<\/b> Das Projekt wird mit Mitteln des Bundesministeriums des Innern durch den Verband der deutschen sozial-kulturellen Gesellschaften in Polen finanziert.<\/p>\n<\/blockquote>\n<p><\/p>","protected":false},"excerpt":{"rendered":"<p>Wir freuen uns, euch mitteilen zu k\u00f6nnen, dass der Bund der Jugend der Deutschen Minderheit (BJDM) die sechste Edition seines Erfolgsprojekts Jugendpunkt einl\u00e4utet! Es ist Zeit f\u00fcr au\u00dfergew\u00f6hnliche Begegnungen, kreative Workshops und neue Energie in euren Orten. Wir unterst\u00fctzen den BJDM bei der Bewerbung und laden euch herzlich zur Teilnahme ein! Das Projekt startet an [&hellip;]<\/p>\n","protected":false},"author":20,"featured_media":38129,"comment_status":"closed","ping_status":"closed","sticky":false,"template":"","format":"standard","meta":{"footnotes":""},"categories":[1],"tags":[],"class_list":["post-38128","post","type-post","status-publish","format-standard","has-post-thumbnail","hentry","category-aktualnosci"],"yoast_head":"<!-- This site is optimized with the Yoast SEO plugin v18.9 - https:\/\/yoast.com\/wordpress\/plugins\/seo\/ -->\n<title>BJDM startet die Anmeldung f\u00fcr die 6. Edition von Jugendpunkt! - Deutsche Minderheit, Sozial-Kulturelle Gesellschaft der Deutschen im Oppelner Schlesien<\/title>\n<meta name=\"robots\" content=\"index, follow, max-snippet:-1, max-image-preview:large, max-video-preview:-1\" \/>\n<link rel=\"canonical\" href=\"https:\/\/skgd.pl\/bjdm-rusza-z-zapisami-do-6-edycji-jugendpunkt\/\" \/>\n<meta property=\"og:locale\" content=\"de_DE\" \/>\n<meta property=\"og:type\" content=\"article\" \/>\n<meta property=\"og:title\" content=\"BJDM startet die Anmeldung f\u00fcr die 6. Edition von Jugendpunkt! - Deutsche Minderheit, Sozial-Kulturelle Gesellschaft der Deutschen im Oppelner Schlesien\" \/>\n<meta property=\"og:description\" content=\"Wir freuen uns, euch mitteilen zu k\u00f6nnen, dass der Bund der Jugend der Deutschen Minderheit (BJDM) die sechste Edition seines Erfolgsprojekts Jugendpunkt einl\u00e4utet! Es ist Zeit f\u00fcr au\u00dfergew\u00f6hnliche Begegnungen, kreative Workshops und neue Energie in euren Orten. Wir unterst\u00fctzen den BJDM bei der Bewerbung und laden euch herzlich zur Teilnahme ein! Das Projekt startet an [&hellip;]\" \/>\n<meta property=\"og:url\" content=\"https:\/\/skgd.pl\/bjdm-rusza-z-zapisami-do-6-edycji-jugendpunkt\/\" \/>\n<meta property=\"og:site_name\" content=\"Deutsche Minderheit, Sozial-Kulturelle Gesellschaft der Deutschen im Oppelner Schlesien\" \/>\n<meta property=\"article:published_time\" content=\"2026-04-28T08:24:34+00:00\" \/>\n<meta property=\"og:image\" content=\"https:\/\/skgd.pl\/wp-content\/uploads\/2026\/04\/679573054_1278624431140737_4568430081263914558_n.jpg\" \/>\n\t<meta property=\"og:image:width\" content=\"1200\" \/>\n\t<meta property=\"og:image:height\" content=\"628\" \/>\n\t<meta property=\"og:image:type\" content=\"image\/jpeg\" \/>\n<meta name=\"twitter:card\" content=\"summary_large_image\" \/>\n<meta name=\"twitter:label1\" content=\"Verfasst von\" \/>\n\t<meta name=\"twitter:data1\" content=\"Anna Koschny\" \/>\n\t<meta name=\"twitter:label2\" content=\"Gesch\u00e4tzte Lesezeit\" \/>\n\t<meta name=\"twitter:data2\" content=\"3\u00a0Minuten\" \/>\n<script type=\"application\/ld+json\" class=\"yoast-schema-graph\">{\"@context\":\"https:\/\/schema.org\",\"@graph\":[{\"@type\":\"WebSite\",\"@id\":\"https:\/\/skgd.pl\/#website\",\"url\":\"https:\/\/skgd.pl\/\",\"name\":\"Deutsche Minderheit, Sozial-Kulturelle Gesellschaft der Deutschen im Oppelner Schlesien\",\"description\":\"Deutsche Minderheit in Polen\",\"potentialAction\":[{\"@type\":\"SearchAction\",\"target\":{\"@type\":\"EntryPoint\",\"urlTemplate\":\"https:\/\/skgd.pl\/?s={search_term_string}\"},\"query-input\":\"required name=search_term_string\"}],\"inLanguage\":\"de\"},{\"@type\":\"ImageObject\",\"inLanguage\":\"de\",\"@id\":\"https:\/\/skgd.pl\/bjdm-rusza-z-zapisami-do-6-edycji-jugendpunkt\/#primaryimage\",\"url\":\"https:\/\/skgd.pl\/wp-content\/uploads\/2026\/04\/679573054_1278624431140737_4568430081263914558_n.jpg\",\"contentUrl\":\"https:\/\/skgd.pl\/wp-content\/uploads\/2026\/04\/679573054_1278624431140737_4568430081263914558_n.jpg\",\"width\":1200,\"height\":628},{\"@type\":\"WebPage\",\"@id\":\"https:\/\/skgd.pl\/bjdm-rusza-z-zapisami-do-6-edycji-jugendpunkt\/#webpage\",\"url\":\"https:\/\/skgd.pl\/bjdm-rusza-z-zapisami-do-6-edycji-jugendpunkt\/\",\"name\":\"BJDM startet die Anmeldung f\u00fcr die 6. Edition von Jugendpunkt! - Deutsche Minderheit, Sozial-Kulturelle Gesellschaft der Deutschen im Oppelner Schlesien\",\"isPartOf\":{\"@id\":\"https:\/\/skgd.pl\/#website\"},\"primaryImageOfPage\":{\"@id\":\"https:\/\/skgd.pl\/bjdm-rusza-z-zapisami-do-6-edycji-jugendpunkt\/#primaryimage\"},\"datePublished\":\"2026-04-28T08:24:34+00:00\",\"dateModified\":\"2026-04-28T08:24:34+00:00\",\"author\":{\"@id\":\"https:\/\/skgd.pl\/#\/schema\/person\/3949b133860add46d83a0c68af13c928\"},\"breadcrumb\":{\"@id\":\"https:\/\/skgd.pl\/bjdm-rusza-z-zapisami-do-6-edycji-jugendpunkt\/#breadcrumb\"},\"inLanguage\":\"de\",\"potentialAction\":[{\"@type\":\"ReadAction\",\"target\":[\"https:\/\/skgd.pl\/bjdm-rusza-z-zapisami-do-6-edycji-jugendpunkt\/\"]}]},{\"@type\":\"BreadcrumbList\",\"@id\":\"https:\/\/skgd.pl\/bjdm-rusza-z-zapisami-do-6-edycji-jugendpunkt\/#breadcrumb\",\"itemListElement\":[{\"@type\":\"ListItem\",\"position\":1,\"name\":\"Strona g\u0142\u00f3wna\",\"item\":\"https:\/\/skgd.pl\/\"},{\"@type\":\"ListItem\",\"position\":2,\"name\":\"BJDM rusza z zapisami do 6. edycji Jugendpunkt!\"}]},{\"@type\":\"Person\",\"@id\":\"https:\/\/skgd.pl\/#\/schema\/person\/3949b133860add46d83a0c68af13c928\",\"name\":\"Anna Koschny\",\"image\":{\"@type\":\"ImageObject\",\"inLanguage\":\"de\",\"@id\":\"https:\/\/skgd.pl\/#\/schema\/person\/image\/\",\"url\":\"https:\/\/secure.gravatar.com\/avatar\/4e81b53917072303a83a06648cc779cc?s=96&d=mm&r=g\",\"contentUrl\":\"https:\/\/secure.gravatar.com\/avatar\/4e81b53917072303a83a06648cc779cc?s=96&d=mm&r=g\",\"caption\":\"Anna Koschny\"},\"url\":\"https:\/\/skgd.pl\/de\/author\/anna-koschnyskgd-pl\/\"}]}<\/script>\n<!-- \/ Yoast SEO plugin. -->","yoast_head_json":{"title":"BJDM startet die Anmeldung f\u00fcr die 6. Edition von Jugendpunkt! - Deutsche Minderheit, Sozial-Kulturelle Gesellschaft der Deutschen im Oppelner Schlesien","robots":{"index":"index","follow":"follow","max-snippet":"max-snippet:-1","max-image-preview":"max-image-preview:large","max-video-preview":"max-video-preview:-1"},"canonical":"https:\/\/skgd.pl\/bjdm-rusza-z-zapisami-do-6-edycji-jugendpunkt\/","og_locale":"de_DE","og_type":"article","og_title":"BJDM startet die Anmeldung f\u00fcr die 6. Edition von Jugendpunkt! - Deutsche Minderheit, Sozial-Kulturelle Gesellschaft der Deutschen im Oppelner Schlesien","og_description":"Wir freuen uns, euch mitteilen zu k\u00f6nnen, dass der Bund der Jugend der Deutschen Minderheit (BJDM) die sechste Edition seines Erfolgsprojekts Jugendpunkt einl\u00e4utet! Es ist Zeit f\u00fcr au\u00dfergew\u00f6hnliche Begegnungen, kreative Workshops und neue Energie in euren Orten. Wir unterst\u00fctzen den BJDM bei der Bewerbung und laden euch herzlich zur Teilnahme ein! Das Projekt startet an [&hellip;]","og_url":"https:\/\/skgd.pl\/bjdm-rusza-z-zapisami-do-6-edycji-jugendpunkt\/","og_site_name":"Deutsche Minderheit, Sozial-Kulturelle Gesellschaft der Deutschen im Oppelner Schlesien","article_published_time":"2026-04-28T08:24:34+00:00","og_image":[{"width":1200,"height":628,"url":"https:\/\/skgd.pl\/wp-content\/uploads\/2026\/04\/679573054_1278624431140737_4568430081263914558_n.jpg","type":"image\/jpeg"}],"twitter_card":"summary_large_image","twitter_misc":{"Verfasst von":"Anna Koschny","Gesch\u00e4tzte Lesezeit":"3\u00a0Minuten"},"schema":{"@context":"https:\/\/schema.org","@graph":[{"@type":"WebSite","@id":"https:\/\/skgd.pl\/#website","url":"https:\/\/skgd.pl\/","name":"Deutsche Minderheit, Sozial-Kulturelle Gesellschaft der Deutschen im Oppelner Schlesien","description":"Deutsche Minderheit in Polen","potentialAction":[{"@type":"SearchAction","target":{"@type":"EntryPoint","urlTemplate":"https:\/\/skgd.pl\/?s={search_term_string}"},"query-input":"required name=search_term_string"}],"inLanguage":"de"},{"@type":"ImageObject","inLanguage":"de","@id":"https:\/\/skgd.pl\/bjdm-rusza-z-zapisami-do-6-edycji-jugendpunkt\/#primaryimage","url":"https:\/\/skgd.pl\/wp-content\/uploads\/2026\/04\/679573054_1278624431140737_4568430081263914558_n.jpg","contentUrl":"https:\/\/skgd.pl\/wp-content\/uploads\/2026\/04\/679573054_1278624431140737_4568430081263914558_n.jpg","width":1200,"height":628},{"@type":"WebPage","@id":"https:\/\/skgd.pl\/bjdm-rusza-z-zapisami-do-6-edycji-jugendpunkt\/#webpage","url":"https:\/\/skgd.pl\/bjdm-rusza-z-zapisami-do-6-edycji-jugendpunkt\/","name":"BJDM startet die Anmeldung f\u00fcr die 6. Edition von Jugendpunkt! - Deutsche Minderheit, Sozial-Kulturelle Gesellschaft der Deutschen im Oppelner Schlesien","isPartOf":{"@id":"https:\/\/skgd.pl\/#website"},"primaryImageOfPage":{"@id":"https:\/\/skgd.pl\/bjdm-rusza-z-zapisami-do-6-edycji-jugendpunkt\/#primaryimage"},"datePublished":"2026-04-28T08:24:34+00:00","dateModified":"2026-04-28T08:24:34+00:00","author":{"@id":"https:\/\/skgd.pl\/#\/schema\/person\/3949b133860add46d83a0c68af13c928"},"breadcrumb":{"@id":"https:\/\/skgd.pl\/bjdm-rusza-z-zapisami-do-6-edycji-jugendpunkt\/#breadcrumb"},"inLanguage":"de","potentialAction":[{"@type":"ReadAction","target":["https:\/\/skgd.pl\/bjdm-rusza-z-zapisami-do-6-edycji-jugendpunkt\/"]}]},{"@type":"BreadcrumbList","@id":"https:\/\/skgd.pl\/bjdm-rusza-z-zapisami-do-6-edycji-jugendpunkt\/#breadcrumb","itemListElement":[{"@type":"ListItem","position":1,"name":"Strona g\u0142\u00f3wna","item":"https:\/\/skgd.pl\/"},{"@type":"ListItem","position":2,"name":"BJDM rusza z zapisami do 6. edycji Jugendpunkt!"}]},{"@type":"Person","@id":"https:\/\/skgd.pl\/#\/schema\/person\/3949b133860add46d83a0c68af13c928","name":"Anna Koschny","image":{"@type":"ImageObject","inLanguage":"de","@id":"https:\/\/skgd.pl\/#\/schema\/person\/image\/","url":"https:\/\/secure.gravatar.com\/avatar\/4e81b53917072303a83a06648cc779cc?s=96&d=mm&r=g","contentUrl":"https:\/\/secure.gravatar.com\/avatar\/4e81b53917072303a83a06648cc779cc?s=96&d=mm&r=g","caption":"Anna Koschny"},"url":"https:\/\/skgd.pl\/de\/author\/anna-koschnyskgd-pl\/"}]}},"_links":{"self":[{"href":"https:\/\/skgd.pl\/de\/wp-json\/wp\/v2\/posts\/38128","targetHints":{"allow":["GET"]}}],"collection":[{"href":"https:\/\/skgd.pl\/de\/wp-json\/wp\/v2\/posts"}],"about":[{"href":"https:\/\/skgd.pl\/de\/wp-json\/wp\/v2\/types\/post"}],"author":[{"embeddable":true,"href":"https:\/\/skgd.pl\/de\/wp-json\/wp\/v2\/users\/20"}],"replies":[{"embeddable":true,"href":"https:\/\/skgd.pl\/de\/wp-json\/wp\/v2\/comments?post=38128"}],"version-history":[{"count":2,"href":"https:\/\/skgd.pl\/de\/wp-json\/wp\/v2\/posts\/38128\/revisions"}],"predecessor-version":[{"id":38131,"href":"https:\/\/skgd.pl\/de\/wp-json\/wp\/v2\/posts\/38128\/revisions\/38131"}],"wp:featuredmedia":[{"embeddable":true,"href":"https:\/\/skgd.pl\/de\/wp-json\/wp\/v2\/media\/38129"}],"wp:attachment":[{"href":"https:\/\/skgd.pl\/de\/wp-json\/wp\/v2\/media?parent=38128"}],"wp:term":[{"taxonomy":"category","embeddable":true,"href":"https:\/\/skgd.pl\/de\/wp-json\/wp\/v2\/categories?post=38128"},{"taxonomy":"post_tag","embeddable":true,"href":"https:\/\/skgd.pl\/de\/wp-json\/wp\/v2\/tags?post=38128"}],"curies":[{"name":"wp","href":"https:\/\/api.w.org\/{rel}","templated":true}]}}