{"id":38007,"date":"2026-04-01T17:40:46","date_gmt":"2026-04-01T15:40:46","guid":{"rendered":"https:\/\/skgd.pl\/?p=38007"},"modified":"2026-04-01T15:11:53","modified_gmt":"2026-04-01T13:11:53","slug":"msza-swieta-w-niedziele-wielkanocna-w-opolu","status":"publish","type":"post","link":"https:\/\/skgd.pl\/de\/msza-swieta-w-niedziele-wielkanocna-w-opolu\/","title":{"rendered":"Heilige Messe am Ostersonntag in Oppeln"},"content":{"rendered":"<p><\/p>\n<p data-path-to-node=\"9\">Die Seelsorge der St. Sebastian Kirche in Oppeln l\u00e4dt herzlich zur Teilnahme an der feierlichen Heiligen Messe am Hochfest der Auferstehung Jesu Christi ein. Die Liturgie wird von Weihbischof Rudolf Pierska\u0142a zelebriert.<\/p>\n<p data-path-to-node=\"10\"><b data-path-to-node=\"10\" data-index-in-node=\"0\">Informationen zum Gottesdienst:<\/b><\/p>\n<ul data-path-to-node=\"11\">\n<li>\n<p data-path-to-node=\"11,0,0\"><b data-path-to-node=\"11,0,0\" data-index-in-node=\"0\">Datum:<\/b> 5. April 2026 (Ostersonntag)<\/p>\n<\/li>\n<li>\n<p data-path-to-node=\"11,1,0\"><b data-path-to-node=\"11,1,0\" data-index-in-node=\"0\">Uhrzeit:<\/b> 10:00 Uhr<\/p>\n<\/li>\n<li>\n<p data-path-to-node=\"11,2,0\"><b data-path-to-node=\"11,2,0\" data-index-in-node=\"0\">Ort:<\/b> St. Sebastian Kirche in Oppeln<\/p>\n<\/li>\n<li>\n<p data-path-to-node=\"11,3,0\"><b data-path-to-node=\"11,3,0\" data-index-in-node=\"0\">Zelebrant:<\/b> Weihbischof Rudolf Pierska\u0142a<\/p>\n<\/li>\n<\/ul>\n<p data-path-to-node=\"12\">Alle Pfarrangeh\u00f6rigen und G\u00e4ste sind herzlich eingeladen, an diesem besonderen Tag gemeinsam am Gottesdienst teilzunehmen.<\/p>\n<p><\/p>","protected":false},"excerpt":{"rendered":"<p>Die Seelsorge der St. Sebastian Kirche in Oppeln l\u00e4dt herzlich zur Teilnahme an der feierlichen Heiligen Messe am Hochfest der Auferstehung Jesu Christi ein. Die Liturgie wird von Weihbischof Rudolf Pierska\u0142a zelebriert. Informationen zum Gottesdienst: Datum: 5. April 2026 (Ostersonntag) Uhrzeit: 10:00 Uhr Ort: St. Sebastian Kirche in Oppeln Zelebrant: Weihbischof Rudolf Pierska\u0142a Alle Pfarrangeh\u00f6rigen [&hellip;]<\/p>\n","protected":false},"author":20,"featured_media":38008,"comment_status":"closed","ping_status":"closed","sticky":false,"template":"","format":"standard","meta":{"footnotes":""},"categories":[1],"tags":[],"class_list":["post-38007","post","type-post","status-publish","format-standard","has-post-thumbnail","hentry","category-aktualnosci"],"yoast_head":"<!-- This site is optimized with the Yoast SEO plugin v18.9 - https:\/\/yoast.com\/wordpress\/plugins\/seo\/ -->\n<title>Heilige Messe am Ostersonntag in Oppeln - Deutsche Minderheit, Sozial-Kulturelle Gesellschaft der Deutschen im Oppelner Schlesien<\/title>\n<meta name=\"robots\" content=\"index, follow, max-snippet:-1, max-image-preview:large, max-video-preview:-1\" \/>\n<link rel=\"canonical\" href=\"https:\/\/skgd.pl\/msza-swieta-w-niedziele-wielkanocna-w-opolu\/\" \/>\n<meta property=\"og:locale\" content=\"de_DE\" \/>\n<meta property=\"og:type\" content=\"article\" \/>\n<meta property=\"og:title\" content=\"Heilige Messe am Ostersonntag in Oppeln - Deutsche Minderheit, Sozial-Kulturelle Gesellschaft der Deutschen im Oppelner Schlesien\" \/>\n<meta property=\"og:description\" content=\"Die Seelsorge der St. Sebastian Kirche in Oppeln l\u00e4dt herzlich zur Teilnahme an der feierlichen Heiligen Messe am Hochfest der Auferstehung Jesu Christi ein. Die Liturgie wird von Weihbischof Rudolf Pierska\u0142a zelebriert. Informationen zum Gottesdienst: Datum: 5. April 2026 (Ostersonntag) Uhrzeit: 10:00 Uhr Ort: St. Sebastian Kirche in Oppeln Zelebrant: Weihbischof Rudolf Pierska\u0142a Alle Pfarrangeh\u00f6rigen [&hellip;]\" \/>\n<meta property=\"og:url\" content=\"https:\/\/skgd.pl\/msza-swieta-w-niedziele-wielkanocna-w-opolu\/\" \/>\n<meta property=\"og:site_name\" content=\"Deutsche Minderheit, Sozial-Kulturelle Gesellschaft der Deutschen im Oppelner Schlesien\" \/>\n<meta property=\"article:published_time\" content=\"2026-04-01T15:40:46+00:00\" \/>\n<meta property=\"article:modified_time\" content=\"2026-04-01T13:11:53+00:00\" \/>\n<meta property=\"og:image\" content=\"https:\/\/skgd.pl\/wp-content\/uploads\/2026\/04\/2026.04.01-Ostersonntag-1.jpg\" \/>\n\t<meta property=\"og:image:width\" content=\"1080\" \/>\n\t<meta property=\"og:image:height\" content=\"1350\" \/>\n\t<meta property=\"og:image:type\" content=\"image\/jpeg\" \/>\n<meta name=\"twitter:card\" content=\"summary_large_image\" \/>\n<meta name=\"twitter:label1\" content=\"Verfasst von\" \/>\n\t<meta name=\"twitter:data1\" content=\"Anna Koschny\" \/>\n\t<meta name=\"twitter:label2\" content=\"Gesch\u00e4tzte Lesezeit\" \/>\n\t<meta name=\"twitter:data2\" content=\"1\u00a0Minute\" \/>\n<script type=\"application\/ld+json\" class=\"yoast-schema-graph\">{\"@context\":\"https:\/\/schema.org\",\"@graph\":[{\"@type\":\"WebSite\",\"@id\":\"https:\/\/skgd.pl\/#website\",\"url\":\"https:\/\/skgd.pl\/\",\"name\":\"Deutsche Minderheit, Sozial-Kulturelle Gesellschaft der Deutschen im Oppelner Schlesien\",\"description\":\"Deutsche Minderheit in Polen\",\"potentialAction\":[{\"@type\":\"SearchAction\",\"target\":{\"@type\":\"EntryPoint\",\"urlTemplate\":\"https:\/\/skgd.pl\/?s={search_term_string}\"},\"query-input\":\"required name=search_term_string\"}],\"inLanguage\":\"de\"},{\"@type\":\"ImageObject\",\"inLanguage\":\"de\",\"@id\":\"https:\/\/skgd.pl\/msza-swieta-w-niedziele-wielkanocna-w-opolu\/#primaryimage\",\"url\":\"https:\/\/skgd.pl\/wp-content\/uploads\/2026\/04\/2026.04.01-Ostersonntag-1.jpg\",\"contentUrl\":\"https:\/\/skgd.pl\/wp-content\/uploads\/2026\/04\/2026.04.01-Ostersonntag-1.jpg\",\"width\":1080,\"height\":1350},{\"@type\":\"WebPage\",\"@id\":\"https:\/\/skgd.pl\/msza-swieta-w-niedziele-wielkanocna-w-opolu\/#webpage\",\"url\":\"https:\/\/skgd.pl\/msza-swieta-w-niedziele-wielkanocna-w-opolu\/\",\"name\":\"Heilige Messe am Ostersonntag in Oppeln - Deutsche Minderheit, Sozial-Kulturelle Gesellschaft der Deutschen im Oppelner Schlesien\",\"isPartOf\":{\"@id\":\"https:\/\/skgd.pl\/#website\"},\"primaryImageOfPage\":{\"@id\":\"https:\/\/skgd.pl\/msza-swieta-w-niedziele-wielkanocna-w-opolu\/#primaryimage\"},\"datePublished\":\"2026-04-01T15:40:46+00:00\",\"dateModified\":\"2026-04-01T13:11:53+00:00\",\"author\":{\"@id\":\"https:\/\/skgd.pl\/#\/schema\/person\/3949b133860add46d83a0c68af13c928\"},\"breadcrumb\":{\"@id\":\"https:\/\/skgd.pl\/msza-swieta-w-niedziele-wielkanocna-w-opolu\/#breadcrumb\"},\"inLanguage\":\"de\",\"potentialAction\":[{\"@type\":\"ReadAction\",\"target\":[\"https:\/\/skgd.pl\/msza-swieta-w-niedziele-wielkanocna-w-opolu\/\"]}]},{\"@type\":\"BreadcrumbList\",\"@id\":\"https:\/\/skgd.pl\/msza-swieta-w-niedziele-wielkanocna-w-opolu\/#breadcrumb\",\"itemListElement\":[{\"@type\":\"ListItem\",\"position\":1,\"name\":\"Strona g\u0142\u00f3wna\",\"item\":\"https:\/\/skgd.pl\/\"},{\"@type\":\"ListItem\",\"position\":2,\"name\":\"Msza \u015awi\u0119ta w Niedziel\u0119 Wielkanocn\u0105 w Opolu\"}]},{\"@type\":\"Person\",\"@id\":\"https:\/\/skgd.pl\/#\/schema\/person\/3949b133860add46d83a0c68af13c928\",\"name\":\"Anna Koschny\",\"image\":{\"@type\":\"ImageObject\",\"inLanguage\":\"de\",\"@id\":\"https:\/\/skgd.pl\/#\/schema\/person\/image\/\",\"url\":\"https:\/\/secure.gravatar.com\/avatar\/4e81b53917072303a83a06648cc779cc?s=96&d=mm&r=g\",\"contentUrl\":\"https:\/\/secure.gravatar.com\/avatar\/4e81b53917072303a83a06648cc779cc?s=96&d=mm&r=g\",\"caption\":\"Anna Koschny\"},\"url\":\"https:\/\/skgd.pl\/de\/author\/anna-koschnyskgd-pl\/\"}]}<\/script>\n<!-- \/ Yoast SEO plugin. -->","yoast_head_json":{"title":"Heilige Messe am Ostersonntag in Oppeln - Deutsche Minderheit, Sozial-Kulturelle Gesellschaft der Deutschen im Oppelner Schlesien","robots":{"index":"index","follow":"follow","max-snippet":"max-snippet:-1","max-image-preview":"max-image-preview:large","max-video-preview":"max-video-preview:-1"},"canonical":"https:\/\/skgd.pl\/msza-swieta-w-niedziele-wielkanocna-w-opolu\/","og_locale":"de_DE","og_type":"article","og_title":"Heilige Messe am Ostersonntag in Oppeln - Deutsche Minderheit, Sozial-Kulturelle Gesellschaft der Deutschen im Oppelner Schlesien","og_description":"Die Seelsorge der St. Sebastian Kirche in Oppeln l\u00e4dt herzlich zur Teilnahme an der feierlichen Heiligen Messe am Hochfest der Auferstehung Jesu Christi ein. Die Liturgie wird von Weihbischof Rudolf Pierska\u0142a zelebriert. Informationen zum Gottesdienst: Datum: 5. April 2026 (Ostersonntag) Uhrzeit: 10:00 Uhr Ort: St. Sebastian Kirche in Oppeln Zelebrant: Weihbischof Rudolf Pierska\u0142a Alle Pfarrangeh\u00f6rigen [&hellip;]","og_url":"https:\/\/skgd.pl\/msza-swieta-w-niedziele-wielkanocna-w-opolu\/","og_site_name":"Deutsche Minderheit, Sozial-Kulturelle Gesellschaft der Deutschen im Oppelner Schlesien","article_published_time":"2026-04-01T15:40:46+00:00","article_modified_time":"2026-04-01T13:11:53+00:00","og_image":[{"width":1080,"height":1350,"url":"https:\/\/skgd.pl\/wp-content\/uploads\/2026\/04\/2026.04.01-Ostersonntag-1.jpg","type":"image\/jpeg"}],"twitter_card":"summary_large_image","twitter_misc":{"Verfasst von":"Anna Koschny","Gesch\u00e4tzte Lesezeit":"1\u00a0Minute"},"schema":{"@context":"https:\/\/schema.org","@graph":[{"@type":"WebSite","@id":"https:\/\/skgd.pl\/#website","url":"https:\/\/skgd.pl\/","name":"Deutsche Minderheit, Sozial-Kulturelle Gesellschaft der Deutschen im Oppelner Schlesien","description":"Deutsche Minderheit in Polen","potentialAction":[{"@type":"SearchAction","target":{"@type":"EntryPoint","urlTemplate":"https:\/\/skgd.pl\/?s={search_term_string}"},"query-input":"required name=search_term_string"}],"inLanguage":"de"},{"@type":"ImageObject","inLanguage":"de","@id":"https:\/\/skgd.pl\/msza-swieta-w-niedziele-wielkanocna-w-opolu\/#primaryimage","url":"https:\/\/skgd.pl\/wp-content\/uploads\/2026\/04\/2026.04.01-Ostersonntag-1.jpg","contentUrl":"https:\/\/skgd.pl\/wp-content\/uploads\/2026\/04\/2026.04.01-Ostersonntag-1.jpg","width":1080,"height":1350},{"@type":"WebPage","@id":"https:\/\/skgd.pl\/msza-swieta-w-niedziele-wielkanocna-w-opolu\/#webpage","url":"https:\/\/skgd.pl\/msza-swieta-w-niedziele-wielkanocna-w-opolu\/","name":"Heilige Messe am Ostersonntag in Oppeln - Deutsche Minderheit, Sozial-Kulturelle Gesellschaft der Deutschen im Oppelner Schlesien","isPartOf":{"@id":"https:\/\/skgd.pl\/#website"},"primaryImageOfPage":{"@id":"https:\/\/skgd.pl\/msza-swieta-w-niedziele-wielkanocna-w-opolu\/#primaryimage"},"datePublished":"2026-04-01T15:40:46+00:00","dateModified":"2026-04-01T13:11:53+00:00","author":{"@id":"https:\/\/skgd.pl\/#\/schema\/person\/3949b133860add46d83a0c68af13c928"},"breadcrumb":{"@id":"https:\/\/skgd.pl\/msza-swieta-w-niedziele-wielkanocna-w-opolu\/#breadcrumb"},"inLanguage":"de","potentialAction":[{"@type":"ReadAction","target":["https:\/\/skgd.pl\/msza-swieta-w-niedziele-wielkanocna-w-opolu\/"]}]},{"@type":"BreadcrumbList","@id":"https:\/\/skgd.pl\/msza-swieta-w-niedziele-wielkanocna-w-opolu\/#breadcrumb","itemListElement":[{"@type":"ListItem","position":1,"name":"Strona g\u0142\u00f3wna","item":"https:\/\/skgd.pl\/"},{"@type":"ListItem","position":2,"name":"Msza \u015awi\u0119ta w Niedziel\u0119 Wielkanocn\u0105 w Opolu"}]},{"@type":"Person","@id":"https:\/\/skgd.pl\/#\/schema\/person\/3949b133860add46d83a0c68af13c928","name":"Anna Koschny","image":{"@type":"ImageObject","inLanguage":"de","@id":"https:\/\/skgd.pl\/#\/schema\/person\/image\/","url":"https:\/\/secure.gravatar.com\/avatar\/4e81b53917072303a83a06648cc779cc?s=96&d=mm&r=g","contentUrl":"https:\/\/secure.gravatar.com\/avatar\/4e81b53917072303a83a06648cc779cc?s=96&d=mm&r=g","caption":"Anna Koschny"},"url":"https:\/\/skgd.pl\/de\/author\/anna-koschnyskgd-pl\/"}]}},"_links":{"self":[{"href":"https:\/\/skgd.pl\/de\/wp-json\/wp\/v2\/posts\/38007","targetHints":{"allow":["GET"]}}],"collection":[{"href":"https:\/\/skgd.pl\/de\/wp-json\/wp\/v2\/posts"}],"about":[{"href":"https:\/\/skgd.pl\/de\/wp-json\/wp\/v2\/types\/post"}],"author":[{"embeddable":true,"href":"https:\/\/skgd.pl\/de\/wp-json\/wp\/v2\/users\/20"}],"replies":[{"embeddable":true,"href":"https:\/\/skgd.pl\/de\/wp-json\/wp\/v2\/comments?post=38007"}],"version-history":[{"count":2,"href":"https:\/\/skgd.pl\/de\/wp-json\/wp\/v2\/posts\/38007\/revisions"}],"predecessor-version":[{"id":38010,"href":"https:\/\/skgd.pl\/de\/wp-json\/wp\/v2\/posts\/38007\/revisions\/38010"}],"wp:featuredmedia":[{"embeddable":true,"href":"https:\/\/skgd.pl\/de\/wp-json\/wp\/v2\/media\/38008"}],"wp:attachment":[{"href":"https:\/\/skgd.pl\/de\/wp-json\/wp\/v2\/media?parent=38007"}],"wp:term":[{"taxonomy":"category","embeddable":true,"href":"https:\/\/skgd.pl\/de\/wp-json\/wp\/v2\/categories?post=38007"},{"taxonomy":"post_tag","embeddable":true,"href":"https:\/\/skgd.pl\/de\/wp-json\/wp\/v2\/tags?post=38007"}],"curies":[{"name":"wp","href":"https:\/\/api.w.org\/{rel}","templated":true}]}}