{"id":38004,"date":"2026-04-01T15:00:52","date_gmt":"2026-04-01T13:00:52","guid":{"rendered":"https:\/\/skgd.pl\/?p=38004"},"modified":"2026-04-01T15:00:52","modified_gmt":"2026-04-01T13:00:52","slug":"rusza-cykl-szkolen-dla-struktur-mniejszosci-niemieckiej-pierwsze-spotkanie-juz-niebawem","status":"publish","type":"post","link":"https:\/\/skgd.pl\/de\/rusza-cykl-szkolen-dla-struktur-mniejszosci-niemieckiej-pierwsze-spotkanie-juz-niebawem\/","title":{"rendered":"Die Schulungsreihe f\u00fcr die Strukturen der deutschen Minderheit startet \u2013 das erste Treffen steht kurz bevor!"},"content":{"rendered":"<p>Wir freuen uns, den Start einer Schulungsreihe f\u00fcr Vertreter der Strukturen der deutschen Minderheit bekannt zu geben. Die Schulungen richten sich sowohl an Vorstandsmitglieder als auch an aktive Mitglieder der DFK-Ortsgruppen und lokaler Vereine.<\/p>\n<p>In diesem Jahr haben wir drei Treffen geplant,&nbsp;und die erste findet schon bald statt, n\u00e4mlich am 25. und 26. April 2025 im Eichendorff-Zentrum f\u00fcr Kultur und Begegnungen in \u0141ubowice! Die Schulungen werden von erfahrenen Trainern in Form von Workshops durchgef\u00fchrt, wobei der Schwerpunkt auf praktischen F\u00e4higkeiten, dem Erfahrungsaustausch und der Diskussion \u00fcber Herausforderungen liegt, denen Minderheitenorganisationen in ihrer t\u00e4glichen Arbeit begegnen.<\/p>\n<p>W\u00e4hrend der Schulung werden wir Themen wie Marketingma\u00dfnahmen im DFK, die Organisation von Projekten f\u00fcr Kinder, die Grunds\u00e4tze f\u00fcr die sichere Durchf\u00fchrung von Ausfl\u00fcgen, die Vorbereitung auf die Strukturwahlen im n\u00e4chsten Jahr sowie Kulturprojekte und neue Antragsformulare behandeln \u2013 alles in Form von praktischen Workshops und interaktiven Diskussionen.<\/p>\n<p>Grundlegende Informationen zur Schulung finden Sie auf dem Plakat, das detaillierte Programm sowie alle organisatorischen Informationen sind im Anmeldeformular enthalten.<\/p>\n<p>Anmeldungen nehmen wir \u00fcber das Formular entgegen:&nbsp;<a href=\"https:\/\/forms.gle\/Hjdqf8kKuvgJMMmFA\">https:\/\/forms.gle\/Hjdqf8kKuvgJMMmFA<\/a>&nbsp;<\/p>\n<p>Die Teilnahme an der Schulung ist kostenpflichtig \u2013 die Geb\u00fchr betr\u00e4gt 94,50 PLN und muss vor Beginn der Schulung entrichtet werden. Nach der Anmeldung erh\u00e4lt jeder Teilnehmer per E-Mail die Zahlungsdaten. Die Veranstalter stellen Schulungsunterlagen, Verpflegung und Unterkunft zur Verf\u00fcgung.<\/p>\n<p>Bei Fragen steht Ihnen die Projektkoordinatorin gerne zur Verf\u00fcgung:<br \/>\nEmilia Schmolke \u2013<span>&nbsp;<\/span><a href=\"mailto:emilia.schmolke@haus.pl\">emilia.schmolke@haus.pl<\/a><\/p>\n<p>Verpassen Sie nicht die Gelegenheit, Ihre organisatorischen Kompetenzen zu st\u00e4rken, Erfahrungen mit Vertretern anderer Strukturen auszutauschen und sich auf die kommenden Herausforderungen vorzubereiten \u2013 wir laden Sie herzlich ein!<\/p>\n<p>Das Projekt wird mit Mitteln des Bundesministeriums des Innern (BMI) durch den Verband der deutschen sozial-kulturellen Gesellschaften in Polen finanziert.<\/p>","protected":false},"excerpt":{"rendered":"<p>Wir freuen uns, den Start einer Schulungsreihe f\u00fcr Vertreter der Strukturen der deutschen Minderheit bekannt zu geben. Die Schulungen richten sich sowohl an Vorstandsmitglieder als auch an aktive Mitglieder der DFK-Ortsgruppen und lokaler Vereine. In diesem Jahr haben wir drei Treffen geplant,&nbsp;und die erste findet schon bald statt, n\u00e4mlich am 25. und 26. April 2025 [&hellip;]<\/p>\n","protected":false},"author":20,"featured_media":38005,"comment_status":"closed","ping_status":"closed","sticky":false,"template":"","format":"standard","meta":{"footnotes":""},"categories":[1],"tags":[],"class_list":["post-38004","post","type-post","status-publish","format-standard","has-post-thumbnail","hentry","category-aktualnosci"],"yoast_head":"<!-- This site is optimized with the Yoast SEO plugin v18.9 - https:\/\/yoast.com\/wordpress\/plugins\/seo\/ -->\n<title>Die Schulungsreihe f\u00fcr die Strukturen der deutschen Minderheit startet \u2013 das erste Treffen steht kurz bevor! - Deutsche Minderheit, Sozial-Kulturelle Gesellschaft der Deutschen im Oppelner Schlesien<\/title>\n<meta name=\"robots\" content=\"index, follow, max-snippet:-1, max-image-preview:large, max-video-preview:-1\" \/>\n<link rel=\"canonical\" href=\"https:\/\/skgd.pl\/rusza-cykl-szkolen-dla-struktur-mniejszosci-niemieckiej-pierwsze-spotkanie-juz-niebawem\/\" \/>\n<meta property=\"og:locale\" content=\"de_DE\" \/>\n<meta property=\"og:type\" content=\"article\" \/>\n<meta property=\"og:title\" content=\"Die Schulungsreihe f\u00fcr die Strukturen der deutschen Minderheit startet \u2013 das erste Treffen steht kurz bevor! - Deutsche Minderheit, Sozial-Kulturelle Gesellschaft der Deutschen im Oppelner Schlesien\" \/>\n<meta property=\"og:description\" content=\"Wir freuen uns, den Start einer Schulungsreihe f\u00fcr Vertreter der Strukturen der deutschen Minderheit bekannt zu geben. Die Schulungen richten sich sowohl an Vorstandsmitglieder als auch an aktive Mitglieder der DFK-Ortsgruppen und lokaler Vereine. In diesem Jahr haben wir drei Treffen geplant,&nbsp;und die erste findet schon bald statt, n\u00e4mlich am 25. und 26. April 2025 [&hellip;]\" \/>\n<meta property=\"og:url\" content=\"https:\/\/skgd.pl\/rusza-cykl-szkolen-dla-struktur-mniejszosci-niemieckiej-pierwsze-spotkanie-juz-niebawem\/\" \/>\n<meta property=\"og:site_name\" content=\"Deutsche Minderheit, Sozial-Kulturelle Gesellschaft der Deutschen im Oppelner Schlesien\" \/>\n<meta property=\"article:published_time\" content=\"2026-04-01T13:00:52+00:00\" \/>\n<meta property=\"og:image\" content=\"https:\/\/skgd.pl\/wp-content\/uploads\/2026\/04\/Szkolenie-dla-Struktur-grafika-promocyjna.png\" \/>\n\t<meta property=\"og:image:width\" content=\"2000\" \/>\n\t<meta property=\"og:image:height\" content=\"1414\" \/>\n\t<meta property=\"og:image:type\" content=\"image\/png\" \/>\n<meta name=\"twitter:card\" content=\"summary_large_image\" \/>\n<meta name=\"twitter:label1\" content=\"Verfasst von\" \/>\n\t<meta name=\"twitter:data1\" content=\"Anna Koschny\" \/>\n\t<meta name=\"twitter:label2\" content=\"Gesch\u00e4tzte Lesezeit\" \/>\n\t<meta name=\"twitter:data2\" content=\"3\u00a0Minuten\" \/>\n<script type=\"application\/ld+json\" class=\"yoast-schema-graph\">{\"@context\":\"https:\/\/schema.org\",\"@graph\":[{\"@type\":\"WebSite\",\"@id\":\"https:\/\/skgd.pl\/#website\",\"url\":\"https:\/\/skgd.pl\/\",\"name\":\"Deutsche Minderheit, Sozial-Kulturelle Gesellschaft der Deutschen im Oppelner Schlesien\",\"description\":\"Deutsche Minderheit in Polen\",\"potentialAction\":[{\"@type\":\"SearchAction\",\"target\":{\"@type\":\"EntryPoint\",\"urlTemplate\":\"https:\/\/skgd.pl\/?s={search_term_string}\"},\"query-input\":\"required name=search_term_string\"}],\"inLanguage\":\"de\"},{\"@type\":\"ImageObject\",\"inLanguage\":\"de\",\"@id\":\"https:\/\/skgd.pl\/rusza-cykl-szkolen-dla-struktur-mniejszosci-niemieckiej-pierwsze-spotkanie-juz-niebawem\/#primaryimage\",\"url\":\"https:\/\/skgd.pl\/wp-content\/uploads\/2026\/04\/Szkolenie-dla-Struktur-grafika-promocyjna.png\",\"contentUrl\":\"https:\/\/skgd.pl\/wp-content\/uploads\/2026\/04\/Szkolenie-dla-Struktur-grafika-promocyjna.png\",\"width\":2000,\"height\":1414},{\"@type\":\"WebPage\",\"@id\":\"https:\/\/skgd.pl\/rusza-cykl-szkolen-dla-struktur-mniejszosci-niemieckiej-pierwsze-spotkanie-juz-niebawem\/#webpage\",\"url\":\"https:\/\/skgd.pl\/rusza-cykl-szkolen-dla-struktur-mniejszosci-niemieckiej-pierwsze-spotkanie-juz-niebawem\/\",\"name\":\"Die Schulungsreihe f\u00fcr die Strukturen der deutschen Minderheit startet \u2013 das erste Treffen steht kurz bevor! - Deutsche Minderheit, Sozial-Kulturelle Gesellschaft der Deutschen im Oppelner Schlesien\",\"isPartOf\":{\"@id\":\"https:\/\/skgd.pl\/#website\"},\"primaryImageOfPage\":{\"@id\":\"https:\/\/skgd.pl\/rusza-cykl-szkolen-dla-struktur-mniejszosci-niemieckiej-pierwsze-spotkanie-juz-niebawem\/#primaryimage\"},\"datePublished\":\"2026-04-01T13:00:52+00:00\",\"dateModified\":\"2026-04-01T13:00:52+00:00\",\"author\":{\"@id\":\"https:\/\/skgd.pl\/#\/schema\/person\/3949b133860add46d83a0c68af13c928\"},\"breadcrumb\":{\"@id\":\"https:\/\/skgd.pl\/rusza-cykl-szkolen-dla-struktur-mniejszosci-niemieckiej-pierwsze-spotkanie-juz-niebawem\/#breadcrumb\"},\"inLanguage\":\"de\",\"potentialAction\":[{\"@type\":\"ReadAction\",\"target\":[\"https:\/\/skgd.pl\/rusza-cykl-szkolen-dla-struktur-mniejszosci-niemieckiej-pierwsze-spotkanie-juz-niebawem\/\"]}]},{\"@type\":\"BreadcrumbList\",\"@id\":\"https:\/\/skgd.pl\/rusza-cykl-szkolen-dla-struktur-mniejszosci-niemieckiej-pierwsze-spotkanie-juz-niebawem\/#breadcrumb\",\"itemListElement\":[{\"@type\":\"ListItem\",\"position\":1,\"name\":\"Strona g\u0142\u00f3wna\",\"item\":\"https:\/\/skgd.pl\/\"},{\"@type\":\"ListItem\",\"position\":2,\"name\":\"Rusza cykl szkole\u0144 dla Struktur Mniejszo\u015bci Niemieckiej \u2013 pierwsze spotkanie ju\u017c niebawem!\"}]},{\"@type\":\"Person\",\"@id\":\"https:\/\/skgd.pl\/#\/schema\/person\/3949b133860add46d83a0c68af13c928\",\"name\":\"Anna Koschny\",\"image\":{\"@type\":\"ImageObject\",\"inLanguage\":\"de\",\"@id\":\"https:\/\/skgd.pl\/#\/schema\/person\/image\/\",\"url\":\"https:\/\/secure.gravatar.com\/avatar\/4e81b53917072303a83a06648cc779cc?s=96&d=mm&r=g\",\"contentUrl\":\"https:\/\/secure.gravatar.com\/avatar\/4e81b53917072303a83a06648cc779cc?s=96&d=mm&r=g\",\"caption\":\"Anna Koschny\"},\"url\":\"https:\/\/skgd.pl\/de\/author\/anna-koschnyskgd-pl\/\"}]}<\/script>\n<!-- \/ Yoast SEO plugin. -->","yoast_head_json":{"title":"Die Schulungsreihe f\u00fcr die Strukturen der deutschen Minderheit startet \u2013 das erste Treffen steht kurz bevor! - Deutsche Minderheit, Sozial-Kulturelle Gesellschaft der Deutschen im Oppelner Schlesien","robots":{"index":"index","follow":"follow","max-snippet":"max-snippet:-1","max-image-preview":"max-image-preview:large","max-video-preview":"max-video-preview:-1"},"canonical":"https:\/\/skgd.pl\/rusza-cykl-szkolen-dla-struktur-mniejszosci-niemieckiej-pierwsze-spotkanie-juz-niebawem\/","og_locale":"de_DE","og_type":"article","og_title":"Die Schulungsreihe f\u00fcr die Strukturen der deutschen Minderheit startet \u2013 das erste Treffen steht kurz bevor! - Deutsche Minderheit, Sozial-Kulturelle Gesellschaft der Deutschen im Oppelner Schlesien","og_description":"Wir freuen uns, den Start einer Schulungsreihe f\u00fcr Vertreter der Strukturen der deutschen Minderheit bekannt zu geben. Die Schulungen richten sich sowohl an Vorstandsmitglieder als auch an aktive Mitglieder der DFK-Ortsgruppen und lokaler Vereine. In diesem Jahr haben wir drei Treffen geplant,&nbsp;und die erste findet schon bald statt, n\u00e4mlich am 25. und 26. April 2025 [&hellip;]","og_url":"https:\/\/skgd.pl\/rusza-cykl-szkolen-dla-struktur-mniejszosci-niemieckiej-pierwsze-spotkanie-juz-niebawem\/","og_site_name":"Deutsche Minderheit, Sozial-Kulturelle Gesellschaft der Deutschen im Oppelner Schlesien","article_published_time":"2026-04-01T13:00:52+00:00","og_image":[{"width":2000,"height":1414,"url":"https:\/\/skgd.pl\/wp-content\/uploads\/2026\/04\/Szkolenie-dla-Struktur-grafika-promocyjna.png","type":"image\/png"}],"twitter_card":"summary_large_image","twitter_misc":{"Verfasst von":"Anna Koschny","Gesch\u00e4tzte Lesezeit":"3\u00a0Minuten"},"schema":{"@context":"https:\/\/schema.org","@graph":[{"@type":"WebSite","@id":"https:\/\/skgd.pl\/#website","url":"https:\/\/skgd.pl\/","name":"Deutsche Minderheit, Sozial-Kulturelle Gesellschaft der Deutschen im Oppelner Schlesien","description":"Deutsche Minderheit in Polen","potentialAction":[{"@type":"SearchAction","target":{"@type":"EntryPoint","urlTemplate":"https:\/\/skgd.pl\/?s={search_term_string}"},"query-input":"required name=search_term_string"}],"inLanguage":"de"},{"@type":"ImageObject","inLanguage":"de","@id":"https:\/\/skgd.pl\/rusza-cykl-szkolen-dla-struktur-mniejszosci-niemieckiej-pierwsze-spotkanie-juz-niebawem\/#primaryimage","url":"https:\/\/skgd.pl\/wp-content\/uploads\/2026\/04\/Szkolenie-dla-Struktur-grafika-promocyjna.png","contentUrl":"https:\/\/skgd.pl\/wp-content\/uploads\/2026\/04\/Szkolenie-dla-Struktur-grafika-promocyjna.png","width":2000,"height":1414},{"@type":"WebPage","@id":"https:\/\/skgd.pl\/rusza-cykl-szkolen-dla-struktur-mniejszosci-niemieckiej-pierwsze-spotkanie-juz-niebawem\/#webpage","url":"https:\/\/skgd.pl\/rusza-cykl-szkolen-dla-struktur-mniejszosci-niemieckiej-pierwsze-spotkanie-juz-niebawem\/","name":"Die Schulungsreihe f\u00fcr die Strukturen der deutschen Minderheit startet \u2013 das erste Treffen steht kurz bevor! - Deutsche Minderheit, Sozial-Kulturelle Gesellschaft der Deutschen im Oppelner Schlesien","isPartOf":{"@id":"https:\/\/skgd.pl\/#website"},"primaryImageOfPage":{"@id":"https:\/\/skgd.pl\/rusza-cykl-szkolen-dla-struktur-mniejszosci-niemieckiej-pierwsze-spotkanie-juz-niebawem\/#primaryimage"},"datePublished":"2026-04-01T13:00:52+00:00","dateModified":"2026-04-01T13:00:52+00:00","author":{"@id":"https:\/\/skgd.pl\/#\/schema\/person\/3949b133860add46d83a0c68af13c928"},"breadcrumb":{"@id":"https:\/\/skgd.pl\/rusza-cykl-szkolen-dla-struktur-mniejszosci-niemieckiej-pierwsze-spotkanie-juz-niebawem\/#breadcrumb"},"inLanguage":"de","potentialAction":[{"@type":"ReadAction","target":["https:\/\/skgd.pl\/rusza-cykl-szkolen-dla-struktur-mniejszosci-niemieckiej-pierwsze-spotkanie-juz-niebawem\/"]}]},{"@type":"BreadcrumbList","@id":"https:\/\/skgd.pl\/rusza-cykl-szkolen-dla-struktur-mniejszosci-niemieckiej-pierwsze-spotkanie-juz-niebawem\/#breadcrumb","itemListElement":[{"@type":"ListItem","position":1,"name":"Strona g\u0142\u00f3wna","item":"https:\/\/skgd.pl\/"},{"@type":"ListItem","position":2,"name":"Rusza cykl szkole\u0144 dla Struktur Mniejszo\u015bci Niemieckiej \u2013 pierwsze spotkanie ju\u017c niebawem!"}]},{"@type":"Person","@id":"https:\/\/skgd.pl\/#\/schema\/person\/3949b133860add46d83a0c68af13c928","name":"Anna Koschny","image":{"@type":"ImageObject","inLanguage":"de","@id":"https:\/\/skgd.pl\/#\/schema\/person\/image\/","url":"https:\/\/secure.gravatar.com\/avatar\/4e81b53917072303a83a06648cc779cc?s=96&d=mm&r=g","contentUrl":"https:\/\/secure.gravatar.com\/avatar\/4e81b53917072303a83a06648cc779cc?s=96&d=mm&r=g","caption":"Anna Koschny"},"url":"https:\/\/skgd.pl\/de\/author\/anna-koschnyskgd-pl\/"}]}},"_links":{"self":[{"href":"https:\/\/skgd.pl\/de\/wp-json\/wp\/v2\/posts\/38004","targetHints":{"allow":["GET"]}}],"collection":[{"href":"https:\/\/skgd.pl\/de\/wp-json\/wp\/v2\/posts"}],"about":[{"href":"https:\/\/skgd.pl\/de\/wp-json\/wp\/v2\/types\/post"}],"author":[{"embeddable":true,"href":"https:\/\/skgd.pl\/de\/wp-json\/wp\/v2\/users\/20"}],"replies":[{"embeddable":true,"href":"https:\/\/skgd.pl\/de\/wp-json\/wp\/v2\/comments?post=38004"}],"version-history":[{"count":1,"href":"https:\/\/skgd.pl\/de\/wp-json\/wp\/v2\/posts\/38004\/revisions"}],"predecessor-version":[{"id":38006,"href":"https:\/\/skgd.pl\/de\/wp-json\/wp\/v2\/posts\/38004\/revisions\/38006"}],"wp:featuredmedia":[{"embeddable":true,"href":"https:\/\/skgd.pl\/de\/wp-json\/wp\/v2\/media\/38005"}],"wp:attachment":[{"href":"https:\/\/skgd.pl\/de\/wp-json\/wp\/v2\/media?parent=38004"}],"wp:term":[{"taxonomy":"category","embeddable":true,"href":"https:\/\/skgd.pl\/de\/wp-json\/wp\/v2\/categories?post=38004"},{"taxonomy":"post_tag","embeddable":true,"href":"https:\/\/skgd.pl\/de\/wp-json\/wp\/v2\/tags?post=38004"}],"curies":[{"name":"wp","href":"https:\/\/api.w.org\/{rel}","templated":true}]}}