{"id":37888,"date":"2026-03-09T13:01:03","date_gmt":"2026-03-09T12:01:03","guid":{"rendered":"https:\/\/skgd.pl\/?p=37888"},"modified":"2026-03-09T13:01:03","modified_gmt":"2026-03-09T12:01:03","slug":"nowa-edycja-projektu-ozywienie-domow-spotkan","status":"publish","type":"post","link":"https:\/\/skgd.pl\/de\/nowa-edycja-projektu-ozywienie-domow-spotkan\/","title":{"rendered":"Neue Ausgabe des Projekts \u201eBegegnungsst\u00e4tenarbeit\u201c"},"content":{"rendered":"<p><span>Wir freuen uns, Ihnen mitteilen zu k\u00f6nnen, dass am 6. M\u00e4rz 2026 die neue Ausgabe des Projekts \u201e<\/span><span>Begegnungsst\u00e4tenarbeit<\/span><span>\u201c begonnen hat. Dieses seit Jahren laufende Programm, das im Jahr 2010 gestartet wurde, hat zum Ziel, die Aktivit\u00e4ten der DFK-Gruppen zu aktivieren sowie deren Bildungs- und Kulturangebote in verschiedenen Regionen zu bereichern.<\/span><u><\/u><u><\/u><\/p>\n<p><span>Wir bedanken uns herzlich bei allen f\u00fcr ihr Engagement und ihre Unterst\u00fctzung. Wir freuen uns auf die Initiativen, die in diesem Jahr umgesetzt werden. Wir dr\u00fccken die Daumen f\u00fcr eine erfolgreiche Durchf\u00fchrung aller Projekte!<\/span><u><\/u><u><\/u><\/p>\n<p><span>Weitere Informationen finden Sie unter folgendem Link:&nbsp;<a href=\"https:\/\/vdg.pl\/ozywienie-domow-spotkan\/\" target=\"_blank\" rel=\"noopener\" data-saferedirecturl=\"https:\/\/www.google.com\/url?q=https:\/\/vdg.pl\/ozywienie-domow-spotkan\/&amp;source=gmail&amp;ust=1773125354992000&amp;usg=AOvVaw00C5mGUwP2QGzD0NxVCSfC\">https:\/\/vdg.pl\/ozywienie-<wbr>domow-spotkan\/<\/a><\/span><u><\/u><u><\/u><\/p>\n<p><span>Das Projekt wird vom Bundesministerium des Innern finanziert.<\/span><\/p>","protected":false},"excerpt":{"rendered":"<p>Wir freuen uns, Ihnen mitteilen zu k\u00f6nnen, dass am 6. M\u00e4rz 2026 die neue Ausgabe des Projekts \u201eBegegnungsst\u00e4tenarbeit\u201c begonnen hat. Dieses seit Jahren laufende Programm, das im Jahr 2010 gestartet wurde, hat zum Ziel, die Aktivit\u00e4ten der DFK-Gruppen zu aktivieren sowie deren Bildungs- und Kulturangebote in verschiedenen Regionen zu bereichern. Wir bedanken uns herzlich bei [&hellip;]<\/p>\n","protected":false},"author":20,"featured_media":37889,"comment_status":"closed","ping_status":"closed","sticky":false,"template":"","format":"standard","meta":{"footnotes":""},"categories":[1],"tags":[],"class_list":["post-37888","post","type-post","status-publish","format-standard","has-post-thumbnail","hentry","category-aktualnosci"],"yoast_head":"<!-- This site is optimized with the Yoast SEO plugin v18.9 - https:\/\/yoast.com\/wordpress\/plugins\/seo\/ -->\n<title>Neue Ausgabe des Projekts \u201eBegegnungsst\u00e4tenarbeit\u201c - Deutsche Minderheit, Sozial-Kulturelle Gesellschaft der Deutschen im Oppelner Schlesien<\/title>\n<meta name=\"robots\" content=\"index, follow, max-snippet:-1, max-image-preview:large, max-video-preview:-1\" \/>\n<link rel=\"canonical\" href=\"https:\/\/skgd.pl\/nowa-edycja-projektu-ozywienie-domow-spotkan\/\" \/>\n<meta property=\"og:locale\" content=\"de_DE\" \/>\n<meta property=\"og:type\" content=\"article\" \/>\n<meta property=\"og:title\" content=\"Neue Ausgabe des Projekts \u201eBegegnungsst\u00e4tenarbeit\u201c - Deutsche Minderheit, Sozial-Kulturelle Gesellschaft der Deutschen im Oppelner Schlesien\" \/>\n<meta property=\"og:description\" content=\"Wir freuen uns, Ihnen mitteilen zu k\u00f6nnen, dass am 6. M\u00e4rz 2026 die neue Ausgabe des Projekts \u201eBegegnungsst\u00e4tenarbeit\u201c begonnen hat. Dieses seit Jahren laufende Programm, das im Jahr 2010 gestartet wurde, hat zum Ziel, die Aktivit\u00e4ten der DFK-Gruppen zu aktivieren sowie deren Bildungs- und Kulturangebote in verschiedenen Regionen zu bereichern. Wir bedanken uns herzlich bei [&hellip;]\" \/>\n<meta property=\"og:url\" content=\"https:\/\/skgd.pl\/nowa-edycja-projektu-ozywienie-domow-spotkan\/\" \/>\n<meta property=\"og:site_name\" content=\"Deutsche Minderheit, Sozial-Kulturelle Gesellschaft der Deutschen im Oppelner Schlesien\" \/>\n<meta property=\"article:published_time\" content=\"2026-03-09T12:01:03+00:00\" \/>\n<meta property=\"og:image\" content=\"https:\/\/skgd.pl\/wp-content\/uploads\/2026\/03\/Pomaranczowy-i-Zolty-Zdjecie-Modny-i-Zywy-Urodziny-Zyczenia-Wpis-na-Facebooku.png\" \/>\n\t<meta property=\"og:image:width\" content=\"940\" \/>\n\t<meta property=\"og:image:height\" content=\"788\" \/>\n\t<meta property=\"og:image:type\" content=\"image\/png\" \/>\n<meta name=\"twitter:card\" content=\"summary_large_image\" \/>\n<meta name=\"twitter:label1\" content=\"Verfasst von\" \/>\n\t<meta name=\"twitter:data1\" content=\"Anna Koschny\" \/>\n\t<meta name=\"twitter:label2\" content=\"Gesch\u00e4tzte Lesezeit\" \/>\n\t<meta name=\"twitter:data2\" content=\"1\u00a0Minute\" \/>\n<script type=\"application\/ld+json\" class=\"yoast-schema-graph\">{\"@context\":\"https:\/\/schema.org\",\"@graph\":[{\"@type\":\"WebSite\",\"@id\":\"https:\/\/skgd.pl\/#website\",\"url\":\"https:\/\/skgd.pl\/\",\"name\":\"Deutsche Minderheit, Sozial-Kulturelle Gesellschaft der Deutschen im Oppelner Schlesien\",\"description\":\"Deutsche Minderheit in Polen\",\"potentialAction\":[{\"@type\":\"SearchAction\",\"target\":{\"@type\":\"EntryPoint\",\"urlTemplate\":\"https:\/\/skgd.pl\/?s={search_term_string}\"},\"query-input\":\"required name=search_term_string\"}],\"inLanguage\":\"de\"},{\"@type\":\"ImageObject\",\"inLanguage\":\"de\",\"@id\":\"https:\/\/skgd.pl\/nowa-edycja-projektu-ozywienie-domow-spotkan\/#primaryimage\",\"url\":\"https:\/\/skgd.pl\/wp-content\/uploads\/2026\/03\/Pomaranczowy-i-Zolty-Zdjecie-Modny-i-Zywy-Urodziny-Zyczenia-Wpis-na-Facebooku.png\",\"contentUrl\":\"https:\/\/skgd.pl\/wp-content\/uploads\/2026\/03\/Pomaranczowy-i-Zolty-Zdjecie-Modny-i-Zywy-Urodziny-Zyczenia-Wpis-na-Facebooku.png\",\"width\":940,\"height\":788},{\"@type\":\"WebPage\",\"@id\":\"https:\/\/skgd.pl\/nowa-edycja-projektu-ozywienie-domow-spotkan\/#webpage\",\"url\":\"https:\/\/skgd.pl\/nowa-edycja-projektu-ozywienie-domow-spotkan\/\",\"name\":\"Neue Ausgabe des Projekts \u201eBegegnungsst\u00e4tenarbeit\u201c - Deutsche Minderheit, Sozial-Kulturelle Gesellschaft der Deutschen im Oppelner Schlesien\",\"isPartOf\":{\"@id\":\"https:\/\/skgd.pl\/#website\"},\"primaryImageOfPage\":{\"@id\":\"https:\/\/skgd.pl\/nowa-edycja-projektu-ozywienie-domow-spotkan\/#primaryimage\"},\"datePublished\":\"2026-03-09T12:01:03+00:00\",\"dateModified\":\"2026-03-09T12:01:03+00:00\",\"author\":{\"@id\":\"https:\/\/skgd.pl\/#\/schema\/person\/3949b133860add46d83a0c68af13c928\"},\"breadcrumb\":{\"@id\":\"https:\/\/skgd.pl\/nowa-edycja-projektu-ozywienie-domow-spotkan\/#breadcrumb\"},\"inLanguage\":\"de\",\"potentialAction\":[{\"@type\":\"ReadAction\",\"target\":[\"https:\/\/skgd.pl\/nowa-edycja-projektu-ozywienie-domow-spotkan\/\"]}]},{\"@type\":\"BreadcrumbList\",\"@id\":\"https:\/\/skgd.pl\/nowa-edycja-projektu-ozywienie-domow-spotkan\/#breadcrumb\",\"itemListElement\":[{\"@type\":\"ListItem\",\"position\":1,\"name\":\"Strona g\u0142\u00f3wna\",\"item\":\"https:\/\/skgd.pl\/\"},{\"@type\":\"ListItem\",\"position\":2,\"name\":\"Nowa edycja projektu \u201eO\u017cywienie Dom\u00f3w Spotka\u0144\u201d\"}]},{\"@type\":\"Person\",\"@id\":\"https:\/\/skgd.pl\/#\/schema\/person\/3949b133860add46d83a0c68af13c928\",\"name\":\"Anna Koschny\",\"image\":{\"@type\":\"ImageObject\",\"inLanguage\":\"de\",\"@id\":\"https:\/\/skgd.pl\/#\/schema\/person\/image\/\",\"url\":\"https:\/\/secure.gravatar.com\/avatar\/4e81b53917072303a83a06648cc779cc?s=96&d=mm&r=g\",\"contentUrl\":\"https:\/\/secure.gravatar.com\/avatar\/4e81b53917072303a83a06648cc779cc?s=96&d=mm&r=g\",\"caption\":\"Anna Koschny\"},\"url\":\"https:\/\/skgd.pl\/de\/author\/anna-koschnyskgd-pl\/\"}]}<\/script>\n<!-- \/ Yoast SEO plugin. -->","yoast_head_json":{"title":"Neue Ausgabe des Projekts \u201eBegegnungsst\u00e4tenarbeit\u201c - Deutsche Minderheit, Sozial-Kulturelle Gesellschaft der Deutschen im Oppelner Schlesien","robots":{"index":"index","follow":"follow","max-snippet":"max-snippet:-1","max-image-preview":"max-image-preview:large","max-video-preview":"max-video-preview:-1"},"canonical":"https:\/\/skgd.pl\/nowa-edycja-projektu-ozywienie-domow-spotkan\/","og_locale":"de_DE","og_type":"article","og_title":"Neue Ausgabe des Projekts \u201eBegegnungsst\u00e4tenarbeit\u201c - Deutsche Minderheit, Sozial-Kulturelle Gesellschaft der Deutschen im Oppelner Schlesien","og_description":"Wir freuen uns, Ihnen mitteilen zu k\u00f6nnen, dass am 6. M\u00e4rz 2026 die neue Ausgabe des Projekts \u201eBegegnungsst\u00e4tenarbeit\u201c begonnen hat. Dieses seit Jahren laufende Programm, das im Jahr 2010 gestartet wurde, hat zum Ziel, die Aktivit\u00e4ten der DFK-Gruppen zu aktivieren sowie deren Bildungs- und Kulturangebote in verschiedenen Regionen zu bereichern. Wir bedanken uns herzlich bei [&hellip;]","og_url":"https:\/\/skgd.pl\/nowa-edycja-projektu-ozywienie-domow-spotkan\/","og_site_name":"Deutsche Minderheit, Sozial-Kulturelle Gesellschaft der Deutschen im Oppelner Schlesien","article_published_time":"2026-03-09T12:01:03+00:00","og_image":[{"width":940,"height":788,"url":"https:\/\/skgd.pl\/wp-content\/uploads\/2026\/03\/Pomaranczowy-i-Zolty-Zdjecie-Modny-i-Zywy-Urodziny-Zyczenia-Wpis-na-Facebooku.png","type":"image\/png"}],"twitter_card":"summary_large_image","twitter_misc":{"Verfasst von":"Anna Koschny","Gesch\u00e4tzte Lesezeit":"1\u00a0Minute"},"schema":{"@context":"https:\/\/schema.org","@graph":[{"@type":"WebSite","@id":"https:\/\/skgd.pl\/#website","url":"https:\/\/skgd.pl\/","name":"Deutsche Minderheit, Sozial-Kulturelle Gesellschaft der Deutschen im Oppelner Schlesien","description":"Deutsche Minderheit in Polen","potentialAction":[{"@type":"SearchAction","target":{"@type":"EntryPoint","urlTemplate":"https:\/\/skgd.pl\/?s={search_term_string}"},"query-input":"required name=search_term_string"}],"inLanguage":"de"},{"@type":"ImageObject","inLanguage":"de","@id":"https:\/\/skgd.pl\/nowa-edycja-projektu-ozywienie-domow-spotkan\/#primaryimage","url":"https:\/\/skgd.pl\/wp-content\/uploads\/2026\/03\/Pomaranczowy-i-Zolty-Zdjecie-Modny-i-Zywy-Urodziny-Zyczenia-Wpis-na-Facebooku.png","contentUrl":"https:\/\/skgd.pl\/wp-content\/uploads\/2026\/03\/Pomaranczowy-i-Zolty-Zdjecie-Modny-i-Zywy-Urodziny-Zyczenia-Wpis-na-Facebooku.png","width":940,"height":788},{"@type":"WebPage","@id":"https:\/\/skgd.pl\/nowa-edycja-projektu-ozywienie-domow-spotkan\/#webpage","url":"https:\/\/skgd.pl\/nowa-edycja-projektu-ozywienie-domow-spotkan\/","name":"Neue Ausgabe des Projekts \u201eBegegnungsst\u00e4tenarbeit\u201c - Deutsche Minderheit, Sozial-Kulturelle Gesellschaft der Deutschen im Oppelner Schlesien","isPartOf":{"@id":"https:\/\/skgd.pl\/#website"},"primaryImageOfPage":{"@id":"https:\/\/skgd.pl\/nowa-edycja-projektu-ozywienie-domow-spotkan\/#primaryimage"},"datePublished":"2026-03-09T12:01:03+00:00","dateModified":"2026-03-09T12:01:03+00:00","author":{"@id":"https:\/\/skgd.pl\/#\/schema\/person\/3949b133860add46d83a0c68af13c928"},"breadcrumb":{"@id":"https:\/\/skgd.pl\/nowa-edycja-projektu-ozywienie-domow-spotkan\/#breadcrumb"},"inLanguage":"de","potentialAction":[{"@type":"ReadAction","target":["https:\/\/skgd.pl\/nowa-edycja-projektu-ozywienie-domow-spotkan\/"]}]},{"@type":"BreadcrumbList","@id":"https:\/\/skgd.pl\/nowa-edycja-projektu-ozywienie-domow-spotkan\/#breadcrumb","itemListElement":[{"@type":"ListItem","position":1,"name":"Strona g\u0142\u00f3wna","item":"https:\/\/skgd.pl\/"},{"@type":"ListItem","position":2,"name":"Nowa edycja projektu \u201eO\u017cywienie Dom\u00f3w Spotka\u0144\u201d"}]},{"@type":"Person","@id":"https:\/\/skgd.pl\/#\/schema\/person\/3949b133860add46d83a0c68af13c928","name":"Anna Koschny","image":{"@type":"ImageObject","inLanguage":"de","@id":"https:\/\/skgd.pl\/#\/schema\/person\/image\/","url":"https:\/\/secure.gravatar.com\/avatar\/4e81b53917072303a83a06648cc779cc?s=96&d=mm&r=g","contentUrl":"https:\/\/secure.gravatar.com\/avatar\/4e81b53917072303a83a06648cc779cc?s=96&d=mm&r=g","caption":"Anna Koschny"},"url":"https:\/\/skgd.pl\/de\/author\/anna-koschnyskgd-pl\/"}]}},"_links":{"self":[{"href":"https:\/\/skgd.pl\/de\/wp-json\/wp\/v2\/posts\/37888","targetHints":{"allow":["GET"]}}],"collection":[{"href":"https:\/\/skgd.pl\/de\/wp-json\/wp\/v2\/posts"}],"about":[{"href":"https:\/\/skgd.pl\/de\/wp-json\/wp\/v2\/types\/post"}],"author":[{"embeddable":true,"href":"https:\/\/skgd.pl\/de\/wp-json\/wp\/v2\/users\/20"}],"replies":[{"embeddable":true,"href":"https:\/\/skgd.pl\/de\/wp-json\/wp\/v2\/comments?post=37888"}],"version-history":[{"count":1,"href":"https:\/\/skgd.pl\/de\/wp-json\/wp\/v2\/posts\/37888\/revisions"}],"predecessor-version":[{"id":37890,"href":"https:\/\/skgd.pl\/de\/wp-json\/wp\/v2\/posts\/37888\/revisions\/37890"}],"wp:featuredmedia":[{"embeddable":true,"href":"https:\/\/skgd.pl\/de\/wp-json\/wp\/v2\/media\/37889"}],"wp:attachment":[{"href":"https:\/\/skgd.pl\/de\/wp-json\/wp\/v2\/media?parent=37888"}],"wp:term":[{"taxonomy":"category","embeddable":true,"href":"https:\/\/skgd.pl\/de\/wp-json\/wp\/v2\/categories?post=37888"},{"taxonomy":"post_tag","embeddable":true,"href":"https:\/\/skgd.pl\/de\/wp-json\/wp\/v2\/tags?post=37888"}],"curies":[{"name":"wp","href":"https:\/\/api.w.org\/{rel}","templated":true}]}}