{"id":37425,"date":"2025-11-19T14:22:40","date_gmt":"2025-11-19T13:22:40","guid":{"rendered":"https:\/\/skgd.pl\/?p=37425"},"modified":"2025-11-19T14:22:40","modified_gmt":"2025-11-19T13:22:40","slug":"tozsamosc-pamiec-przesiedlenia-rozmowa-z-prof-ryszardem-kaczmarkiem","status":"publish","type":"post","link":"https:\/\/skgd.pl\/de\/tozsamosc-pamiec-przesiedlenia-rozmowa-z-prof-ryszardem-kaczmarkiem\/","title":{"rendered":"Identit\u00e4t, Erinnerung, Vertreibungen \u2013 Gespr\u00e4ch mit Prof. Ryszard Kaczmarek"},"content":{"rendered":"<p>Wie bildet sich die Identit\u00e4t von Menschen, die nach 1945 zwischen Polen, der Bundesrepublik Deutschland und der DDR lebten? L\u00e4sst sich nationale Zugeh\u00f6rigkeit \u201emitnehmen\u201c, oder ist sie ein lebenslanger Prozess, der von Erfahrungen, Migration und gesellschaftlichen Rahmenbedingungen gepr\u00e4gt wird? Und welche Rolle spielt die individuelle wie kollektive Erinnerung f\u00fcr unser heutiges Verst\u00e4ndnis von Vertreibungen und Umsiedlungen?<\/p>\n<p>Diesen Fragen widmet sich eine Veranstaltung des Hauses der Deutsch-Polnischen Zusammenarbeit, die am <strong>4. Dezember 2025 um 17:00 Uhr<\/strong> im <strong>Dokumentations- und Ausstellungszentrum der Deutschen in Polen<\/strong> (ul. Szpitalna 11, Oppeln) stattfindet.<\/p>\n<p>Zu Gast ist <strong>Prof. Ryszard Kaczmarek<\/strong>, eine der bedeutendsten Stimmen der modernen Geschichtsschreibung zu den Deutschen in Polen, zur Geschichte Oberschlesiens sowie zu Migrationen und Minderheiten im 20. Jahrhundert. Ausgangspunkt des Gespr\u00e4chs ist sein neuestes Buch <em>\u201eBin ich ein Deutscher? Aussiedler aus Polen in die BRD und DDR in den Jahren 1950\u20131991\u201c<\/em> (Wydawnictwo Literackie, 2025), das einen tiefen Einblick in die Biografien von Menschen bietet, deren Leben sich zwischen zwei deutschen Staaten, zwei politischen Systemen und mehreren Identit\u00e4tsentw\u00fcrfen bewegte.<\/p>\n<p>Im Mittelpunkt des Abends steht sowohl die pers\u00f6nliche Dimension der Familien- und Lebensgeschichten als auch die breite historische Perspektive: die Nachkriegsmigrationen, die staatliche Politik gegen\u00fcber Aussiedlern und \u00dcbersiedlern, die gesellschaftliche Aufnahme in BRD und DDR sowie die Frage, wie die deutsche <em>Erinnerungskultur<\/em> unser heutiges Verst\u00e4ndnis der Geschichte pr\u00e4gt.<\/p>\n<p>Die Diskussion l\u00e4dt zudem dazu ein, \u00fcber die Bedeutung der Minderheiten in modernen Gesellschaften nachzudenken \u2013 \u00fcber Fragen der Zugeh\u00f6rigkeit, der kulturellen Kontinuit\u00e4t, des Heimatbegriffs (<em>Heimat<\/em>) und dar\u00fcber, wie die Vergangenheit auf das Selbstverst\u00e4ndnis der nachfolgenden Generationen wirkt. Ein besonderes Augenmerk gilt dabei den Erfahrungen der Menschen aus ehemaligen deutsch-polnischen Grenzregionen, deren Identit\u00e4t oft von \u00e4u\u00dferen Zuschreibungen gepr\u00e4gt wurde.<\/p>\n<p>Die Veranstaltung richtet sich an alle, die sich f\u00fcr die Geschichte der Deutschen in Polen, f\u00fcr Migrationserfahrungen, Erinnerungspolitik sowie f\u00fcr den deutsch-polnischen Dialog interessieren: Lehrkr\u00e4fte, Studierende, Wissenschaftlerinnen und Wissenschaftler, Journalistinnen und Journalisten sowie an die breite \u00d6ffentlichkeit.<\/p>\n<p>Die Teilnahme ist kostenlos.<\/p>\n<p>Kontakt: <strong>agata.rychter@haus.pl | 503 721 658<\/strong><\/p>\n<p>Das Projekt wird aus Mitteln des Bundesministeriums des Innern und f\u00fcr Heimat (BMI)<br \/>\n\u00fcber den Verband der deutschen sozial-kulturellen Gesellschaften in Polen (VdG) finanziert.<\/p>\n<p>&nbsp;<\/p>","protected":false},"excerpt":{"rendered":"<p>Wie bildet sich die Identit\u00e4t von Menschen, die nach 1945 zwischen Polen, der Bundesrepublik Deutschland und der DDR lebten? L\u00e4sst sich nationale Zugeh\u00f6rigkeit \u201emitnehmen\u201c, oder ist sie ein lebenslanger Prozess, der von Erfahrungen, Migration und gesellschaftlichen Rahmenbedingungen gepr\u00e4gt wird? Und welche Rolle spielt die individuelle wie kollektive Erinnerung f\u00fcr unser heutiges Verst\u00e4ndnis von Vertreibungen und [&hellip;]<\/p>\n","protected":false},"author":18,"featured_media":37426,"comment_status":"closed","ping_status":"closed","sticky":false,"template":"","format":"standard","meta":{"footnotes":""},"categories":[1],"tags":[],"class_list":["post-37425","post","type-post","status-publish","format-standard","has-post-thumbnail","hentry","category-aktualnosci"],"yoast_head":"<!-- This site is optimized with the Yoast SEO plugin v18.9 - https:\/\/yoast.com\/wordpress\/plugins\/seo\/ -->\n<title>Identit\u00e4t, Erinnerung, Vertreibungen \u2013 Gespr\u00e4ch mit Prof. Ryszard Kaczmarek - Deutsche Minderheit, Sozial-Kulturelle Gesellschaft der Deutschen im Oppelner Schlesien<\/title>\n<meta name=\"robots\" content=\"index, follow, max-snippet:-1, max-image-preview:large, max-video-preview:-1\" \/>\n<link rel=\"canonical\" href=\"https:\/\/skgd.pl\/tozsamosc-pamiec-przesiedlenia-rozmowa-z-prof-ryszardem-kaczmarkiem\/\" \/>\n<meta property=\"og:locale\" content=\"de_DE\" \/>\n<meta property=\"og:type\" content=\"article\" \/>\n<meta property=\"og:title\" content=\"Identit\u00e4t, Erinnerung, Vertreibungen \u2013 Gespr\u00e4ch mit Prof. Ryszard Kaczmarek - Deutsche Minderheit, Sozial-Kulturelle Gesellschaft der Deutschen im Oppelner Schlesien\" \/>\n<meta property=\"og:description\" content=\"Wie bildet sich die Identit\u00e4t von Menschen, die nach 1945 zwischen Polen, der Bundesrepublik Deutschland und der DDR lebten? L\u00e4sst sich nationale Zugeh\u00f6rigkeit \u201emitnehmen\u201c, oder ist sie ein lebenslanger Prozess, der von Erfahrungen, Migration und gesellschaftlichen Rahmenbedingungen gepr\u00e4gt wird? Und welche Rolle spielt die individuelle wie kollektive Erinnerung f\u00fcr unser heutiges Verst\u00e4ndnis von Vertreibungen und [&hellip;]\" \/>\n<meta property=\"og:url\" content=\"https:\/\/skgd.pl\/tozsamosc-pamiec-przesiedlenia-rozmowa-z-prof-ryszardem-kaczmarkiem\/\" \/>\n<meta property=\"og:site_name\" content=\"Deutsche Minderheit, Sozial-Kulturelle Gesellschaft der Deutschen im Oppelner Schlesien\" \/>\n<meta property=\"article:published_time\" content=\"2025-11-19T13:22:40+00:00\" \/>\n<meta property=\"og:image\" content=\"https:\/\/skgd.pl\/wp-content\/uploads\/2025\/11\/4.12-DWPN-DAZ.jpg\" \/>\n\t<meta property=\"og:image:width\" content=\"2000\" \/>\n\t<meta property=\"og:image:height\" content=\"1000\" \/>\n\t<meta property=\"og:image:type\" content=\"image\/jpeg\" \/>\n<meta name=\"twitter:card\" content=\"summary_large_image\" \/>\n<meta name=\"twitter:label1\" content=\"Verfasst von\" \/>\n\t<meta name=\"twitter:data1\" content=\"Agnieszka Nalichowska\" \/>\n\t<meta name=\"twitter:label2\" content=\"Gesch\u00e4tzte Lesezeit\" \/>\n\t<meta name=\"twitter:data2\" content=\"4\u00a0Minuten\" \/>\n<script type=\"application\/ld+json\" class=\"yoast-schema-graph\">{\"@context\":\"https:\/\/schema.org\",\"@graph\":[{\"@type\":\"WebSite\",\"@id\":\"https:\/\/skgd.pl\/#website\",\"url\":\"https:\/\/skgd.pl\/\",\"name\":\"Deutsche Minderheit, Sozial-Kulturelle Gesellschaft der Deutschen im Oppelner Schlesien\",\"description\":\"Deutsche Minderheit in Polen\",\"potentialAction\":[{\"@type\":\"SearchAction\",\"target\":{\"@type\":\"EntryPoint\",\"urlTemplate\":\"https:\/\/skgd.pl\/?s={search_term_string}\"},\"query-input\":\"required name=search_term_string\"}],\"inLanguage\":\"de\"},{\"@type\":\"ImageObject\",\"inLanguage\":\"de\",\"@id\":\"https:\/\/skgd.pl\/tozsamosc-pamiec-przesiedlenia-rozmowa-z-prof-ryszardem-kaczmarkiem\/#primaryimage\",\"url\":\"https:\/\/skgd.pl\/wp-content\/uploads\/2025\/11\/4.12-DWPN-DAZ.jpg\",\"contentUrl\":\"https:\/\/skgd.pl\/wp-content\/uploads\/2025\/11\/4.12-DWPN-DAZ.jpg\",\"width\":2000,\"height\":1000},{\"@type\":\"WebPage\",\"@id\":\"https:\/\/skgd.pl\/tozsamosc-pamiec-przesiedlenia-rozmowa-z-prof-ryszardem-kaczmarkiem\/#webpage\",\"url\":\"https:\/\/skgd.pl\/tozsamosc-pamiec-przesiedlenia-rozmowa-z-prof-ryszardem-kaczmarkiem\/\",\"name\":\"Identit\u00e4t, Erinnerung, Vertreibungen \u2013 Gespr\u00e4ch mit Prof. Ryszard Kaczmarek - Deutsche Minderheit, Sozial-Kulturelle Gesellschaft der Deutschen im Oppelner Schlesien\",\"isPartOf\":{\"@id\":\"https:\/\/skgd.pl\/#website\"},\"primaryImageOfPage\":{\"@id\":\"https:\/\/skgd.pl\/tozsamosc-pamiec-przesiedlenia-rozmowa-z-prof-ryszardem-kaczmarkiem\/#primaryimage\"},\"datePublished\":\"2025-11-19T13:22:40+00:00\",\"dateModified\":\"2025-11-19T13:22:40+00:00\",\"author\":{\"@id\":\"https:\/\/skgd.pl\/#\/schema\/person\/bb31e525db6f4e52d1f7a7ca50b7dd78\"},\"breadcrumb\":{\"@id\":\"https:\/\/skgd.pl\/tozsamosc-pamiec-przesiedlenia-rozmowa-z-prof-ryszardem-kaczmarkiem\/#breadcrumb\"},\"inLanguage\":\"de\",\"potentialAction\":[{\"@type\":\"ReadAction\",\"target\":[\"https:\/\/skgd.pl\/tozsamosc-pamiec-przesiedlenia-rozmowa-z-prof-ryszardem-kaczmarkiem\/\"]}]},{\"@type\":\"BreadcrumbList\",\"@id\":\"https:\/\/skgd.pl\/tozsamosc-pamiec-przesiedlenia-rozmowa-z-prof-ryszardem-kaczmarkiem\/#breadcrumb\",\"itemListElement\":[{\"@type\":\"ListItem\",\"position\":1,\"name\":\"Strona g\u0142\u00f3wna\",\"item\":\"https:\/\/skgd.pl\/\"},{\"@type\":\"ListItem\",\"position\":2,\"name\":\"To\u017csamo\u015b\u0107, pami\u0119\u0107, przesiedlenia \u2013 rozmowa z prof. Ryszardem Kaczmarkiem\"}]},{\"@type\":\"Person\",\"@id\":\"https:\/\/skgd.pl\/#\/schema\/person\/bb31e525db6f4e52d1f7a7ca50b7dd78\",\"name\":\"Agnieszka Nalichowska\",\"image\":{\"@type\":\"ImageObject\",\"inLanguage\":\"de\",\"@id\":\"https:\/\/skgd.pl\/#\/schema\/person\/image\/\",\"url\":\"https:\/\/secure.gravatar.com\/avatar\/486c6fffc4e5d67f25c0ca47bb5e6892?s=96&d=mm&r=g\",\"contentUrl\":\"https:\/\/secure.gravatar.com\/avatar\/486c6fffc4e5d67f25c0ca47bb5e6892?s=96&d=mm&r=g\",\"caption\":\"Agnieszka Nalichowska\"},\"url\":\"https:\/\/skgd.pl\/de\/author\/agnieszka-nalichowskaskgd-pl\/\"}]}<\/script>\n<!-- \/ Yoast SEO plugin. -->","yoast_head_json":{"title":"Identit\u00e4t, Erinnerung, Vertreibungen \u2013 Gespr\u00e4ch mit Prof. Ryszard Kaczmarek - Deutsche Minderheit, Sozial-Kulturelle Gesellschaft der Deutschen im Oppelner Schlesien","robots":{"index":"index","follow":"follow","max-snippet":"max-snippet:-1","max-image-preview":"max-image-preview:large","max-video-preview":"max-video-preview:-1"},"canonical":"https:\/\/skgd.pl\/tozsamosc-pamiec-przesiedlenia-rozmowa-z-prof-ryszardem-kaczmarkiem\/","og_locale":"de_DE","og_type":"article","og_title":"Identit\u00e4t, Erinnerung, Vertreibungen \u2013 Gespr\u00e4ch mit Prof. Ryszard Kaczmarek - Deutsche Minderheit, Sozial-Kulturelle Gesellschaft der Deutschen im Oppelner Schlesien","og_description":"Wie bildet sich die Identit\u00e4t von Menschen, die nach 1945 zwischen Polen, der Bundesrepublik Deutschland und der DDR lebten? L\u00e4sst sich nationale Zugeh\u00f6rigkeit \u201emitnehmen\u201c, oder ist sie ein lebenslanger Prozess, der von Erfahrungen, Migration und gesellschaftlichen Rahmenbedingungen gepr\u00e4gt wird? Und welche Rolle spielt die individuelle wie kollektive Erinnerung f\u00fcr unser heutiges Verst\u00e4ndnis von Vertreibungen und [&hellip;]","og_url":"https:\/\/skgd.pl\/tozsamosc-pamiec-przesiedlenia-rozmowa-z-prof-ryszardem-kaczmarkiem\/","og_site_name":"Deutsche Minderheit, Sozial-Kulturelle Gesellschaft der Deutschen im Oppelner Schlesien","article_published_time":"2025-11-19T13:22:40+00:00","og_image":[{"width":2000,"height":1000,"url":"https:\/\/skgd.pl\/wp-content\/uploads\/2025\/11\/4.12-DWPN-DAZ.jpg","type":"image\/jpeg"}],"twitter_card":"summary_large_image","twitter_misc":{"Verfasst von":"Agnieszka Nalichowska","Gesch\u00e4tzte Lesezeit":"4\u00a0Minuten"},"schema":{"@context":"https:\/\/schema.org","@graph":[{"@type":"WebSite","@id":"https:\/\/skgd.pl\/#website","url":"https:\/\/skgd.pl\/","name":"Deutsche Minderheit, Sozial-Kulturelle Gesellschaft der Deutschen im Oppelner Schlesien","description":"Deutsche Minderheit in Polen","potentialAction":[{"@type":"SearchAction","target":{"@type":"EntryPoint","urlTemplate":"https:\/\/skgd.pl\/?s={search_term_string}"},"query-input":"required name=search_term_string"}],"inLanguage":"de"},{"@type":"ImageObject","inLanguage":"de","@id":"https:\/\/skgd.pl\/tozsamosc-pamiec-przesiedlenia-rozmowa-z-prof-ryszardem-kaczmarkiem\/#primaryimage","url":"https:\/\/skgd.pl\/wp-content\/uploads\/2025\/11\/4.12-DWPN-DAZ.jpg","contentUrl":"https:\/\/skgd.pl\/wp-content\/uploads\/2025\/11\/4.12-DWPN-DAZ.jpg","width":2000,"height":1000},{"@type":"WebPage","@id":"https:\/\/skgd.pl\/tozsamosc-pamiec-przesiedlenia-rozmowa-z-prof-ryszardem-kaczmarkiem\/#webpage","url":"https:\/\/skgd.pl\/tozsamosc-pamiec-przesiedlenia-rozmowa-z-prof-ryszardem-kaczmarkiem\/","name":"Identit\u00e4t, Erinnerung, Vertreibungen \u2013 Gespr\u00e4ch mit Prof. Ryszard Kaczmarek - Deutsche Minderheit, Sozial-Kulturelle Gesellschaft der Deutschen im Oppelner Schlesien","isPartOf":{"@id":"https:\/\/skgd.pl\/#website"},"primaryImageOfPage":{"@id":"https:\/\/skgd.pl\/tozsamosc-pamiec-przesiedlenia-rozmowa-z-prof-ryszardem-kaczmarkiem\/#primaryimage"},"datePublished":"2025-11-19T13:22:40+00:00","dateModified":"2025-11-19T13:22:40+00:00","author":{"@id":"https:\/\/skgd.pl\/#\/schema\/person\/bb31e525db6f4e52d1f7a7ca50b7dd78"},"breadcrumb":{"@id":"https:\/\/skgd.pl\/tozsamosc-pamiec-przesiedlenia-rozmowa-z-prof-ryszardem-kaczmarkiem\/#breadcrumb"},"inLanguage":"de","potentialAction":[{"@type":"ReadAction","target":["https:\/\/skgd.pl\/tozsamosc-pamiec-przesiedlenia-rozmowa-z-prof-ryszardem-kaczmarkiem\/"]}]},{"@type":"BreadcrumbList","@id":"https:\/\/skgd.pl\/tozsamosc-pamiec-przesiedlenia-rozmowa-z-prof-ryszardem-kaczmarkiem\/#breadcrumb","itemListElement":[{"@type":"ListItem","position":1,"name":"Strona g\u0142\u00f3wna","item":"https:\/\/skgd.pl\/"},{"@type":"ListItem","position":2,"name":"To\u017csamo\u015b\u0107, pami\u0119\u0107, przesiedlenia \u2013 rozmowa z prof. Ryszardem Kaczmarkiem"}]},{"@type":"Person","@id":"https:\/\/skgd.pl\/#\/schema\/person\/bb31e525db6f4e52d1f7a7ca50b7dd78","name":"Agnieszka Nalichowska","image":{"@type":"ImageObject","inLanguage":"de","@id":"https:\/\/skgd.pl\/#\/schema\/person\/image\/","url":"https:\/\/secure.gravatar.com\/avatar\/486c6fffc4e5d67f25c0ca47bb5e6892?s=96&d=mm&r=g","contentUrl":"https:\/\/secure.gravatar.com\/avatar\/486c6fffc4e5d67f25c0ca47bb5e6892?s=96&d=mm&r=g","caption":"Agnieszka Nalichowska"},"url":"https:\/\/skgd.pl\/de\/author\/agnieszka-nalichowskaskgd-pl\/"}]}},"_links":{"self":[{"href":"https:\/\/skgd.pl\/de\/wp-json\/wp\/v2\/posts\/37425","targetHints":{"allow":["GET"]}}],"collection":[{"href":"https:\/\/skgd.pl\/de\/wp-json\/wp\/v2\/posts"}],"about":[{"href":"https:\/\/skgd.pl\/de\/wp-json\/wp\/v2\/types\/post"}],"author":[{"embeddable":true,"href":"https:\/\/skgd.pl\/de\/wp-json\/wp\/v2\/users\/18"}],"replies":[{"embeddable":true,"href":"https:\/\/skgd.pl\/de\/wp-json\/wp\/v2\/comments?post=37425"}],"version-history":[{"count":1,"href":"https:\/\/skgd.pl\/de\/wp-json\/wp\/v2\/posts\/37425\/revisions"}],"predecessor-version":[{"id":37427,"href":"https:\/\/skgd.pl\/de\/wp-json\/wp\/v2\/posts\/37425\/revisions\/37427"}],"wp:featuredmedia":[{"embeddable":true,"href":"https:\/\/skgd.pl\/de\/wp-json\/wp\/v2\/media\/37426"}],"wp:attachment":[{"href":"https:\/\/skgd.pl\/de\/wp-json\/wp\/v2\/media?parent=37425"}],"wp:term":[{"taxonomy":"category","embeddable":true,"href":"https:\/\/skgd.pl\/de\/wp-json\/wp\/v2\/categories?post=37425"},{"taxonomy":"post_tag","embeddable":true,"href":"https:\/\/skgd.pl\/de\/wp-json\/wp\/v2\/tags?post=37425"}],"curies":[{"name":"wp","href":"https:\/\/api.w.org\/{rel}","templated":true}]}}