{"id":37421,"date":"2025-11-18T09:23:42","date_gmt":"2025-11-18T08:23:42","guid":{"rendered":"https:\/\/skgd.pl\/?p=37421"},"modified":"2026-01-19T16:34:40","modified_gmt":"2026-01-19T15:34:40","slug":"podsumowanie-konkursu-piosenki-niemieckiej-superstar","status":"publish","type":"post","link":"https:\/\/skgd.pl\/de\/podsumowanie-konkursu-piosenki-niemieckiej-superstar\/","title":{"rendered":"Zusammenfassung des deutschen Liederwettbewerbs \u201eSUPERSTAR\u201c."},"content":{"rendered":"<p><strong><span style=\"font-size: 12.0pt; font-weight: normal;\">Am 13. September pr\u00e4sentierten sich die Finalisten der neuesten Ausgabe des Wettbewerbs \u201eSuperstar\u201c im Kulturhaus in Malapane mit ihren au\u00dfergew\u00f6hnlichen Talenten!<\/span><\/strong><span style=\"font-size: 12.0pt; font-family: 'Times New Roman',serif;\"><br \/>\nDieses besondere Event ist bereits fest im Veranstaltungskalender unserer Region verankert und zieht jedes Jahr immer mehr junge Talente an. In diesem Jahr war die Ausgabe rekordverd\u00e4chtig \u2013 es gingen <strong><span style=\"font-weight: normal;\">100 Anmeldungen<\/span><\/strong> ein, was insgesamt <strong><span style=\"font-weight: normal;\">184 Teilnehmer<\/span><\/strong> ergibt! <strong><span style=\"font-weight: normal;\">34 K\u00fcnstler<\/span><\/strong> qualifizierten sich f\u00fcr das Finale und zeigten auf der B\u00fchne ihr K\u00f6nnen und ihre Leidenschaft f\u00fcr die Musik.<\/span><\/p>\n<p><span style=\"font-size: 12.0pt; font-family: 'Times New Roman',serif;\">Das Publikum konnte eine Vielzahl von Auftritten genie\u00dfen \u2013 von Solisten \u00fcber Duos bis hin zu Gesangs- und Instrumentalgruppen. Die Jury hob hervor, dass <strong><span style=\"font-weight: normal;\">das Niveau der Pr\u00e4sentationen in diesem Jahr \u00e4u\u00dferst ausgeglichen und sehr hoch<\/span><\/strong> war, was die Wahl der Gewinner besonders schwer machte.<\/span><\/p>\n<p><span style=\"font-size: 12.0pt; font-family: 'Times New Roman',serif;\">Wir freuen uns \u00fcber die gro\u00dfe Teilnehmerzahl und das enorme Interesse am Wettbewerb \u2013 das beste Zeichen daf\u00fcr, dass junge K\u00fcnstler in unserer Region enormes Potenzial haben und gerne ihr Talent zeigen.<\/span><\/p>\n<p><strong><span style=\"font-size: 12.0pt; font-weight: normal;\">Sehen Sie sich die Zusammenfassung dieses spannenden Events an:<\/span><\/strong><span style=\"font-size: 12.0pt; font-family: 'Times New Roman',serif;\"><br \/>\n<a href=\"https:\/\/www.youtube.com\/watch?v=7ZrV4jYK_D0\">https:\/\/www.youtube.com\/watch?v=7ZrV4jYK_D0<\/a><\/span><\/p>\n<p>Das Projekt wurde vom polnischen Ministerium des Inneren und der Verwaltung und vom Bundesministerium des Innern und f\u00fcr Heimat (BMI) durch VdG.<\/p>","protected":false},"excerpt":{"rendered":"<p>Am 13. September pr\u00e4sentierten sich die Finalisten der neuesten Ausgabe des Wettbewerbs \u201eSuperstar\u201c im Kulturhaus in Malapane mit ihren au\u00dfergew\u00f6hnlichen Talenten! Dieses besondere Event ist bereits fest im Veranstaltungskalender unserer Region verankert und zieht jedes Jahr immer mehr junge Talente an. In diesem Jahr war die Ausgabe rekordverd\u00e4chtig \u2013 es gingen 100 Anmeldungen ein, was [&hellip;]<\/p>\n","protected":false},"author":18,"featured_media":37422,"comment_status":"closed","ping_status":"closed","sticky":false,"template":"","format":"standard","meta":{"footnotes":""},"categories":[733,1],"tags":[],"class_list":["post-37421","post","type-post","status-publish","format-standard","has-post-thumbnail","hentry","category-kultura","category-aktualnosci"],"yoast_head":"<!-- This site is optimized with the Yoast SEO plugin v18.9 - https:\/\/yoast.com\/wordpress\/plugins\/seo\/ -->\n<title>Zusammenfassung des deutschen Liederwettbewerbs \u201eSUPERSTAR\u201c. - Deutsche Minderheit, Sozial-Kulturelle Gesellschaft der Deutschen im Oppelner Schlesien<\/title>\n<meta name=\"robots\" content=\"index, follow, max-snippet:-1, max-image-preview:large, max-video-preview:-1\" \/>\n<link rel=\"canonical\" href=\"https:\/\/skgd.pl\/podsumowanie-konkursu-piosenki-niemieckiej-superstar\/\" \/>\n<meta property=\"og:locale\" content=\"de_DE\" \/>\n<meta property=\"og:type\" content=\"article\" \/>\n<meta property=\"og:title\" content=\"Zusammenfassung des deutschen Liederwettbewerbs \u201eSUPERSTAR\u201c. - Deutsche Minderheit, Sozial-Kulturelle Gesellschaft der Deutschen im Oppelner Schlesien\" \/>\n<meta property=\"og:description\" content=\"Am 13. September pr\u00e4sentierten sich die Finalisten der neuesten Ausgabe des Wettbewerbs \u201eSuperstar\u201c im Kulturhaus in Malapane mit ihren au\u00dfergew\u00f6hnlichen Talenten! Dieses besondere Event ist bereits fest im Veranstaltungskalender unserer Region verankert und zieht jedes Jahr immer mehr junge Talente an. In diesem Jahr war die Ausgabe rekordverd\u00e4chtig \u2013 es gingen 100 Anmeldungen ein, was [&hellip;]\" \/>\n<meta property=\"og:url\" content=\"https:\/\/skgd.pl\/podsumowanie-konkursu-piosenki-niemieckiej-superstar\/\" \/>\n<meta property=\"og:site_name\" content=\"Deutsche Minderheit, Sozial-Kulturelle Gesellschaft der Deutschen im Oppelner Schlesien\" \/>\n<meta property=\"article:published_time\" content=\"2025-11-18T08:23:42+00:00\" \/>\n<meta property=\"article:modified_time\" content=\"2026-01-19T15:34:40+00:00\" \/>\n<meta property=\"og:image\" content=\"https:\/\/skgd.pl\/wp-content\/uploads\/2025\/11\/WhatsApp-Image-2025-11-04-at-15.03.29.jpeg\" \/>\n\t<meta property=\"og:image:width\" content=\"1600\" \/>\n\t<meta property=\"og:image:height\" content=\"900\" \/>\n\t<meta property=\"og:image:type\" content=\"image\/jpeg\" \/>\n<meta name=\"twitter:card\" content=\"summary_large_image\" \/>\n<meta name=\"twitter:label1\" content=\"Verfasst von\" \/>\n\t<meta name=\"twitter:data1\" content=\"Agnieszka Nalichowska\" \/>\n\t<meta name=\"twitter:label2\" content=\"Gesch\u00e4tzte Lesezeit\" \/>\n\t<meta name=\"twitter:data2\" content=\"2\u00a0Minuten\" \/>\n<script type=\"application\/ld+json\" class=\"yoast-schema-graph\">{\"@context\":\"https:\/\/schema.org\",\"@graph\":[{\"@type\":\"WebSite\",\"@id\":\"https:\/\/skgd.pl\/#website\",\"url\":\"https:\/\/skgd.pl\/\",\"name\":\"Deutsche Minderheit, Sozial-Kulturelle Gesellschaft der Deutschen im Oppelner Schlesien\",\"description\":\"Deutsche Minderheit in Polen\",\"potentialAction\":[{\"@type\":\"SearchAction\",\"target\":{\"@type\":\"EntryPoint\",\"urlTemplate\":\"https:\/\/skgd.pl\/?s={search_term_string}\"},\"query-input\":\"required name=search_term_string\"}],\"inLanguage\":\"de\"},{\"@type\":\"ImageObject\",\"inLanguage\":\"de\",\"@id\":\"https:\/\/skgd.pl\/podsumowanie-konkursu-piosenki-niemieckiej-superstar\/#primaryimage\",\"url\":\"https:\/\/skgd.pl\/wp-content\/uploads\/2025\/11\/WhatsApp-Image-2025-11-04-at-15.03.29.jpeg\",\"contentUrl\":\"https:\/\/skgd.pl\/wp-content\/uploads\/2025\/11\/WhatsApp-Image-2025-11-04-at-15.03.29.jpeg\",\"width\":1600,\"height\":900},{\"@type\":\"WebPage\",\"@id\":\"https:\/\/skgd.pl\/podsumowanie-konkursu-piosenki-niemieckiej-superstar\/#webpage\",\"url\":\"https:\/\/skgd.pl\/podsumowanie-konkursu-piosenki-niemieckiej-superstar\/\",\"name\":\"Zusammenfassung des deutschen Liederwettbewerbs \u201eSUPERSTAR\u201c. - Deutsche Minderheit, Sozial-Kulturelle Gesellschaft der Deutschen im Oppelner Schlesien\",\"isPartOf\":{\"@id\":\"https:\/\/skgd.pl\/#website\"},\"primaryImageOfPage\":{\"@id\":\"https:\/\/skgd.pl\/podsumowanie-konkursu-piosenki-niemieckiej-superstar\/#primaryimage\"},\"datePublished\":\"2025-11-18T08:23:42+00:00\",\"dateModified\":\"2026-01-19T15:34:40+00:00\",\"author\":{\"@id\":\"https:\/\/skgd.pl\/#\/schema\/person\/bb31e525db6f4e52d1f7a7ca50b7dd78\"},\"breadcrumb\":{\"@id\":\"https:\/\/skgd.pl\/podsumowanie-konkursu-piosenki-niemieckiej-superstar\/#breadcrumb\"},\"inLanguage\":\"de\",\"potentialAction\":[{\"@type\":\"ReadAction\",\"target\":[\"https:\/\/skgd.pl\/podsumowanie-konkursu-piosenki-niemieckiej-superstar\/\"]}]},{\"@type\":\"BreadcrumbList\",\"@id\":\"https:\/\/skgd.pl\/podsumowanie-konkursu-piosenki-niemieckiej-superstar\/#breadcrumb\",\"itemListElement\":[{\"@type\":\"ListItem\",\"position\":1,\"name\":\"Strona g\u0142\u00f3wna\",\"item\":\"https:\/\/skgd.pl\/\"},{\"@type\":\"ListItem\",\"position\":2,\"name\":\"Podsumowanie Konkursu Piosenki Niemieckiej &#8220;SUPERSTAR&#8221;.\"}]},{\"@type\":\"Person\",\"@id\":\"https:\/\/skgd.pl\/#\/schema\/person\/bb31e525db6f4e52d1f7a7ca50b7dd78\",\"name\":\"Agnieszka Nalichowska\",\"image\":{\"@type\":\"ImageObject\",\"inLanguage\":\"de\",\"@id\":\"https:\/\/skgd.pl\/#\/schema\/person\/image\/\",\"url\":\"https:\/\/secure.gravatar.com\/avatar\/486c6fffc4e5d67f25c0ca47bb5e6892?s=96&d=mm&r=g\",\"contentUrl\":\"https:\/\/secure.gravatar.com\/avatar\/486c6fffc4e5d67f25c0ca47bb5e6892?s=96&d=mm&r=g\",\"caption\":\"Agnieszka Nalichowska\"},\"url\":\"https:\/\/skgd.pl\/de\/author\/agnieszka-nalichowskaskgd-pl\/\"}]}<\/script>\n<!-- \/ Yoast SEO plugin. -->","yoast_head_json":{"title":"Zusammenfassung des deutschen Liederwettbewerbs \u201eSUPERSTAR\u201c. - Deutsche Minderheit, Sozial-Kulturelle Gesellschaft der Deutschen im Oppelner Schlesien","robots":{"index":"index","follow":"follow","max-snippet":"max-snippet:-1","max-image-preview":"max-image-preview:large","max-video-preview":"max-video-preview:-1"},"canonical":"https:\/\/skgd.pl\/podsumowanie-konkursu-piosenki-niemieckiej-superstar\/","og_locale":"de_DE","og_type":"article","og_title":"Zusammenfassung des deutschen Liederwettbewerbs \u201eSUPERSTAR\u201c. - Deutsche Minderheit, Sozial-Kulturelle Gesellschaft der Deutschen im Oppelner Schlesien","og_description":"Am 13. September pr\u00e4sentierten sich die Finalisten der neuesten Ausgabe des Wettbewerbs \u201eSuperstar\u201c im Kulturhaus in Malapane mit ihren au\u00dfergew\u00f6hnlichen Talenten! Dieses besondere Event ist bereits fest im Veranstaltungskalender unserer Region verankert und zieht jedes Jahr immer mehr junge Talente an. In diesem Jahr war die Ausgabe rekordverd\u00e4chtig \u2013 es gingen 100 Anmeldungen ein, was [&hellip;]","og_url":"https:\/\/skgd.pl\/podsumowanie-konkursu-piosenki-niemieckiej-superstar\/","og_site_name":"Deutsche Minderheit, Sozial-Kulturelle Gesellschaft der Deutschen im Oppelner Schlesien","article_published_time":"2025-11-18T08:23:42+00:00","article_modified_time":"2026-01-19T15:34:40+00:00","og_image":[{"width":1600,"height":900,"url":"https:\/\/skgd.pl\/wp-content\/uploads\/2025\/11\/WhatsApp-Image-2025-11-04-at-15.03.29.jpeg","type":"image\/jpeg"}],"twitter_card":"summary_large_image","twitter_misc":{"Verfasst von":"Agnieszka Nalichowska","Gesch\u00e4tzte Lesezeit":"2\u00a0Minuten"},"schema":{"@context":"https:\/\/schema.org","@graph":[{"@type":"WebSite","@id":"https:\/\/skgd.pl\/#website","url":"https:\/\/skgd.pl\/","name":"Deutsche Minderheit, Sozial-Kulturelle Gesellschaft der Deutschen im Oppelner Schlesien","description":"Deutsche Minderheit in Polen","potentialAction":[{"@type":"SearchAction","target":{"@type":"EntryPoint","urlTemplate":"https:\/\/skgd.pl\/?s={search_term_string}"},"query-input":"required name=search_term_string"}],"inLanguage":"de"},{"@type":"ImageObject","inLanguage":"de","@id":"https:\/\/skgd.pl\/podsumowanie-konkursu-piosenki-niemieckiej-superstar\/#primaryimage","url":"https:\/\/skgd.pl\/wp-content\/uploads\/2025\/11\/WhatsApp-Image-2025-11-04-at-15.03.29.jpeg","contentUrl":"https:\/\/skgd.pl\/wp-content\/uploads\/2025\/11\/WhatsApp-Image-2025-11-04-at-15.03.29.jpeg","width":1600,"height":900},{"@type":"WebPage","@id":"https:\/\/skgd.pl\/podsumowanie-konkursu-piosenki-niemieckiej-superstar\/#webpage","url":"https:\/\/skgd.pl\/podsumowanie-konkursu-piosenki-niemieckiej-superstar\/","name":"Zusammenfassung des deutschen Liederwettbewerbs \u201eSUPERSTAR\u201c. - Deutsche Minderheit, Sozial-Kulturelle Gesellschaft der Deutschen im Oppelner Schlesien","isPartOf":{"@id":"https:\/\/skgd.pl\/#website"},"primaryImageOfPage":{"@id":"https:\/\/skgd.pl\/podsumowanie-konkursu-piosenki-niemieckiej-superstar\/#primaryimage"},"datePublished":"2025-11-18T08:23:42+00:00","dateModified":"2026-01-19T15:34:40+00:00","author":{"@id":"https:\/\/skgd.pl\/#\/schema\/person\/bb31e525db6f4e52d1f7a7ca50b7dd78"},"breadcrumb":{"@id":"https:\/\/skgd.pl\/podsumowanie-konkursu-piosenki-niemieckiej-superstar\/#breadcrumb"},"inLanguage":"de","potentialAction":[{"@type":"ReadAction","target":["https:\/\/skgd.pl\/podsumowanie-konkursu-piosenki-niemieckiej-superstar\/"]}]},{"@type":"BreadcrumbList","@id":"https:\/\/skgd.pl\/podsumowanie-konkursu-piosenki-niemieckiej-superstar\/#breadcrumb","itemListElement":[{"@type":"ListItem","position":1,"name":"Strona g\u0142\u00f3wna","item":"https:\/\/skgd.pl\/"},{"@type":"ListItem","position":2,"name":"Podsumowanie Konkursu Piosenki Niemieckiej &#8220;SUPERSTAR&#8221;."}]},{"@type":"Person","@id":"https:\/\/skgd.pl\/#\/schema\/person\/bb31e525db6f4e52d1f7a7ca50b7dd78","name":"Agnieszka Nalichowska","image":{"@type":"ImageObject","inLanguage":"de","@id":"https:\/\/skgd.pl\/#\/schema\/person\/image\/","url":"https:\/\/secure.gravatar.com\/avatar\/486c6fffc4e5d67f25c0ca47bb5e6892?s=96&d=mm&r=g","contentUrl":"https:\/\/secure.gravatar.com\/avatar\/486c6fffc4e5d67f25c0ca47bb5e6892?s=96&d=mm&r=g","caption":"Agnieszka Nalichowska"},"url":"https:\/\/skgd.pl\/de\/author\/agnieszka-nalichowskaskgd-pl\/"}]}},"_links":{"self":[{"href":"https:\/\/skgd.pl\/de\/wp-json\/wp\/v2\/posts\/37421","targetHints":{"allow":["GET"]}}],"collection":[{"href":"https:\/\/skgd.pl\/de\/wp-json\/wp\/v2\/posts"}],"about":[{"href":"https:\/\/skgd.pl\/de\/wp-json\/wp\/v2\/types\/post"}],"author":[{"embeddable":true,"href":"https:\/\/skgd.pl\/de\/wp-json\/wp\/v2\/users\/18"}],"replies":[{"embeddable":true,"href":"https:\/\/skgd.pl\/de\/wp-json\/wp\/v2\/comments?post=37421"}],"version-history":[{"count":2,"href":"https:\/\/skgd.pl\/de\/wp-json\/wp\/v2\/posts\/37421\/revisions"}],"predecessor-version":[{"id":37679,"href":"https:\/\/skgd.pl\/de\/wp-json\/wp\/v2\/posts\/37421\/revisions\/37679"}],"wp:featuredmedia":[{"embeddable":true,"href":"https:\/\/skgd.pl\/de\/wp-json\/wp\/v2\/media\/37422"}],"wp:attachment":[{"href":"https:\/\/skgd.pl\/de\/wp-json\/wp\/v2\/media?parent=37421"}],"wp:term":[{"taxonomy":"category","embeddable":true,"href":"https:\/\/skgd.pl\/de\/wp-json\/wp\/v2\/categories?post=37421"},{"taxonomy":"post_tag","embeddable":true,"href":"https:\/\/skgd.pl\/de\/wp-json\/wp\/v2\/tags?post=37421"}],"curies":[{"name":"wp","href":"https:\/\/api.w.org\/{rel}","templated":true}]}}