{"id":37262,"date":"2025-11-03T09:00:24","date_gmt":"2025-11-03T08:00:24","guid":{"rendered":"https:\/\/skgd.pl\/?p=37262"},"modified":"2025-11-03T19:44:33","modified_gmt":"2025-11-03T18:44:33","slug":"serdecznie-zapraszamy-przedstawicieli-dfk-wladze-gminne-i-powiatowe-na-zebrania-powiatowe","status":"publish","type":"post","link":"https:\/\/skgd.pl\/de\/serdecznie-zapraszamy-przedstawicieli-dfk-wladze-gminne-i-powiatowe-na-zebrania-powiatowe\/","title":{"rendered":"Wir laden ganz herzlich Vertreter der DFK, Gemeinde- und Kreisvorstaende zu den Kreisversammlungen ein!"},"content":{"rendered":"<p><strong>Kreisversammlungen \u2013 November 2025<\/strong><\/p>\n<table style=\"width: 800px;\">\n<tbody>\n<tr>\n<td style=\"width: 168px;\" width=\"116\">\n<p>Kreis<\/p>\n<p><strong>&nbsp;<\/strong><\/td>\n<td style=\"width: 36px;\" width=\"80\">Termin<\/td>\n<td style=\"width: 70px;\" width=\"66\">Uhrzeit<\/td>\n<td style=\"width: 322px;\" width=\"158\">Ort<\/td>\n<td style=\"width: 10px;\" width=\"141\">Vorstandsmitglieder<\/td>\n<td style=\"width: 216px;\" width=\"111\">B\u00fcromitarbeiter<\/td>\n<\/tr>\n<tr>\n<td style=\"width: 168px;\" width=\"116\">Kreuzburg und Rosenberg\/Kluczbork i Olesno<\/td>\n<td style=\"width: 36px;\" width=\"80\">\n<p>4.11.2025<\/p>\n<p>(wtorek)<\/td>\n<td style=\"width: 70px;\" width=\"66\">18:00<\/td>\n<td style=\"width: 322px;\" width=\"158\">\n<p>Sala w Gminnym O\u015brodku Kultury<\/p>\n<p>w Gorzowie \u015al\u0105skim,<\/p>\n<p>ul. Rynek 4,<\/p>\n<p>46-310 Gorz\u00f3w \u015al\u0105ski<\/td>\n<td style=\"width: 10px;\" width=\"141\">\n<p>Rafa\u0142 Bartek<\/p>\n<p>Sylwia Kus<\/td>\n<td style=\"width: 216px;\" width=\"111\">\n<p>Tomasz Gryga<\/p>\n<p>Andrzej Klama<\/td>\n<\/tr>\n<tr>\n<td style=\"width: 168px;\" width=\"116\">Krappitz und Neustadt\/Krapkowice i Prudnik<\/td>\n<td style=\"width: 36px;\" width=\"80\">\n<p>5.11.2025<\/p>\n<p>(\u015broda)<\/td>\n<td style=\"width: 70px;\" width=\"66\">17:00<\/td>\n<td style=\"width: 322px;\" width=\"158\">\n<p>&nbsp;DFK Otm\u0119t<\/p>\n<p>ul. 3 Maja 11,<\/p>\n<p>47-303 Krapkowice &#8211; Otm\u0119t<\/td>\n<td style=\"width: 10px;\" width=\"141\">\n<p>Zuzanna Donath-Kasiura<\/p>\n<p>Joanna Hassa<\/p>\n<p>R\u00f3\u017ca Zgorzelska<\/td>\n<td style=\"width: 216px;\" width=\"111\">\n<p>Mateusz Bachem<\/p>\n<p>Michaela Przezdzink<\/td>\n<\/tr>\n<tr>\n<td style=\"width: 168px;\" width=\"116\">Kreis und Stadt Oppeln\/Powiat i miasto Opole<\/td>\n<td style=\"width: 36px;\" width=\"80\">\n<p>13.11.2025<\/p>\n<p>(czwartek)<\/td>\n<td style=\"width: 70px;\" width=\"66\">18:30<\/td>\n<td style=\"width: 322px;\" width=\"158\">\n<p>Sala przy OSP Dobrze\u0144 Ma\u0142y<\/p>\n<p>ul. Opolska 113<\/p>\n<p>46-081 Dobrze\u0144 Ma\u0142y<\/td>\n<td style=\"width: 10px;\" width=\"141\">\n<p>Krzysztof Wysdak<\/p>\n<p>Rafa\u0142 Bartek<\/p>\n<p>Norbert Rasch<\/p>\n<p>Joanna Hassa<\/p>\n<p>Ryszard Galla<\/td>\n<td style=\"width: 216px;\" width=\"111\">\n<p>Anna Koschny<\/p>\n<p>Ewa Mr\u00f3z<\/p>\n<p>Sabina Kawecka<\/td>\n<\/tr>\n<tr>\n<td style=\"width: 168px;\" width=\"116\">Kandrzin-Cosel\/K\u0119dzierzyn-Ko\u017ale<\/td>\n<td style=\"width: 36px;\" width=\"80\">\n<p>14.11.2025<\/p>\n<p>(pi\u0105tek)<\/td>\n<td style=\"width: 70px;\" width=\"66\">17:30<\/td>\n<td style=\"width: 322px;\" width=\"158\">\n<p>DFK Polska Cerekiew<\/p>\n<p>ul. Kozielska 27<\/p>\n<p>47-260 Polska Cerekiew<\/td>\n<td style=\"width: 10px;\" width=\"141\">\n<p>Norbert Rasch<\/p>\n<p>Joanna Hassa<\/p>\n<p>Aneta Knura-Zawada<\/td>\n<td style=\"width: 216px;\" width=\"111\">\n<p>Michaela Przezdzink<\/p>\n<p>Monika Cie\u015blik<\/td>\n<\/tr>\n<tr>\n<td style=\"width: 168px;\" width=\"116\">Gro\u00df Strehlitz\/Strzelce Opolskie<\/td>\n<td style=\"width: 36px;\" width=\"80\">\n<p>21.11.2025<\/p>\n<p>(pi\u0105tek)<\/td>\n<td style=\"width: 70px;\" width=\"66\">17:30<\/td>\n<td style=\"width: 322px;\" width=\"158\">\n<p>Powiatowe Centrum Kultury<\/p>\n<p>w Strzelcach Opolskich,<\/p>\n<p>ul. Dworcowa 23,<\/p>\n<p>47-100 Strzelce Opolskie<\/td>\n<td style=\"width: 10px;\" width=\"141\">\n<p>Sylwia Kus<\/p>\n<p>Joanna Hassa<\/p>\n<p>Ryszard Galla<\/td>\n<td style=\"width: 216px;\" width=\"111\">\n<p>Kerstin Ozimek<\/p>\n<p>Sandra Goldberg<\/td>\n<\/tr>\n<\/tbody>\n<\/table>\n<p>Themen zur Besprechung u.A.:<\/p>\n<ul>\n<li>Satzungs\u00e4nderungen<\/li>\n<li>\u00c4nderungen in den bisher vom Konsulat finanzierten Projekten<\/li>\n<li>Jubil\u00e4en 2026:<\/li>\n<li>35 Jahre nach der Unterzeichnung des Vertrags \u00fcber gute Nachbarschaft und freundliche Zusammenarbeit zwischen Deutschland und der Republik Polen vom 17. Juli 1991<\/li>\n<li>Projekte 2026 \u2013 Terminkalender<\/li>\n<li>Finanzen 2025 \u2013 Selbstverwaltungszusch\u00fcsse<\/li>\n<li>Jugendpunkte<\/li>\n<li>Christmetten auf Deutsch<\/li>\n<li>Termine der Pilgerfahrten 2026<\/li>\n<li>Abrechnung der DFKs<\/li>\n<li>Laufende Themen<\/li>\n<\/ul>\n<p>&nbsp;<\/p>","protected":false},"excerpt":{"rendered":"<p>Kreisversammlungen \u2013 November 2025 Kreis &nbsp; Termin Uhrzeit Ort Vorstandsmitglieder B\u00fcromitarbeiter Kreuzburg und Rosenberg\/Kluczbork i Olesno 4.11.2025 (wtorek) 18:00 Sala w Gminnym O\u015brodku Kultury w Gorzowie \u015al\u0105skim, ul. Rynek 4, 46-310 Gorz\u00f3w \u015al\u0105ski Rafa\u0142 Bartek Sylwia Kus Tomasz Gryga Andrzej Klama Krappitz und Neustadt\/Krapkowice i Prudnik 5.11.2025 (\u015broda) 17:00 &nbsp;DFK Otm\u0119t ul. 3 Maja 11, [&hellip;]<\/p>\n","protected":false},"author":18,"featured_media":37264,"comment_status":"closed","ping_status":"closed","sticky":false,"template":"","format":"standard","meta":{"footnotes":""},"categories":[1],"tags":[],"class_list":["post-37262","post","type-post","status-publish","format-standard","has-post-thumbnail","hentry","category-aktualnosci"],"yoast_head":"<!-- This site is optimized with the Yoast SEO plugin v18.9 - https:\/\/yoast.com\/wordpress\/plugins\/seo\/ -->\n<title>Wir laden ganz herzlich Vertreter der DFK, Gemeinde- und Kreisvorstaende zu den Kreisversammlungen ein! - Deutsche Minderheit, Sozial-Kulturelle Gesellschaft der Deutschen im Oppelner Schlesien<\/title>\n<meta name=\"robots\" content=\"index, follow, max-snippet:-1, max-image-preview:large, max-video-preview:-1\" \/>\n<link rel=\"canonical\" href=\"https:\/\/skgd.pl\/serdecznie-zapraszamy-przedstawicieli-dfk-wladze-gminne-i-powiatowe-na-zebrania-powiatowe\/\" \/>\n<meta property=\"og:locale\" content=\"de_DE\" \/>\n<meta property=\"og:type\" content=\"article\" \/>\n<meta property=\"og:title\" content=\"Wir laden ganz herzlich Vertreter der DFK, Gemeinde- und Kreisvorstaende zu den Kreisversammlungen ein! - Deutsche Minderheit, Sozial-Kulturelle Gesellschaft der Deutschen im Oppelner Schlesien\" \/>\n<meta property=\"og:description\" content=\"Kreisversammlungen \u2013 November 2025 Kreis &nbsp; Termin Uhrzeit Ort Vorstandsmitglieder B\u00fcromitarbeiter Kreuzburg und Rosenberg\/Kluczbork i Olesno 4.11.2025 (wtorek) 18:00 Sala w Gminnym O\u015brodku Kultury w Gorzowie \u015al\u0105skim, ul. Rynek 4, 46-310 Gorz\u00f3w \u015al\u0105ski Rafa\u0142 Bartek Sylwia Kus Tomasz Gryga Andrzej Klama Krappitz und Neustadt\/Krapkowice i Prudnik 5.11.2025 (\u015broda) 17:00 &nbsp;DFK Otm\u0119t ul. 3 Maja 11, [&hellip;]\" \/>\n<meta property=\"og:url\" content=\"https:\/\/skgd.pl\/serdecznie-zapraszamy-przedstawicieli-dfk-wladze-gminne-i-powiatowe-na-zebrania-powiatowe\/\" \/>\n<meta property=\"og:site_name\" content=\"Deutsche Minderheit, Sozial-Kulturelle Gesellschaft der Deutschen im Oppelner Schlesien\" \/>\n<meta property=\"article:published_time\" content=\"2025-11-03T08:00:24+00:00\" \/>\n<meta property=\"article:modified_time\" content=\"2025-11-03T18:44:33+00:00\" \/>\n<meta property=\"og:image\" content=\"https:\/\/skgd.pl\/wp-content\/uploads\/2025\/11\/Post.png\" \/>\n\t<meta property=\"og:image:width\" content=\"1080\" \/>\n\t<meta property=\"og:image:height\" content=\"1350\" \/>\n\t<meta property=\"og:image:type\" content=\"image\/png\" \/>\n<meta name=\"twitter:card\" content=\"summary_large_image\" \/>\n<meta name=\"twitter:label1\" content=\"Verfasst von\" \/>\n\t<meta name=\"twitter:data1\" content=\"Agnieszka Nalichowska\" \/>\n\t<meta name=\"twitter:label2\" content=\"Gesch\u00e4tzte Lesezeit\" \/>\n\t<meta name=\"twitter:data2\" content=\"2\u00a0Minuten\" \/>\n<script type=\"application\/ld+json\" class=\"yoast-schema-graph\">{\"@context\":\"https:\/\/schema.org\",\"@graph\":[{\"@type\":\"WebSite\",\"@id\":\"https:\/\/skgd.pl\/#website\",\"url\":\"https:\/\/skgd.pl\/\",\"name\":\"Deutsche Minderheit, Sozial-Kulturelle Gesellschaft der Deutschen im Oppelner Schlesien\",\"description\":\"Deutsche Minderheit in Polen\",\"potentialAction\":[{\"@type\":\"SearchAction\",\"target\":{\"@type\":\"EntryPoint\",\"urlTemplate\":\"https:\/\/skgd.pl\/?s={search_term_string}\"},\"query-input\":\"required name=search_term_string\"}],\"inLanguage\":\"de\"},{\"@type\":\"ImageObject\",\"inLanguage\":\"de\",\"@id\":\"https:\/\/skgd.pl\/serdecznie-zapraszamy-przedstawicieli-dfk-wladze-gminne-i-powiatowe-na-zebrania-powiatowe\/#primaryimage\",\"url\":\"https:\/\/skgd.pl\/wp-content\/uploads\/2025\/11\/Post.png\",\"contentUrl\":\"https:\/\/skgd.pl\/wp-content\/uploads\/2025\/11\/Post.png\",\"width\":1080,\"height\":1350},{\"@type\":\"WebPage\",\"@id\":\"https:\/\/skgd.pl\/serdecznie-zapraszamy-przedstawicieli-dfk-wladze-gminne-i-powiatowe-na-zebrania-powiatowe\/#webpage\",\"url\":\"https:\/\/skgd.pl\/serdecznie-zapraszamy-przedstawicieli-dfk-wladze-gminne-i-powiatowe-na-zebrania-powiatowe\/\",\"name\":\"Wir laden ganz herzlich Vertreter der DFK, Gemeinde- und Kreisvorstaende zu den Kreisversammlungen ein! - Deutsche Minderheit, Sozial-Kulturelle Gesellschaft der Deutschen im Oppelner Schlesien\",\"isPartOf\":{\"@id\":\"https:\/\/skgd.pl\/#website\"},\"primaryImageOfPage\":{\"@id\":\"https:\/\/skgd.pl\/serdecznie-zapraszamy-przedstawicieli-dfk-wladze-gminne-i-powiatowe-na-zebrania-powiatowe\/#primaryimage\"},\"datePublished\":\"2025-11-03T08:00:24+00:00\",\"dateModified\":\"2025-11-03T18:44:33+00:00\",\"author\":{\"@id\":\"https:\/\/skgd.pl\/#\/schema\/person\/bb31e525db6f4e52d1f7a7ca50b7dd78\"},\"breadcrumb\":{\"@id\":\"https:\/\/skgd.pl\/serdecznie-zapraszamy-przedstawicieli-dfk-wladze-gminne-i-powiatowe-na-zebrania-powiatowe\/#breadcrumb\"},\"inLanguage\":\"de\",\"potentialAction\":[{\"@type\":\"ReadAction\",\"target\":[\"https:\/\/skgd.pl\/serdecznie-zapraszamy-przedstawicieli-dfk-wladze-gminne-i-powiatowe-na-zebrania-powiatowe\/\"]}]},{\"@type\":\"BreadcrumbList\",\"@id\":\"https:\/\/skgd.pl\/serdecznie-zapraszamy-przedstawicieli-dfk-wladze-gminne-i-powiatowe-na-zebrania-powiatowe\/#breadcrumb\",\"itemListElement\":[{\"@type\":\"ListItem\",\"position\":1,\"name\":\"Strona g\u0142\u00f3wna\",\"item\":\"https:\/\/skgd.pl\/\"},{\"@type\":\"ListItem\",\"position\":2,\"name\":\"Serdecznie zapraszamy przedstawicieli DFK, w\u0142adze gminne i powiatowe na zebrania powiatowe!\"}]},{\"@type\":\"Person\",\"@id\":\"https:\/\/skgd.pl\/#\/schema\/person\/bb31e525db6f4e52d1f7a7ca50b7dd78\",\"name\":\"Agnieszka Nalichowska\",\"image\":{\"@type\":\"ImageObject\",\"inLanguage\":\"de\",\"@id\":\"https:\/\/skgd.pl\/#\/schema\/person\/image\/\",\"url\":\"https:\/\/secure.gravatar.com\/avatar\/486c6fffc4e5d67f25c0ca47bb5e6892?s=96&d=mm&r=g\",\"contentUrl\":\"https:\/\/secure.gravatar.com\/avatar\/486c6fffc4e5d67f25c0ca47bb5e6892?s=96&d=mm&r=g\",\"caption\":\"Agnieszka Nalichowska\"},\"url\":\"https:\/\/skgd.pl\/de\/author\/agnieszka-nalichowskaskgd-pl\/\"}]}<\/script>\n<!-- \/ Yoast SEO plugin. -->","yoast_head_json":{"title":"Wir laden ganz herzlich Vertreter der DFK, Gemeinde- und Kreisvorstaende zu den Kreisversammlungen ein! - Deutsche Minderheit, Sozial-Kulturelle Gesellschaft der Deutschen im Oppelner Schlesien","robots":{"index":"index","follow":"follow","max-snippet":"max-snippet:-1","max-image-preview":"max-image-preview:large","max-video-preview":"max-video-preview:-1"},"canonical":"https:\/\/skgd.pl\/serdecznie-zapraszamy-przedstawicieli-dfk-wladze-gminne-i-powiatowe-na-zebrania-powiatowe\/","og_locale":"de_DE","og_type":"article","og_title":"Wir laden ganz herzlich Vertreter der DFK, Gemeinde- und Kreisvorstaende zu den Kreisversammlungen ein! - Deutsche Minderheit, Sozial-Kulturelle Gesellschaft der Deutschen im Oppelner Schlesien","og_description":"Kreisversammlungen \u2013 November 2025 Kreis &nbsp; Termin Uhrzeit Ort Vorstandsmitglieder B\u00fcromitarbeiter Kreuzburg und Rosenberg\/Kluczbork i Olesno 4.11.2025 (wtorek) 18:00 Sala w Gminnym O\u015brodku Kultury w Gorzowie \u015al\u0105skim, ul. Rynek 4, 46-310 Gorz\u00f3w \u015al\u0105ski Rafa\u0142 Bartek Sylwia Kus Tomasz Gryga Andrzej Klama Krappitz und Neustadt\/Krapkowice i Prudnik 5.11.2025 (\u015broda) 17:00 &nbsp;DFK Otm\u0119t ul. 3 Maja 11, [&hellip;]","og_url":"https:\/\/skgd.pl\/serdecznie-zapraszamy-przedstawicieli-dfk-wladze-gminne-i-powiatowe-na-zebrania-powiatowe\/","og_site_name":"Deutsche Minderheit, Sozial-Kulturelle Gesellschaft der Deutschen im Oppelner Schlesien","article_published_time":"2025-11-03T08:00:24+00:00","article_modified_time":"2025-11-03T18:44:33+00:00","og_image":[{"width":1080,"height":1350,"url":"https:\/\/skgd.pl\/wp-content\/uploads\/2025\/11\/Post.png","type":"image\/png"}],"twitter_card":"summary_large_image","twitter_misc":{"Verfasst von":"Agnieszka Nalichowska","Gesch\u00e4tzte Lesezeit":"2\u00a0Minuten"},"schema":{"@context":"https:\/\/schema.org","@graph":[{"@type":"WebSite","@id":"https:\/\/skgd.pl\/#website","url":"https:\/\/skgd.pl\/","name":"Deutsche Minderheit, Sozial-Kulturelle Gesellschaft der Deutschen im Oppelner Schlesien","description":"Deutsche Minderheit in Polen","potentialAction":[{"@type":"SearchAction","target":{"@type":"EntryPoint","urlTemplate":"https:\/\/skgd.pl\/?s={search_term_string}"},"query-input":"required name=search_term_string"}],"inLanguage":"de"},{"@type":"ImageObject","inLanguage":"de","@id":"https:\/\/skgd.pl\/serdecznie-zapraszamy-przedstawicieli-dfk-wladze-gminne-i-powiatowe-na-zebrania-powiatowe\/#primaryimage","url":"https:\/\/skgd.pl\/wp-content\/uploads\/2025\/11\/Post.png","contentUrl":"https:\/\/skgd.pl\/wp-content\/uploads\/2025\/11\/Post.png","width":1080,"height":1350},{"@type":"WebPage","@id":"https:\/\/skgd.pl\/serdecznie-zapraszamy-przedstawicieli-dfk-wladze-gminne-i-powiatowe-na-zebrania-powiatowe\/#webpage","url":"https:\/\/skgd.pl\/serdecznie-zapraszamy-przedstawicieli-dfk-wladze-gminne-i-powiatowe-na-zebrania-powiatowe\/","name":"Wir laden ganz herzlich Vertreter der DFK, Gemeinde- und Kreisvorstaende zu den Kreisversammlungen ein! - Deutsche Minderheit, Sozial-Kulturelle Gesellschaft der Deutschen im Oppelner Schlesien","isPartOf":{"@id":"https:\/\/skgd.pl\/#website"},"primaryImageOfPage":{"@id":"https:\/\/skgd.pl\/serdecznie-zapraszamy-przedstawicieli-dfk-wladze-gminne-i-powiatowe-na-zebrania-powiatowe\/#primaryimage"},"datePublished":"2025-11-03T08:00:24+00:00","dateModified":"2025-11-03T18:44:33+00:00","author":{"@id":"https:\/\/skgd.pl\/#\/schema\/person\/bb31e525db6f4e52d1f7a7ca50b7dd78"},"breadcrumb":{"@id":"https:\/\/skgd.pl\/serdecznie-zapraszamy-przedstawicieli-dfk-wladze-gminne-i-powiatowe-na-zebrania-powiatowe\/#breadcrumb"},"inLanguage":"de","potentialAction":[{"@type":"ReadAction","target":["https:\/\/skgd.pl\/serdecznie-zapraszamy-przedstawicieli-dfk-wladze-gminne-i-powiatowe-na-zebrania-powiatowe\/"]}]},{"@type":"BreadcrumbList","@id":"https:\/\/skgd.pl\/serdecznie-zapraszamy-przedstawicieli-dfk-wladze-gminne-i-powiatowe-na-zebrania-powiatowe\/#breadcrumb","itemListElement":[{"@type":"ListItem","position":1,"name":"Strona g\u0142\u00f3wna","item":"https:\/\/skgd.pl\/"},{"@type":"ListItem","position":2,"name":"Serdecznie zapraszamy przedstawicieli DFK, w\u0142adze gminne i powiatowe na zebrania powiatowe!"}]},{"@type":"Person","@id":"https:\/\/skgd.pl\/#\/schema\/person\/bb31e525db6f4e52d1f7a7ca50b7dd78","name":"Agnieszka Nalichowska","image":{"@type":"ImageObject","inLanguage":"de","@id":"https:\/\/skgd.pl\/#\/schema\/person\/image\/","url":"https:\/\/secure.gravatar.com\/avatar\/486c6fffc4e5d67f25c0ca47bb5e6892?s=96&d=mm&r=g","contentUrl":"https:\/\/secure.gravatar.com\/avatar\/486c6fffc4e5d67f25c0ca47bb5e6892?s=96&d=mm&r=g","caption":"Agnieszka Nalichowska"},"url":"https:\/\/skgd.pl\/de\/author\/agnieszka-nalichowskaskgd-pl\/"}]}},"_links":{"self":[{"href":"https:\/\/skgd.pl\/de\/wp-json\/wp\/v2\/posts\/37262","targetHints":{"allow":["GET"]}}],"collection":[{"href":"https:\/\/skgd.pl\/de\/wp-json\/wp\/v2\/posts"}],"about":[{"href":"https:\/\/skgd.pl\/de\/wp-json\/wp\/v2\/types\/post"}],"author":[{"embeddable":true,"href":"https:\/\/skgd.pl\/de\/wp-json\/wp\/v2\/users\/18"}],"replies":[{"embeddable":true,"href":"https:\/\/skgd.pl\/de\/wp-json\/wp\/v2\/comments?post=37262"}],"version-history":[{"count":8,"href":"https:\/\/skgd.pl\/de\/wp-json\/wp\/v2\/posts\/37262\/revisions"}],"predecessor-version":[{"id":37284,"href":"https:\/\/skgd.pl\/de\/wp-json\/wp\/v2\/posts\/37262\/revisions\/37284"}],"wp:featuredmedia":[{"embeddable":true,"href":"https:\/\/skgd.pl\/de\/wp-json\/wp\/v2\/media\/37264"}],"wp:attachment":[{"href":"https:\/\/skgd.pl\/de\/wp-json\/wp\/v2\/media?parent=37262"}],"wp:term":[{"taxonomy":"category","embeddable":true,"href":"https:\/\/skgd.pl\/de\/wp-json\/wp\/v2\/categories?post=37262"},{"taxonomy":"post_tag","embeddable":true,"href":"https:\/\/skgd.pl\/de\/wp-json\/wp\/v2\/tags?post=37262"}],"curies":[{"name":"wp","href":"https:\/\/api.w.org\/{rel}","templated":true}]}}