{"id":36346,"date":"2025-04-30T10:00:41","date_gmt":"2025-04-30T08:00:41","guid":{"rendered":"https:\/\/skgd.pl\/?p=36346"},"modified":"2025-04-30T13:27:26","modified_gmt":"2025-04-30T11:27:26","slug":"final-xv-konkursu-wiedzy-o-mniejszosci-niemieckiej-juz-za-nami","status":"publish","type":"post","link":"https:\/\/skgd.pl\/de\/final-xv-konkursu-wiedzy-o-mniejszosci-niemieckiej-juz-za-nami\/","title":{"rendered":"Das Finale des XV. Wissenswettbewerbs \u00fcber die deutsche Minderheit fand am 28. April 2025 statt!"},"content":{"rendered":"<p><\/p>\n<p class=\"\" data-start=\"179\" data-end=\"561\">Am Montag, dem <strong data-start=\"194\" data-end=\"212\">28. April 2025<\/strong>, fand im Comprachtsch\u00fctz das Finale der <strong data-start=\"318\" data-end=\"385\">15. Ausgabe des Wissenswettbewerbs \u00fcber die deutsche Minderheit<\/strong> statt. Es war ein besonderer Tag, an dem sich die engagiertesten und besten Teilnehmerinnen und Teilnehmer aus der ganzen Woiwodschaft Oppeln versammelten, um ihr Wissen unter Beweis zu stellen.<\/p>\n<p class=\"\" data-start=\"563\" data-end=\"916\">Zum diesj\u00e4hrigen Finale qualifizierten sich 120 Grundsch\u00fclerinnen und -sch\u00fcler, die sich zuvor auf Schulebene durch ihr umfangreiches Wissen \u00fcber die Geschichte, Kultur und Gegenwart der deutschen Minderheit in Polen ausgezeichnet hatten. Das Niveau des Wettbewerbs war sehr hoch, und die Punkteabst\u00e4nde zwischen den Teilnehmenden \u2013 \u00e4u\u00dferst gering.<\/p>\n<p class=\"\" data-start=\"918\" data-end=\"1135\">Neben dem Wissenswettbewerb war es auch eine wunderbare Gelegenheit zum Kennenlernen, zum Austausch und zur Integration von Jugendlichen, die sich f\u00fcr Zweisprachigkeit und das kulturelle Erbe der Region interessieren.<\/p>\n<p class=\"\" data-start=\"1137\" data-end=\"1505\">Wir <strong data-start=\"1141\" data-end=\"1218\">gratulieren herzlich allen diesj\u00e4hrigen Teilnehmer und Teilnehmerinen<\/strong>, denn bereits die Teilnahme am Wettbewerb und Finale ist ein gro\u00dfer Erfolg. Besonders erfreulich war, dass wir in diesem Jahr eine <strong data-start=\"1385\" data-end=\"1414\">Rekordzahl an Anmeldungen<\/strong> verzeichnen konnten \u2013 ein gro\u00dfartiges Zeichen f\u00fcr das wachsende Interesse an der Thematik.<\/p>\n<p class=\"\" data-start=\"1507\" data-end=\"1684\">Wir laden herzlich dazu ein, die <strong data-start=\"1540\" data-end=\"1567\">Fotogalerie des Finales<\/strong> anzuschauen \u2013 diese ist unter dem Post.<\/p>\n&#9888; <strong>Modul kann nicht gerendert werden, da der angeforderte Inhalt nicht (mehr) zug\u00e4nglich ist. Kontaktieren Sie den Administrator, um Zugang zu erhalten.<\/strong>\n<p class=\"\" data-start=\"1686\" data-end=\"1908\">Ein gro\u00dfes Dankesch\u00f6n geht an alle Sch\u00fclerinnen und Sch\u00fcler, Lehrkr\u00e4fte, Schulen sowie alle Partner des Wettbewerbs f\u00fcr ihr Engagement und ihre Unterst\u00fctzung. Wir freuen uns schon auf die n\u00e4chste Ausgabe im kommenden Jahr!<\/p>\n<p><\/p>","protected":false},"excerpt":{"rendered":"<p>Am Montag, dem 28. April 2025, fand im Comprachtsch\u00fctz das Finale der 15. Ausgabe des Wissenswettbewerbs \u00fcber die deutsche Minderheit statt. Es war ein besonderer Tag, an dem sich die engagiertesten und besten Teilnehmerinnen und Teilnehmer aus der ganzen Woiwodschaft Oppeln versammelten, um ihr Wissen unter Beweis zu stellen. Zum diesj\u00e4hrigen Finale qualifizierten sich 120 [&hellip;]<\/p>\n","protected":false},"author":13,"featured_media":36353,"comment_status":"closed","ping_status":"closed","sticky":false,"template":"","format":"standard","meta":{"footnotes":""},"categories":[731,1],"tags":[],"class_list":["post-36346","post","type-post","status-publish","format-standard","has-post-thumbnail","hentry","category-edukacja","category-aktualnosci"],"yoast_head":"<!-- This site is optimized with the Yoast SEO plugin v18.9 - https:\/\/yoast.com\/wordpress\/plugins\/seo\/ -->\n<title>Das Finale des XV. Wissenswettbewerbs \u00fcber die deutsche Minderheit fand am 28. April 2025 statt! - Deutsche Minderheit, Sozial-Kulturelle Gesellschaft der Deutschen im Oppelner Schlesien<\/title>\n<meta name=\"robots\" content=\"index, follow, max-snippet:-1, max-image-preview:large, max-video-preview:-1\" \/>\n<link rel=\"canonical\" href=\"https:\/\/skgd.pl\/final-xv-konkursu-wiedzy-o-mniejszosci-niemieckiej-juz-za-nami\/\" \/>\n<meta property=\"og:locale\" content=\"de_DE\" \/>\n<meta property=\"og:type\" content=\"article\" \/>\n<meta property=\"og:title\" content=\"Das Finale des XV. Wissenswettbewerbs \u00fcber die deutsche Minderheit fand am 28. April 2025 statt! - Deutsche Minderheit, Sozial-Kulturelle Gesellschaft der Deutschen im Oppelner Schlesien\" \/>\n<meta property=\"og:description\" content=\"Am Montag, dem 28. April 2025, fand im Comprachtsch\u00fctz das Finale der 15. Ausgabe des Wissenswettbewerbs \u00fcber die deutsche Minderheit statt. Es war ein besonderer Tag, an dem sich die engagiertesten und besten Teilnehmerinnen und Teilnehmer aus der ganzen Woiwodschaft Oppeln versammelten, um ihr Wissen unter Beweis zu stellen. Zum diesj\u00e4hrigen Finale qualifizierten sich 120 [&hellip;]\" \/>\n<meta property=\"og:url\" content=\"https:\/\/skgd.pl\/final-xv-konkursu-wiedzy-o-mniejszosci-niemieckiej-juz-za-nami\/\" \/>\n<meta property=\"og:site_name\" content=\"Deutsche Minderheit, Sozial-Kulturelle Gesellschaft der Deutschen im Oppelner Schlesien\" \/>\n<meta property=\"article:published_time\" content=\"2025-04-30T08:00:41+00:00\" \/>\n<meta property=\"article:modified_time\" content=\"2025-04-30T11:27:26+00:00\" \/>\n<meta property=\"og:image\" content=\"https:\/\/skgd.pl\/wp-content\/uploads\/2025\/04\/DSC09610-2.jpg\" \/>\n\t<meta property=\"og:image:width\" content=\"2048\" \/>\n\t<meta property=\"og:image:height\" content=\"1365\" \/>\n\t<meta property=\"og:image:type\" content=\"image\/jpeg\" \/>\n<meta name=\"twitter:card\" content=\"summary_large_image\" \/>\n<meta name=\"twitter:label1\" content=\"Verfasst von\" \/>\n\t<meta name=\"twitter:data1\" content=\"Daniel Bewko\" \/>\n\t<meta name=\"twitter:label2\" content=\"Gesch\u00e4tzte Lesezeit\" \/>\n\t<meta name=\"twitter:data2\" content=\"2\u00a0Minuten\" \/>\n<script type=\"application\/ld+json\" class=\"yoast-schema-graph\">{\"@context\":\"https:\/\/schema.org\",\"@graph\":[{\"@type\":\"WebSite\",\"@id\":\"https:\/\/skgd.pl\/#website\",\"url\":\"https:\/\/skgd.pl\/\",\"name\":\"Deutsche Minderheit, Sozial-Kulturelle Gesellschaft der Deutschen im Oppelner Schlesien\",\"description\":\"Deutsche Minderheit in Polen\",\"potentialAction\":[{\"@type\":\"SearchAction\",\"target\":{\"@type\":\"EntryPoint\",\"urlTemplate\":\"https:\/\/skgd.pl\/?s={search_term_string}\"},\"query-input\":\"required name=search_term_string\"}],\"inLanguage\":\"de\"},{\"@type\":\"ImageObject\",\"inLanguage\":\"de\",\"@id\":\"https:\/\/skgd.pl\/final-xv-konkursu-wiedzy-o-mniejszosci-niemieckiej-juz-za-nami\/#primaryimage\",\"url\":\"https:\/\/skgd.pl\/wp-content\/uploads\/2025\/04\/DSC09610-2.jpg\",\"contentUrl\":\"https:\/\/skgd.pl\/wp-content\/uploads\/2025\/04\/DSC09610-2.jpg\",\"width\":2048,\"height\":1365},{\"@type\":\"WebPage\",\"@id\":\"https:\/\/skgd.pl\/final-xv-konkursu-wiedzy-o-mniejszosci-niemieckiej-juz-za-nami\/#webpage\",\"url\":\"https:\/\/skgd.pl\/final-xv-konkursu-wiedzy-o-mniejszosci-niemieckiej-juz-za-nami\/\",\"name\":\"Das Finale des XV. Wissenswettbewerbs \u00fcber die deutsche Minderheit fand am 28. April 2025 statt! - Deutsche Minderheit, Sozial-Kulturelle Gesellschaft der Deutschen im Oppelner Schlesien\",\"isPartOf\":{\"@id\":\"https:\/\/skgd.pl\/#website\"},\"primaryImageOfPage\":{\"@id\":\"https:\/\/skgd.pl\/final-xv-konkursu-wiedzy-o-mniejszosci-niemieckiej-juz-za-nami\/#primaryimage\"},\"datePublished\":\"2025-04-30T08:00:41+00:00\",\"dateModified\":\"2025-04-30T11:27:26+00:00\",\"author\":{\"@id\":\"https:\/\/skgd.pl\/#\/schema\/person\/3fb073cb271b54c7c3d73598166a8846\"},\"breadcrumb\":{\"@id\":\"https:\/\/skgd.pl\/final-xv-konkursu-wiedzy-o-mniejszosci-niemieckiej-juz-za-nami\/#breadcrumb\"},\"inLanguage\":\"de\",\"potentialAction\":[{\"@type\":\"ReadAction\",\"target\":[\"https:\/\/skgd.pl\/final-xv-konkursu-wiedzy-o-mniejszosci-niemieckiej-juz-za-nami\/\"]}]},{\"@type\":\"BreadcrumbList\",\"@id\":\"https:\/\/skgd.pl\/final-xv-konkursu-wiedzy-o-mniejszosci-niemieckiej-juz-za-nami\/#breadcrumb\",\"itemListElement\":[{\"@type\":\"ListItem\",\"position\":1,\"name\":\"Strona g\u0142\u00f3wna\",\"item\":\"https:\/\/skgd.pl\/\"},{\"@type\":\"ListItem\",\"position\":2,\"name\":\"Fina\u0142 XV Konkursu Wiedzy o Mniejszo\u015bci Niemieckiej ju\u017c za nami!\"}]},{\"@type\":\"Person\",\"@id\":\"https:\/\/skgd.pl\/#\/schema\/person\/3fb073cb271b54c7c3d73598166a8846\",\"name\":\"Daniel Bewko\",\"image\":{\"@type\":\"ImageObject\",\"inLanguage\":\"de\",\"@id\":\"https:\/\/skgd.pl\/#\/schema\/person\/image\/\",\"url\":\"https:\/\/secure.gravatar.com\/avatar\/d648851ca016fa7b79979123bf874d6a?s=96&d=mm&r=g\",\"contentUrl\":\"https:\/\/secure.gravatar.com\/avatar\/d648851ca016fa7b79979123bf874d6a?s=96&d=mm&r=g\",\"caption\":\"Daniel Bewko\"},\"url\":\"https:\/\/skgd.pl\/de\/author\/daniel\/\"}]}<\/script>\n<!-- \/ Yoast SEO plugin. -->","yoast_head_json":{"title":"Das Finale des XV. Wissenswettbewerbs \u00fcber die deutsche Minderheit fand am 28. April 2025 statt! - Deutsche Minderheit, Sozial-Kulturelle Gesellschaft der Deutschen im Oppelner Schlesien","robots":{"index":"index","follow":"follow","max-snippet":"max-snippet:-1","max-image-preview":"max-image-preview:large","max-video-preview":"max-video-preview:-1"},"canonical":"https:\/\/skgd.pl\/final-xv-konkursu-wiedzy-o-mniejszosci-niemieckiej-juz-za-nami\/","og_locale":"de_DE","og_type":"article","og_title":"Das Finale des XV. Wissenswettbewerbs \u00fcber die deutsche Minderheit fand am 28. April 2025 statt! - Deutsche Minderheit, Sozial-Kulturelle Gesellschaft der Deutschen im Oppelner Schlesien","og_description":"Am Montag, dem 28. April 2025, fand im Comprachtsch\u00fctz das Finale der 15. Ausgabe des Wissenswettbewerbs \u00fcber die deutsche Minderheit statt. Es war ein besonderer Tag, an dem sich die engagiertesten und besten Teilnehmerinnen und Teilnehmer aus der ganzen Woiwodschaft Oppeln versammelten, um ihr Wissen unter Beweis zu stellen. Zum diesj\u00e4hrigen Finale qualifizierten sich 120 [&hellip;]","og_url":"https:\/\/skgd.pl\/final-xv-konkursu-wiedzy-o-mniejszosci-niemieckiej-juz-za-nami\/","og_site_name":"Deutsche Minderheit, Sozial-Kulturelle Gesellschaft der Deutschen im Oppelner Schlesien","article_published_time":"2025-04-30T08:00:41+00:00","article_modified_time":"2025-04-30T11:27:26+00:00","og_image":[{"width":2048,"height":1365,"url":"https:\/\/skgd.pl\/wp-content\/uploads\/2025\/04\/DSC09610-2.jpg","type":"image\/jpeg"}],"twitter_card":"summary_large_image","twitter_misc":{"Verfasst von":"Daniel Bewko","Gesch\u00e4tzte Lesezeit":"2\u00a0Minuten"},"schema":{"@context":"https:\/\/schema.org","@graph":[{"@type":"WebSite","@id":"https:\/\/skgd.pl\/#website","url":"https:\/\/skgd.pl\/","name":"Deutsche Minderheit, Sozial-Kulturelle Gesellschaft der Deutschen im Oppelner Schlesien","description":"Deutsche Minderheit in Polen","potentialAction":[{"@type":"SearchAction","target":{"@type":"EntryPoint","urlTemplate":"https:\/\/skgd.pl\/?s={search_term_string}"},"query-input":"required name=search_term_string"}],"inLanguage":"de"},{"@type":"ImageObject","inLanguage":"de","@id":"https:\/\/skgd.pl\/final-xv-konkursu-wiedzy-o-mniejszosci-niemieckiej-juz-za-nami\/#primaryimage","url":"https:\/\/skgd.pl\/wp-content\/uploads\/2025\/04\/DSC09610-2.jpg","contentUrl":"https:\/\/skgd.pl\/wp-content\/uploads\/2025\/04\/DSC09610-2.jpg","width":2048,"height":1365},{"@type":"WebPage","@id":"https:\/\/skgd.pl\/final-xv-konkursu-wiedzy-o-mniejszosci-niemieckiej-juz-za-nami\/#webpage","url":"https:\/\/skgd.pl\/final-xv-konkursu-wiedzy-o-mniejszosci-niemieckiej-juz-za-nami\/","name":"Das Finale des XV. Wissenswettbewerbs \u00fcber die deutsche Minderheit fand am 28. April 2025 statt! - Deutsche Minderheit, Sozial-Kulturelle Gesellschaft der Deutschen im Oppelner Schlesien","isPartOf":{"@id":"https:\/\/skgd.pl\/#website"},"primaryImageOfPage":{"@id":"https:\/\/skgd.pl\/final-xv-konkursu-wiedzy-o-mniejszosci-niemieckiej-juz-za-nami\/#primaryimage"},"datePublished":"2025-04-30T08:00:41+00:00","dateModified":"2025-04-30T11:27:26+00:00","author":{"@id":"https:\/\/skgd.pl\/#\/schema\/person\/3fb073cb271b54c7c3d73598166a8846"},"breadcrumb":{"@id":"https:\/\/skgd.pl\/final-xv-konkursu-wiedzy-o-mniejszosci-niemieckiej-juz-za-nami\/#breadcrumb"},"inLanguage":"de","potentialAction":[{"@type":"ReadAction","target":["https:\/\/skgd.pl\/final-xv-konkursu-wiedzy-o-mniejszosci-niemieckiej-juz-za-nami\/"]}]},{"@type":"BreadcrumbList","@id":"https:\/\/skgd.pl\/final-xv-konkursu-wiedzy-o-mniejszosci-niemieckiej-juz-za-nami\/#breadcrumb","itemListElement":[{"@type":"ListItem","position":1,"name":"Strona g\u0142\u00f3wna","item":"https:\/\/skgd.pl\/"},{"@type":"ListItem","position":2,"name":"Fina\u0142 XV Konkursu Wiedzy o Mniejszo\u015bci Niemieckiej ju\u017c za nami!"}]},{"@type":"Person","@id":"https:\/\/skgd.pl\/#\/schema\/person\/3fb073cb271b54c7c3d73598166a8846","name":"Daniel Bewko","image":{"@type":"ImageObject","inLanguage":"de","@id":"https:\/\/skgd.pl\/#\/schema\/person\/image\/","url":"https:\/\/secure.gravatar.com\/avatar\/d648851ca016fa7b79979123bf874d6a?s=96&d=mm&r=g","contentUrl":"https:\/\/secure.gravatar.com\/avatar\/d648851ca016fa7b79979123bf874d6a?s=96&d=mm&r=g","caption":"Daniel Bewko"},"url":"https:\/\/skgd.pl\/de\/author\/daniel\/"}]}},"_links":{"self":[{"href":"https:\/\/skgd.pl\/de\/wp-json\/wp\/v2\/posts\/36346","targetHints":{"allow":["GET"]}}],"collection":[{"href":"https:\/\/skgd.pl\/de\/wp-json\/wp\/v2\/posts"}],"about":[{"href":"https:\/\/skgd.pl\/de\/wp-json\/wp\/v2\/types\/post"}],"author":[{"embeddable":true,"href":"https:\/\/skgd.pl\/de\/wp-json\/wp\/v2\/users\/13"}],"replies":[{"embeddable":true,"href":"https:\/\/skgd.pl\/de\/wp-json\/wp\/v2\/comments?post=36346"}],"version-history":[{"count":3,"href":"https:\/\/skgd.pl\/de\/wp-json\/wp\/v2\/posts\/36346\/revisions"}],"predecessor-version":[{"id":36354,"href":"https:\/\/skgd.pl\/de\/wp-json\/wp\/v2\/posts\/36346\/revisions\/36354"}],"wp:featuredmedia":[{"embeddable":true,"href":"https:\/\/skgd.pl\/de\/wp-json\/wp\/v2\/media\/36353"}],"wp:attachment":[{"href":"https:\/\/skgd.pl\/de\/wp-json\/wp\/v2\/media?parent=36346"}],"wp:term":[{"taxonomy":"category","embeddable":true,"href":"https:\/\/skgd.pl\/de\/wp-json\/wp\/v2\/categories?post=36346"},{"taxonomy":"post_tag","embeddable":true,"href":"https:\/\/skgd.pl\/de\/wp-json\/wp\/v2\/tags?post=36346"}],"curies":[{"name":"wp","href":"https:\/\/api.w.org\/{rel}","templated":true}]}}