{"id":35324,"date":"2024-11-12T13:37:13","date_gmt":"2024-11-12T12:37:13","guid":{"rendered":"https:\/\/skgd.pl\/?p=35324"},"modified":"2024-11-12T13:37:13","modified_gmt":"2024-11-12T12:37:13","slug":"siegnij-dla-nas-do-wspomnien","status":"publish","type":"post","link":"https:\/\/skgd.pl\/de\/siegnij-dla-nas-do-wspomnien\/","title":{"rendered":"Greifen Sie f\u00fcr uns nach den Erinnerungen!"},"content":{"rendered":"<p><strong>Lebkuchenbacken, gemeinsames Gestalten von Adventskr\u00e4nzen und Weihnachtskarten, Ausfl\u00fcge zu Weihnachtsm\u00e4rkten \u2013 all diese Aktivit\u00e4ten, die mit Advent und Weihnachten verbunden sind, werden auch in Kreisen der deutschen Minderheit besonders erwartet und gefeiert.<\/strong><\/p>\n<p>Dokumentations- und Ausstellungszentrum der Deutschen in Polen <strong>\u2013<\/strong> Abteilung der \u00d6ffentlichen Woiwodschaftsbibliothek in Oppeln, plant eine tempor\u00e4re Ausstellung, die die Traditionen und das Feiern von Advent und Weihnachten in der Gemeinschaft der Deutschen in Polen darstellt. Im Namen des Organisators wenden wir uns an Sie mit einer Bitte, Fotos und Videos (auch Amateuraufnahmen), auf denen Sie diese Momente verewigt haben, auszuleihen oder zu \u00fcbergeben. Vielleicht finden Sie auch einige Erinnerungen aus l\u00e4ngst vergangenen Zeiten? \u2013 kurzer Kommentar ist gerne gesehen.<\/p>\n<p>Um Materialien wird bis zum Ende November 2024 gebeten. Sind Sie dazu bereit, mitzumachen, kontaktieren Sie zuvor das Zentrum unter:<\/p>\n<p><strong><em>Beata Sordon<br \/>\n<\/em><\/strong><em>Spezialistin f\u00fcr Sammlungen<br \/>\nDokumentations- und Ausstellungszentrum der Deutschen in Polen<br \/>\nul. <span>Szpitalna 11<br \/>\n45-010 Opole \/ Oppeln<br \/>\nE-Mail: b.sordon@cdwbp.opole.pl<br \/>\nTel. +48 77 407 50 12, Durchwahl 24<\/span><\/em><\/p>","protected":false},"excerpt":{"rendered":"<p>Lebkuchenbacken, gemeinsames Gestalten von Adventskr\u00e4nzen und Weihnachtskarten, Ausfl\u00fcge zu Weihnachtsm\u00e4rkten \u2013 all diese Aktivit\u00e4ten, die mit Advent und Weihnachten verbunden sind, werden auch in Kreisen der deutschen Minderheit besonders erwartet und gefeiert. Dokumentations- und Ausstellungszentrum der Deutschen in Polen \u2013 Abteilung der \u00d6ffentlichen Woiwodschaftsbibliothek in Oppeln, plant eine tempor\u00e4re Ausstellung, die die Traditionen und das [&hellip;]<\/p>\n","protected":false},"author":13,"featured_media":35325,"comment_status":"closed","ping_status":"closed","sticky":false,"template":"","format":"standard","meta":{"footnotes":""},"categories":[1],"tags":[],"class_list":["post-35324","post","type-post","status-publish","format-standard","has-post-thumbnail","hentry","category-aktualnosci"],"yoast_head":"<!-- This site is optimized with the Yoast SEO plugin v18.9 - https:\/\/yoast.com\/wordpress\/plugins\/seo\/ -->\n<title>Greifen Sie f\u00fcr uns nach den Erinnerungen! - Deutsche Minderheit, Sozial-Kulturelle Gesellschaft der Deutschen im Oppelner Schlesien<\/title>\n<meta name=\"robots\" content=\"index, follow, max-snippet:-1, max-image-preview:large, max-video-preview:-1\" \/>\n<link rel=\"canonical\" href=\"https:\/\/skgd.pl\/siegnij-dla-nas-do-wspomnien\/\" \/>\n<meta property=\"og:locale\" content=\"de_DE\" \/>\n<meta property=\"og:type\" content=\"article\" \/>\n<meta property=\"og:title\" content=\"Greifen Sie f\u00fcr uns nach den Erinnerungen! - Deutsche Minderheit, Sozial-Kulturelle Gesellschaft der Deutschen im Oppelner Schlesien\" \/>\n<meta property=\"og:description\" content=\"Lebkuchenbacken, gemeinsames Gestalten von Adventskr\u00e4nzen und Weihnachtskarten, Ausfl\u00fcge zu Weihnachtsm\u00e4rkten \u2013 all diese Aktivit\u00e4ten, die mit Advent und Weihnachten verbunden sind, werden auch in Kreisen der deutschen Minderheit besonders erwartet und gefeiert. Dokumentations- und Ausstellungszentrum der Deutschen in Polen \u2013 Abteilung der \u00d6ffentlichen Woiwodschaftsbibliothek in Oppeln, plant eine tempor\u00e4re Ausstellung, die die Traditionen und das [&hellip;]\" \/>\n<meta property=\"og:url\" content=\"https:\/\/skgd.pl\/siegnij-dla-nas-do-wspomnien\/\" \/>\n<meta property=\"og:site_name\" content=\"Deutsche Minderheit, Sozial-Kulturelle Gesellschaft der Deutschen im Oppelner Schlesien\" \/>\n<meta property=\"article:published_time\" content=\"2024-11-12T12:37:13+00:00\" \/>\n<meta property=\"og:image\" content=\"https:\/\/skgd.pl\/wp-content\/uploads\/2024\/11\/Siegnij-do-wspomnien-1-scaled.jpg\" \/>\n\t<meta property=\"og:image:width\" content=\"2560\" \/>\n\t<meta property=\"og:image:height\" content=\"1958\" \/>\n\t<meta property=\"og:image:type\" content=\"image\/jpeg\" \/>\n<meta name=\"twitter:card\" content=\"summary_large_image\" \/>\n<meta name=\"twitter:label1\" content=\"Verfasst von\" \/>\n\t<meta name=\"twitter:data1\" content=\"Daniel Bewko\" \/>\n\t<meta name=\"twitter:label2\" content=\"Gesch\u00e4tzte Lesezeit\" \/>\n\t<meta name=\"twitter:data2\" content=\"2\u00a0Minuten\" \/>\n<script type=\"application\/ld+json\" class=\"yoast-schema-graph\">{\"@context\":\"https:\/\/schema.org\",\"@graph\":[{\"@type\":\"WebSite\",\"@id\":\"https:\/\/skgd.pl\/#website\",\"url\":\"https:\/\/skgd.pl\/\",\"name\":\"Deutsche Minderheit, Sozial-Kulturelle Gesellschaft der Deutschen im Oppelner Schlesien\",\"description\":\"Deutsche Minderheit in Polen\",\"potentialAction\":[{\"@type\":\"SearchAction\",\"target\":{\"@type\":\"EntryPoint\",\"urlTemplate\":\"https:\/\/skgd.pl\/?s={search_term_string}\"},\"query-input\":\"required name=search_term_string\"}],\"inLanguage\":\"de\"},{\"@type\":\"ImageObject\",\"inLanguage\":\"de\",\"@id\":\"https:\/\/skgd.pl\/siegnij-dla-nas-do-wspomnien\/#primaryimage\",\"url\":\"https:\/\/skgd.pl\/wp-content\/uploads\/2024\/11\/Siegnij-do-wspomnien-1-scaled.jpg\",\"contentUrl\":\"https:\/\/skgd.pl\/wp-content\/uploads\/2024\/11\/Siegnij-do-wspomnien-1-scaled.jpg\",\"width\":2560,\"height\":1958},{\"@type\":\"WebPage\",\"@id\":\"https:\/\/skgd.pl\/siegnij-dla-nas-do-wspomnien\/#webpage\",\"url\":\"https:\/\/skgd.pl\/siegnij-dla-nas-do-wspomnien\/\",\"name\":\"Greifen Sie f\u00fcr uns nach den Erinnerungen! - Deutsche Minderheit, Sozial-Kulturelle Gesellschaft der Deutschen im Oppelner Schlesien\",\"isPartOf\":{\"@id\":\"https:\/\/skgd.pl\/#website\"},\"primaryImageOfPage\":{\"@id\":\"https:\/\/skgd.pl\/siegnij-dla-nas-do-wspomnien\/#primaryimage\"},\"datePublished\":\"2024-11-12T12:37:13+00:00\",\"dateModified\":\"2024-11-12T12:37:13+00:00\",\"author\":{\"@id\":\"https:\/\/skgd.pl\/#\/schema\/person\/3fb073cb271b54c7c3d73598166a8846\"},\"breadcrumb\":{\"@id\":\"https:\/\/skgd.pl\/siegnij-dla-nas-do-wspomnien\/#breadcrumb\"},\"inLanguage\":\"de\",\"potentialAction\":[{\"@type\":\"ReadAction\",\"target\":[\"https:\/\/skgd.pl\/siegnij-dla-nas-do-wspomnien\/\"]}]},{\"@type\":\"BreadcrumbList\",\"@id\":\"https:\/\/skgd.pl\/siegnij-dla-nas-do-wspomnien\/#breadcrumb\",\"itemListElement\":[{\"@type\":\"ListItem\",\"position\":1,\"name\":\"Strona g\u0142\u00f3wna\",\"item\":\"https:\/\/skgd.pl\/\"},{\"@type\":\"ListItem\",\"position\":2,\"name\":\"Si\u0119gnij dla nas do wspomnie\u0144!\"}]},{\"@type\":\"Person\",\"@id\":\"https:\/\/skgd.pl\/#\/schema\/person\/3fb073cb271b54c7c3d73598166a8846\",\"name\":\"Daniel Bewko\",\"image\":{\"@type\":\"ImageObject\",\"inLanguage\":\"de\",\"@id\":\"https:\/\/skgd.pl\/#\/schema\/person\/image\/\",\"url\":\"https:\/\/secure.gravatar.com\/avatar\/d648851ca016fa7b79979123bf874d6a?s=96&d=mm&r=g\",\"contentUrl\":\"https:\/\/secure.gravatar.com\/avatar\/d648851ca016fa7b79979123bf874d6a?s=96&d=mm&r=g\",\"caption\":\"Daniel Bewko\"},\"url\":\"https:\/\/skgd.pl\/de\/author\/daniel\/\"}]}<\/script>\n<!-- \/ Yoast SEO plugin. -->","yoast_head_json":{"title":"Greifen Sie f\u00fcr uns nach den Erinnerungen! - Deutsche Minderheit, Sozial-Kulturelle Gesellschaft der Deutschen im Oppelner Schlesien","robots":{"index":"index","follow":"follow","max-snippet":"max-snippet:-1","max-image-preview":"max-image-preview:large","max-video-preview":"max-video-preview:-1"},"canonical":"https:\/\/skgd.pl\/siegnij-dla-nas-do-wspomnien\/","og_locale":"de_DE","og_type":"article","og_title":"Greifen Sie f\u00fcr uns nach den Erinnerungen! - Deutsche Minderheit, Sozial-Kulturelle Gesellschaft der Deutschen im Oppelner Schlesien","og_description":"Lebkuchenbacken, gemeinsames Gestalten von Adventskr\u00e4nzen und Weihnachtskarten, Ausfl\u00fcge zu Weihnachtsm\u00e4rkten \u2013 all diese Aktivit\u00e4ten, die mit Advent und Weihnachten verbunden sind, werden auch in Kreisen der deutschen Minderheit besonders erwartet und gefeiert. Dokumentations- und Ausstellungszentrum der Deutschen in Polen \u2013 Abteilung der \u00d6ffentlichen Woiwodschaftsbibliothek in Oppeln, plant eine tempor\u00e4re Ausstellung, die die Traditionen und das [&hellip;]","og_url":"https:\/\/skgd.pl\/siegnij-dla-nas-do-wspomnien\/","og_site_name":"Deutsche Minderheit, Sozial-Kulturelle Gesellschaft der Deutschen im Oppelner Schlesien","article_published_time":"2024-11-12T12:37:13+00:00","og_image":[{"width":2560,"height":1958,"url":"https:\/\/skgd.pl\/wp-content\/uploads\/2024\/11\/Siegnij-do-wspomnien-1-scaled.jpg","type":"image\/jpeg"}],"twitter_card":"summary_large_image","twitter_misc":{"Verfasst von":"Daniel Bewko","Gesch\u00e4tzte Lesezeit":"2\u00a0Minuten"},"schema":{"@context":"https:\/\/schema.org","@graph":[{"@type":"WebSite","@id":"https:\/\/skgd.pl\/#website","url":"https:\/\/skgd.pl\/","name":"Deutsche Minderheit, Sozial-Kulturelle Gesellschaft der Deutschen im Oppelner Schlesien","description":"Deutsche Minderheit in Polen","potentialAction":[{"@type":"SearchAction","target":{"@type":"EntryPoint","urlTemplate":"https:\/\/skgd.pl\/?s={search_term_string}"},"query-input":"required name=search_term_string"}],"inLanguage":"de"},{"@type":"ImageObject","inLanguage":"de","@id":"https:\/\/skgd.pl\/siegnij-dla-nas-do-wspomnien\/#primaryimage","url":"https:\/\/skgd.pl\/wp-content\/uploads\/2024\/11\/Siegnij-do-wspomnien-1-scaled.jpg","contentUrl":"https:\/\/skgd.pl\/wp-content\/uploads\/2024\/11\/Siegnij-do-wspomnien-1-scaled.jpg","width":2560,"height":1958},{"@type":"WebPage","@id":"https:\/\/skgd.pl\/siegnij-dla-nas-do-wspomnien\/#webpage","url":"https:\/\/skgd.pl\/siegnij-dla-nas-do-wspomnien\/","name":"Greifen Sie f\u00fcr uns nach den Erinnerungen! - Deutsche Minderheit, Sozial-Kulturelle Gesellschaft der Deutschen im Oppelner Schlesien","isPartOf":{"@id":"https:\/\/skgd.pl\/#website"},"primaryImageOfPage":{"@id":"https:\/\/skgd.pl\/siegnij-dla-nas-do-wspomnien\/#primaryimage"},"datePublished":"2024-11-12T12:37:13+00:00","dateModified":"2024-11-12T12:37:13+00:00","author":{"@id":"https:\/\/skgd.pl\/#\/schema\/person\/3fb073cb271b54c7c3d73598166a8846"},"breadcrumb":{"@id":"https:\/\/skgd.pl\/siegnij-dla-nas-do-wspomnien\/#breadcrumb"},"inLanguage":"de","potentialAction":[{"@type":"ReadAction","target":["https:\/\/skgd.pl\/siegnij-dla-nas-do-wspomnien\/"]}]},{"@type":"BreadcrumbList","@id":"https:\/\/skgd.pl\/siegnij-dla-nas-do-wspomnien\/#breadcrumb","itemListElement":[{"@type":"ListItem","position":1,"name":"Strona g\u0142\u00f3wna","item":"https:\/\/skgd.pl\/"},{"@type":"ListItem","position":2,"name":"Si\u0119gnij dla nas do wspomnie\u0144!"}]},{"@type":"Person","@id":"https:\/\/skgd.pl\/#\/schema\/person\/3fb073cb271b54c7c3d73598166a8846","name":"Daniel Bewko","image":{"@type":"ImageObject","inLanguage":"de","@id":"https:\/\/skgd.pl\/#\/schema\/person\/image\/","url":"https:\/\/secure.gravatar.com\/avatar\/d648851ca016fa7b79979123bf874d6a?s=96&d=mm&r=g","contentUrl":"https:\/\/secure.gravatar.com\/avatar\/d648851ca016fa7b79979123bf874d6a?s=96&d=mm&r=g","caption":"Daniel Bewko"},"url":"https:\/\/skgd.pl\/de\/author\/daniel\/"}]}},"_links":{"self":[{"href":"https:\/\/skgd.pl\/de\/wp-json\/wp\/v2\/posts\/35324","targetHints":{"allow":["GET"]}}],"collection":[{"href":"https:\/\/skgd.pl\/de\/wp-json\/wp\/v2\/posts"}],"about":[{"href":"https:\/\/skgd.pl\/de\/wp-json\/wp\/v2\/types\/post"}],"author":[{"embeddable":true,"href":"https:\/\/skgd.pl\/de\/wp-json\/wp\/v2\/users\/13"}],"replies":[{"embeddable":true,"href":"https:\/\/skgd.pl\/de\/wp-json\/wp\/v2\/comments?post=35324"}],"version-history":[{"count":1,"href":"https:\/\/skgd.pl\/de\/wp-json\/wp\/v2\/posts\/35324\/revisions"}],"predecessor-version":[{"id":35326,"href":"https:\/\/skgd.pl\/de\/wp-json\/wp\/v2\/posts\/35324\/revisions\/35326"}],"wp:featuredmedia":[{"embeddable":true,"href":"https:\/\/skgd.pl\/de\/wp-json\/wp\/v2\/media\/35325"}],"wp:attachment":[{"href":"https:\/\/skgd.pl\/de\/wp-json\/wp\/v2\/media?parent=35324"}],"wp:term":[{"taxonomy":"category","embeddable":true,"href":"https:\/\/skgd.pl\/de\/wp-json\/wp\/v2\/categories?post=35324"},{"taxonomy":"post_tag","embeddable":true,"href":"https:\/\/skgd.pl\/de\/wp-json\/wp\/v2\/tags?post=35324"}],"curies":[{"name":"wp","href":"https:\/\/api.w.org\/{rel}","templated":true}]}}