{"id":34628,"date":"2024-07-04T13:00:59","date_gmt":"2024-07-04T11:00:59","guid":{"rendered":"https:\/\/skgd.pl\/?p=34628"},"modified":"2024-07-04T11:18:24","modified_gmt":"2024-07-04T09:18:24","slug":"zaproszenie-na-pielgrzymke-do-warty","status":"publish","type":"post","link":"https:\/\/skgd.pl\/de\/zaproszenie-na-pielgrzymke-do-warty\/","title":{"rendered":"Einladung zur Wallfahrt nach Wartha"},"content":{"rendered":"<p>Wir laden ganz herzlich ein! F\u00fcr die Wallfahrt nach Wartha am 14.07.2024 haben wir noch freie Pl\u00e4tze im Bus. Bei Interesse bitte melden beim VdG unter der Telefonnummer +48 77 454 78 78 oder per E-Mail an <a rel=\"noreferrer\">biuro@vdg.pl<\/a>.<\/p>\n<p>Weitere Informationen findet ihr auf dem beigef\u00fcgten Flyer:<\/p>\n<p><strong>Termine der Wallfahrten 2024:<\/strong><\/p>\n<ul>\n<li>14.07.2024: Wartha &#8211; Bardo \u015al\u0105skie<\/li>\n<li>11.08.2024: Albendorf &#8211; Wambierzyce<\/li>\n<li>21.09.2024: Zuckmantel &#8211; Zlat\u00e9 Hory<\/li>\n<li>09.11.2024: Trebnitz &#8211; Trzebnica<\/li>\n<\/ul>\n<p>Wir freuen uns auf eure Teilnahme!<\/p>","protected":false},"excerpt":{"rendered":"<p>Wir laden ganz herzlich ein! F\u00fcr die Wallfahrt nach Wartha am 14.07.2024 haben wir noch freie Pl\u00e4tze im Bus. Bei Interesse bitte melden beim VdG unter der Telefonnummer +48 77 454 78 78 oder per E-Mail an biuro@vdg.pl. Weitere Informationen findet ihr auf dem beigef\u00fcgten Flyer: Termine der Wallfahrten 2024: 14.07.2024: Wartha &#8211; Bardo \u015al\u0105skie [&hellip;]<\/p>\n","protected":false},"author":13,"featured_media":34631,"comment_status":"closed","ping_status":"closed","sticky":false,"template":"","format":"standard","meta":{"footnotes":""},"categories":[1],"tags":[],"class_list":["post-34628","post","type-post","status-publish","format-standard","has-post-thumbnail","hentry","category-aktualnosci"],"yoast_head":"<!-- This site is optimized with the Yoast SEO plugin v18.9 - https:\/\/yoast.com\/wordpress\/plugins\/seo\/ -->\n<title>Einladung zur Wallfahrt nach Wartha - Deutsche Minderheit, Sozial-Kulturelle Gesellschaft der Deutschen im Oppelner Schlesien<\/title>\n<meta name=\"robots\" content=\"index, follow, max-snippet:-1, max-image-preview:large, max-video-preview:-1\" \/>\n<link rel=\"canonical\" href=\"https:\/\/skgd.pl\/zaproszenie-na-pielgrzymke-do-warty\/\" \/>\n<meta property=\"og:locale\" content=\"de_DE\" \/>\n<meta property=\"og:type\" content=\"article\" \/>\n<meta property=\"og:title\" content=\"Einladung zur Wallfahrt nach Wartha - Deutsche Minderheit, Sozial-Kulturelle Gesellschaft der Deutschen im Oppelner Schlesien\" \/>\n<meta property=\"og:description\" content=\"Wir laden ganz herzlich ein! F\u00fcr die Wallfahrt nach Wartha am 14.07.2024 haben wir noch freie Pl\u00e4tze im Bus. Bei Interesse bitte melden beim VdG unter der Telefonnummer +48 77 454 78 78 oder per E-Mail an biuro@vdg.pl. Weitere Informationen findet ihr auf dem beigef\u00fcgten Flyer: Termine der Wallfahrten 2024: 14.07.2024: Wartha &#8211; Bardo \u015al\u0105skie [&hellip;]\" \/>\n<meta property=\"og:url\" content=\"https:\/\/skgd.pl\/zaproszenie-na-pielgrzymke-do-warty\/\" \/>\n<meta property=\"og:site_name\" content=\"Deutsche Minderheit, Sozial-Kulturelle Gesellschaft der Deutschen im Oppelner Schlesien\" \/>\n<meta property=\"article:published_time\" content=\"2024-07-04T11:00:59+00:00\" \/>\n<meta property=\"article:modified_time\" content=\"2024-07-04T09:18:24+00:00\" \/>\n<meta property=\"og:image\" content=\"https:\/\/skgd.pl\/wp-content\/uploads\/2024\/07\/pilger.png\" \/>\n\t<meta property=\"og:image:width\" content=\"665\" \/>\n\t<meta property=\"og:image:height\" content=\"937\" \/>\n\t<meta property=\"og:image:type\" content=\"image\/png\" \/>\n<meta name=\"twitter:card\" content=\"summary_large_image\" \/>\n<meta name=\"twitter:label1\" content=\"Verfasst von\" \/>\n\t<meta name=\"twitter:data1\" content=\"Daniel Bewko\" \/>\n\t<meta name=\"twitter:label2\" content=\"Gesch\u00e4tzte Lesezeit\" \/>\n\t<meta name=\"twitter:data2\" content=\"1\u00a0Minute\" \/>\n<script type=\"application\/ld+json\" class=\"yoast-schema-graph\">{\"@context\":\"https:\/\/schema.org\",\"@graph\":[{\"@type\":\"WebSite\",\"@id\":\"https:\/\/skgd.pl\/#website\",\"url\":\"https:\/\/skgd.pl\/\",\"name\":\"Deutsche Minderheit, Sozial-Kulturelle Gesellschaft der Deutschen im Oppelner Schlesien\",\"description\":\"Deutsche Minderheit in Polen\",\"potentialAction\":[{\"@type\":\"SearchAction\",\"target\":{\"@type\":\"EntryPoint\",\"urlTemplate\":\"https:\/\/skgd.pl\/?s={search_term_string}\"},\"query-input\":\"required name=search_term_string\"}],\"inLanguage\":\"de\"},{\"@type\":\"ImageObject\",\"inLanguage\":\"de\",\"@id\":\"https:\/\/skgd.pl\/zaproszenie-na-pielgrzymke-do-warty\/#primaryimage\",\"url\":\"https:\/\/skgd.pl\/wp-content\/uploads\/2024\/07\/pilger.png\",\"contentUrl\":\"https:\/\/skgd.pl\/wp-content\/uploads\/2024\/07\/pilger.png\",\"width\":665,\"height\":937},{\"@type\":\"WebPage\",\"@id\":\"https:\/\/skgd.pl\/zaproszenie-na-pielgrzymke-do-warty\/#webpage\",\"url\":\"https:\/\/skgd.pl\/zaproszenie-na-pielgrzymke-do-warty\/\",\"name\":\"Einladung zur Wallfahrt nach Wartha - Deutsche Minderheit, Sozial-Kulturelle Gesellschaft der Deutschen im Oppelner Schlesien\",\"isPartOf\":{\"@id\":\"https:\/\/skgd.pl\/#website\"},\"primaryImageOfPage\":{\"@id\":\"https:\/\/skgd.pl\/zaproszenie-na-pielgrzymke-do-warty\/#primaryimage\"},\"datePublished\":\"2024-07-04T11:00:59+00:00\",\"dateModified\":\"2024-07-04T09:18:24+00:00\",\"author\":{\"@id\":\"https:\/\/skgd.pl\/#\/schema\/person\/3fb073cb271b54c7c3d73598166a8846\"},\"breadcrumb\":{\"@id\":\"https:\/\/skgd.pl\/zaproszenie-na-pielgrzymke-do-warty\/#breadcrumb\"},\"inLanguage\":\"de\",\"potentialAction\":[{\"@type\":\"ReadAction\",\"target\":[\"https:\/\/skgd.pl\/zaproszenie-na-pielgrzymke-do-warty\/\"]}]},{\"@type\":\"BreadcrumbList\",\"@id\":\"https:\/\/skgd.pl\/zaproszenie-na-pielgrzymke-do-warty\/#breadcrumb\",\"itemListElement\":[{\"@type\":\"ListItem\",\"position\":1,\"name\":\"Strona g\u0142\u00f3wna\",\"item\":\"https:\/\/skgd.pl\/\"},{\"@type\":\"ListItem\",\"position\":2,\"name\":\"Zaproszenie na pielgrzymk\u0119 do Warty\"}]},{\"@type\":\"Person\",\"@id\":\"https:\/\/skgd.pl\/#\/schema\/person\/3fb073cb271b54c7c3d73598166a8846\",\"name\":\"Daniel Bewko\",\"image\":{\"@type\":\"ImageObject\",\"inLanguage\":\"de\",\"@id\":\"https:\/\/skgd.pl\/#\/schema\/person\/image\/\",\"url\":\"https:\/\/secure.gravatar.com\/avatar\/d648851ca016fa7b79979123bf874d6a?s=96&d=mm&r=g\",\"contentUrl\":\"https:\/\/secure.gravatar.com\/avatar\/d648851ca016fa7b79979123bf874d6a?s=96&d=mm&r=g\",\"caption\":\"Daniel Bewko\"},\"url\":\"https:\/\/skgd.pl\/de\/author\/daniel\/\"}]}<\/script>\n<!-- \/ Yoast SEO plugin. -->","yoast_head_json":{"title":"Einladung zur Wallfahrt nach Wartha - Deutsche Minderheit, Sozial-Kulturelle Gesellschaft der Deutschen im Oppelner Schlesien","robots":{"index":"index","follow":"follow","max-snippet":"max-snippet:-1","max-image-preview":"max-image-preview:large","max-video-preview":"max-video-preview:-1"},"canonical":"https:\/\/skgd.pl\/zaproszenie-na-pielgrzymke-do-warty\/","og_locale":"de_DE","og_type":"article","og_title":"Einladung zur Wallfahrt nach Wartha - Deutsche Minderheit, Sozial-Kulturelle Gesellschaft der Deutschen im Oppelner Schlesien","og_description":"Wir laden ganz herzlich ein! F\u00fcr die Wallfahrt nach Wartha am 14.07.2024 haben wir noch freie Pl\u00e4tze im Bus. Bei Interesse bitte melden beim VdG unter der Telefonnummer +48 77 454 78 78 oder per E-Mail an biuro@vdg.pl. Weitere Informationen findet ihr auf dem beigef\u00fcgten Flyer: Termine der Wallfahrten 2024: 14.07.2024: Wartha &#8211; Bardo \u015al\u0105skie [&hellip;]","og_url":"https:\/\/skgd.pl\/zaproszenie-na-pielgrzymke-do-warty\/","og_site_name":"Deutsche Minderheit, Sozial-Kulturelle Gesellschaft der Deutschen im Oppelner Schlesien","article_published_time":"2024-07-04T11:00:59+00:00","article_modified_time":"2024-07-04T09:18:24+00:00","og_image":[{"width":665,"height":937,"url":"https:\/\/skgd.pl\/wp-content\/uploads\/2024\/07\/pilger.png","type":"image\/png"}],"twitter_card":"summary_large_image","twitter_misc":{"Verfasst von":"Daniel Bewko","Gesch\u00e4tzte Lesezeit":"1\u00a0Minute"},"schema":{"@context":"https:\/\/schema.org","@graph":[{"@type":"WebSite","@id":"https:\/\/skgd.pl\/#website","url":"https:\/\/skgd.pl\/","name":"Deutsche Minderheit, Sozial-Kulturelle Gesellschaft der Deutschen im Oppelner Schlesien","description":"Deutsche Minderheit in Polen","potentialAction":[{"@type":"SearchAction","target":{"@type":"EntryPoint","urlTemplate":"https:\/\/skgd.pl\/?s={search_term_string}"},"query-input":"required name=search_term_string"}],"inLanguage":"de"},{"@type":"ImageObject","inLanguage":"de","@id":"https:\/\/skgd.pl\/zaproszenie-na-pielgrzymke-do-warty\/#primaryimage","url":"https:\/\/skgd.pl\/wp-content\/uploads\/2024\/07\/pilger.png","contentUrl":"https:\/\/skgd.pl\/wp-content\/uploads\/2024\/07\/pilger.png","width":665,"height":937},{"@type":"WebPage","@id":"https:\/\/skgd.pl\/zaproszenie-na-pielgrzymke-do-warty\/#webpage","url":"https:\/\/skgd.pl\/zaproszenie-na-pielgrzymke-do-warty\/","name":"Einladung zur Wallfahrt nach Wartha - Deutsche Minderheit, Sozial-Kulturelle Gesellschaft der Deutschen im Oppelner Schlesien","isPartOf":{"@id":"https:\/\/skgd.pl\/#website"},"primaryImageOfPage":{"@id":"https:\/\/skgd.pl\/zaproszenie-na-pielgrzymke-do-warty\/#primaryimage"},"datePublished":"2024-07-04T11:00:59+00:00","dateModified":"2024-07-04T09:18:24+00:00","author":{"@id":"https:\/\/skgd.pl\/#\/schema\/person\/3fb073cb271b54c7c3d73598166a8846"},"breadcrumb":{"@id":"https:\/\/skgd.pl\/zaproszenie-na-pielgrzymke-do-warty\/#breadcrumb"},"inLanguage":"de","potentialAction":[{"@type":"ReadAction","target":["https:\/\/skgd.pl\/zaproszenie-na-pielgrzymke-do-warty\/"]}]},{"@type":"BreadcrumbList","@id":"https:\/\/skgd.pl\/zaproszenie-na-pielgrzymke-do-warty\/#breadcrumb","itemListElement":[{"@type":"ListItem","position":1,"name":"Strona g\u0142\u00f3wna","item":"https:\/\/skgd.pl\/"},{"@type":"ListItem","position":2,"name":"Zaproszenie na pielgrzymk\u0119 do Warty"}]},{"@type":"Person","@id":"https:\/\/skgd.pl\/#\/schema\/person\/3fb073cb271b54c7c3d73598166a8846","name":"Daniel Bewko","image":{"@type":"ImageObject","inLanguage":"de","@id":"https:\/\/skgd.pl\/#\/schema\/person\/image\/","url":"https:\/\/secure.gravatar.com\/avatar\/d648851ca016fa7b79979123bf874d6a?s=96&d=mm&r=g","contentUrl":"https:\/\/secure.gravatar.com\/avatar\/d648851ca016fa7b79979123bf874d6a?s=96&d=mm&r=g","caption":"Daniel Bewko"},"url":"https:\/\/skgd.pl\/de\/author\/daniel\/"}]}},"_links":{"self":[{"href":"https:\/\/skgd.pl\/de\/wp-json\/wp\/v2\/posts\/34628","targetHints":{"allow":["GET"]}}],"collection":[{"href":"https:\/\/skgd.pl\/de\/wp-json\/wp\/v2\/posts"}],"about":[{"href":"https:\/\/skgd.pl\/de\/wp-json\/wp\/v2\/types\/post"}],"author":[{"embeddable":true,"href":"https:\/\/skgd.pl\/de\/wp-json\/wp\/v2\/users\/13"}],"replies":[{"embeddable":true,"href":"https:\/\/skgd.pl\/de\/wp-json\/wp\/v2\/comments?post=34628"}],"version-history":[{"count":2,"href":"https:\/\/skgd.pl\/de\/wp-json\/wp\/v2\/posts\/34628\/revisions"}],"predecessor-version":[{"id":34632,"href":"https:\/\/skgd.pl\/de\/wp-json\/wp\/v2\/posts\/34628\/revisions\/34632"}],"wp:featuredmedia":[{"embeddable":true,"href":"https:\/\/skgd.pl\/de\/wp-json\/wp\/v2\/media\/34631"}],"wp:attachment":[{"href":"https:\/\/skgd.pl\/de\/wp-json\/wp\/v2\/media?parent=34628"}],"wp:term":[{"taxonomy":"category","embeddable":true,"href":"https:\/\/skgd.pl\/de\/wp-json\/wp\/v2\/categories?post=34628"},{"taxonomy":"post_tag","embeddable":true,"href":"https:\/\/skgd.pl\/de\/wp-json\/wp\/v2\/tags?post=34628"}],"curies":[{"name":"wp","href":"https:\/\/api.w.org\/{rel}","templated":true}]}}