{"id":33966,"date":"2023-12-28T12:08:07","date_gmt":"2023-12-28T11:08:07","guid":{"rendered":"https:\/\/skgd.pl\/?p=33966"},"modified":"2024-02-14T12:49:04","modified_gmt":"2024-02-14T11:49:04","slug":"udane-zakonczenie-projektu-wsparcie-malych-remontow-dla-domow-spotkan-mniejszosci-niemieckiej-w-polsce","status":"publish","type":"post","link":"https:\/\/skgd.pl\/de\/udane-zakonczenie-projektu-wsparcie-malych-remontow-dla-domow-spotkan-mniejszosci-niemieckiej-w-polsce\/","title":{"rendered":"Erfolgreicher Abschluss des Projekts: F\u00f6rderung kleinerer Renovierungsarbeiten an den Versammlungsh\u00e4usern der deutschen Minderheit in Polen."},"content":{"rendered":"<p><\/p>\n<p style=\"font-weight: 400;\">Heute schlie\u00dfen wir das Projekt &#8220;F\u00f6rderung kleiner Renovierungen sowie Ausstattungen von Begegnungsst\u00e4tten und Organisationen der dMi Polen im Sinne der au\u00dferschulischen Sprachf\u00f6rderung&#8221; ab, das im September 2023 ausgeschrieben wurde und an dem folgenden Kreise teilgenommen haben: DFK Daniec (Danietz), DFK Zdzieszowice (Deschowitz), DFK Ligota Turawska (Ellguth Turawa), DFK Kobylice (Kobelwitz), DFK Ko\u015bcieliska (Kostellitz), DFK \u015awiercze (Sch\u00f6nwald), DFK Stebl\u00f3w (St\u00f6blau), DFK Tarn\u00f3w Opolski (Tarnau), DFK Wi\u0119kszyce (Wiegsch\u00fctz). F\u00fcr Renovierungsarbeiten und Ausstattungen qualifizierten sich nur diejenigen DFKs, die sich st\u00e4rker an Sprachprojekten beteiligen werden und deren Geb\u00e4ude sich im Besitz der SKGD im Oppelner Schlesien befinden oder diejenigen in der ersten Jahresh\u00e4lfte von sich aus den Bedarf angemeldet und diesen aufrechterhalten haben. Der Gesamtwert des Projekts belief sich auf 158.802,20 Zloty, wovon 144.957,32 Zloty F\u00f6rderung waren, die vom deutschen Ministerium des Innern und f\u00fcr Heimat \u00fcber die Stiftung f\u00fcr die Entwicklung Schlesiens gew\u00e4hrt wurde.<\/p>\n<p style=\"font-weight: 400;\">&nbsp;<\/p>\n<p style=\"font-weight: 400;\">Wir danken f\u00fcr die Unterst\u00fctzung!<\/p>\n<p><\/p>","protected":false},"excerpt":{"rendered":"<p>Heute schlie\u00dfen wir das Projekt &#8220;F\u00f6rderung kleiner Renovierungen sowie Ausstattungen von Begegnungsst\u00e4tten und Organisationen der dMi Polen im Sinne der au\u00dferschulischen Sprachf\u00f6rderung&#8221; ab, das im September 2023 ausgeschrieben wurde und an dem folgenden Kreise teilgenommen haben: DFK Daniec (Danietz), DFK Zdzieszowice (Deschowitz), DFK Ligota Turawska (Ellguth Turawa), DFK Kobylice (Kobelwitz), DFK Ko\u015bcieliska (Kostellitz), DFK \u015awiercze [&hellip;]<\/p>\n","protected":false},"author":13,"featured_media":33967,"comment_status":"closed","ping_status":"closed","sticky":false,"template":"","format":"standard","meta":{"footnotes":""},"categories":[1],"tags":[],"class_list":["post-33966","post","type-post","status-publish","format-standard","has-post-thumbnail","hentry","category-aktualnosci"],"yoast_head":"<!-- This site is optimized with the Yoast SEO plugin v18.9 - https:\/\/yoast.com\/wordpress\/plugins\/seo\/ -->\n<title>Erfolgreicher Abschluss des Projekts: F\u00f6rderung kleinerer Renovierungsarbeiten an den Versammlungsh\u00e4usern der deutschen Minderheit in Polen. - Deutsche Minderheit, Sozial-Kulturelle Gesellschaft der Deutschen im Oppelner Schlesien<\/title>\n<meta name=\"robots\" content=\"index, follow, max-snippet:-1, max-image-preview:large, max-video-preview:-1\" \/>\n<link rel=\"canonical\" href=\"https:\/\/skgd.pl\/de\/udane-zakonczenie-projektu-wsparcie-malych-remontow-dla-domow-spotkan-mniejszosci-niemieckiej-w-polsce\/\" \/>\n<meta property=\"og:locale\" content=\"de_DE\" \/>\n<meta property=\"og:type\" content=\"article\" \/>\n<meta property=\"og:title\" content=\"Erfolgreicher Abschluss des Projekts: F\u00f6rderung kleinerer Renovierungsarbeiten an den Versammlungsh\u00e4usern der deutschen Minderheit in Polen. - Deutsche Minderheit, Sozial-Kulturelle Gesellschaft der Deutschen im Oppelner Schlesien\" \/>\n<meta property=\"og:description\" content=\"Heute schlie\u00dfen wir das Projekt &#8220;F\u00f6rderung kleiner Renovierungen sowie Ausstattungen von Begegnungsst\u00e4tten und Organisationen der dMi Polen im Sinne der au\u00dferschulischen Sprachf\u00f6rderung&#8221; ab, das im September 2023 ausgeschrieben wurde und an dem folgenden Kreise teilgenommen haben: DFK Daniec (Danietz), DFK Zdzieszowice (Deschowitz), DFK Ligota Turawska (Ellguth Turawa), DFK Kobylice (Kobelwitz), DFK Ko\u015bcieliska (Kostellitz), DFK \u015awiercze [&hellip;]\" \/>\n<meta property=\"og:url\" content=\"https:\/\/skgd.pl\/de\/udane-zakonczenie-projektu-wsparcie-malych-remontow-dla-domow-spotkan-mniejszosci-niemieckiej-w-polsce\/\" \/>\n<meta property=\"og:site_name\" content=\"Deutsche Minderheit, Sozial-Kulturelle Gesellschaft der Deutschen im Oppelner Schlesien\" \/>\n<meta property=\"article:published_time\" content=\"2023-12-28T11:08:07+00:00\" \/>\n<meta property=\"article:modified_time\" content=\"2024-02-14T11:49:04+00:00\" \/>\n<meta property=\"og:image\" content=\"https:\/\/skgd.pl\/wp-content\/uploads\/2024\/02\/Projekt-bez-nazwy-12.jpg\" \/>\n\t<meta property=\"og:image:width\" content=\"940\" \/>\n\t<meta property=\"og:image:height\" content=\"788\" \/>\n\t<meta property=\"og:image:type\" content=\"image\/jpeg\" \/>\n<meta name=\"twitter:card\" content=\"summary_large_image\" \/>\n<meta name=\"twitter:label1\" content=\"Verfasst von\" \/>\n\t<meta name=\"twitter:data1\" content=\"Daniel Bewko\" \/>\n\t<meta name=\"twitter:label2\" content=\"Gesch\u00e4tzte Lesezeit\" \/>\n\t<meta name=\"twitter:data2\" content=\"2\u00a0Minuten\" \/>\n<script type=\"application\/ld+json\" class=\"yoast-schema-graph\">{\"@context\":\"https:\/\/schema.org\",\"@graph\":[{\"@type\":\"WebSite\",\"@id\":\"https:\/\/skgd.pl\/#website\",\"url\":\"https:\/\/skgd.pl\/\",\"name\":\"Deutsche Minderheit, Sozial-Kulturelle Gesellschaft der Deutschen im Oppelner Schlesien\",\"description\":\"Deutsche Minderheit in Polen\",\"potentialAction\":[{\"@type\":\"SearchAction\",\"target\":{\"@type\":\"EntryPoint\",\"urlTemplate\":\"https:\/\/skgd.pl\/?s={search_term_string}\"},\"query-input\":\"required name=search_term_string\"}],\"inLanguage\":\"de\"},{\"@type\":\"ImageObject\",\"inLanguage\":\"de\",\"@id\":\"https:\/\/skgd.pl\/de\/udane-zakonczenie-projektu-wsparcie-malych-remontow-dla-domow-spotkan-mniejszosci-niemieckiej-w-polsce\/#primaryimage\",\"url\":\"https:\/\/skgd.pl\/wp-content\/uploads\/2024\/02\/Projekt-bez-nazwy-12.jpg\",\"contentUrl\":\"https:\/\/skgd.pl\/wp-content\/uploads\/2024\/02\/Projekt-bez-nazwy-12.jpg\",\"width\":940,\"height\":788},{\"@type\":\"WebPage\",\"@id\":\"https:\/\/skgd.pl\/de\/udane-zakonczenie-projektu-wsparcie-malych-remontow-dla-domow-spotkan-mniejszosci-niemieckiej-w-polsce\/#webpage\",\"url\":\"https:\/\/skgd.pl\/de\/udane-zakonczenie-projektu-wsparcie-malych-remontow-dla-domow-spotkan-mniejszosci-niemieckiej-w-polsce\/\",\"name\":\"Erfolgreicher Abschluss des Projekts: F\u00f6rderung kleinerer Renovierungsarbeiten an den Versammlungsh\u00e4usern der deutschen Minderheit in Polen. - Deutsche Minderheit, Sozial-Kulturelle Gesellschaft der Deutschen im Oppelner Schlesien\",\"isPartOf\":{\"@id\":\"https:\/\/skgd.pl\/#website\"},\"primaryImageOfPage\":{\"@id\":\"https:\/\/skgd.pl\/de\/udane-zakonczenie-projektu-wsparcie-malych-remontow-dla-domow-spotkan-mniejszosci-niemieckiej-w-polsce\/#primaryimage\"},\"datePublished\":\"2023-12-28T11:08:07+00:00\",\"dateModified\":\"2024-02-14T11:49:04+00:00\",\"author\":{\"@id\":\"https:\/\/skgd.pl\/#\/schema\/person\/3fb073cb271b54c7c3d73598166a8846\"},\"breadcrumb\":{\"@id\":\"https:\/\/skgd.pl\/de\/udane-zakonczenie-projektu-wsparcie-malych-remontow-dla-domow-spotkan-mniejszosci-niemieckiej-w-polsce\/#breadcrumb\"},\"inLanguage\":\"de\",\"potentialAction\":[{\"@type\":\"ReadAction\",\"target\":[\"https:\/\/skgd.pl\/de\/udane-zakonczenie-projektu-wsparcie-malych-remontow-dla-domow-spotkan-mniejszosci-niemieckiej-w-polsce\/\"]}]},{\"@type\":\"BreadcrumbList\",\"@id\":\"https:\/\/skgd.pl\/de\/udane-zakonczenie-projektu-wsparcie-malych-remontow-dla-domow-spotkan-mniejszosci-niemieckiej-w-polsce\/#breadcrumb\",\"itemListElement\":[{\"@type\":\"ListItem\",\"position\":1,\"name\":\"Strona g\u0142\u00f3wna\",\"item\":\"https:\/\/skgd.pl\/\"},{\"@type\":\"ListItem\",\"position\":2,\"name\":\"Erfolgreicher Abschluss des Projekts: F\u00f6rderung kleinerer Renovierungsarbeiten an den Versammlungsh\u00e4usern der deutschen Minderheit in Polen.\"}]},{\"@type\":\"Person\",\"@id\":\"https:\/\/skgd.pl\/#\/schema\/person\/3fb073cb271b54c7c3d73598166a8846\",\"name\":\"Daniel Bewko\",\"image\":{\"@type\":\"ImageObject\",\"inLanguage\":\"de\",\"@id\":\"https:\/\/skgd.pl\/#\/schema\/person\/image\/\",\"url\":\"https:\/\/secure.gravatar.com\/avatar\/d648851ca016fa7b79979123bf874d6a?s=96&d=mm&r=g\",\"contentUrl\":\"https:\/\/secure.gravatar.com\/avatar\/d648851ca016fa7b79979123bf874d6a?s=96&d=mm&r=g\",\"caption\":\"Daniel Bewko\"},\"url\":\"https:\/\/skgd.pl\/de\/author\/daniel\/\"}]}<\/script>\n<!-- \/ Yoast SEO plugin. -->","yoast_head_json":{"title":"Erfolgreicher Abschluss des Projekts: F\u00f6rderung kleinerer Renovierungsarbeiten an den Versammlungsh\u00e4usern der deutschen Minderheit in Polen. - Deutsche Minderheit, Sozial-Kulturelle Gesellschaft der Deutschen im Oppelner Schlesien","robots":{"index":"index","follow":"follow","max-snippet":"max-snippet:-1","max-image-preview":"max-image-preview:large","max-video-preview":"max-video-preview:-1"},"canonical":"https:\/\/skgd.pl\/de\/udane-zakonczenie-projektu-wsparcie-malych-remontow-dla-domow-spotkan-mniejszosci-niemieckiej-w-polsce\/","og_locale":"de_DE","og_type":"article","og_title":"Erfolgreicher Abschluss des Projekts: F\u00f6rderung kleinerer Renovierungsarbeiten an den Versammlungsh\u00e4usern der deutschen Minderheit in Polen. - Deutsche Minderheit, Sozial-Kulturelle Gesellschaft der Deutschen im Oppelner Schlesien","og_description":"Heute schlie\u00dfen wir das Projekt &#8220;F\u00f6rderung kleiner Renovierungen sowie Ausstattungen von Begegnungsst\u00e4tten und Organisationen der dMi Polen im Sinne der au\u00dferschulischen Sprachf\u00f6rderung&#8221; ab, das im September 2023 ausgeschrieben wurde und an dem folgenden Kreise teilgenommen haben: DFK Daniec (Danietz), DFK Zdzieszowice (Deschowitz), DFK Ligota Turawska (Ellguth Turawa), DFK Kobylice (Kobelwitz), DFK Ko\u015bcieliska (Kostellitz), DFK \u015awiercze [&hellip;]","og_url":"https:\/\/skgd.pl\/de\/udane-zakonczenie-projektu-wsparcie-malych-remontow-dla-domow-spotkan-mniejszosci-niemieckiej-w-polsce\/","og_site_name":"Deutsche Minderheit, Sozial-Kulturelle Gesellschaft der Deutschen im Oppelner Schlesien","article_published_time":"2023-12-28T11:08:07+00:00","article_modified_time":"2024-02-14T11:49:04+00:00","og_image":[{"width":940,"height":788,"url":"https:\/\/skgd.pl\/wp-content\/uploads\/2024\/02\/Projekt-bez-nazwy-12.jpg","type":"image\/jpeg"}],"twitter_card":"summary_large_image","twitter_misc":{"Verfasst von":"Daniel Bewko","Gesch\u00e4tzte Lesezeit":"2\u00a0Minuten"},"schema":{"@context":"https:\/\/schema.org","@graph":[{"@type":"WebSite","@id":"https:\/\/skgd.pl\/#website","url":"https:\/\/skgd.pl\/","name":"Deutsche Minderheit, Sozial-Kulturelle Gesellschaft der Deutschen im Oppelner Schlesien","description":"Deutsche Minderheit in Polen","potentialAction":[{"@type":"SearchAction","target":{"@type":"EntryPoint","urlTemplate":"https:\/\/skgd.pl\/?s={search_term_string}"},"query-input":"required name=search_term_string"}],"inLanguage":"de"},{"@type":"ImageObject","inLanguage":"de","@id":"https:\/\/skgd.pl\/de\/udane-zakonczenie-projektu-wsparcie-malych-remontow-dla-domow-spotkan-mniejszosci-niemieckiej-w-polsce\/#primaryimage","url":"https:\/\/skgd.pl\/wp-content\/uploads\/2024\/02\/Projekt-bez-nazwy-12.jpg","contentUrl":"https:\/\/skgd.pl\/wp-content\/uploads\/2024\/02\/Projekt-bez-nazwy-12.jpg","width":940,"height":788},{"@type":"WebPage","@id":"https:\/\/skgd.pl\/de\/udane-zakonczenie-projektu-wsparcie-malych-remontow-dla-domow-spotkan-mniejszosci-niemieckiej-w-polsce\/#webpage","url":"https:\/\/skgd.pl\/de\/udane-zakonczenie-projektu-wsparcie-malych-remontow-dla-domow-spotkan-mniejszosci-niemieckiej-w-polsce\/","name":"Erfolgreicher Abschluss des Projekts: F\u00f6rderung kleinerer Renovierungsarbeiten an den Versammlungsh\u00e4usern der deutschen Minderheit in Polen. - Deutsche Minderheit, Sozial-Kulturelle Gesellschaft der Deutschen im Oppelner Schlesien","isPartOf":{"@id":"https:\/\/skgd.pl\/#website"},"primaryImageOfPage":{"@id":"https:\/\/skgd.pl\/de\/udane-zakonczenie-projektu-wsparcie-malych-remontow-dla-domow-spotkan-mniejszosci-niemieckiej-w-polsce\/#primaryimage"},"datePublished":"2023-12-28T11:08:07+00:00","dateModified":"2024-02-14T11:49:04+00:00","author":{"@id":"https:\/\/skgd.pl\/#\/schema\/person\/3fb073cb271b54c7c3d73598166a8846"},"breadcrumb":{"@id":"https:\/\/skgd.pl\/de\/udane-zakonczenie-projektu-wsparcie-malych-remontow-dla-domow-spotkan-mniejszosci-niemieckiej-w-polsce\/#breadcrumb"},"inLanguage":"de","potentialAction":[{"@type":"ReadAction","target":["https:\/\/skgd.pl\/de\/udane-zakonczenie-projektu-wsparcie-malych-remontow-dla-domow-spotkan-mniejszosci-niemieckiej-w-polsce\/"]}]},{"@type":"BreadcrumbList","@id":"https:\/\/skgd.pl\/de\/udane-zakonczenie-projektu-wsparcie-malych-remontow-dla-domow-spotkan-mniejszosci-niemieckiej-w-polsce\/#breadcrumb","itemListElement":[{"@type":"ListItem","position":1,"name":"Strona g\u0142\u00f3wna","item":"https:\/\/skgd.pl\/"},{"@type":"ListItem","position":2,"name":"Erfolgreicher Abschluss des Projekts: F\u00f6rderung kleinerer Renovierungsarbeiten an den Versammlungsh\u00e4usern der deutschen Minderheit in Polen."}]},{"@type":"Person","@id":"https:\/\/skgd.pl\/#\/schema\/person\/3fb073cb271b54c7c3d73598166a8846","name":"Daniel Bewko","image":{"@type":"ImageObject","inLanguage":"de","@id":"https:\/\/skgd.pl\/#\/schema\/person\/image\/","url":"https:\/\/secure.gravatar.com\/avatar\/d648851ca016fa7b79979123bf874d6a?s=96&d=mm&r=g","contentUrl":"https:\/\/secure.gravatar.com\/avatar\/d648851ca016fa7b79979123bf874d6a?s=96&d=mm&r=g","caption":"Daniel Bewko"},"url":"https:\/\/skgd.pl\/de\/author\/daniel\/"}]}},"_links":{"self":[{"href":"https:\/\/skgd.pl\/de\/wp-json\/wp\/v2\/posts\/33966","targetHints":{"allow":["GET"]}}],"collection":[{"href":"https:\/\/skgd.pl\/de\/wp-json\/wp\/v2\/posts"}],"about":[{"href":"https:\/\/skgd.pl\/de\/wp-json\/wp\/v2\/types\/post"}],"author":[{"embeddable":true,"href":"https:\/\/skgd.pl\/de\/wp-json\/wp\/v2\/users\/13"}],"replies":[{"embeddable":true,"href":"https:\/\/skgd.pl\/de\/wp-json\/wp\/v2\/comments?post=33966"}],"version-history":[{"count":1,"href":"https:\/\/skgd.pl\/de\/wp-json\/wp\/v2\/posts\/33966\/revisions"}],"predecessor-version":[{"id":33968,"href":"https:\/\/skgd.pl\/de\/wp-json\/wp\/v2\/posts\/33966\/revisions\/33968"}],"wp:featuredmedia":[{"embeddable":true,"href":"https:\/\/skgd.pl\/de\/wp-json\/wp\/v2\/media\/33967"}],"wp:attachment":[{"href":"https:\/\/skgd.pl\/de\/wp-json\/wp\/v2\/media?parent=33966"}],"wp:term":[{"taxonomy":"category","embeddable":true,"href":"https:\/\/skgd.pl\/de\/wp-json\/wp\/v2\/categories?post=33966"},{"taxonomy":"post_tag","embeddable":true,"href":"https:\/\/skgd.pl\/de\/wp-json\/wp\/v2\/tags?post=33966"}],"curies":[{"name":"wp","href":"https:\/\/api.w.org\/{rel}","templated":true}]}}