{"id":33939,"date":"2023-12-22T12:03:28","date_gmt":"2023-12-22T11:03:28","guid":{"rendered":"https:\/\/skgd.pl\/?p=33939"},"modified":"2024-02-12T12:21:07","modified_gmt":"2024-02-12T11:21:07","slug":"remont-i-wyposazenie-dfk-opole-goslawice-zakonczony","status":"publish","type":"post","link":"https:\/\/skgd.pl\/de\/remont-i-wyposazenie-dfk-opole-goslawice-zakonczony\/","title":{"rendered":"Renovierung und Ausstattung des DFK Oppeln-Goslawitz beendet.  \u00a0"},"content":{"rendered":"<p><\/p>\n<p style=\"font-weight: 400;\"><span>Am 22. Dezember 2023 wurde das Projekt \u201eRenovierung und Ausstattung des DFK Oppeln-Goslawitz zur Gew\u00e4hrung au\u00dferschulischer Sprachf\u00f6rderung\u201c beendet. Die Umsetzung des Projekts dauerte fast zwei Monate. Die Aufteilung der R\u00e4ume im DFK wurde behutsam ver\u00e4ndert, die W\u00e4nde und der Boden renoviert, die Elektrik und die Beleuchtung ausgetauscht. Garderobe und Vorraum f\u00fcr die Besucher des DFK wurde neueingerichtet, ger\u00e4umige Garderobenschr\u00e4nke eingebaut, ein ger\u00e4umigeres WC geschaffen, die Fenster gewechselt und Jalousien montiert. Der wichtigste Teil der Renovierung war die vollst\u00e4ndige Renovierung des Hauptversammlungsraums, denn der Versammlungsraum ist der Ort, an dem sich die Kindergruppe \u201eOppelner Spatzen\u201c regelm\u00e4\u00dfig trifft und an dem die Projekte und Aktivit\u00e4ten des DFK durchgef\u00fchrt werden \u2013 er ist das Zentrum des Geb\u00e4udes.&nbsp;<\/span><\/p>\n<p style=\"font-weight: 400;\"><span>Das Geb\u00e4ude des DFK Oppeln-Goslawitz kann nun nicht nur den Mitgliedern dieses DFK dienen, sondern aufgrund seiner sehr guten Lage auch den Bed\u00fcrfnissen der Organisationen der deutschen Minderheit oder der DFK-Kreise aus den Gemeinden Lugnian, Turawa oder z.B. Chronstau. Die Auswirkungen sind auf den Fotos unten zu sehen.<\/span><\/p>\n<p style=\"font-weight: 400;\"><span>&nbsp;<\/span><\/p>\n<p style=\"font-weight: 400;\"><span>Das Projekt wurde vom Bundesministerium des Innern und f\u00fcr Heimat der BRD \u00fcber die Stiftung f\u00fcr die Entwicklung Schlesiens gef\u00f6rdert.<\/span><\/p>\n<p><strong>Vorher:<\/strong><\/p>\n<p><img loading=\"lazy\" decoding=\"async\" class=\"alignnone size-medium wp-image-33940\" src=\"https:\/\/skgd.pl\/wp-content\/uploads\/2024\/02\/Vorher-2-225x300.jpg\" alt=\"\" width=\"225\" height=\"300\" srcset=\"https:\/\/skgd.pl\/wp-content\/uploads\/2024\/02\/Vorher-2-225x300.jpg 225w, https:\/\/skgd.pl\/wp-content\/uploads\/2024\/02\/Vorher-2-600x800.jpg 600w, https:\/\/skgd.pl\/wp-content\/uploads\/2024\/02\/Vorher-2-768x1024.jpg 768w, https:\/\/skgd.pl\/wp-content\/uploads\/2024\/02\/Vorher-2-1152x1536.jpg 1152w, https:\/\/skgd.pl\/wp-content\/uploads\/2024\/02\/Vorher-2-800x1067.jpg 800w, https:\/\/skgd.pl\/wp-content\/uploads\/2024\/02\/Vorher-2.jpg 1536w\" sizes=\"auto, (max-width: 225px) 100vw, 225px\" \/><img loading=\"lazy\" decoding=\"async\" class=\"alignnone size-medium wp-image-33941\" src=\"https:\/\/skgd.pl\/wp-content\/uploads\/2024\/02\/Vorher-300x225.jpg\" alt=\"\" width=\"300\" height=\"225\" srcset=\"https:\/\/skgd.pl\/wp-content\/uploads\/2024\/02\/Vorher-300x225.jpg 300w, https:\/\/skgd.pl\/wp-content\/uploads\/2024\/02\/Vorher-600x450.jpg 600w, https:\/\/skgd.pl\/wp-content\/uploads\/2024\/02\/Vorher-1024x768.jpg 1024w, https:\/\/skgd.pl\/wp-content\/uploads\/2024\/02\/Vorher-768x576.jpg 768w, https:\/\/skgd.pl\/wp-content\/uploads\/2024\/02\/Vorher-1536x1152.jpg 1536w, https:\/\/skgd.pl\/wp-content\/uploads\/2024\/02\/Vorher-800x600.jpg 800w, https:\/\/skgd.pl\/wp-content\/uploads\/2024\/02\/Vorher.jpg 2048w\" sizes=\"auto, (max-width: 300px) 100vw, 300px\" \/><img loading=\"lazy\" decoding=\"async\" class=\"alignnone size-medium wp-image-33942\" src=\"https:\/\/skgd.pl\/wp-content\/uploads\/2024\/02\/Vorher-3-300x225.jpg\" alt=\"\" width=\"300\" height=\"225\" srcset=\"https:\/\/skgd.pl\/wp-content\/uploads\/2024\/02\/Vorher-3-300x225.jpg 300w, https:\/\/skgd.pl\/wp-content\/uploads\/2024\/02\/Vorher-3-600x450.jpg 600w, https:\/\/skgd.pl\/wp-content\/uploads\/2024\/02\/Vorher-3-1024x768.jpg 1024w, https:\/\/skgd.pl\/wp-content\/uploads\/2024\/02\/Vorher-3-768x576.jpg 768w, https:\/\/skgd.pl\/wp-content\/uploads\/2024\/02\/Vorher-3-1536x1152.jpg 1536w, https:\/\/skgd.pl\/wp-content\/uploads\/2024\/02\/Vorher-3-800x600.jpg 800w, https:\/\/skgd.pl\/wp-content\/uploads\/2024\/02\/Vorher-3.jpg 2048w\" sizes=\"auto, (max-width: 300px) 100vw, 300px\" \/><\/p>\n<p><strong>Nachher:<\/strong><\/p>\n<p><img loading=\"lazy\" decoding=\"async\" class=\"alignnone size-medium wp-image-33943\" src=\"https:\/\/skgd.pl\/wp-content\/uploads\/2024\/02\/Nachher-po-300x225.jpeg\" alt=\"\" width=\"300\" height=\"225\" srcset=\"https:\/\/skgd.pl\/wp-content\/uploads\/2024\/02\/Nachher-po-300x225.jpeg 300w, https:\/\/skgd.pl\/wp-content\/uploads\/2024\/02\/Nachher-po-600x450.jpeg 600w, https:\/\/skgd.pl\/wp-content\/uploads\/2024\/02\/Nachher-po-1024x768.jpeg 1024w, https:\/\/skgd.pl\/wp-content\/uploads\/2024\/02\/Nachher-po-768x576.jpeg 768w, https:\/\/skgd.pl\/wp-content\/uploads\/2024\/02\/Nachher-po-1536x1152.jpeg 1536w, https:\/\/skgd.pl\/wp-content\/uploads\/2024\/02\/Nachher-po-800x600.jpeg 800w, https:\/\/skgd.pl\/wp-content\/uploads\/2024\/02\/Nachher-po.jpeg 2016w\" sizes=\"auto, (max-width: 300px) 100vw, 300px\" \/><img loading=\"lazy\" decoding=\"async\" class=\"alignnone size-medium wp-image-33944\" src=\"https:\/\/skgd.pl\/wp-content\/uploads\/2024\/02\/Nachher-po-2-225x300.jpeg\" alt=\"\" width=\"225\" height=\"300\" srcset=\"https:\/\/skgd.pl\/wp-content\/uploads\/2024\/02\/Nachher-po-2-225x300.jpeg 225w, https:\/\/skgd.pl\/wp-content\/uploads\/2024\/02\/Nachher-po-2-600x799.jpeg 600w, https:\/\/skgd.pl\/wp-content\/uploads\/2024\/02\/Nachher-po-2-769x1024.jpeg 769w, https:\/\/skgd.pl\/wp-content\/uploads\/2024\/02\/Nachher-po-2-768x1022.jpeg 768w, https:\/\/skgd.pl\/wp-content\/uploads\/2024\/02\/Nachher-po-2-1154x1536.jpeg 1154w, https:\/\/skgd.pl\/wp-content\/uploads\/2024\/02\/Nachher-po-2-800x1065.jpeg 800w, https:\/\/skgd.pl\/wp-content\/uploads\/2024\/02\/Nachher-po-2.jpeg 1232w\" sizes=\"auto, (max-width: 225px) 100vw, 225px\" \/><img loading=\"lazy\" decoding=\"async\" class=\"alignnone size-medium wp-image-33945\" src=\"https:\/\/skgd.pl\/wp-content\/uploads\/2024\/02\/Nachher-po-3-225x300.jpeg\" alt=\"\" width=\"225\" height=\"300\" srcset=\"https:\/\/skgd.pl\/wp-content\/uploads\/2024\/02\/Nachher-po-3-225x300.jpeg 225w, https:\/\/skgd.pl\/wp-content\/uploads\/2024\/02\/Nachher-po-3-600x799.jpeg 600w, https:\/\/skgd.pl\/wp-content\/uploads\/2024\/02\/Nachher-po-3-769x1024.jpeg 769w, https:\/\/skgd.pl\/wp-content\/uploads\/2024\/02\/Nachher-po-3-768x1022.jpeg 768w, https:\/\/skgd.pl\/wp-content\/uploads\/2024\/02\/Nachher-po-3-1154x1536.jpeg 1154w, https:\/\/skgd.pl\/wp-content\/uploads\/2024\/02\/Nachher-po-3-800x1065.jpeg 800w, https:\/\/skgd.pl\/wp-content\/uploads\/2024\/02\/Nachher-po-3.jpeg 1232w\" sizes=\"auto, (max-width: 225px) 100vw, 225px\" \/><img loading=\"lazy\" decoding=\"async\" class=\"alignnone size-medium wp-image-33946\" src=\"https:\/\/skgd.pl\/wp-content\/uploads\/2024\/02\/Nachher-po-4-225x300.jpeg\" alt=\"\" width=\"225\" height=\"300\" srcset=\"https:\/\/skgd.pl\/wp-content\/uploads\/2024\/02\/Nachher-po-4-225x300.jpeg 225w, https:\/\/skgd.pl\/wp-content\/uploads\/2024\/02\/Nachher-po-4-600x799.jpeg 600w, https:\/\/skgd.pl\/wp-content\/uploads\/2024\/02\/Nachher-po-4-769x1024.jpeg 769w, https:\/\/skgd.pl\/wp-content\/uploads\/2024\/02\/Nachher-po-4-768x1022.jpeg 768w, https:\/\/skgd.pl\/wp-content\/uploads\/2024\/02\/Nachher-po-4-1154x1536.jpeg 1154w, https:\/\/skgd.pl\/wp-content\/uploads\/2024\/02\/Nachher-po-4-800x1065.jpeg 800w, https:\/\/skgd.pl\/wp-content\/uploads\/2024\/02\/Nachher-po-4.jpeg 1232w\" sizes=\"auto, (max-width: 225px) 100vw, 225px\" \/><img loading=\"lazy\" decoding=\"async\" class=\"alignnone size-medium wp-image-33947\" src=\"https:\/\/skgd.pl\/wp-content\/uploads\/2024\/02\/Nachher-po-5-225x300.jpeg\" alt=\"\" width=\"225\" height=\"300\" srcset=\"https:\/\/skgd.pl\/wp-content\/uploads\/2024\/02\/Nachher-po-5-225x300.jpeg 225w, https:\/\/skgd.pl\/wp-content\/uploads\/2024\/02\/Nachher-po-5-600x799.jpeg 600w, https:\/\/skgd.pl\/wp-content\/uploads\/2024\/02\/Nachher-po-5-769x1024.jpeg 769w, https:\/\/skgd.pl\/wp-content\/uploads\/2024\/02\/Nachher-po-5-768x1022.jpeg 768w, https:\/\/skgd.pl\/wp-content\/uploads\/2024\/02\/Nachher-po-5-1154x1536.jpeg 1154w, https:\/\/skgd.pl\/wp-content\/uploads\/2024\/02\/Nachher-po-5-800x1065.jpeg 800w, https:\/\/skgd.pl\/wp-content\/uploads\/2024\/02\/Nachher-po-5.jpeg 1232w\" sizes=\"auto, (max-width: 225px) 100vw, 225px\" \/><img loading=\"lazy\" decoding=\"async\" class=\"alignnone size-medium wp-image-33948\" src=\"https:\/\/skgd.pl\/wp-content\/uploads\/2024\/02\/Nachher-po-6-225x300.jpeg\" alt=\"\" width=\"225\" height=\"300\" srcset=\"https:\/\/skgd.pl\/wp-content\/uploads\/2024\/02\/Nachher-po-6-225x300.jpeg 225w, https:\/\/skgd.pl\/wp-content\/uploads\/2024\/02\/Nachher-po-6-600x799.jpeg 600w, https:\/\/skgd.pl\/wp-content\/uploads\/2024\/02\/Nachher-po-6-769x1024.jpeg 769w, https:\/\/skgd.pl\/wp-content\/uploads\/2024\/02\/Nachher-po-6-768x1022.jpeg 768w, https:\/\/skgd.pl\/wp-content\/uploads\/2024\/02\/Nachher-po-6-1154x1536.jpeg 1154w, https:\/\/skgd.pl\/wp-content\/uploads\/2024\/02\/Nachher-po-6-800x1065.jpeg 800w, https:\/\/skgd.pl\/wp-content\/uploads\/2024\/02\/Nachher-po-6.jpeg 1232w\" sizes=\"auto, (max-width: 225px) 100vw, 225px\" \/><\/p>","protected":false},"excerpt":{"rendered":"<p>Am 22. Dezember 2023 wurde das Projekt \u201eRenovierung und Ausstattung des DFK Oppeln-Goslawitz zur Gew\u00e4hrung au\u00dferschulischer Sprachf\u00f6rderung\u201c beendet. Die Umsetzung des Projekts dauerte fast zwei Monate. Die Aufteilung der R\u00e4ume im DFK wurde behutsam ver\u00e4ndert, die W\u00e4nde und der Boden renoviert, die Elektrik und die Beleuchtung ausgetauscht. Garderobe und Vorraum f\u00fcr die Besucher des DFK [&hellip;]<\/p>\n","protected":false},"author":13,"featured_media":33943,"comment_status":"closed","ping_status":"closed","sticky":false,"template":"","format":"standard","meta":{"footnotes":""},"categories":[1],"tags":[],"class_list":["post-33939","post","type-post","status-publish","format-standard","has-post-thumbnail","hentry","category-aktualnosci"],"yoast_head":"<!-- This site is optimized with the Yoast SEO plugin v18.9 - https:\/\/yoast.com\/wordpress\/plugins\/seo\/ -->\n<title>Renovierung und Ausstattung des DFK Oppeln-Goslawitz beendet. \u00a0 - Deutsche Minderheit, Sozial-Kulturelle Gesellschaft der Deutschen im Oppelner Schlesien<\/title>\n<meta name=\"robots\" content=\"index, follow, max-snippet:-1, max-image-preview:large, max-video-preview:-1\" \/>\n<link rel=\"canonical\" href=\"https:\/\/skgd.pl\/de\/remont-i-wyposazenie-dfk-opole-goslawice-zakonczony\/\" \/>\n<meta property=\"og:locale\" content=\"de_DE\" \/>\n<meta property=\"og:type\" content=\"article\" \/>\n<meta property=\"og:title\" content=\"Renovierung und Ausstattung des DFK Oppeln-Goslawitz beendet. \u00a0 - Deutsche Minderheit, Sozial-Kulturelle Gesellschaft der Deutschen im Oppelner Schlesien\" \/>\n<meta property=\"og:description\" content=\"Am 22. Dezember 2023 wurde das Projekt \u201eRenovierung und Ausstattung des DFK Oppeln-Goslawitz zur Gew\u00e4hrung au\u00dferschulischer Sprachf\u00f6rderung\u201c beendet. Die Umsetzung des Projekts dauerte fast zwei Monate. Die Aufteilung der R\u00e4ume im DFK wurde behutsam ver\u00e4ndert, die W\u00e4nde und der Boden renoviert, die Elektrik und die Beleuchtung ausgetauscht. Garderobe und Vorraum f\u00fcr die Besucher des DFK [&hellip;]\" \/>\n<meta property=\"og:url\" content=\"https:\/\/skgd.pl\/de\/remont-i-wyposazenie-dfk-opole-goslawice-zakonczony\/\" \/>\n<meta property=\"og:site_name\" content=\"Deutsche Minderheit, Sozial-Kulturelle Gesellschaft der Deutschen im Oppelner Schlesien\" \/>\n<meta property=\"article:published_time\" content=\"2023-12-22T11:03:28+00:00\" \/>\n<meta property=\"article:modified_time\" content=\"2024-02-12T11:21:07+00:00\" \/>\n<meta property=\"og:image\" content=\"https:\/\/skgd.pl\/wp-content\/uploads\/2024\/02\/Nachher-po.jpeg\" \/>\n\t<meta property=\"og:image:width\" content=\"2016\" \/>\n\t<meta property=\"og:image:height\" content=\"1512\" \/>\n\t<meta property=\"og:image:type\" content=\"image\/jpeg\" \/>\n<meta name=\"twitter:card\" content=\"summary_large_image\" \/>\n<meta name=\"twitter:label1\" content=\"Verfasst von\" \/>\n\t<meta name=\"twitter:data1\" content=\"Daniel Bewko\" \/>\n\t<meta name=\"twitter:label2\" content=\"Gesch\u00e4tzte Lesezeit\" \/>\n\t<meta name=\"twitter:data2\" content=\"3\u00a0Minuten\" \/>\n<script type=\"application\/ld+json\" class=\"yoast-schema-graph\">{\"@context\":\"https:\/\/schema.org\",\"@graph\":[{\"@type\":\"WebSite\",\"@id\":\"https:\/\/skgd.pl\/#website\",\"url\":\"https:\/\/skgd.pl\/\",\"name\":\"Deutsche Minderheit, Sozial-Kulturelle Gesellschaft der Deutschen im Oppelner Schlesien\",\"description\":\"Deutsche Minderheit in Polen\",\"potentialAction\":[{\"@type\":\"SearchAction\",\"target\":{\"@type\":\"EntryPoint\",\"urlTemplate\":\"https:\/\/skgd.pl\/?s={search_term_string}\"},\"query-input\":\"required name=search_term_string\"}],\"inLanguage\":\"de\"},{\"@type\":\"ImageObject\",\"inLanguage\":\"de\",\"@id\":\"https:\/\/skgd.pl\/de\/remont-i-wyposazenie-dfk-opole-goslawice-zakonczony\/#primaryimage\",\"url\":\"https:\/\/skgd.pl\/wp-content\/uploads\/2024\/02\/Nachher-po.jpeg\",\"contentUrl\":\"https:\/\/skgd.pl\/wp-content\/uploads\/2024\/02\/Nachher-po.jpeg\",\"width\":2016,\"height\":1512},{\"@type\":\"WebPage\",\"@id\":\"https:\/\/skgd.pl\/de\/remont-i-wyposazenie-dfk-opole-goslawice-zakonczony\/#webpage\",\"url\":\"https:\/\/skgd.pl\/de\/remont-i-wyposazenie-dfk-opole-goslawice-zakonczony\/\",\"name\":\"Renovierung und Ausstattung des DFK Oppeln-Goslawitz beendet. \u00a0 - Deutsche Minderheit, Sozial-Kulturelle Gesellschaft der Deutschen im Oppelner Schlesien\",\"isPartOf\":{\"@id\":\"https:\/\/skgd.pl\/#website\"},\"primaryImageOfPage\":{\"@id\":\"https:\/\/skgd.pl\/de\/remont-i-wyposazenie-dfk-opole-goslawice-zakonczony\/#primaryimage\"},\"datePublished\":\"2023-12-22T11:03:28+00:00\",\"dateModified\":\"2024-02-12T11:21:07+00:00\",\"author\":{\"@id\":\"https:\/\/skgd.pl\/#\/schema\/person\/3fb073cb271b54c7c3d73598166a8846\"},\"breadcrumb\":{\"@id\":\"https:\/\/skgd.pl\/de\/remont-i-wyposazenie-dfk-opole-goslawice-zakonczony\/#breadcrumb\"},\"inLanguage\":\"de\",\"potentialAction\":[{\"@type\":\"ReadAction\",\"target\":[\"https:\/\/skgd.pl\/de\/remont-i-wyposazenie-dfk-opole-goslawice-zakonczony\/\"]}]},{\"@type\":\"BreadcrumbList\",\"@id\":\"https:\/\/skgd.pl\/de\/remont-i-wyposazenie-dfk-opole-goslawice-zakonczony\/#breadcrumb\",\"itemListElement\":[{\"@type\":\"ListItem\",\"position\":1,\"name\":\"Strona g\u0142\u00f3wna\",\"item\":\"https:\/\/skgd.pl\/\"},{\"@type\":\"ListItem\",\"position\":2,\"name\":\"Renovierung und Ausstattung des DFK Oppeln-Goslawitz beendet. \u00a0\"}]},{\"@type\":\"Person\",\"@id\":\"https:\/\/skgd.pl\/#\/schema\/person\/3fb073cb271b54c7c3d73598166a8846\",\"name\":\"Daniel Bewko\",\"image\":{\"@type\":\"ImageObject\",\"inLanguage\":\"de\",\"@id\":\"https:\/\/skgd.pl\/#\/schema\/person\/image\/\",\"url\":\"https:\/\/secure.gravatar.com\/avatar\/d648851ca016fa7b79979123bf874d6a?s=96&d=mm&r=g\",\"contentUrl\":\"https:\/\/secure.gravatar.com\/avatar\/d648851ca016fa7b79979123bf874d6a?s=96&d=mm&r=g\",\"caption\":\"Daniel Bewko\"},\"url\":\"https:\/\/skgd.pl\/de\/author\/daniel\/\"}]}<\/script>\n<!-- \/ Yoast SEO plugin. -->","yoast_head_json":{"title":"Renovierung und Ausstattung des DFK Oppeln-Goslawitz beendet. \u00a0 - Deutsche Minderheit, Sozial-Kulturelle Gesellschaft der Deutschen im Oppelner Schlesien","robots":{"index":"index","follow":"follow","max-snippet":"max-snippet:-1","max-image-preview":"max-image-preview:large","max-video-preview":"max-video-preview:-1"},"canonical":"https:\/\/skgd.pl\/de\/remont-i-wyposazenie-dfk-opole-goslawice-zakonczony\/","og_locale":"de_DE","og_type":"article","og_title":"Renovierung und Ausstattung des DFK Oppeln-Goslawitz beendet. \u00a0 - Deutsche Minderheit, Sozial-Kulturelle Gesellschaft der Deutschen im Oppelner Schlesien","og_description":"Am 22. Dezember 2023 wurde das Projekt \u201eRenovierung und Ausstattung des DFK Oppeln-Goslawitz zur Gew\u00e4hrung au\u00dferschulischer Sprachf\u00f6rderung\u201c beendet. Die Umsetzung des Projekts dauerte fast zwei Monate. Die Aufteilung der R\u00e4ume im DFK wurde behutsam ver\u00e4ndert, die W\u00e4nde und der Boden renoviert, die Elektrik und die Beleuchtung ausgetauscht. Garderobe und Vorraum f\u00fcr die Besucher des DFK [&hellip;]","og_url":"https:\/\/skgd.pl\/de\/remont-i-wyposazenie-dfk-opole-goslawice-zakonczony\/","og_site_name":"Deutsche Minderheit, Sozial-Kulturelle Gesellschaft der Deutschen im Oppelner Schlesien","article_published_time":"2023-12-22T11:03:28+00:00","article_modified_time":"2024-02-12T11:21:07+00:00","og_image":[{"width":2016,"height":1512,"url":"https:\/\/skgd.pl\/wp-content\/uploads\/2024\/02\/Nachher-po.jpeg","type":"image\/jpeg"}],"twitter_card":"summary_large_image","twitter_misc":{"Verfasst von":"Daniel Bewko","Gesch\u00e4tzte Lesezeit":"3\u00a0Minuten"},"schema":{"@context":"https:\/\/schema.org","@graph":[{"@type":"WebSite","@id":"https:\/\/skgd.pl\/#website","url":"https:\/\/skgd.pl\/","name":"Deutsche Minderheit, Sozial-Kulturelle Gesellschaft der Deutschen im Oppelner Schlesien","description":"Deutsche Minderheit in Polen","potentialAction":[{"@type":"SearchAction","target":{"@type":"EntryPoint","urlTemplate":"https:\/\/skgd.pl\/?s={search_term_string}"},"query-input":"required name=search_term_string"}],"inLanguage":"de"},{"@type":"ImageObject","inLanguage":"de","@id":"https:\/\/skgd.pl\/de\/remont-i-wyposazenie-dfk-opole-goslawice-zakonczony\/#primaryimage","url":"https:\/\/skgd.pl\/wp-content\/uploads\/2024\/02\/Nachher-po.jpeg","contentUrl":"https:\/\/skgd.pl\/wp-content\/uploads\/2024\/02\/Nachher-po.jpeg","width":2016,"height":1512},{"@type":"WebPage","@id":"https:\/\/skgd.pl\/de\/remont-i-wyposazenie-dfk-opole-goslawice-zakonczony\/#webpage","url":"https:\/\/skgd.pl\/de\/remont-i-wyposazenie-dfk-opole-goslawice-zakonczony\/","name":"Renovierung und Ausstattung des DFK Oppeln-Goslawitz beendet. \u00a0 - Deutsche Minderheit, Sozial-Kulturelle Gesellschaft der Deutschen im Oppelner Schlesien","isPartOf":{"@id":"https:\/\/skgd.pl\/#website"},"primaryImageOfPage":{"@id":"https:\/\/skgd.pl\/de\/remont-i-wyposazenie-dfk-opole-goslawice-zakonczony\/#primaryimage"},"datePublished":"2023-12-22T11:03:28+00:00","dateModified":"2024-02-12T11:21:07+00:00","author":{"@id":"https:\/\/skgd.pl\/#\/schema\/person\/3fb073cb271b54c7c3d73598166a8846"},"breadcrumb":{"@id":"https:\/\/skgd.pl\/de\/remont-i-wyposazenie-dfk-opole-goslawice-zakonczony\/#breadcrumb"},"inLanguage":"de","potentialAction":[{"@type":"ReadAction","target":["https:\/\/skgd.pl\/de\/remont-i-wyposazenie-dfk-opole-goslawice-zakonczony\/"]}]},{"@type":"BreadcrumbList","@id":"https:\/\/skgd.pl\/de\/remont-i-wyposazenie-dfk-opole-goslawice-zakonczony\/#breadcrumb","itemListElement":[{"@type":"ListItem","position":1,"name":"Strona g\u0142\u00f3wna","item":"https:\/\/skgd.pl\/"},{"@type":"ListItem","position":2,"name":"Renovierung und Ausstattung des DFK Oppeln-Goslawitz beendet. \u00a0"}]},{"@type":"Person","@id":"https:\/\/skgd.pl\/#\/schema\/person\/3fb073cb271b54c7c3d73598166a8846","name":"Daniel Bewko","image":{"@type":"ImageObject","inLanguage":"de","@id":"https:\/\/skgd.pl\/#\/schema\/person\/image\/","url":"https:\/\/secure.gravatar.com\/avatar\/d648851ca016fa7b79979123bf874d6a?s=96&d=mm&r=g","contentUrl":"https:\/\/secure.gravatar.com\/avatar\/d648851ca016fa7b79979123bf874d6a?s=96&d=mm&r=g","caption":"Daniel Bewko"},"url":"https:\/\/skgd.pl\/de\/author\/daniel\/"}]}},"_links":{"self":[{"href":"https:\/\/skgd.pl\/de\/wp-json\/wp\/v2\/posts\/33939","targetHints":{"allow":["GET"]}}],"collection":[{"href":"https:\/\/skgd.pl\/de\/wp-json\/wp\/v2\/posts"}],"about":[{"href":"https:\/\/skgd.pl\/de\/wp-json\/wp\/v2\/types\/post"}],"author":[{"embeddable":true,"href":"https:\/\/skgd.pl\/de\/wp-json\/wp\/v2\/users\/13"}],"replies":[{"embeddable":true,"href":"https:\/\/skgd.pl\/de\/wp-json\/wp\/v2\/comments?post=33939"}],"version-history":[{"count":2,"href":"https:\/\/skgd.pl\/de\/wp-json\/wp\/v2\/posts\/33939\/revisions"}],"predecessor-version":[{"id":33950,"href":"https:\/\/skgd.pl\/de\/wp-json\/wp\/v2\/posts\/33939\/revisions\/33950"}],"wp:featuredmedia":[{"embeddable":true,"href":"https:\/\/skgd.pl\/de\/wp-json\/wp\/v2\/media\/33943"}],"wp:attachment":[{"href":"https:\/\/skgd.pl\/de\/wp-json\/wp\/v2\/media?parent=33939"}],"wp:term":[{"taxonomy":"category","embeddable":true,"href":"https:\/\/skgd.pl\/de\/wp-json\/wp\/v2\/categories?post=33939"},{"taxonomy":"post_tag","embeddable":true,"href":"https:\/\/skgd.pl\/de\/wp-json\/wp\/v2\/tags?post=33939"}],"curies":[{"name":"wp","href":"https:\/\/api.w.org\/{rel}","templated":true}]}}