{"id":33797,"date":"2024-01-08T16:30:04","date_gmt":"2024-01-08T15:30:04","guid":{"rendered":"https:\/\/skgd.pl\/?p=33797"},"modified":"2024-01-11T11:53:23","modified_gmt":"2024-01-11T10:53:23","slug":"przemowienie-przewodniczacego-r-bartka-na-spotkaniu-noworocznym-8-01-2024","status":"publish","type":"post","link":"https:\/\/skgd.pl\/de\/przemowienie-przewodniczacego-r-bartka-na-spotkaniu-noworocznym-8-01-2024\/","title":{"rendered":"REDE DES VORSITZENDEN R. BARTEK AUF DER NEUJAHRSFEIER, 8.01.2024"},"content":{"rendered":"<p>Ich m\u00f6chte Sie ausnahmsweise bitten, das diesj\u00e4hrige Treffen mit einer Schweigeminute zu beginnen. Lass uns heute zun\u00e4chst an all jene denken, die im vergangenen Jahr von uns gegangen sind. An erster Stelle denke ich an Pr\u00e4lat Wolfgang Globisch, der am 31. Dezember von uns gegangen ist und am Freitag, den 5. Januar, beerdigt wurde.<\/p>\n<p>Solche Pers\u00f6nlichkeiten, aber vor allem ihr Lebenswerk, lassen uns \u00fcber das nachdenken, was hinter uns liegt, aber vor allem \u00fcber das, was vor uns liegt. Als die Biographie von Pfarrer Globisch in der Kirche in Colonnowska (Kolonowskie) vorgelesen wurde, musste ich zugeben, dass es viele Dinge gab, die ich nicht wusste, dass ich keine Ahnung hatte, wie sehr er sich engagiert hat. Vielleicht war er nicht ein Mann, der in erster Linie \u201ek\u00e4mpfte\u201d, aber er war sicherlich ein sehr konsequenter und manchmal schwieriger Partner in seinen Bem\u00fchungen, das multikulturelle Erbe der Region zu erhalten.<\/p>\n<p>Pfarrer Globisch scheute auch nicht davor zur\u00fcck, sich neuen Herausforderungen zu stellen, und unter diesem Blickwinkel m\u00f6chte ich auch das vergangene Jahr betrachten, das voller Ereignisse war, die f\u00fcr uns, in Polen lebende Deutsche, nicht einfach waren.<\/p>\n<p>&#8211; Die Diskriminierung von rund 55.000 Kindern der deutschen Minderheit in Polen hielt trotz zahlreicher Bem\u00fchungen und Versprechen der Regierenden, sie abzuschaffen, an<\/p>\n<p>&#8211; wir haben von der deutschen Seite zus\u00e4tzliche Mittel f\u00fcr den au\u00dferschulischen Sprachunterricht erhalten, konnten diese jedoch aufgrund versp\u00e4teter Haushaltsentscheidungen und verfahrenstechnischer Hindernisse nicht in vollem Umfang nutzen<\/p>\n<p>&#8211; wir haben uns aktiv an den Parlamentswahlen vom 15. Oktober beteiligt, aber aufgrund der hohen Wahlbeteiligung und der starken Polarisierung der Gesellschaft ist es uns nicht gelungen, unseren Abgeordneten zum ersten Mal in den polnischen Sejm zu bringen<\/p>\n<p>Lassen Sie mich auch einen Blick auf das Jahr 2023 werfen, und zwar aus der Perspektive der Zahlen und der in unserer Organisation durchgef\u00fchrten Projekte:<\/p>\n<ol>\n<li>387 Projekte (413 &#8211; 2022) mit einer Gesamtsumme von 524.211,34 PLN (ca. 595.880,54 z\u0142 &#8211; 2022) im Rahmen des Projekts zur Begegnungsst\u00e4ttenarbeit.<\/li>\n<li>115 Kultur- und Sprachprojekte in H\u00f6he von insgesamt 274.660 PLN. (88 Projekte \/ 225.080 PLN im Jahr 2022) unterst\u00fctzt von dem Konsulat der Bundesrepublik Deutschland in Oppeln.<\/li>\n<li>38 Samstagskurse wurden in der Woiwodschaft Oppeln im Fr\u00fchling und 46 Kurse im Herbst &#8211; insgesamt 84 (78 insgesamt 38\/40 im Jahr 2022.<\/li>\n<li>Miro deutsche Fussballschulen &#8211; 12 (11 in der Woiwodschaft Oppeln und 1 in der Woiwodschaft Schlesien), 29 Trainingsgruppen, 435 Kinder (2022 &#8211; 11, 28 Trainingsgruppen, 435 Kinder).<\/li>\n<li>Es wurden Sprach-, Wissens- und Gesangswettbewerbe durchgef\u00fchrt.<\/li>\n<li>29 Projekte (2022 &#8211; 37 Projekte) wurden von 19 Gemeinden (2022 &#8211; 19 Gemeinden) mit einem Betrag von 379.000 PLN (2022 &#8211; 490.100 z\u0142) unterst\u00fctzt.<\/li>\n<li>9 Projekte wurden mit Mitteln des Ministeriums des Innenministeriums der Republik Polen (2022 &#8211; 14 Projekte) mit einem Gesamtbetrag von 551.850 PLN (2022 &#8211; 614.200 PLN).<\/li>\n<li>Weitere Projekte wurden mit Unterst\u00fctzung des Bundesministeriums des Innern und f\u00fcr Heimat durchgef\u00fchrt. 15 Projekte \u00fcber den VdG in H\u00f6he von 1.063.072,60 PLN (im 2022 14 Projekte in H\u00f6he von 1.093.276,60 PLN) und 4 Projekte \u00fcber die Stiftung f\u00fcr Entwicklung Schlesiens in H\u00f6he von 1.761.061,25 PLN (im Jahr 2022 6 Projekte in H\u00f6he von 1.542.084,95 PLN).<\/li>\n<li>Mehr als 1.300 Mitglieder besuchten das Dokumentations- und Ausstellungszentrum der Deutschen in Polen im Rahmen des Projekts \u201eMultiplikatorenschulungen f\u00fcr Mitglieder der SKGD Oppeln\u201d.<\/li>\n<li>10 DFK-Begegnungsst\u00e4tten, an denen Sprachprojekte durchgef\u00fchrt werden und werden sollen, wurden renoviert und ausgestattet auf Gesamtbetrag von 346.550,71 PLN.<\/li>\n<li>Am 11. September 2023 wurde in Chronstau auf dem Gel\u00e4nde des ehemaligen Klosters und Waisenhauses der dienstbaren Schwestern, ein zweisprachiger Kindergarten er\u00f6ffnet.<\/li>\n<li>Oppelner Senior &#8211; Projekt mit 654 Teilnehmern in 20 Seniorenclubs. Dank der Ersparrnisse, die u. a. w\u00e4hrend der Pandemie entstanden, war es m\u00f6glich, den Betrieb der Clubs bis Ende M\u00e4rz 2023 zu verl\u00e4ngern. M\u00e4rz 2023. \u2013 Die Seniorinnen und Senioren unternahmen Ausfl\u00fcge, erledigten verschiedene manuelle handwerkliche, kulinarische und psychologische Workshops, sportliche Aktivit\u00e4ten usw. Psychologie, sportliche Aktivit\u00e4ten, usw. Unterst\u00fctzung Die psychologische Betreuung im Rahmen des Projekts wurde bis Ende September geleistet.<\/li>\n<li>40 Gemeinden, in denen Stunden f\u00fcr Deutsch als Minderheitensprache hinzugekommen sind Minderheitensprache (2022- 36).<\/li>\n<\/ol>\n<p>Ich m\u00f6chte mich bei den Mitgliedern des DFK, den Vorsitzenden und Mitgliedern auf allen unseren Strukturebenen f\u00fcr unsch\u00e4tzbare Arbeit im Jahr 2023. Ich m\u00f6chte auch von ganzem Herzen danken bei den Vertretern des BJDM sowie bei allen Branchenorganisationen der Deutschen Minderheit: dem Bauernverband der deutschen Minderheit, Wirtschaftskammer, dem Forschungszentrum der deutschen Minderheit, Dokumentations- und Ausstellungszentrum der Deutschen in Polen, etc. Ihre Arbeit ist f\u00fcr uns von gro\u00dfer und wichtiger Bedeutung, denn wenn Sie jetzt handeln, gestalten Sie die Zukunft unserer Gesellschaft, auch die Zukunft unserer Kinder.<\/p>\n<p>An dieser Stelle m\u00f6chte ich auch die Arbeit der Mitarbeiter der SKGD in Oppeln hervorheben. Nur dank guter Teamarbeit waren wir in der Lage viele Aufgaben bew\u00e4ltigen konnten. Ich bedanke mich auch bei dem Konsulat der Bundesrepublik Deutschland in Oppeln, dem Bundesministerium des Innern und f\u00fcr Heimat (BMI), dem polnischen Ministerium des Innern und der Verwaltung f\u00fcr jede Unterst\u00fctzung und die M\u00f6glichkeit, gemeinsam L\u00f6sungen von manchen Problemen zu finden. Ich m\u00f6chte mich auch bei dem Team des VdG in Polen und dem Team der Stiftung f\u00fcr Entwicklung Schlesiens f\u00fcr die gute und vertrauensvolle Zusammenarbeit im vergangenen Jahr.<\/p>\n<p>Danken m\u00f6chte ich auch allen Vertretern der Selbstverwaltungen der deutschen Minderheit und unserem ehemaligen Abgeordneten Ryszard Galla &#8211; es war kein einfaches Jahr f\u00fcr uns, und wir wissen, wie wichtig es f\u00fcr uns war, gemeinsam f\u00fcr den Erhalt des deutsch-schlesischen Erbes in der Region zu arbeiten.<\/p>\n<p>Das Jahr 2024 hat f\u00fcr uns gut begonnen, denn ich glaube, wir haben alle aufgeatmet, als wir den Entwurf der Verordnung sahen, der die Diskriminierung von Kindern beendet. Obwohl wir gehofft hatten, dass dies ohne Verz\u00f6gerung geschehen wird und die Deutschstunden schon ab dem zweiten Semester dieses Schuljahres zur\u00fcckkehren, ist es vor allem wichtig, dass sie zur\u00fcck sind und dass wir als Gemeinschaft damit symbolisch in die Reihe der nationalen und ethnischen Minderheiten in Polen zur\u00fcckkehren, die die gleichen Rechte genie\u00dfen.<\/p>\n<p>Zu Beginn des Jahres hat uns das Statistische Hauptamt (GUS) die detaillierten Ergebnisse der Volksz\u00e4hlung ver\u00f6ffentlicht. Wir wissen, in welcher Atmosph\u00e4re die Z\u00e4hlung stattgefunden hat. Wir sind uns bewusst, dass es nicht einfach war und ist, sich zum Deutschtum zu bekennen, aber dennoch lohnt es sich, die Ergebnisse genauer zu betrachten und eine spezifische Analyse auf der Ebene jeder unserer Gemeinden vorzunehmen. Im Allgemeinen ist die Zahl der in der Woiwodschaft Oppeln lebenden Deutschen zur\u00fcckgegangen, aber wir sind nach wie vor die Woiwodschaft mit der bei weitem gr\u00f6\u00dften deutschen Minderheitenbev\u00f6lkerung. In 30 Gemeinden liegt die Deutsche Minderheit bei \u00fcber 10 %, in 8 Gemeinden bei \u00fcber 20 % und in 1 Gemeinde bei \u00fcber 30 % (Radlau\/Rad\u0142\u00f3w). Angesichts der r\u00fcckl\u00e4ufigen Zahl der Erkl\u00e4rungen zur deutschen Staatsangeh\u00f6rigkeit lohnt es sich, einen Blick auf den dramatischen Anstieg der Zahl der Erkl\u00e4rungen zur Verwendung der deutschen Sprache zu Hause zu werfen! Im Jahr 2011 waren es 96.000 und im Jahr 2021 sogar 216.000! Und das zeigt wohl am besten, wie wichtig unsere Arbeit ist!<\/p>\n<p>Es ist auch erfreulich, dass wir in Polen nach dem 15. Oktober wieder eine Demokratie haben. Aus der Perspektive einer Minderheit ist dies sehr wichtig, denn wir haben als Erste zu sp\u00fcren bekommen, wie gro\u00df die Bedrohung durch die Regierung derjenigen sein kann, die die Demokratie nicht respektieren.<\/p>\n<p>Wir sollten jedoch nicht vergessen, dass es ohne unser Engagement nicht m\u00f6glich gewesen w\u00e4re, so schnell zu 3 Stunden Deutsch zur\u00fcckzukehren. Aus der Woiwodschaft Oppeln kamen die lautesten Stimmen des Protests und des Widerstands zu diesem Thema. Hier brachten die lokalen Beh\u00f6rden ihren Widerstand nicht nur dadurch zum Ausdruck, dass sie aus ihrem eigenen Haushalt zus\u00e4tzliche Sprachstunden einrichteten, sondern auch dadurch, dass sie beschlossen, den polnischen Staat auf Schadenersatz zu verklagen. Diese klare Haltung ist Ausdruck unserer Besorgnis und unseres Engagements f\u00fcr die Region.<\/p>\n<p>In diesem Zusammenhang sollten wir daran denken, dass sehr wichtige Selbstverwaltungswahlen bevorstehen. Wahlen, bei denen wir unsere Gemeindevorsteher, B\u00fcrgermeister und Ratsmitglieder auf allen Ebenen w\u00e4hlen werden. Wahlen, zu denen wir als deutsche Minderheit mit einer neuen, offeneren Formel antreten werden. Ich wei\u00df und bin mir bewusst, dass nicht jeder mit dieser Formel gl\u00fccklich ist, aber bitte glauben Sie mir, dass den diesbez\u00fcglichen Entscheidungen des Vorstandes viele Diskussionen und Analysen vorausgegangen sind. Wir m\u00fcssen offen sein f\u00fcr Ver\u00e4nderungen, auch f\u00fcr positive Ver\u00e4nderungen, wenn sich immer mehr Menschen polnischer Herkunft mit den Zielen unserer politischen T\u00e4tigkeit identifizieren. Wir m\u00fcssen auch endlich bereit und offen sein f\u00fcr das, was in unserer Organisation schon immer diskutiert wurde, n\u00e4mlich eine klarere Trennung von Politik und kulturell-bildnerischer Arbeit. Unsere kultur-bildenden Aktivit\u00e4ten zum Wohle des deutsch-schlesischen Erbes in der Region m\u00fcssen weitergehen, unabh\u00e4ngig davon, wie viele Vertreter wir in der Selbstverwaltung haben und unabh\u00e4ngig davon, wie gro\u00df unsere Organisation ist. TSKN muss weiter wachsen und sich entwickeln, in seinen Aktivit\u00e4ten sichtbar sein, denn es ist ein Mehrwert f\u00fcr die Region, genauso wie die Menschen, die unsere Organisation bilden! Und schlie\u00dflich m\u00fcssen wir uns noch mehr f\u00fcr junge Menschen \u00f6ffnen, und sie machen deutlich, dass unsere Beteiligung an der Politik aus einer offeneren, regionaleren Perspektive erfolgen sollte. Das ist keine leichte Aufgabe, aber wir haben heute Menschen, die sich engagieren wollen und die sich f\u00fcr dieses Projekt einsetzen. Wenn wir wissen, dass es sich lohnt, unsere schlesischen Werte &#8211; wie Offenheit und Mehrsprachigkeit &#8211; nicht nur zu bewahren, sondern auch an k\u00fcnftige Generationen weiterzugeben, dann m\u00fcssen wir auch den Mut haben, schwierige, aber zukunftsweisende Entscheidungen zu treffen. Ich freue mich, dass \u0141ukasz Jastrzembski, B\u00fcrgermeister von Leschnitz (Le\u015bnica) und Vorsitzender des schlesischen Selbstverwaltungsverbandes, heute hier bei uns ist. Ich w\u00fcnsche Ihnen alles Gute f\u00fcr das neue Jahr und \u00fcbergebe nun das Wort an \u0141ukasz.<\/p>","protected":false},"excerpt":{"rendered":"<p>Ich m\u00f6chte Sie ausnahmsweise bitten, das diesj\u00e4hrige Treffen mit einer Schweigeminute zu beginnen. Lass uns heute zun\u00e4chst an all jene denken, die im vergangenen Jahr von uns gegangen sind. An erster Stelle denke ich an Pr\u00e4lat Wolfgang Globisch, der am 31. Dezember von uns gegangen ist und am Freitag, den 5. Januar, beerdigt wurde. Solche [&hellip;]<\/p>\n","protected":false},"author":13,"featured_media":33809,"comment_status":"closed","ping_status":"closed","sticky":false,"template":"","format":"standard","meta":{"footnotes":""},"categories":[1],"tags":[],"class_list":["post-33797","post","type-post","status-publish","format-standard","has-post-thumbnail","hentry","category-aktualnosci"],"yoast_head":"<!-- This site is optimized with the Yoast SEO plugin v18.9 - https:\/\/yoast.com\/wordpress\/plugins\/seo\/ -->\n<title>REDE DES VORSITZENDEN R. BARTEK AUF DER NEUJAHRSFEIER, 8.01.2024 - Deutsche Minderheit, Sozial-Kulturelle Gesellschaft der Deutschen im Oppelner Schlesien<\/title>\n<meta name=\"robots\" content=\"index, follow, max-snippet:-1, max-image-preview:large, max-video-preview:-1\" \/>\n<link rel=\"canonical\" href=\"https:\/\/skgd.pl\/de\/przemowienie-przewodniczacego-r-bartka-na-spotkaniu-noworocznym-8-01-2024\/\" \/>\n<meta property=\"og:locale\" content=\"de_DE\" \/>\n<meta property=\"og:type\" content=\"article\" \/>\n<meta property=\"og:title\" content=\"REDE DES VORSITZENDEN R. BARTEK AUF DER NEUJAHRSFEIER, 8.01.2024 - Deutsche Minderheit, Sozial-Kulturelle Gesellschaft der Deutschen im Oppelner Schlesien\" \/>\n<meta property=\"og:description\" content=\"Ich m\u00f6chte Sie ausnahmsweise bitten, das diesj\u00e4hrige Treffen mit einer Schweigeminute zu beginnen. Lass uns heute zun\u00e4chst an all jene denken, die im vergangenen Jahr von uns gegangen sind. An erster Stelle denke ich an Pr\u00e4lat Wolfgang Globisch, der am 31. Dezember von uns gegangen ist und am Freitag, den 5. Januar, beerdigt wurde. Solche [&hellip;]\" \/>\n<meta property=\"og:url\" content=\"https:\/\/skgd.pl\/de\/przemowienie-przewodniczacego-r-bartka-na-spotkaniu-noworocznym-8-01-2024\/\" \/>\n<meta property=\"og:site_name\" content=\"Deutsche Minderheit, Sozial-Kulturelle Gesellschaft der Deutschen im Oppelner Schlesien\" \/>\n<meta property=\"article:published_time\" content=\"2024-01-08T15:30:04+00:00\" \/>\n<meta property=\"article:modified_time\" content=\"2024-01-11T10:53:23+00:00\" \/>\n<meta property=\"og:image\" content=\"https:\/\/skgd.pl\/wp-content\/uploads\/2024\/01\/r-bartek.jpg\" \/>\n\t<meta property=\"og:image:width\" content=\"1024\" \/>\n\t<meta property=\"og:image:height\" content=\"683\" \/>\n\t<meta property=\"og:image:type\" content=\"image\/jpeg\" \/>\n<meta name=\"twitter:card\" content=\"summary_large_image\" \/>\n<meta name=\"twitter:label1\" content=\"Verfasst von\" \/>\n\t<meta name=\"twitter:data1\" content=\"Daniel Bewko\" \/>\n\t<meta name=\"twitter:label2\" content=\"Gesch\u00e4tzte Lesezeit\" \/>\n\t<meta name=\"twitter:data2\" content=\"9\u00a0Minuten\" \/>\n<script type=\"application\/ld+json\" class=\"yoast-schema-graph\">{\"@context\":\"https:\/\/schema.org\",\"@graph\":[{\"@type\":\"WebSite\",\"@id\":\"https:\/\/skgd.pl\/#website\",\"url\":\"https:\/\/skgd.pl\/\",\"name\":\"Deutsche Minderheit, Sozial-Kulturelle Gesellschaft der Deutschen im Oppelner Schlesien\",\"description\":\"Deutsche Minderheit in Polen\",\"potentialAction\":[{\"@type\":\"SearchAction\",\"target\":{\"@type\":\"EntryPoint\",\"urlTemplate\":\"https:\/\/skgd.pl\/?s={search_term_string}\"},\"query-input\":\"required name=search_term_string\"}],\"inLanguage\":\"de\"},{\"@type\":\"ImageObject\",\"inLanguage\":\"de\",\"@id\":\"https:\/\/skgd.pl\/de\/przemowienie-przewodniczacego-r-bartka-na-spotkaniu-noworocznym-8-01-2024\/#primaryimage\",\"url\":\"https:\/\/skgd.pl\/wp-content\/uploads\/2024\/01\/r-bartek.jpg\",\"contentUrl\":\"https:\/\/skgd.pl\/wp-content\/uploads\/2024\/01\/r-bartek.jpg\",\"width\":1024,\"height\":683},{\"@type\":\"WebPage\",\"@id\":\"https:\/\/skgd.pl\/de\/przemowienie-przewodniczacego-r-bartka-na-spotkaniu-noworocznym-8-01-2024\/#webpage\",\"url\":\"https:\/\/skgd.pl\/de\/przemowienie-przewodniczacego-r-bartka-na-spotkaniu-noworocznym-8-01-2024\/\",\"name\":\"REDE DES VORSITZENDEN R. BARTEK AUF DER NEUJAHRSFEIER, 8.01.2024 - Deutsche Minderheit, Sozial-Kulturelle Gesellschaft der Deutschen im Oppelner Schlesien\",\"isPartOf\":{\"@id\":\"https:\/\/skgd.pl\/#website\"},\"primaryImageOfPage\":{\"@id\":\"https:\/\/skgd.pl\/de\/przemowienie-przewodniczacego-r-bartka-na-spotkaniu-noworocznym-8-01-2024\/#primaryimage\"},\"datePublished\":\"2024-01-08T15:30:04+00:00\",\"dateModified\":\"2024-01-11T10:53:23+00:00\",\"author\":{\"@id\":\"https:\/\/skgd.pl\/#\/schema\/person\/3fb073cb271b54c7c3d73598166a8846\"},\"breadcrumb\":{\"@id\":\"https:\/\/skgd.pl\/de\/przemowienie-przewodniczacego-r-bartka-na-spotkaniu-noworocznym-8-01-2024\/#breadcrumb\"},\"inLanguage\":\"de\",\"potentialAction\":[{\"@type\":\"ReadAction\",\"target\":[\"https:\/\/skgd.pl\/de\/przemowienie-przewodniczacego-r-bartka-na-spotkaniu-noworocznym-8-01-2024\/\"]}]},{\"@type\":\"BreadcrumbList\",\"@id\":\"https:\/\/skgd.pl\/de\/przemowienie-przewodniczacego-r-bartka-na-spotkaniu-noworocznym-8-01-2024\/#breadcrumb\",\"itemListElement\":[{\"@type\":\"ListItem\",\"position\":1,\"name\":\"Strona g\u0142\u00f3wna\",\"item\":\"https:\/\/skgd.pl\/\"},{\"@type\":\"ListItem\",\"position\":2,\"name\":\"REDE DES VORSITZENDEN R. BARTEK AUF DER NEUJAHRSFEIER, 8.01.2024\"}]},{\"@type\":\"Person\",\"@id\":\"https:\/\/skgd.pl\/#\/schema\/person\/3fb073cb271b54c7c3d73598166a8846\",\"name\":\"Daniel Bewko\",\"image\":{\"@type\":\"ImageObject\",\"inLanguage\":\"de\",\"@id\":\"https:\/\/skgd.pl\/#\/schema\/person\/image\/\",\"url\":\"https:\/\/secure.gravatar.com\/avatar\/d648851ca016fa7b79979123bf874d6a?s=96&d=mm&r=g\",\"contentUrl\":\"https:\/\/secure.gravatar.com\/avatar\/d648851ca016fa7b79979123bf874d6a?s=96&d=mm&r=g\",\"caption\":\"Daniel Bewko\"},\"url\":\"https:\/\/skgd.pl\/de\/author\/daniel\/\"}]}<\/script>\n<!-- \/ Yoast SEO plugin. -->","yoast_head_json":{"title":"REDE DES VORSITZENDEN R. BARTEK AUF DER NEUJAHRSFEIER, 8.01.2024 - Deutsche Minderheit, Sozial-Kulturelle Gesellschaft der Deutschen im Oppelner Schlesien","robots":{"index":"index","follow":"follow","max-snippet":"max-snippet:-1","max-image-preview":"max-image-preview:large","max-video-preview":"max-video-preview:-1"},"canonical":"https:\/\/skgd.pl\/de\/przemowienie-przewodniczacego-r-bartka-na-spotkaniu-noworocznym-8-01-2024\/","og_locale":"de_DE","og_type":"article","og_title":"REDE DES VORSITZENDEN R. BARTEK AUF DER NEUJAHRSFEIER, 8.01.2024 - Deutsche Minderheit, Sozial-Kulturelle Gesellschaft der Deutschen im Oppelner Schlesien","og_description":"Ich m\u00f6chte Sie ausnahmsweise bitten, das diesj\u00e4hrige Treffen mit einer Schweigeminute zu beginnen. Lass uns heute zun\u00e4chst an all jene denken, die im vergangenen Jahr von uns gegangen sind. An erster Stelle denke ich an Pr\u00e4lat Wolfgang Globisch, der am 31. Dezember von uns gegangen ist und am Freitag, den 5. Januar, beerdigt wurde. Solche [&hellip;]","og_url":"https:\/\/skgd.pl\/de\/przemowienie-przewodniczacego-r-bartka-na-spotkaniu-noworocznym-8-01-2024\/","og_site_name":"Deutsche Minderheit, Sozial-Kulturelle Gesellschaft der Deutschen im Oppelner Schlesien","article_published_time":"2024-01-08T15:30:04+00:00","article_modified_time":"2024-01-11T10:53:23+00:00","og_image":[{"width":1024,"height":683,"url":"https:\/\/skgd.pl\/wp-content\/uploads\/2024\/01\/r-bartek.jpg","type":"image\/jpeg"}],"twitter_card":"summary_large_image","twitter_misc":{"Verfasst von":"Daniel Bewko","Gesch\u00e4tzte Lesezeit":"9\u00a0Minuten"},"schema":{"@context":"https:\/\/schema.org","@graph":[{"@type":"WebSite","@id":"https:\/\/skgd.pl\/#website","url":"https:\/\/skgd.pl\/","name":"Deutsche Minderheit, Sozial-Kulturelle Gesellschaft der Deutschen im Oppelner Schlesien","description":"Deutsche Minderheit in Polen","potentialAction":[{"@type":"SearchAction","target":{"@type":"EntryPoint","urlTemplate":"https:\/\/skgd.pl\/?s={search_term_string}"},"query-input":"required name=search_term_string"}],"inLanguage":"de"},{"@type":"ImageObject","inLanguage":"de","@id":"https:\/\/skgd.pl\/de\/przemowienie-przewodniczacego-r-bartka-na-spotkaniu-noworocznym-8-01-2024\/#primaryimage","url":"https:\/\/skgd.pl\/wp-content\/uploads\/2024\/01\/r-bartek.jpg","contentUrl":"https:\/\/skgd.pl\/wp-content\/uploads\/2024\/01\/r-bartek.jpg","width":1024,"height":683},{"@type":"WebPage","@id":"https:\/\/skgd.pl\/de\/przemowienie-przewodniczacego-r-bartka-na-spotkaniu-noworocznym-8-01-2024\/#webpage","url":"https:\/\/skgd.pl\/de\/przemowienie-przewodniczacego-r-bartka-na-spotkaniu-noworocznym-8-01-2024\/","name":"REDE DES VORSITZENDEN R. BARTEK AUF DER NEUJAHRSFEIER, 8.01.2024 - Deutsche Minderheit, Sozial-Kulturelle Gesellschaft der Deutschen im Oppelner Schlesien","isPartOf":{"@id":"https:\/\/skgd.pl\/#website"},"primaryImageOfPage":{"@id":"https:\/\/skgd.pl\/de\/przemowienie-przewodniczacego-r-bartka-na-spotkaniu-noworocznym-8-01-2024\/#primaryimage"},"datePublished":"2024-01-08T15:30:04+00:00","dateModified":"2024-01-11T10:53:23+00:00","author":{"@id":"https:\/\/skgd.pl\/#\/schema\/person\/3fb073cb271b54c7c3d73598166a8846"},"breadcrumb":{"@id":"https:\/\/skgd.pl\/de\/przemowienie-przewodniczacego-r-bartka-na-spotkaniu-noworocznym-8-01-2024\/#breadcrumb"},"inLanguage":"de","potentialAction":[{"@type":"ReadAction","target":["https:\/\/skgd.pl\/de\/przemowienie-przewodniczacego-r-bartka-na-spotkaniu-noworocznym-8-01-2024\/"]}]},{"@type":"BreadcrumbList","@id":"https:\/\/skgd.pl\/de\/przemowienie-przewodniczacego-r-bartka-na-spotkaniu-noworocznym-8-01-2024\/#breadcrumb","itemListElement":[{"@type":"ListItem","position":1,"name":"Strona g\u0142\u00f3wna","item":"https:\/\/skgd.pl\/"},{"@type":"ListItem","position":2,"name":"REDE DES VORSITZENDEN R. BARTEK AUF DER NEUJAHRSFEIER, 8.01.2024"}]},{"@type":"Person","@id":"https:\/\/skgd.pl\/#\/schema\/person\/3fb073cb271b54c7c3d73598166a8846","name":"Daniel Bewko","image":{"@type":"ImageObject","inLanguage":"de","@id":"https:\/\/skgd.pl\/#\/schema\/person\/image\/","url":"https:\/\/secure.gravatar.com\/avatar\/d648851ca016fa7b79979123bf874d6a?s=96&d=mm&r=g","contentUrl":"https:\/\/secure.gravatar.com\/avatar\/d648851ca016fa7b79979123bf874d6a?s=96&d=mm&r=g","caption":"Daniel Bewko"},"url":"https:\/\/skgd.pl\/de\/author\/daniel\/"}]}},"_links":{"self":[{"href":"https:\/\/skgd.pl\/de\/wp-json\/wp\/v2\/posts\/33797","targetHints":{"allow":["GET"]}}],"collection":[{"href":"https:\/\/skgd.pl\/de\/wp-json\/wp\/v2\/posts"}],"about":[{"href":"https:\/\/skgd.pl\/de\/wp-json\/wp\/v2\/types\/post"}],"author":[{"embeddable":true,"href":"https:\/\/skgd.pl\/de\/wp-json\/wp\/v2\/users\/13"}],"replies":[{"embeddable":true,"href":"https:\/\/skgd.pl\/de\/wp-json\/wp\/v2\/comments?post=33797"}],"version-history":[{"count":3,"href":"https:\/\/skgd.pl\/de\/wp-json\/wp\/v2\/posts\/33797\/revisions"}],"predecessor-version":[{"id":33811,"href":"https:\/\/skgd.pl\/de\/wp-json\/wp\/v2\/posts\/33797\/revisions\/33811"}],"wp:featuredmedia":[{"embeddable":true,"href":"https:\/\/skgd.pl\/de\/wp-json\/wp\/v2\/media\/33809"}],"wp:attachment":[{"href":"https:\/\/skgd.pl\/de\/wp-json\/wp\/v2\/media?parent=33797"}],"wp:term":[{"taxonomy":"category","embeddable":true,"href":"https:\/\/skgd.pl\/de\/wp-json\/wp\/v2\/categories?post=33797"},{"taxonomy":"post_tag","embeddable":true,"href":"https:\/\/skgd.pl\/de\/wp-json\/wp\/v2\/tags?post=33797"}],"curies":[{"name":"wp","href":"https:\/\/api.w.org\/{rel}","templated":true}]}}