{"id":32401,"date":"2023-04-27T10:00:06","date_gmt":"2023-04-27T08:00:06","guid":{"rendered":"https:\/\/skgd.pl\/?p=32401"},"modified":"2023-04-27T09:59:34","modified_gmt":"2023-04-27T07:59:34","slug":"29-konkurs-recytatorski-w-jezyku-niemieckim-mlodziez-recytuje-poezje-eliminacje-rejonowe-w-ozimku-cisku-i-proszkowie","status":"publish","type":"post","link":"https:\/\/skgd.pl\/de\/29-konkurs-recytatorski-w-jezyku-niemieckim-mlodziez-recytuje-poezje-eliminacje-rejonowe-w-ozimku-cisku-i-proszkowie\/","title":{"rendered":"29. DEUTSCHE REZITATIONSWETTBEWERB \u201cJUGEND TR\u00c4GT GEDICHTE VOR\u201d- DIE REGIONALEBENE in Malapane, in Czissek und in Proskau"},"content":{"rendered":"<p><strong>Im April 2023 finden die Regionalebene des 29. deutschen Rezitationswettbewerbs \u201cJugend tr\u00e4gt Gedichte vor\u201d statt.<\/strong><\/p>\n<p>&nbsp;<\/p>\n<p>Es wurden weitere drei Regionalebene durchgef\u00fchrt, die hinter uns liegen:<\/p>\n<ul>\n<li><em>am 21.04.2023 im Kulturhaus in Malapne<\/em><\/li>\n<li><em>am 24.04.2023 im St\u00e4dtischen Kulturzentrum in Czissek<\/em><\/li>\n<li><em>am 26.04.2023 im Kultur- und Sportzentrum in Proskau<\/em><\/li>\n<\/ul>\n<p><span>Weitere Teilnehmer trugen ausgew\u00e4hlte Gedichte in deutscher Sprache vor.<\/span><\/p>\n<p><span>Wir freuen uns, dass sich so viele begabte junge Menschen f\u00fcr deutsche Lyrik interessieren und sich jedes Jahr in so gro\u00dfer Zahl an dem von uns organisierten Wettbewerb beteiligen.<\/span><\/p>\n<p>&nbsp;<\/p>\n<p><em><strong>Wir freuen uns auf das Finale. Weitere Informationen \u00fcber das Finale werden in K\u00fcrze verf\u00fcgbar sein.<\/strong><\/em><\/p>\n&#9888; <strong>Modul kann nicht gerendert werden, da der angeforderte Inhalt nicht (mehr) zug\u00e4nglich ist. Kontaktieren Sie den Administrator, um Zugang zu erhalten.<\/strong>\n&#9888; <strong>Modul kann nicht gerendert werden, da der angeforderte Inhalt nicht (mehr) zug\u00e4nglich ist. Kontaktieren Sie den Administrator, um Zugang zu erhalten.<\/strong>\n<p>&#9888; <strong>Modul kann nicht gerendert werden, da der angeforderte Inhalt nicht (mehr) zug\u00e4nglich ist. Kontaktieren Sie den Administrator, um Zugang zu erhalten.<\/strong><\/p>","protected":false},"excerpt":{"rendered":"<p>Im April 2023 finden die Regionalebene des 29. deutschen Rezitationswettbewerbs \u201cJugend tr\u00e4gt Gedichte vor\u201d statt. &nbsp; Es wurden weitere drei Regionalebene durchgef\u00fchrt, die hinter uns liegen: am 21.04.2023 im Kulturhaus in Malapne am 24.04.2023 im St\u00e4dtischen Kulturzentrum in Czissek am 26.04.2023 im Kultur- und Sportzentrum in Proskau Weitere Teilnehmer trugen ausgew\u00e4hlte Gedichte in deutscher Sprache [&hellip;]<\/p>\n","protected":false},"author":13,"featured_media":32408,"comment_status":"closed","ping_status":"open","sticky":false,"template":"","format":"standard","meta":{"footnotes":""},"categories":[731,733,1],"tags":[],"class_list":["post-32401","post","type-post","status-publish","format-standard","has-post-thumbnail","hentry","category-edukacja","category-kultura","category-aktualnosci"],"yoast_head":"<!-- This site is optimized with the Yoast SEO plugin v18.9 - https:\/\/yoast.com\/wordpress\/plugins\/seo\/ -->\n<title>29. DEUTSCHE REZITATIONSWETTBEWERB \u201cJUGEND TR\u00c4GT GEDICHTE VOR\u201d- DIE REGIONALEBENE in Malapane, in Czissek und in Proskau - Deutsche Minderheit, Sozial-Kulturelle Gesellschaft der Deutschen im Oppelner Schlesien<\/title>\n<meta name=\"robots\" content=\"index, follow, max-snippet:-1, max-image-preview:large, max-video-preview:-1\" \/>\n<link rel=\"canonical\" href=\"https:\/\/skgd.pl\/de\/29-konkurs-recytatorski-w-jezyku-niemieckim-mlodziez-recytuje-poezje-eliminacje-rejonowe-w-ozimku-cisku-i-proszkowie\/\" \/>\n<meta property=\"og:locale\" content=\"de_DE\" \/>\n<meta property=\"og:type\" content=\"article\" \/>\n<meta property=\"og:title\" content=\"29. DEUTSCHE REZITATIONSWETTBEWERB \u201cJUGEND TR\u00c4GT GEDICHTE VOR\u201d- DIE REGIONALEBENE in Malapane, in Czissek und in Proskau - Deutsche Minderheit, Sozial-Kulturelle Gesellschaft der Deutschen im Oppelner Schlesien\" \/>\n<meta property=\"og:description\" content=\"Im April 2023 finden die Regionalebene des 29. deutschen Rezitationswettbewerbs \u201cJugend tr\u00e4gt Gedichte vor\u201d statt. &nbsp; Es wurden weitere drei Regionalebene durchgef\u00fchrt, die hinter uns liegen: am 21.04.2023 im Kulturhaus in Malapne am 24.04.2023 im St\u00e4dtischen Kulturzentrum in Czissek am 26.04.2023 im Kultur- und Sportzentrum in Proskau Weitere Teilnehmer trugen ausgew\u00e4hlte Gedichte in deutscher Sprache [&hellip;]\" \/>\n<meta property=\"og:url\" content=\"https:\/\/skgd.pl\/de\/29-konkurs-recytatorski-w-jezyku-niemieckim-mlodziez-recytuje-poezje-eliminacje-rejonowe-w-ozimku-cisku-i-proszkowie\/\" \/>\n<meta property=\"og:site_name\" content=\"Deutsche Minderheit, Sozial-Kulturelle Gesellschaft der Deutschen im Oppelner Schlesien\" \/>\n<meta property=\"article:published_time\" content=\"2023-04-27T08:00:06+00:00\" \/>\n<meta property=\"article:modified_time\" content=\"2023-04-27T07:59:34+00:00\" \/>\n<meta property=\"og:image\" content=\"https:\/\/skgd.pl\/wp-content\/uploads\/2023\/04\/IMG_0471-scaled.jpg\" \/>\n\t<meta property=\"og:image:width\" content=\"2560\" \/>\n\t<meta property=\"og:image:height\" content=\"1707\" \/>\n\t<meta property=\"og:image:type\" content=\"image\/jpeg\" \/>\n<meta name=\"twitter:card\" content=\"summary_large_image\" \/>\n<meta name=\"twitter:label1\" content=\"Verfasst von\" \/>\n\t<meta name=\"twitter:data1\" content=\"Daniel Bewko\" \/>\n\t<meta name=\"twitter:label2\" content=\"Gesch\u00e4tzte Lesezeit\" \/>\n\t<meta name=\"twitter:data2\" content=\"1\u00a0Minute\" \/>\n<script type=\"application\/ld+json\" class=\"yoast-schema-graph\">{\"@context\":\"https:\/\/schema.org\",\"@graph\":[{\"@type\":\"WebSite\",\"@id\":\"https:\/\/skgd.pl\/#website\",\"url\":\"https:\/\/skgd.pl\/\",\"name\":\"Deutsche Minderheit, Sozial-Kulturelle Gesellschaft der Deutschen im Oppelner Schlesien\",\"description\":\"Deutsche Minderheit in Polen\",\"potentialAction\":[{\"@type\":\"SearchAction\",\"target\":{\"@type\":\"EntryPoint\",\"urlTemplate\":\"https:\/\/skgd.pl\/?s={search_term_string}\"},\"query-input\":\"required name=search_term_string\"}],\"inLanguage\":\"de\"},{\"@type\":\"ImageObject\",\"inLanguage\":\"de\",\"@id\":\"https:\/\/skgd.pl\/de\/29-konkurs-recytatorski-w-jezyku-niemieckim-mlodziez-recytuje-poezje-eliminacje-rejonowe-w-ozimku-cisku-i-proszkowie\/#primaryimage\",\"url\":\"https:\/\/skgd.pl\/wp-content\/uploads\/2023\/04\/IMG_0471-scaled.jpg\",\"contentUrl\":\"https:\/\/skgd.pl\/wp-content\/uploads\/2023\/04\/IMG_0471-scaled.jpg\",\"width\":2560,\"height\":1707},{\"@type\":\"WebPage\",\"@id\":\"https:\/\/skgd.pl\/de\/29-konkurs-recytatorski-w-jezyku-niemieckim-mlodziez-recytuje-poezje-eliminacje-rejonowe-w-ozimku-cisku-i-proszkowie\/#webpage\",\"url\":\"https:\/\/skgd.pl\/de\/29-konkurs-recytatorski-w-jezyku-niemieckim-mlodziez-recytuje-poezje-eliminacje-rejonowe-w-ozimku-cisku-i-proszkowie\/\",\"name\":\"29. DEUTSCHE REZITATIONSWETTBEWERB \u201cJUGEND TR\u00c4GT GEDICHTE VOR\u201d- DIE REGIONALEBENE in Malapane, in Czissek und in Proskau - Deutsche Minderheit, Sozial-Kulturelle Gesellschaft der Deutschen im Oppelner Schlesien\",\"isPartOf\":{\"@id\":\"https:\/\/skgd.pl\/#website\"},\"primaryImageOfPage\":{\"@id\":\"https:\/\/skgd.pl\/de\/29-konkurs-recytatorski-w-jezyku-niemieckim-mlodziez-recytuje-poezje-eliminacje-rejonowe-w-ozimku-cisku-i-proszkowie\/#primaryimage\"},\"datePublished\":\"2023-04-27T08:00:06+00:00\",\"dateModified\":\"2023-04-27T07:59:34+00:00\",\"author\":{\"@id\":\"https:\/\/skgd.pl\/#\/schema\/person\/3fb073cb271b54c7c3d73598166a8846\"},\"breadcrumb\":{\"@id\":\"https:\/\/skgd.pl\/de\/29-konkurs-recytatorski-w-jezyku-niemieckim-mlodziez-recytuje-poezje-eliminacje-rejonowe-w-ozimku-cisku-i-proszkowie\/#breadcrumb\"},\"inLanguage\":\"de\",\"potentialAction\":[{\"@type\":\"ReadAction\",\"target\":[\"https:\/\/skgd.pl\/de\/29-konkurs-recytatorski-w-jezyku-niemieckim-mlodziez-recytuje-poezje-eliminacje-rejonowe-w-ozimku-cisku-i-proszkowie\/\"]}]},{\"@type\":\"BreadcrumbList\",\"@id\":\"https:\/\/skgd.pl\/de\/29-konkurs-recytatorski-w-jezyku-niemieckim-mlodziez-recytuje-poezje-eliminacje-rejonowe-w-ozimku-cisku-i-proszkowie\/#breadcrumb\",\"itemListElement\":[{\"@type\":\"ListItem\",\"position\":1,\"name\":\"Strona g\u0142\u00f3wna\",\"item\":\"https:\/\/skgd.pl\/\"},{\"@type\":\"ListItem\",\"position\":2,\"name\":\"29. DEUTSCHE REZITATIONSWETTBEWERB \u201cJUGEND TR\u00c4GT GEDICHTE VOR\u201d- DIE REGIONALEBENE in Malapane, in Czissek und in Proskau\"}]},{\"@type\":\"Person\",\"@id\":\"https:\/\/skgd.pl\/#\/schema\/person\/3fb073cb271b54c7c3d73598166a8846\",\"name\":\"Daniel Bewko\",\"image\":{\"@type\":\"ImageObject\",\"inLanguage\":\"de\",\"@id\":\"https:\/\/skgd.pl\/#\/schema\/person\/image\/\",\"url\":\"https:\/\/secure.gravatar.com\/avatar\/d648851ca016fa7b79979123bf874d6a?s=96&d=mm&r=g\",\"contentUrl\":\"https:\/\/secure.gravatar.com\/avatar\/d648851ca016fa7b79979123bf874d6a?s=96&d=mm&r=g\",\"caption\":\"Daniel Bewko\"},\"url\":\"https:\/\/skgd.pl\/de\/author\/daniel\/\"}]}<\/script>\n<!-- \/ Yoast SEO plugin. -->","yoast_head_json":{"title":"29. DEUTSCHE REZITATIONSWETTBEWERB \u201cJUGEND TR\u00c4GT GEDICHTE VOR\u201d- DIE REGIONALEBENE in Malapane, in Czissek und in Proskau - Deutsche Minderheit, Sozial-Kulturelle Gesellschaft der Deutschen im Oppelner Schlesien","robots":{"index":"index","follow":"follow","max-snippet":"max-snippet:-1","max-image-preview":"max-image-preview:large","max-video-preview":"max-video-preview:-1"},"canonical":"https:\/\/skgd.pl\/de\/29-konkurs-recytatorski-w-jezyku-niemieckim-mlodziez-recytuje-poezje-eliminacje-rejonowe-w-ozimku-cisku-i-proszkowie\/","og_locale":"de_DE","og_type":"article","og_title":"29. DEUTSCHE REZITATIONSWETTBEWERB \u201cJUGEND TR\u00c4GT GEDICHTE VOR\u201d- DIE REGIONALEBENE in Malapane, in Czissek und in Proskau - Deutsche Minderheit, Sozial-Kulturelle Gesellschaft der Deutschen im Oppelner Schlesien","og_description":"Im April 2023 finden die Regionalebene des 29. deutschen Rezitationswettbewerbs \u201cJugend tr\u00e4gt Gedichte vor\u201d statt. &nbsp; Es wurden weitere drei Regionalebene durchgef\u00fchrt, die hinter uns liegen: am 21.04.2023 im Kulturhaus in Malapne am 24.04.2023 im St\u00e4dtischen Kulturzentrum in Czissek am 26.04.2023 im Kultur- und Sportzentrum in Proskau Weitere Teilnehmer trugen ausgew\u00e4hlte Gedichte in deutscher Sprache [&hellip;]","og_url":"https:\/\/skgd.pl\/de\/29-konkurs-recytatorski-w-jezyku-niemieckim-mlodziez-recytuje-poezje-eliminacje-rejonowe-w-ozimku-cisku-i-proszkowie\/","og_site_name":"Deutsche Minderheit, Sozial-Kulturelle Gesellschaft der Deutschen im Oppelner Schlesien","article_published_time":"2023-04-27T08:00:06+00:00","article_modified_time":"2023-04-27T07:59:34+00:00","og_image":[{"width":2560,"height":1707,"url":"https:\/\/skgd.pl\/wp-content\/uploads\/2023\/04\/IMG_0471-scaled.jpg","type":"image\/jpeg"}],"twitter_card":"summary_large_image","twitter_misc":{"Verfasst von":"Daniel Bewko","Gesch\u00e4tzte Lesezeit":"1\u00a0Minute"},"schema":{"@context":"https:\/\/schema.org","@graph":[{"@type":"WebSite","@id":"https:\/\/skgd.pl\/#website","url":"https:\/\/skgd.pl\/","name":"Deutsche Minderheit, Sozial-Kulturelle Gesellschaft der Deutschen im Oppelner Schlesien","description":"Deutsche Minderheit in Polen","potentialAction":[{"@type":"SearchAction","target":{"@type":"EntryPoint","urlTemplate":"https:\/\/skgd.pl\/?s={search_term_string}"},"query-input":"required name=search_term_string"}],"inLanguage":"de"},{"@type":"ImageObject","inLanguage":"de","@id":"https:\/\/skgd.pl\/de\/29-konkurs-recytatorski-w-jezyku-niemieckim-mlodziez-recytuje-poezje-eliminacje-rejonowe-w-ozimku-cisku-i-proszkowie\/#primaryimage","url":"https:\/\/skgd.pl\/wp-content\/uploads\/2023\/04\/IMG_0471-scaled.jpg","contentUrl":"https:\/\/skgd.pl\/wp-content\/uploads\/2023\/04\/IMG_0471-scaled.jpg","width":2560,"height":1707},{"@type":"WebPage","@id":"https:\/\/skgd.pl\/de\/29-konkurs-recytatorski-w-jezyku-niemieckim-mlodziez-recytuje-poezje-eliminacje-rejonowe-w-ozimku-cisku-i-proszkowie\/#webpage","url":"https:\/\/skgd.pl\/de\/29-konkurs-recytatorski-w-jezyku-niemieckim-mlodziez-recytuje-poezje-eliminacje-rejonowe-w-ozimku-cisku-i-proszkowie\/","name":"29. DEUTSCHE REZITATIONSWETTBEWERB \u201cJUGEND TR\u00c4GT GEDICHTE VOR\u201d- DIE REGIONALEBENE in Malapane, in Czissek und in Proskau - Deutsche Minderheit, Sozial-Kulturelle Gesellschaft der Deutschen im Oppelner Schlesien","isPartOf":{"@id":"https:\/\/skgd.pl\/#website"},"primaryImageOfPage":{"@id":"https:\/\/skgd.pl\/de\/29-konkurs-recytatorski-w-jezyku-niemieckim-mlodziez-recytuje-poezje-eliminacje-rejonowe-w-ozimku-cisku-i-proszkowie\/#primaryimage"},"datePublished":"2023-04-27T08:00:06+00:00","dateModified":"2023-04-27T07:59:34+00:00","author":{"@id":"https:\/\/skgd.pl\/#\/schema\/person\/3fb073cb271b54c7c3d73598166a8846"},"breadcrumb":{"@id":"https:\/\/skgd.pl\/de\/29-konkurs-recytatorski-w-jezyku-niemieckim-mlodziez-recytuje-poezje-eliminacje-rejonowe-w-ozimku-cisku-i-proszkowie\/#breadcrumb"},"inLanguage":"de","potentialAction":[{"@type":"ReadAction","target":["https:\/\/skgd.pl\/de\/29-konkurs-recytatorski-w-jezyku-niemieckim-mlodziez-recytuje-poezje-eliminacje-rejonowe-w-ozimku-cisku-i-proszkowie\/"]}]},{"@type":"BreadcrumbList","@id":"https:\/\/skgd.pl\/de\/29-konkurs-recytatorski-w-jezyku-niemieckim-mlodziez-recytuje-poezje-eliminacje-rejonowe-w-ozimku-cisku-i-proszkowie\/#breadcrumb","itemListElement":[{"@type":"ListItem","position":1,"name":"Strona g\u0142\u00f3wna","item":"https:\/\/skgd.pl\/"},{"@type":"ListItem","position":2,"name":"29. DEUTSCHE REZITATIONSWETTBEWERB \u201cJUGEND TR\u00c4GT GEDICHTE VOR\u201d- DIE REGIONALEBENE in Malapane, in Czissek und in Proskau"}]},{"@type":"Person","@id":"https:\/\/skgd.pl\/#\/schema\/person\/3fb073cb271b54c7c3d73598166a8846","name":"Daniel Bewko","image":{"@type":"ImageObject","inLanguage":"de","@id":"https:\/\/skgd.pl\/#\/schema\/person\/image\/","url":"https:\/\/secure.gravatar.com\/avatar\/d648851ca016fa7b79979123bf874d6a?s=96&d=mm&r=g","contentUrl":"https:\/\/secure.gravatar.com\/avatar\/d648851ca016fa7b79979123bf874d6a?s=96&d=mm&r=g","caption":"Daniel Bewko"},"url":"https:\/\/skgd.pl\/de\/author\/daniel\/"}]}},"_links":{"self":[{"href":"https:\/\/skgd.pl\/de\/wp-json\/wp\/v2\/posts\/32401","targetHints":{"allow":["GET"]}}],"collection":[{"href":"https:\/\/skgd.pl\/de\/wp-json\/wp\/v2\/posts"}],"about":[{"href":"https:\/\/skgd.pl\/de\/wp-json\/wp\/v2\/types\/post"}],"author":[{"embeddable":true,"href":"https:\/\/skgd.pl\/de\/wp-json\/wp\/v2\/users\/13"}],"replies":[{"embeddable":true,"href":"https:\/\/skgd.pl\/de\/wp-json\/wp\/v2\/comments?post=32401"}],"version-history":[{"count":3,"href":"https:\/\/skgd.pl\/de\/wp-json\/wp\/v2\/posts\/32401\/revisions"}],"predecessor-version":[{"id":32409,"href":"https:\/\/skgd.pl\/de\/wp-json\/wp\/v2\/posts\/32401\/revisions\/32409"}],"wp:featuredmedia":[{"embeddable":true,"href":"https:\/\/skgd.pl\/de\/wp-json\/wp\/v2\/media\/32408"}],"wp:attachment":[{"href":"https:\/\/skgd.pl\/de\/wp-json\/wp\/v2\/media?parent=32401"}],"wp:term":[{"taxonomy":"category","embeddable":true,"href":"https:\/\/skgd.pl\/de\/wp-json\/wp\/v2\/categories?post=32401"},{"taxonomy":"post_tag","embeddable":true,"href":"https:\/\/skgd.pl\/de\/wp-json\/wp\/v2\/tags?post=32401"}],"curies":[{"name":"wp","href":"https:\/\/api.w.org\/{rel}","templated":true}]}}