{"id":32192,"date":"2023-03-27T10:00:52","date_gmt":"2023-03-27T08:00:52","guid":{"rendered":"https:\/\/skgd.pl\/?p=32192"},"modified":"2023-03-29T18:20:12","modified_gmt":"2023-03-29T16:20:12","slug":"wir-lieben-vielfalt-oboz-letni-2023","status":"publish","type":"post","link":"https:\/\/skgd.pl\/de\/wir-lieben-vielfalt-oboz-letni-2023\/","title":{"rendered":"\u201eWir l(i)eben Vielfalt!\u201c \u2013 Sommercamp 2023"},"content":{"rendered":"<p><\/p>\n<p style=\"text-align: justify;\"><span lang=\"de-DE\">70 Jugendliche, 10 L\u00e4nder, 4 Workshops &#8211; Das ist das Sommercamp 2023!<\/span><\/p>\n<p style=\"text-align: justify;\">Unter dem Motto \u201eWir l(i)eben Vielfalt!\u201c findet das Sommercamp f\u00fcr Jugendliche aus den deutschen Minderheiten in S\u00fcdost-, Mittelost- und Osteuropa, <strong>vom 1. bis 9. August 2023 in Rum\u00e4nien<\/strong> statt!<\/p>\n<p style=\"text-align: justify;\">Ziele des Sommercamps sind:<\/p>\n<ul>\n<li>F\u00f6rderung der deutschen Sprache<\/li>\n<li>Vermittlung von Medienkompetenzen<\/li>\n<li>Auseinandersetzung mit den Werten und Themen eines gemeinsamen Europas wie u. a. demokratische Partizipation, Meinungsfreiheit, soziales Engagement, zivilgesellschaftliche Teilhabe, Rolle der Medien, Populismus, Migration, Diversit\u00e4t<\/li>\n<li>Auseinandersetzung mit Fragen der eigenen Identit\u00e4t und Geschichte<\/li>\n<li>F\u00f6rderung sozialer Kompetenzen<\/li>\n<\/ul>\n<p style=\"text-align: justify;\"><strong>Anmeldeschluss: 30.03.2023<\/strong><\/p>\n<p style=\"text-align: justify;\">Teilnahmebedingungen:<\/p>\n<ul>\n<li style=\"text-align: justify;\">Jugendliche im Alter von 14 bis 17 Jahren<\/li>\n<li style=\"text-align: justify;\">Deutschkenntnisse mindestens der Niveaustufe A2<\/li>\n<li style=\"text-align: justify;\">pro Land steht ein bestimmtes Kontingent an Pl\u00e4tzen zur Verf\u00fcgung (siehe S. 2 der Ausschreibung)<\/li>\n<li style=\"text-align: justify;\">Teilnehmerbetrag: 150,00 EUR pro Teilnehmer\/-in<\/li>\n<\/ul>\n<p>&nbsp;<\/p>\n<p style=\"text-align: justify;\">F\u00fcllt bitte das Anmeldeformular aus (sehe rechts in &#8220;Download&#8221;) und schickt es an das BJDM-Team per E-Mail: <a href=\"mailto:biuro@bjdm.eu\" target=\"_blank\" rel=\"noopener\">biuro@bjdm.eu<\/a>.<\/p>\n<p>Mehr Infos unter Tel.<span>: <strong>+48 77 4416205<\/strong>, <strong>+48 534 504 996.<\/strong><\/span><\/p>\n<p>&nbsp;<\/p>\n<p style=\"text-align: justify;\">Weitere Informationen gibt es&nbsp;<a href=\"https:\/\/www.goethe.de\/ins\/ro\/de\/spr\/eng\/deutsche-minderheit-in-rumaeni\/tabr-de-var-2023.html?fbclid=IwAR3zE5Thtbh8fQiLhv2RDleZfgDLJKiCV5QTIITbupTM13L0zjApAOAy5OA\" target=\"_blank\" rel=\"noopener\">HIER<\/a>.<\/p>\n<p style=\"text-align: justify;\">Die ganze Ausschreibung gibt es <a href=\"https:\/\/www.goethe.de\/resources\/files\/pdf295\/ausschreibung-schueler.pdf\" target=\"_blank\" rel=\"noopener\">HIER<\/a>.<\/p>\n<p><\/p>","protected":false},"excerpt":{"rendered":"<p>70 Jugendliche, 10 L\u00e4nder, 4 Workshops &#8211; Das ist das Sommercamp 2023! Unter dem Motto \u201eWir l(i)eben Vielfalt!\u201c findet das Sommercamp f\u00fcr Jugendliche aus den deutschen Minderheiten in S\u00fcdost-, Mittelost- und Osteuropa, vom 1. bis 9. August 2023 in Rum\u00e4nien statt! Ziele des Sommercamps sind: F\u00f6rderung der deutschen Sprache Vermittlung von Medienkompetenzen Auseinandersetzung mit den [&hellip;]<\/p>\n","protected":false},"author":15,"featured_media":32194,"comment_status":"closed","ping_status":"open","sticky":false,"template":"","format":"standard","meta":{"footnotes":""},"categories":[731,733,1],"tags":[],"class_list":["post-32192","post","type-post","status-publish","format-standard","has-post-thumbnail","hentry","category-edukacja","category-kultura","category-aktualnosci"],"yoast_head":"<!-- This site is optimized with the Yoast SEO plugin v18.9 - https:\/\/yoast.com\/wordpress\/plugins\/seo\/ -->\n<title>\u201eWir l(i)eben Vielfalt!\u201c \u2013 Sommercamp 2023 - Deutsche Minderheit, Sozial-Kulturelle Gesellschaft der Deutschen im Oppelner Schlesien<\/title>\n<meta name=\"robots\" content=\"index, follow, max-snippet:-1, max-image-preview:large, max-video-preview:-1\" \/>\n<link rel=\"canonical\" href=\"https:\/\/skgd.pl\/de\/wir-lieben-vielfalt-oboz-letni-2023\/\" \/>\n<meta property=\"og:locale\" content=\"de_DE\" \/>\n<meta property=\"og:type\" content=\"article\" \/>\n<meta property=\"og:title\" content=\"\u201eWir l(i)eben Vielfalt!\u201c \u2013 Sommercamp 2023 - Deutsche Minderheit, Sozial-Kulturelle Gesellschaft der Deutschen im Oppelner Schlesien\" \/>\n<meta property=\"og:description\" content=\"70 Jugendliche, 10 L\u00e4nder, 4 Workshops &#8211; Das ist das Sommercamp 2023! Unter dem Motto \u201eWir l(i)eben Vielfalt!\u201c findet das Sommercamp f\u00fcr Jugendliche aus den deutschen Minderheiten in S\u00fcdost-, Mittelost- und Osteuropa, vom 1. bis 9. August 2023 in Rum\u00e4nien statt! Ziele des Sommercamps sind: F\u00f6rderung der deutschen Sprache Vermittlung von Medienkompetenzen Auseinandersetzung mit den [&hellip;]\" \/>\n<meta property=\"og:url\" content=\"https:\/\/skgd.pl\/de\/wir-lieben-vielfalt-oboz-letni-2023\/\" \/>\n<meta property=\"og:site_name\" content=\"Deutsche Minderheit, Sozial-Kulturelle Gesellschaft der Deutschen im Oppelner Schlesien\" \/>\n<meta property=\"article:published_time\" content=\"2023-03-27T08:00:52+00:00\" \/>\n<meta property=\"article:modified_time\" content=\"2023-03-29T16:20:12+00:00\" \/>\n<meta property=\"og:image\" content=\"https:\/\/skgd.pl\/wp-content\/uploads\/2023\/03\/983x426_web-formatkey-jpg-default.jpg\" \/>\n\t<meta property=\"og:image:width\" content=\"983\" \/>\n\t<meta property=\"og:image:height\" content=\"426\" \/>\n\t<meta property=\"og:image:type\" content=\"image\/jpeg\" \/>\n<meta name=\"twitter:card\" content=\"summary_large_image\" \/>\n<meta name=\"twitter:label1\" content=\"Verfasst von\" \/>\n\t<meta name=\"twitter:data1\" content=\"Nikola Przyklenk\" \/>\n\t<meta name=\"twitter:label2\" content=\"Gesch\u00e4tzte Lesezeit\" \/>\n\t<meta name=\"twitter:data2\" content=\"1\u00a0Minute\" \/>\n<script type=\"application\/ld+json\" class=\"yoast-schema-graph\">{\"@context\":\"https:\/\/schema.org\",\"@graph\":[{\"@type\":\"WebSite\",\"@id\":\"https:\/\/skgd.pl\/#website\",\"url\":\"https:\/\/skgd.pl\/\",\"name\":\"Deutsche Minderheit, Sozial-Kulturelle Gesellschaft der Deutschen im Oppelner Schlesien\",\"description\":\"Deutsche Minderheit in Polen\",\"potentialAction\":[{\"@type\":\"SearchAction\",\"target\":{\"@type\":\"EntryPoint\",\"urlTemplate\":\"https:\/\/skgd.pl\/?s={search_term_string}\"},\"query-input\":\"required name=search_term_string\"}],\"inLanguage\":\"de\"},{\"@type\":\"ImageObject\",\"inLanguage\":\"de\",\"@id\":\"https:\/\/skgd.pl\/de\/wir-lieben-vielfalt-oboz-letni-2023\/#primaryimage\",\"url\":\"https:\/\/skgd.pl\/wp-content\/uploads\/2023\/03\/983x426_web-formatkey-jpg-default.jpg\",\"contentUrl\":\"https:\/\/skgd.pl\/wp-content\/uploads\/2023\/03\/983x426_web-formatkey-jpg-default.jpg\",\"width\":983,\"height\":426},{\"@type\":\"WebPage\",\"@id\":\"https:\/\/skgd.pl\/de\/wir-lieben-vielfalt-oboz-letni-2023\/#webpage\",\"url\":\"https:\/\/skgd.pl\/de\/wir-lieben-vielfalt-oboz-letni-2023\/\",\"name\":\"\u201eWir l(i)eben Vielfalt!\u201c \u2013 Sommercamp 2023 - Deutsche Minderheit, Sozial-Kulturelle Gesellschaft der Deutschen im Oppelner Schlesien\",\"isPartOf\":{\"@id\":\"https:\/\/skgd.pl\/#website\"},\"primaryImageOfPage\":{\"@id\":\"https:\/\/skgd.pl\/de\/wir-lieben-vielfalt-oboz-letni-2023\/#primaryimage\"},\"datePublished\":\"2023-03-27T08:00:52+00:00\",\"dateModified\":\"2023-03-29T16:20:12+00:00\",\"author\":{\"@id\":\"https:\/\/skgd.pl\/#\/schema\/person\/f10b1745c655203cea564eb9ceb1589d\"},\"breadcrumb\":{\"@id\":\"https:\/\/skgd.pl\/de\/wir-lieben-vielfalt-oboz-letni-2023\/#breadcrumb\"},\"inLanguage\":\"de\",\"potentialAction\":[{\"@type\":\"ReadAction\",\"target\":[\"https:\/\/skgd.pl\/de\/wir-lieben-vielfalt-oboz-letni-2023\/\"]}]},{\"@type\":\"BreadcrumbList\",\"@id\":\"https:\/\/skgd.pl\/de\/wir-lieben-vielfalt-oboz-letni-2023\/#breadcrumb\",\"itemListElement\":[{\"@type\":\"ListItem\",\"position\":1,\"name\":\"Strona g\u0142\u00f3wna\",\"item\":\"https:\/\/skgd.pl\/\"},{\"@type\":\"ListItem\",\"position\":2,\"name\":\"\u201eWir l(i)eben Vielfalt!\u201c \u2013 Sommercamp 2023\"}]},{\"@type\":\"Person\",\"@id\":\"https:\/\/skgd.pl\/#\/schema\/person\/f10b1745c655203cea564eb9ceb1589d\",\"name\":\"Nikola Przyklenk\",\"image\":{\"@type\":\"ImageObject\",\"inLanguage\":\"de\",\"@id\":\"https:\/\/skgd.pl\/#\/schema\/person\/image\/\",\"url\":\"https:\/\/secure.gravatar.com\/avatar\/cb51c24efacc9886d2de7795cfdf1b19?s=96&d=mm&r=g\",\"contentUrl\":\"https:\/\/secure.gravatar.com\/avatar\/cb51c24efacc9886d2de7795cfdf1b19?s=96&d=mm&r=g\",\"caption\":\"Nikola Przyklenk\"},\"url\":\"https:\/\/skgd.pl\/de\/author\/nikola-przyklenk\/\"}]}<\/script>\n<!-- \/ Yoast SEO plugin. -->","yoast_head_json":{"title":"\u201eWir l(i)eben Vielfalt!\u201c \u2013 Sommercamp 2023 - Deutsche Minderheit, Sozial-Kulturelle Gesellschaft der Deutschen im Oppelner Schlesien","robots":{"index":"index","follow":"follow","max-snippet":"max-snippet:-1","max-image-preview":"max-image-preview:large","max-video-preview":"max-video-preview:-1"},"canonical":"https:\/\/skgd.pl\/de\/wir-lieben-vielfalt-oboz-letni-2023\/","og_locale":"de_DE","og_type":"article","og_title":"\u201eWir l(i)eben Vielfalt!\u201c \u2013 Sommercamp 2023 - Deutsche Minderheit, Sozial-Kulturelle Gesellschaft der Deutschen im Oppelner Schlesien","og_description":"70 Jugendliche, 10 L\u00e4nder, 4 Workshops &#8211; Das ist das Sommercamp 2023! Unter dem Motto \u201eWir l(i)eben Vielfalt!\u201c findet das Sommercamp f\u00fcr Jugendliche aus den deutschen Minderheiten in S\u00fcdost-, Mittelost- und Osteuropa, vom 1. bis 9. August 2023 in Rum\u00e4nien statt! Ziele des Sommercamps sind: F\u00f6rderung der deutschen Sprache Vermittlung von Medienkompetenzen Auseinandersetzung mit den [&hellip;]","og_url":"https:\/\/skgd.pl\/de\/wir-lieben-vielfalt-oboz-letni-2023\/","og_site_name":"Deutsche Minderheit, Sozial-Kulturelle Gesellschaft der Deutschen im Oppelner Schlesien","article_published_time":"2023-03-27T08:00:52+00:00","article_modified_time":"2023-03-29T16:20:12+00:00","og_image":[{"width":983,"height":426,"url":"https:\/\/skgd.pl\/wp-content\/uploads\/2023\/03\/983x426_web-formatkey-jpg-default.jpg","type":"image\/jpeg"}],"twitter_card":"summary_large_image","twitter_misc":{"Verfasst von":"Nikola Przyklenk","Gesch\u00e4tzte Lesezeit":"1\u00a0Minute"},"schema":{"@context":"https:\/\/schema.org","@graph":[{"@type":"WebSite","@id":"https:\/\/skgd.pl\/#website","url":"https:\/\/skgd.pl\/","name":"Deutsche Minderheit, Sozial-Kulturelle Gesellschaft der Deutschen im Oppelner Schlesien","description":"Deutsche Minderheit in Polen","potentialAction":[{"@type":"SearchAction","target":{"@type":"EntryPoint","urlTemplate":"https:\/\/skgd.pl\/?s={search_term_string}"},"query-input":"required name=search_term_string"}],"inLanguage":"de"},{"@type":"ImageObject","inLanguage":"de","@id":"https:\/\/skgd.pl\/de\/wir-lieben-vielfalt-oboz-letni-2023\/#primaryimage","url":"https:\/\/skgd.pl\/wp-content\/uploads\/2023\/03\/983x426_web-formatkey-jpg-default.jpg","contentUrl":"https:\/\/skgd.pl\/wp-content\/uploads\/2023\/03\/983x426_web-formatkey-jpg-default.jpg","width":983,"height":426},{"@type":"WebPage","@id":"https:\/\/skgd.pl\/de\/wir-lieben-vielfalt-oboz-letni-2023\/#webpage","url":"https:\/\/skgd.pl\/de\/wir-lieben-vielfalt-oboz-letni-2023\/","name":"\u201eWir l(i)eben Vielfalt!\u201c \u2013 Sommercamp 2023 - Deutsche Minderheit, Sozial-Kulturelle Gesellschaft der Deutschen im Oppelner Schlesien","isPartOf":{"@id":"https:\/\/skgd.pl\/#website"},"primaryImageOfPage":{"@id":"https:\/\/skgd.pl\/de\/wir-lieben-vielfalt-oboz-letni-2023\/#primaryimage"},"datePublished":"2023-03-27T08:00:52+00:00","dateModified":"2023-03-29T16:20:12+00:00","author":{"@id":"https:\/\/skgd.pl\/#\/schema\/person\/f10b1745c655203cea564eb9ceb1589d"},"breadcrumb":{"@id":"https:\/\/skgd.pl\/de\/wir-lieben-vielfalt-oboz-letni-2023\/#breadcrumb"},"inLanguage":"de","potentialAction":[{"@type":"ReadAction","target":["https:\/\/skgd.pl\/de\/wir-lieben-vielfalt-oboz-letni-2023\/"]}]},{"@type":"BreadcrumbList","@id":"https:\/\/skgd.pl\/de\/wir-lieben-vielfalt-oboz-letni-2023\/#breadcrumb","itemListElement":[{"@type":"ListItem","position":1,"name":"Strona g\u0142\u00f3wna","item":"https:\/\/skgd.pl\/"},{"@type":"ListItem","position":2,"name":"\u201eWir l(i)eben Vielfalt!\u201c \u2013 Sommercamp 2023"}]},{"@type":"Person","@id":"https:\/\/skgd.pl\/#\/schema\/person\/f10b1745c655203cea564eb9ceb1589d","name":"Nikola Przyklenk","image":{"@type":"ImageObject","inLanguage":"de","@id":"https:\/\/skgd.pl\/#\/schema\/person\/image\/","url":"https:\/\/secure.gravatar.com\/avatar\/cb51c24efacc9886d2de7795cfdf1b19?s=96&d=mm&r=g","contentUrl":"https:\/\/secure.gravatar.com\/avatar\/cb51c24efacc9886d2de7795cfdf1b19?s=96&d=mm&r=g","caption":"Nikola Przyklenk"},"url":"https:\/\/skgd.pl\/de\/author\/nikola-przyklenk\/"}]}},"_links":{"self":[{"href":"https:\/\/skgd.pl\/de\/wp-json\/wp\/v2\/posts\/32192","targetHints":{"allow":["GET"]}}],"collection":[{"href":"https:\/\/skgd.pl\/de\/wp-json\/wp\/v2\/posts"}],"about":[{"href":"https:\/\/skgd.pl\/de\/wp-json\/wp\/v2\/types\/post"}],"author":[{"embeddable":true,"href":"https:\/\/skgd.pl\/de\/wp-json\/wp\/v2\/users\/15"}],"replies":[{"embeddable":true,"href":"https:\/\/skgd.pl\/de\/wp-json\/wp\/v2\/comments?post=32192"}],"version-history":[{"count":3,"href":"https:\/\/skgd.pl\/de\/wp-json\/wp\/v2\/posts\/32192\/revisions"}],"predecessor-version":[{"id":32220,"href":"https:\/\/skgd.pl\/de\/wp-json\/wp\/v2\/posts\/32192\/revisions\/32220"}],"wp:featuredmedia":[{"embeddable":true,"href":"https:\/\/skgd.pl\/de\/wp-json\/wp\/v2\/media\/32194"}],"wp:attachment":[{"href":"https:\/\/skgd.pl\/de\/wp-json\/wp\/v2\/media?parent=32192"}],"wp:term":[{"taxonomy":"category","embeddable":true,"href":"https:\/\/skgd.pl\/de\/wp-json\/wp\/v2\/categories?post=32192"},{"taxonomy":"post_tag","embeddable":true,"href":"https:\/\/skgd.pl\/de\/wp-json\/wp\/v2\/tags?post=32192"}],"curies":[{"name":"wp","href":"https:\/\/api.w.org\/{rel}","templated":true}]}}