{"id":31917,"date":"2023-02-21T12:00:38","date_gmt":"2023-02-21T11:00:38","guid":{"rendered":"https:\/\/skgd.pl\/?p=31917"},"modified":"2023-02-20T21:09:08","modified_gmt":"2023-02-20T20:09:08","slug":"miedzynarodowy-dzien-jezyka-ojczystego","status":"publish","type":"post","link":"https:\/\/skgd.pl\/de\/miedzynarodowy-dzien-jezyka-ojczystego\/","title":{"rendered":"Internationaler Tag der Muttersprache"},"content":{"rendered":"<p><\/p>\n<p style=\"text-align: justify;\">Jedes Jahr am 21. Februar wird der Internationale Tag der Muttersprache gefeiert. Er wurde am 17. November 1999 von der UNESCO zum Gedenken an die Ereignisse von 1952 eingef\u00fchrt, als f\u00fcnf bangladeschische Studenten ihr Leben im Kampf opferten, <span lang=\"de-DE\">um die <\/span>bengalische Sprache <span lang=\"de-DE\">als Amtssprache anzuerkennen<\/span>.<\/p>\n<p>&nbsp;<\/p>\n<p style=\"text-align: justify;\">Der Internationale Tag der Muttersprache ist ein Feiertag, der <strong>die sprachliche Vielfalt als kulturelles Erbe sch\u00fctzen<\/strong> soll, denn immer mehr Sprachen verschwinden, und mit ihnen Traditionen, Br\u00e4uche, Wissen und Kultur. Der Internationale Tag der Muttersprache ist auch ein Mittel, um <strong>gegenseitige Toleranz und Verst\u00e4ndnis zwischen den Menschen <span lang=\"de-DE\">aufzubauen<\/span><\/strong>.<\/p>\n<p>&nbsp;<\/p>\n<p style=\"text-align: justify;\">Seit 1950 sind rund 250 der 6.000 Sprachen der Welt in Vergessenheit geraten. Die Hauptursachen sind soziale Migrationen, das Aussterben von Nationen oder d<span lang=\"de-DE\">ie<\/span><span lang=\"de-DE\"> <\/span><span lang=\"de-DE\">\u00fcberm\u00e4\u00dfige Verwendung<\/span><span lang=\"de-DE\"> <\/span>von Fremdw\u00f6rtern. Weltweit haben sch\u00e4tzungsweise 40 Prozent der Bev\u00f6lkerung keinen Zugang zu<span lang=\"de-DE\">r<\/span> Bildung in ihrer Muttersprache.<\/p>\n<p>&nbsp;<\/p>\n<p style=\"text-align: justify;\">Jedes Jahr steht der Internationale Tag der Muttersprache unter einem anderen Motto und Thema. Im Jahr 2023 lautet es: <strong>Mehrsprachige Bildung &#8211; Notwendigkeit, die Bildung zu <span lang=\"de-DE\">transformieren<\/span><\/strong>. Das Bewusstsein f\u00fcr die Bedeutung der Muttersprache und der Dialekte ist sehr wichtig, da es die Entwicklung der Gesellschaft sowohl auf lokaler als auch auf globaler Ebene beeinflusst.<\/p>\n<p>&nbsp;<\/p>\n<p style=\"text-align: justify;\">Hier stellen wir Ihnen einen Link zu einem Video zur Verf\u00fcgung, in dem Andrea dar\u00fcber spricht, was Mehrsprachigkeit f\u00fcr sie bedeutet:<\/p>\n<p>&nbsp;<\/p>\n<p><iframe loading=\"lazy\" title=\"#3 Andrea. Das bin ich! - Ich rede einmal Deutsch, a raz m\u00f3wi\u0119 po polsku\" width=\"770\" height=\"433\" src=\"https:\/\/www.youtube.com\/embed\/Yp3cmbj28eU?feature=oembed\" frameborder=\"0\" allow=\"accelerometer; autoplay; clipboard-write; encrypted-media; gyroscope; picture-in-picture; web-share\" allowfullscreen><\/iframe><\/p>\n<p>&nbsp;<\/p>\n<p style=\"text-align: justify;\">Quelle: <a href=\"https:\/\/www.kalbi.pl\/miedzynarodowy-dzien-jezyka-ojczystego\">Kalbi.pl<\/a> \/ <a href=\"https:\/\/bimkal.pl\/kalendarz\/miedzynarodowy-dzien-jezyka-ojczystego\">bimKal.pl<\/a><\/p>\n<p><\/p>","protected":false},"excerpt":{"rendered":"<p>Jedes Jahr am 21. Februar wird der Internationale Tag der Muttersprache gefeiert. Er wurde am 17. November 1999 von der UNESCO zum Gedenken an die Ereignisse von 1952 eingef\u00fchrt, als f\u00fcnf bangladeschische Studenten ihr Leben im Kampf opferten, um die bengalische Sprache als Amtssprache anzuerkennen. &nbsp; Der Internationale Tag der Muttersprache ist ein Feiertag, der [&hellip;]<\/p>\n","protected":false},"author":15,"featured_media":31918,"comment_status":"closed","ping_status":"open","sticky":false,"template":"","format":"standard","meta":{"footnotes":""},"categories":[1],"tags":[],"class_list":["post-31917","post","type-post","status-publish","format-standard","has-post-thumbnail","hentry","category-aktualnosci"],"yoast_head":"<!-- This site is optimized with the Yoast SEO plugin v18.9 - https:\/\/yoast.com\/wordpress\/plugins\/seo\/ -->\n<title>Internationaler Tag der Muttersprache - Deutsche Minderheit, Sozial-Kulturelle Gesellschaft der Deutschen im Oppelner Schlesien<\/title>\n<meta name=\"robots\" content=\"index, follow, max-snippet:-1, max-image-preview:large, max-video-preview:-1\" \/>\n<link rel=\"canonical\" href=\"https:\/\/skgd.pl\/de\/miedzynarodowy-dzien-jezyka-ojczystego\/\" \/>\n<meta property=\"og:locale\" content=\"de_DE\" \/>\n<meta property=\"og:type\" content=\"article\" \/>\n<meta property=\"og:title\" content=\"Internationaler Tag der Muttersprache - Deutsche Minderheit, Sozial-Kulturelle Gesellschaft der Deutschen im Oppelner Schlesien\" \/>\n<meta property=\"og:description\" content=\"Jedes Jahr am 21. Februar wird der Internationale Tag der Muttersprache gefeiert. Er wurde am 17. November 1999 von der UNESCO zum Gedenken an die Ereignisse von 1952 eingef\u00fchrt, als f\u00fcnf bangladeschische Studenten ihr Leben im Kampf opferten, um die bengalische Sprache als Amtssprache anzuerkennen. &nbsp; Der Internationale Tag der Muttersprache ist ein Feiertag, der [&hellip;]\" \/>\n<meta property=\"og:url\" content=\"https:\/\/skgd.pl\/de\/miedzynarodowy-dzien-jezyka-ojczystego\/\" \/>\n<meta property=\"og:site_name\" content=\"Deutsche Minderheit, Sozial-Kulturelle Gesellschaft der Deutschen im Oppelner Schlesien\" \/>\n<meta property=\"article:published_time\" content=\"2023-02-21T11:00:38+00:00\" \/>\n<meta property=\"article:modified_time\" content=\"2023-02-20T20:09:08+00:00\" \/>\n<meta property=\"og:image\" content=\"https:\/\/skgd.pl\/wp-content\/uploads\/2023\/02\/WhatsApp-Image-2023-02-20-at-20.35.07.jpeg\" \/>\n\t<meta property=\"og:image:width\" content=\"1599\" \/>\n\t<meta property=\"og:image:height\" content=\"1236\" \/>\n\t<meta property=\"og:image:type\" content=\"image\/jpeg\" \/>\n<meta name=\"twitter:card\" content=\"summary_large_image\" \/>\n<meta name=\"twitter:label1\" content=\"Verfasst von\" \/>\n\t<meta name=\"twitter:data1\" content=\"Nikola Przyklenk\" \/>\n\t<meta name=\"twitter:label2\" content=\"Gesch\u00e4tzte Lesezeit\" \/>\n\t<meta name=\"twitter:data2\" content=\"2\u00a0Minuten\" \/>\n<script type=\"application\/ld+json\" class=\"yoast-schema-graph\">{\"@context\":\"https:\/\/schema.org\",\"@graph\":[{\"@type\":\"WebSite\",\"@id\":\"https:\/\/skgd.pl\/#website\",\"url\":\"https:\/\/skgd.pl\/\",\"name\":\"Deutsche Minderheit, Sozial-Kulturelle Gesellschaft der Deutschen im Oppelner Schlesien\",\"description\":\"Deutsche Minderheit in Polen\",\"potentialAction\":[{\"@type\":\"SearchAction\",\"target\":{\"@type\":\"EntryPoint\",\"urlTemplate\":\"https:\/\/skgd.pl\/?s={search_term_string}\"},\"query-input\":\"required name=search_term_string\"}],\"inLanguage\":\"de\"},{\"@type\":\"ImageObject\",\"inLanguage\":\"de\",\"@id\":\"https:\/\/skgd.pl\/de\/miedzynarodowy-dzien-jezyka-ojczystego\/#primaryimage\",\"url\":\"https:\/\/skgd.pl\/wp-content\/uploads\/2023\/02\/WhatsApp-Image-2023-02-20-at-20.35.07.jpeg\",\"contentUrl\":\"https:\/\/skgd.pl\/wp-content\/uploads\/2023\/02\/WhatsApp-Image-2023-02-20-at-20.35.07.jpeg\",\"width\":1599,\"height\":1236},{\"@type\":\"WebPage\",\"@id\":\"https:\/\/skgd.pl\/de\/miedzynarodowy-dzien-jezyka-ojczystego\/#webpage\",\"url\":\"https:\/\/skgd.pl\/de\/miedzynarodowy-dzien-jezyka-ojczystego\/\",\"name\":\"Internationaler Tag der Muttersprache - Deutsche Minderheit, Sozial-Kulturelle Gesellschaft der Deutschen im Oppelner Schlesien\",\"isPartOf\":{\"@id\":\"https:\/\/skgd.pl\/#website\"},\"primaryImageOfPage\":{\"@id\":\"https:\/\/skgd.pl\/de\/miedzynarodowy-dzien-jezyka-ojczystego\/#primaryimage\"},\"datePublished\":\"2023-02-21T11:00:38+00:00\",\"dateModified\":\"2023-02-20T20:09:08+00:00\",\"author\":{\"@id\":\"https:\/\/skgd.pl\/#\/schema\/person\/f10b1745c655203cea564eb9ceb1589d\"},\"breadcrumb\":{\"@id\":\"https:\/\/skgd.pl\/de\/miedzynarodowy-dzien-jezyka-ojczystego\/#breadcrumb\"},\"inLanguage\":\"de\",\"potentialAction\":[{\"@type\":\"ReadAction\",\"target\":[\"https:\/\/skgd.pl\/de\/miedzynarodowy-dzien-jezyka-ojczystego\/\"]}]},{\"@type\":\"BreadcrumbList\",\"@id\":\"https:\/\/skgd.pl\/de\/miedzynarodowy-dzien-jezyka-ojczystego\/#breadcrumb\",\"itemListElement\":[{\"@type\":\"ListItem\",\"position\":1,\"name\":\"Strona g\u0142\u00f3wna\",\"item\":\"https:\/\/skgd.pl\/\"},{\"@type\":\"ListItem\",\"position\":2,\"name\":\"Internationaler Tag der Muttersprache\"}]},{\"@type\":\"Person\",\"@id\":\"https:\/\/skgd.pl\/#\/schema\/person\/f10b1745c655203cea564eb9ceb1589d\",\"name\":\"Nikola Przyklenk\",\"image\":{\"@type\":\"ImageObject\",\"inLanguage\":\"de\",\"@id\":\"https:\/\/skgd.pl\/#\/schema\/person\/image\/\",\"url\":\"https:\/\/secure.gravatar.com\/avatar\/cb51c24efacc9886d2de7795cfdf1b19?s=96&d=mm&r=g\",\"contentUrl\":\"https:\/\/secure.gravatar.com\/avatar\/cb51c24efacc9886d2de7795cfdf1b19?s=96&d=mm&r=g\",\"caption\":\"Nikola Przyklenk\"},\"url\":\"https:\/\/skgd.pl\/de\/author\/nikola-przyklenk\/\"}]}<\/script>\n<!-- \/ Yoast SEO plugin. -->","yoast_head_json":{"title":"Internationaler Tag der Muttersprache - Deutsche Minderheit, Sozial-Kulturelle Gesellschaft der Deutschen im Oppelner Schlesien","robots":{"index":"index","follow":"follow","max-snippet":"max-snippet:-1","max-image-preview":"max-image-preview:large","max-video-preview":"max-video-preview:-1"},"canonical":"https:\/\/skgd.pl\/de\/miedzynarodowy-dzien-jezyka-ojczystego\/","og_locale":"de_DE","og_type":"article","og_title":"Internationaler Tag der Muttersprache - Deutsche Minderheit, Sozial-Kulturelle Gesellschaft der Deutschen im Oppelner Schlesien","og_description":"Jedes Jahr am 21. Februar wird der Internationale Tag der Muttersprache gefeiert. Er wurde am 17. November 1999 von der UNESCO zum Gedenken an die Ereignisse von 1952 eingef\u00fchrt, als f\u00fcnf bangladeschische Studenten ihr Leben im Kampf opferten, um die bengalische Sprache als Amtssprache anzuerkennen. &nbsp; Der Internationale Tag der Muttersprache ist ein Feiertag, der [&hellip;]","og_url":"https:\/\/skgd.pl\/de\/miedzynarodowy-dzien-jezyka-ojczystego\/","og_site_name":"Deutsche Minderheit, Sozial-Kulturelle Gesellschaft der Deutschen im Oppelner Schlesien","article_published_time":"2023-02-21T11:00:38+00:00","article_modified_time":"2023-02-20T20:09:08+00:00","og_image":[{"width":1599,"height":1236,"url":"https:\/\/skgd.pl\/wp-content\/uploads\/2023\/02\/WhatsApp-Image-2023-02-20-at-20.35.07.jpeg","type":"image\/jpeg"}],"twitter_card":"summary_large_image","twitter_misc":{"Verfasst von":"Nikola Przyklenk","Gesch\u00e4tzte Lesezeit":"2\u00a0Minuten"},"schema":{"@context":"https:\/\/schema.org","@graph":[{"@type":"WebSite","@id":"https:\/\/skgd.pl\/#website","url":"https:\/\/skgd.pl\/","name":"Deutsche Minderheit, Sozial-Kulturelle Gesellschaft der Deutschen im Oppelner Schlesien","description":"Deutsche Minderheit in Polen","potentialAction":[{"@type":"SearchAction","target":{"@type":"EntryPoint","urlTemplate":"https:\/\/skgd.pl\/?s={search_term_string}"},"query-input":"required name=search_term_string"}],"inLanguage":"de"},{"@type":"ImageObject","inLanguage":"de","@id":"https:\/\/skgd.pl\/de\/miedzynarodowy-dzien-jezyka-ojczystego\/#primaryimage","url":"https:\/\/skgd.pl\/wp-content\/uploads\/2023\/02\/WhatsApp-Image-2023-02-20-at-20.35.07.jpeg","contentUrl":"https:\/\/skgd.pl\/wp-content\/uploads\/2023\/02\/WhatsApp-Image-2023-02-20-at-20.35.07.jpeg","width":1599,"height":1236},{"@type":"WebPage","@id":"https:\/\/skgd.pl\/de\/miedzynarodowy-dzien-jezyka-ojczystego\/#webpage","url":"https:\/\/skgd.pl\/de\/miedzynarodowy-dzien-jezyka-ojczystego\/","name":"Internationaler Tag der Muttersprache - Deutsche Minderheit, Sozial-Kulturelle Gesellschaft der Deutschen im Oppelner Schlesien","isPartOf":{"@id":"https:\/\/skgd.pl\/#website"},"primaryImageOfPage":{"@id":"https:\/\/skgd.pl\/de\/miedzynarodowy-dzien-jezyka-ojczystego\/#primaryimage"},"datePublished":"2023-02-21T11:00:38+00:00","dateModified":"2023-02-20T20:09:08+00:00","author":{"@id":"https:\/\/skgd.pl\/#\/schema\/person\/f10b1745c655203cea564eb9ceb1589d"},"breadcrumb":{"@id":"https:\/\/skgd.pl\/de\/miedzynarodowy-dzien-jezyka-ojczystego\/#breadcrumb"},"inLanguage":"de","potentialAction":[{"@type":"ReadAction","target":["https:\/\/skgd.pl\/de\/miedzynarodowy-dzien-jezyka-ojczystego\/"]}]},{"@type":"BreadcrumbList","@id":"https:\/\/skgd.pl\/de\/miedzynarodowy-dzien-jezyka-ojczystego\/#breadcrumb","itemListElement":[{"@type":"ListItem","position":1,"name":"Strona g\u0142\u00f3wna","item":"https:\/\/skgd.pl\/"},{"@type":"ListItem","position":2,"name":"Internationaler Tag der Muttersprache"}]},{"@type":"Person","@id":"https:\/\/skgd.pl\/#\/schema\/person\/f10b1745c655203cea564eb9ceb1589d","name":"Nikola Przyklenk","image":{"@type":"ImageObject","inLanguage":"de","@id":"https:\/\/skgd.pl\/#\/schema\/person\/image\/","url":"https:\/\/secure.gravatar.com\/avatar\/cb51c24efacc9886d2de7795cfdf1b19?s=96&d=mm&r=g","contentUrl":"https:\/\/secure.gravatar.com\/avatar\/cb51c24efacc9886d2de7795cfdf1b19?s=96&d=mm&r=g","caption":"Nikola Przyklenk"},"url":"https:\/\/skgd.pl\/de\/author\/nikola-przyklenk\/"}]}},"_links":{"self":[{"href":"https:\/\/skgd.pl\/de\/wp-json\/wp\/v2\/posts\/31917","targetHints":{"allow":["GET"]}}],"collection":[{"href":"https:\/\/skgd.pl\/de\/wp-json\/wp\/v2\/posts"}],"about":[{"href":"https:\/\/skgd.pl\/de\/wp-json\/wp\/v2\/types\/post"}],"author":[{"embeddable":true,"href":"https:\/\/skgd.pl\/de\/wp-json\/wp\/v2\/users\/15"}],"replies":[{"embeddable":true,"href":"https:\/\/skgd.pl\/de\/wp-json\/wp\/v2\/comments?post=31917"}],"version-history":[{"count":3,"href":"https:\/\/skgd.pl\/de\/wp-json\/wp\/v2\/posts\/31917\/revisions"}],"predecessor-version":[{"id":31921,"href":"https:\/\/skgd.pl\/de\/wp-json\/wp\/v2\/posts\/31917\/revisions\/31921"}],"wp:featuredmedia":[{"embeddable":true,"href":"https:\/\/skgd.pl\/de\/wp-json\/wp\/v2\/media\/31918"}],"wp:attachment":[{"href":"https:\/\/skgd.pl\/de\/wp-json\/wp\/v2\/media?parent=31917"}],"wp:term":[{"taxonomy":"category","embeddable":true,"href":"https:\/\/skgd.pl\/de\/wp-json\/wp\/v2\/categories?post=31917"},{"taxonomy":"post_tag","embeddable":true,"href":"https:\/\/skgd.pl\/de\/wp-json\/wp\/v2\/tags?post=31917"}],"curies":[{"name":"wp","href":"https:\/\/api.w.org\/{rel}","templated":true}]}}