{"id":31725,"date":"2023-01-25T13:00:31","date_gmt":"2023-01-25T12:00:31","guid":{"rendered":"https:\/\/skgd.pl\/?p=31725"},"modified":"2023-01-25T12:54:19","modified_gmt":"2023-01-25T11:54:19","slug":"spotkanie-noworoczne-prezydenta-rp-bez-udzialu-mniejszosci-niemieckiej","status":"publish","type":"post","link":"https:\/\/skgd.pl\/de\/spotkanie-noworoczne-prezydenta-rp-bez-udzialu-mniejszosci-niemieckiej\/","title":{"rendered":"Neujahrstreffen des Pr\u00e4sidenten Polens ohne Beteiligung der deutschen Minderheit"},"content":{"rendered":"<p><\/p>\n<p style=\"text-align: justify;\"><strong>Das j\u00e4hrliche Neujahrstreffen, das vom Pr\u00e4sidenten Polens Andrzej Duda organisiert wird, findet ohne die Teilnahme von Vertretern der deutschen Minderheit statt. Sie sprechen einstimmig: Wir haben unsere Arbeit in der Gemeinsamen Kommission der Regierung und der nationalen und ethnischen Minderheiten unterbrochen, bis die Diskriminierung der deutschen Minderheit in Polen beendet wird.<\/strong><\/p>\n<p style=\"text-align: justify;\">Jedes Jahr organisiert der Pr\u00e4sident der Republik Polen ein Neujahrstreffen mit Vertretern der Kirchen und religi\u00f6ser Vereinigungen sowie nationaler und ethnischer Minderheiten in Polen. Das diesj\u00e4hrige Treffen findet am Mittwoch, den 25. Januar 2023, um 13.00 Uhr im Pr\u00e4sidentenpalast statt. Und obwohl alle Vertreter der Minderheiten, die der Gemeinsamen Kommission der Regierung und der nationalen und ethnischen Minderheiten angeh\u00f6ren, eingeladen waren, lehnten die Vertreter der Deutschen Minderheit \u2013 Rafa\u0142 Bartek und Bernard Gaida \u2013 ab, an der geplanten Veranstaltung teilzunehmen.<\/p>\n<p style=\"text-align: justify;\">In der Antwort der deutschen Minderheit zur Einladung des Pr\u00e4sidenten hei\u00dft es: <em>\u201eLeider sehen wir aufgrund der anhaltenden Diskriminierung der Kinder der deutschen Minderheit keine M\u00f6glichkeit, Ihre Einladung anzunehmen, Herr Pr\u00e4sident! Wir wissen nicht, wie wir die Worte und Zusicherungen, die anl\u00e4sslich solcher Treffen fallen, bei denen der Wert der seit Generationen in Polen lebenden nationalen und ethnischen Minderheiten erw\u00e4hnt wird, interpretieren sollten angesichts der Tatsache, dass eine dieser Minderheiten nach dem Erlass des Ministers f\u00fcr Bildung und Wissenschaft vom 4. Februar 2022 schlechter behandelt wird als andere nationale und ethnische Minderheiten, die in unserem Land leben. (\u2026) Durch die Reduzierung der Unterrichtsstunden f\u00fcr Deutsch als Minderheitensprache von drei auf eine pro Woche sind die Kinder, ihre Eltern, die Deutschlehrer und alle Angeh\u00f6rigen der deutschen Minderheit nicht nur ihrer Sprache, sondern auch ihrer W\u00fcrde beraubt worden.\u201c<\/em><\/p>\n<p style=\"text-align: justify;\">1.04.2022 r. haben Rafa\u0142 Bartek \u2013 Vorsitzender des Verbandes der Sozial-Kulturellen Gesellschaften in Polen (VdG) und Bernard Gaida \u2013 Beauftragter f\u00fcr internationale Beziehungen bei VdG ihre Teilnahme an den Arbeiten der Gemeinsamen Kommission der Regierung und der nationalen und ethnischen Minderheiten ausgesetzt, bis die Rechtsvorschriften, die die Kinder der Deutschen Minderheit in Polen diskriminieren, aufgehoben werden.<\/p>\n<p style=\"text-align: justify;\">Die Verordnung des Bildungsministers vom 4. Februar 2022, mit der die Anzahl der Stunden f\u00fcr Deutsch als Minderheitensprache von drei auf eine Stunde reduziert wurde, trat mit Beginn des Schuljahres 2022\/2023 in Kraft. Es sind fast 50.000 Kinder, die Deutsch als Minderheitensprache lernen, in ganz Polen von dieser \u00c4nderung betroffen. Alle anderen nationalen Minderheiten k\u00f6nnen die Minderheitensprache wie bisher, d.h. im Umfang von drei Stunden w\u00f6chentlich, lernen.<\/p>\n<p>&nbsp;<\/p>\n<p><a href=\"https:\/\/vdg.pl\/wp-content\/uploads\/2023\/01\/Pismo-PrezydentA.-Duda-19.01.2023.pdf\" target=\"_blank\" rel=\"noopener\">Schreiben an den Pr\u00e4sidenten Andrzej Duda<\/a><\/p>\n<p>&nbsp;<\/p>\n<p>Quelle: VDG<\/p>","protected":false},"excerpt":{"rendered":"<p>Das j\u00e4hrliche Neujahrstreffen, das vom Pr\u00e4sidenten Polens Andrzej Duda organisiert wird, findet ohne die Teilnahme von Vertretern der deutschen Minderheit statt. Sie sprechen einstimmig: Wir haben unsere Arbeit in der Gemeinsamen Kommission der Regierung und der nationalen und ethnischen Minderheiten unterbrochen, bis die Diskriminierung der deutschen Minderheit in Polen beendet wird. Jedes Jahr organisiert der [&hellip;]<\/p>\n","protected":false},"author":15,"featured_media":31726,"comment_status":"closed","ping_status":"open","sticky":false,"template":"","format":"standard","meta":{"footnotes":""},"categories":[1],"tags":[],"class_list":["post-31725","post","type-post","status-publish","format-standard","has-post-thumbnail","hentry","category-aktualnosci"],"yoast_head":"<!-- This site is optimized with the Yoast SEO plugin v18.9 - https:\/\/yoast.com\/wordpress\/plugins\/seo\/ -->\n<title>Neujahrstreffen des Pr\u00e4sidenten Polens ohne Beteiligung der deutschen Minderheit - Deutsche Minderheit, Sozial-Kulturelle Gesellschaft der Deutschen im Oppelner Schlesien<\/title>\n<meta name=\"robots\" content=\"index, follow, max-snippet:-1, max-image-preview:large, max-video-preview:-1\" \/>\n<link rel=\"canonical\" href=\"https:\/\/skgd.pl\/spotkanie-noworoczne-prezydenta-rp-bez-udzialu-mniejszosci-niemieckiej\/\" \/>\n<meta property=\"og:locale\" content=\"de_DE\" \/>\n<meta property=\"og:type\" content=\"article\" \/>\n<meta property=\"og:title\" content=\"Neujahrstreffen des Pr\u00e4sidenten Polens ohne Beteiligung der deutschen Minderheit - Deutsche Minderheit, Sozial-Kulturelle Gesellschaft der Deutschen im Oppelner Schlesien\" \/>\n<meta property=\"og:description\" content=\"Das j\u00e4hrliche Neujahrstreffen, das vom Pr\u00e4sidenten Polens Andrzej Duda organisiert wird, findet ohne die Teilnahme von Vertretern der deutschen Minderheit statt. Sie sprechen einstimmig: Wir haben unsere Arbeit in der Gemeinsamen Kommission der Regierung und der nationalen und ethnischen Minderheiten unterbrochen, bis die Diskriminierung der deutschen Minderheit in Polen beendet wird. Jedes Jahr organisiert der [&hellip;]\" \/>\n<meta property=\"og:url\" content=\"https:\/\/skgd.pl\/spotkanie-noworoczne-prezydenta-rp-bez-udzialu-mniejszosci-niemieckiej\/\" \/>\n<meta property=\"og:site_name\" content=\"Deutsche Minderheit, Sozial-Kulturelle Gesellschaft der Deutschen im Oppelner Schlesien\" \/>\n<meta property=\"article:published_time\" content=\"2023-01-25T12:00:31+00:00\" \/>\n<meta property=\"article:modified_time\" content=\"2023-01-25T11:54:19+00:00\" \/>\n<meta name=\"twitter:card\" content=\"summary_large_image\" \/>\n<meta name=\"twitter:image\" content=\"https:\/\/skgd.pl\/wp-content\/uploads\/2023\/01\/prezydent-duda.webp\" \/>\n<meta name=\"twitter:label1\" content=\"Verfasst von\" \/>\n\t<meta name=\"twitter:data1\" content=\"Nikola Przyklenk\" \/>\n\t<meta name=\"twitter:label2\" content=\"Gesch\u00e4tzte Lesezeit\" \/>\n\t<meta name=\"twitter:data2\" content=\"2\u00a0Minuten\" \/>\n<script type=\"application\/ld+json\" class=\"yoast-schema-graph\">{\"@context\":\"https:\/\/schema.org\",\"@graph\":[{\"@type\":\"WebSite\",\"@id\":\"https:\/\/skgd.pl\/#website\",\"url\":\"https:\/\/skgd.pl\/\",\"name\":\"Deutsche Minderheit, Sozial-Kulturelle Gesellschaft der Deutschen im Oppelner Schlesien\",\"description\":\"Deutsche Minderheit in Polen\",\"potentialAction\":[{\"@type\":\"SearchAction\",\"target\":{\"@type\":\"EntryPoint\",\"urlTemplate\":\"https:\/\/skgd.pl\/?s={search_term_string}\"},\"query-input\":\"required name=search_term_string\"}],\"inLanguage\":\"de\"},{\"@type\":\"ImageObject\",\"inLanguage\":\"de\",\"@id\":\"https:\/\/skgd.pl\/spotkanie-noworoczne-prezydenta-rp-bez-udzialu-mniejszosci-niemieckiej\/#primaryimage\",\"url\":\"https:\/\/skgd.pl\/wp-content\/uploads\/2023\/01\/prezydent-duda.webp\",\"contentUrl\":\"https:\/\/skgd.pl\/wp-content\/uploads\/2023\/01\/prezydent-duda.webp\",\"width\":896,\"height\":597},{\"@type\":\"WebPage\",\"@id\":\"https:\/\/skgd.pl\/spotkanie-noworoczne-prezydenta-rp-bez-udzialu-mniejszosci-niemieckiej\/#webpage\",\"url\":\"https:\/\/skgd.pl\/spotkanie-noworoczne-prezydenta-rp-bez-udzialu-mniejszosci-niemieckiej\/\",\"name\":\"Neujahrstreffen des Pr\u00e4sidenten Polens ohne Beteiligung der deutschen Minderheit - Deutsche Minderheit, Sozial-Kulturelle Gesellschaft der Deutschen im Oppelner Schlesien\",\"isPartOf\":{\"@id\":\"https:\/\/skgd.pl\/#website\"},\"primaryImageOfPage\":{\"@id\":\"https:\/\/skgd.pl\/spotkanie-noworoczne-prezydenta-rp-bez-udzialu-mniejszosci-niemieckiej\/#primaryimage\"},\"datePublished\":\"2023-01-25T12:00:31+00:00\",\"dateModified\":\"2023-01-25T11:54:19+00:00\",\"author\":{\"@id\":\"https:\/\/skgd.pl\/#\/schema\/person\/f10b1745c655203cea564eb9ceb1589d\"},\"breadcrumb\":{\"@id\":\"https:\/\/skgd.pl\/spotkanie-noworoczne-prezydenta-rp-bez-udzialu-mniejszosci-niemieckiej\/#breadcrumb\"},\"inLanguage\":\"de\",\"potentialAction\":[{\"@type\":\"ReadAction\",\"target\":[\"https:\/\/skgd.pl\/spotkanie-noworoczne-prezydenta-rp-bez-udzialu-mniejszosci-niemieckiej\/\"]}]},{\"@type\":\"BreadcrumbList\",\"@id\":\"https:\/\/skgd.pl\/spotkanie-noworoczne-prezydenta-rp-bez-udzialu-mniejszosci-niemieckiej\/#breadcrumb\",\"itemListElement\":[{\"@type\":\"ListItem\",\"position\":1,\"name\":\"Strona g\u0142\u00f3wna\",\"item\":\"https:\/\/skgd.pl\/\"},{\"@type\":\"ListItem\",\"position\":2,\"name\":\"Spotkanie noworoczne prezydenta RP bez udzia\u0142u Mniejszo\u015bci Niemieckiej\"}]},{\"@type\":\"Person\",\"@id\":\"https:\/\/skgd.pl\/#\/schema\/person\/f10b1745c655203cea564eb9ceb1589d\",\"name\":\"Nikola Przyklenk\",\"image\":{\"@type\":\"ImageObject\",\"inLanguage\":\"de\",\"@id\":\"https:\/\/skgd.pl\/#\/schema\/person\/image\/\",\"url\":\"https:\/\/secure.gravatar.com\/avatar\/cb51c24efacc9886d2de7795cfdf1b19?s=96&d=mm&r=g\",\"contentUrl\":\"https:\/\/secure.gravatar.com\/avatar\/cb51c24efacc9886d2de7795cfdf1b19?s=96&d=mm&r=g\",\"caption\":\"Nikola Przyklenk\"},\"url\":\"https:\/\/skgd.pl\/de\/author\/nikola-przyklenk\/\"}]}<\/script>\n<!-- \/ Yoast SEO plugin. -->","yoast_head_json":{"title":"Neujahrstreffen des Pr\u00e4sidenten Polens ohne Beteiligung der deutschen Minderheit - Deutsche Minderheit, Sozial-Kulturelle Gesellschaft der Deutschen im Oppelner Schlesien","robots":{"index":"index","follow":"follow","max-snippet":"max-snippet:-1","max-image-preview":"max-image-preview:large","max-video-preview":"max-video-preview:-1"},"canonical":"https:\/\/skgd.pl\/spotkanie-noworoczne-prezydenta-rp-bez-udzialu-mniejszosci-niemieckiej\/","og_locale":"de_DE","og_type":"article","og_title":"Neujahrstreffen des Pr\u00e4sidenten Polens ohne Beteiligung der deutschen Minderheit - Deutsche Minderheit, Sozial-Kulturelle Gesellschaft der Deutschen im Oppelner Schlesien","og_description":"Das j\u00e4hrliche Neujahrstreffen, das vom Pr\u00e4sidenten Polens Andrzej Duda organisiert wird, findet ohne die Teilnahme von Vertretern der deutschen Minderheit statt. Sie sprechen einstimmig: Wir haben unsere Arbeit in der Gemeinsamen Kommission der Regierung und der nationalen und ethnischen Minderheiten unterbrochen, bis die Diskriminierung der deutschen Minderheit in Polen beendet wird. Jedes Jahr organisiert der [&hellip;]","og_url":"https:\/\/skgd.pl\/spotkanie-noworoczne-prezydenta-rp-bez-udzialu-mniejszosci-niemieckiej\/","og_site_name":"Deutsche Minderheit, Sozial-Kulturelle Gesellschaft der Deutschen im Oppelner Schlesien","article_published_time":"2023-01-25T12:00:31+00:00","article_modified_time":"2023-01-25T11:54:19+00:00","twitter_card":"summary_large_image","twitter_image":"https:\/\/skgd.pl\/wp-content\/uploads\/2023\/01\/prezydent-duda.webp","twitter_misc":{"Verfasst von":"Nikola Przyklenk","Gesch\u00e4tzte Lesezeit":"2\u00a0Minuten"},"schema":{"@context":"https:\/\/schema.org","@graph":[{"@type":"WebSite","@id":"https:\/\/skgd.pl\/#website","url":"https:\/\/skgd.pl\/","name":"Deutsche Minderheit, Sozial-Kulturelle Gesellschaft der Deutschen im Oppelner Schlesien","description":"Deutsche Minderheit in Polen","potentialAction":[{"@type":"SearchAction","target":{"@type":"EntryPoint","urlTemplate":"https:\/\/skgd.pl\/?s={search_term_string}"},"query-input":"required name=search_term_string"}],"inLanguage":"de"},{"@type":"ImageObject","inLanguage":"de","@id":"https:\/\/skgd.pl\/spotkanie-noworoczne-prezydenta-rp-bez-udzialu-mniejszosci-niemieckiej\/#primaryimage","url":"https:\/\/skgd.pl\/wp-content\/uploads\/2023\/01\/prezydent-duda.webp","contentUrl":"https:\/\/skgd.pl\/wp-content\/uploads\/2023\/01\/prezydent-duda.webp","width":896,"height":597},{"@type":"WebPage","@id":"https:\/\/skgd.pl\/spotkanie-noworoczne-prezydenta-rp-bez-udzialu-mniejszosci-niemieckiej\/#webpage","url":"https:\/\/skgd.pl\/spotkanie-noworoczne-prezydenta-rp-bez-udzialu-mniejszosci-niemieckiej\/","name":"Neujahrstreffen des Pr\u00e4sidenten Polens ohne Beteiligung der deutschen Minderheit - Deutsche Minderheit, Sozial-Kulturelle Gesellschaft der Deutschen im Oppelner Schlesien","isPartOf":{"@id":"https:\/\/skgd.pl\/#website"},"primaryImageOfPage":{"@id":"https:\/\/skgd.pl\/spotkanie-noworoczne-prezydenta-rp-bez-udzialu-mniejszosci-niemieckiej\/#primaryimage"},"datePublished":"2023-01-25T12:00:31+00:00","dateModified":"2023-01-25T11:54:19+00:00","author":{"@id":"https:\/\/skgd.pl\/#\/schema\/person\/f10b1745c655203cea564eb9ceb1589d"},"breadcrumb":{"@id":"https:\/\/skgd.pl\/spotkanie-noworoczne-prezydenta-rp-bez-udzialu-mniejszosci-niemieckiej\/#breadcrumb"},"inLanguage":"de","potentialAction":[{"@type":"ReadAction","target":["https:\/\/skgd.pl\/spotkanie-noworoczne-prezydenta-rp-bez-udzialu-mniejszosci-niemieckiej\/"]}]},{"@type":"BreadcrumbList","@id":"https:\/\/skgd.pl\/spotkanie-noworoczne-prezydenta-rp-bez-udzialu-mniejszosci-niemieckiej\/#breadcrumb","itemListElement":[{"@type":"ListItem","position":1,"name":"Strona g\u0142\u00f3wna","item":"https:\/\/skgd.pl\/"},{"@type":"ListItem","position":2,"name":"Spotkanie noworoczne prezydenta RP bez udzia\u0142u Mniejszo\u015bci Niemieckiej"}]},{"@type":"Person","@id":"https:\/\/skgd.pl\/#\/schema\/person\/f10b1745c655203cea564eb9ceb1589d","name":"Nikola Przyklenk","image":{"@type":"ImageObject","inLanguage":"de","@id":"https:\/\/skgd.pl\/#\/schema\/person\/image\/","url":"https:\/\/secure.gravatar.com\/avatar\/cb51c24efacc9886d2de7795cfdf1b19?s=96&d=mm&r=g","contentUrl":"https:\/\/secure.gravatar.com\/avatar\/cb51c24efacc9886d2de7795cfdf1b19?s=96&d=mm&r=g","caption":"Nikola Przyklenk"},"url":"https:\/\/skgd.pl\/de\/author\/nikola-przyklenk\/"}]}},"_links":{"self":[{"href":"https:\/\/skgd.pl\/de\/wp-json\/wp\/v2\/posts\/31725","targetHints":{"allow":["GET"]}}],"collection":[{"href":"https:\/\/skgd.pl\/de\/wp-json\/wp\/v2\/posts"}],"about":[{"href":"https:\/\/skgd.pl\/de\/wp-json\/wp\/v2\/types\/post"}],"author":[{"embeddable":true,"href":"https:\/\/skgd.pl\/de\/wp-json\/wp\/v2\/users\/15"}],"replies":[{"embeddable":true,"href":"https:\/\/skgd.pl\/de\/wp-json\/wp\/v2\/comments?post=31725"}],"version-history":[{"count":7,"href":"https:\/\/skgd.pl\/de\/wp-json\/wp\/v2\/posts\/31725\/revisions"}],"predecessor-version":[{"id":31733,"href":"https:\/\/skgd.pl\/de\/wp-json\/wp\/v2\/posts\/31725\/revisions\/31733"}],"wp:featuredmedia":[{"embeddable":true,"href":"https:\/\/skgd.pl\/de\/wp-json\/wp\/v2\/media\/31726"}],"wp:attachment":[{"href":"https:\/\/skgd.pl\/de\/wp-json\/wp\/v2\/media?parent=31725"}],"wp:term":[{"taxonomy":"category","embeddable":true,"href":"https:\/\/skgd.pl\/de\/wp-json\/wp\/v2\/categories?post=31725"},{"taxonomy":"post_tag","embeddable":true,"href":"https:\/\/skgd.pl\/de\/wp-json\/wp\/v2\/tags?post=31725"}],"curies":[{"name":"wp","href":"https:\/\/api.w.org\/{rel}","templated":true}]}}