{"id":31664,"date":"2023-01-13T11:17:50","date_gmt":"2023-01-13T10:17:50","guid":{"rendered":"https:\/\/skgd.pl\/?p=31664"},"modified":"2023-01-13T11:17:50","modified_gmt":"2023-01-13T10:17:50","slug":"etap-gminny-wojewodzkiego-konkursu-jezyka-niemieckiego","status":"publish","type":"post","link":"https:\/\/skgd.pl\/de\/etap-gminny-wojewodzkiego-konkursu-jezyka-niemieckiego\/","title":{"rendered":"Gemeindeebene des Woiwodschaftswettbewerbs der deutschen Sprache"},"content":{"rendered":"<p><span style=\"font-family: Arial, sans-serif;\">Heute \u2013 am 13. Januar 2022 um 9. Uhr hat die Gemeindeebene des Woiwodschaftswettbewerbs der deutschen Sprache f\u00fcr Sch\u00fclerInnen der Grundschulen begonnen. Wir w\u00fcnschen allen Teilnehmern viel Erfolg. Wir sehen uns im Finale, ist doch klar!<\/span><\/p>\n<p>&nbsp;<\/p>\n<p><span style=\"font-family: Arial, sans-serif;\">Wir laden Euch au\u00dferdem noch ein, sich die Bildungsplattform der deutschen Minderheit <a href=\"https:\/\/supereule.pl\/de\/\">Supereule<\/a> anzuschauen, einen Ort, an dem alle Bildungsaktivit\u00e4ten der deutschen Minderheit in Polen zusammengesetzt sind. <span lang=\"de-DE\">Dort finden Sie Informationen zu verschiedenen Projekten, nicht nur f\u00fcr Kinder und Jugendliche, sondern auch f\u00fcr Erwachsene. Die Seite bietet auch Zugang zu Unterrichtsmaterialien, die Deutschlehrerinnen und -lehrer <\/span><span lang=\"de-DE\">im Unterricht gerne <\/span><span lang=\"de-DE\">verwenden k\u00f6nnen.<\/span><\/span><\/p>","protected":false},"excerpt":{"rendered":"<p>Heute \u2013 am 13. Januar 2022 um 9. Uhr hat die Gemeindeebene des Woiwodschaftswettbewerbs der deutschen Sprache f\u00fcr Sch\u00fclerInnen der Grundschulen begonnen. Wir w\u00fcnschen allen Teilnehmern viel Erfolg. Wir sehen uns im Finale, ist doch klar! &nbsp; Wir laden Euch au\u00dferdem noch ein, sich die Bildungsplattform der deutschen Minderheit Supereule anzuschauen, einen Ort, an dem [&hellip;]<\/p>\n","protected":false},"author":15,"featured_media":31665,"comment_status":"closed","ping_status":"open","sticky":false,"template":"","format":"standard","meta":{"footnotes":""},"categories":[1],"tags":[],"class_list":["post-31664","post","type-post","status-publish","format-standard","has-post-thumbnail","hentry","category-aktualnosci"],"yoast_head":"<!-- This site is optimized with the Yoast SEO plugin v18.9 - https:\/\/yoast.com\/wordpress\/plugins\/seo\/ -->\n<title>Gemeindeebene des Woiwodschaftswettbewerbs der deutschen Sprache - Deutsche Minderheit, Sozial-Kulturelle Gesellschaft der Deutschen im Oppelner Schlesien<\/title>\n<meta name=\"robots\" content=\"index, follow, max-snippet:-1, max-image-preview:large, max-video-preview:-1\" \/>\n<link rel=\"canonical\" href=\"https:\/\/skgd.pl\/de\/etap-gminny-wojewodzkiego-konkursu-jezyka-niemieckiego\/\" \/>\n<meta property=\"og:locale\" content=\"de_DE\" \/>\n<meta property=\"og:type\" content=\"article\" \/>\n<meta property=\"og:title\" content=\"Gemeindeebene des Woiwodschaftswettbewerbs der deutschen Sprache - Deutsche Minderheit, Sozial-Kulturelle Gesellschaft der Deutschen im Oppelner Schlesien\" \/>\n<meta property=\"og:description\" content=\"Heute \u2013 am 13. Januar 2022 um 9. Uhr hat die Gemeindeebene des Woiwodschaftswettbewerbs der deutschen Sprache f\u00fcr Sch\u00fclerInnen der Grundschulen begonnen. Wir w\u00fcnschen allen Teilnehmern viel Erfolg. Wir sehen uns im Finale, ist doch klar! &nbsp; Wir laden Euch au\u00dferdem noch ein, sich die Bildungsplattform der deutschen Minderheit Supereule anzuschauen, einen Ort, an dem [&hellip;]\" \/>\n<meta property=\"og:url\" content=\"https:\/\/skgd.pl\/de\/etap-gminny-wojewodzkiego-konkursu-jezyka-niemieckiego\/\" \/>\n<meta property=\"og:site_name\" content=\"Deutsche Minderheit, Sozial-Kulturelle Gesellschaft der Deutschen im Oppelner Schlesien\" \/>\n<meta property=\"article:published_time\" content=\"2023-01-13T10:17:50+00:00\" \/>\n<meta property=\"og:image\" content=\"https:\/\/skgd.pl\/wp-content\/uploads\/2023\/01\/konkurs-jezykowy-13.01.2023.jpg\" \/>\n\t<meta property=\"og:image:width\" content=\"612\" \/>\n\t<meta property=\"og:image:height\" content=\"408\" \/>\n\t<meta property=\"og:image:type\" content=\"image\/jpeg\" \/>\n<meta name=\"twitter:card\" content=\"summary_large_image\" \/>\n<meta name=\"twitter:label1\" content=\"Verfasst von\" \/>\n\t<meta name=\"twitter:data1\" content=\"Nikola Przyklenk\" \/>\n\t<meta name=\"twitter:label2\" content=\"Gesch\u00e4tzte Lesezeit\" \/>\n\t<meta name=\"twitter:data2\" content=\"1\u00a0Minute\" \/>\n<script type=\"application\/ld+json\" class=\"yoast-schema-graph\">{\"@context\":\"https:\/\/schema.org\",\"@graph\":[{\"@type\":\"WebSite\",\"@id\":\"https:\/\/skgd.pl\/#website\",\"url\":\"https:\/\/skgd.pl\/\",\"name\":\"Deutsche Minderheit, Sozial-Kulturelle Gesellschaft der Deutschen im Oppelner Schlesien\",\"description\":\"Deutsche Minderheit in Polen\",\"potentialAction\":[{\"@type\":\"SearchAction\",\"target\":{\"@type\":\"EntryPoint\",\"urlTemplate\":\"https:\/\/skgd.pl\/?s={search_term_string}\"},\"query-input\":\"required name=search_term_string\"}],\"inLanguage\":\"de\"},{\"@type\":\"ImageObject\",\"inLanguage\":\"de\",\"@id\":\"https:\/\/skgd.pl\/de\/etap-gminny-wojewodzkiego-konkursu-jezyka-niemieckiego\/#primaryimage\",\"url\":\"https:\/\/skgd.pl\/wp-content\/uploads\/2023\/01\/konkurs-jezykowy-13.01.2023.jpg\",\"contentUrl\":\"https:\/\/skgd.pl\/wp-content\/uploads\/2023\/01\/konkurs-jezykowy-13.01.2023.jpg\",\"width\":612,\"height\":408,\"caption\":\"Three-quarter front view of male and female teenagers in uniforms sitting at desks and concentrating while writing in composition booklets.\"},{\"@type\":\"WebPage\",\"@id\":\"https:\/\/skgd.pl\/de\/etap-gminny-wojewodzkiego-konkursu-jezyka-niemieckiego\/#webpage\",\"url\":\"https:\/\/skgd.pl\/de\/etap-gminny-wojewodzkiego-konkursu-jezyka-niemieckiego\/\",\"name\":\"Gemeindeebene des Woiwodschaftswettbewerbs der deutschen Sprache - Deutsche Minderheit, Sozial-Kulturelle Gesellschaft der Deutschen im Oppelner Schlesien\",\"isPartOf\":{\"@id\":\"https:\/\/skgd.pl\/#website\"},\"primaryImageOfPage\":{\"@id\":\"https:\/\/skgd.pl\/de\/etap-gminny-wojewodzkiego-konkursu-jezyka-niemieckiego\/#primaryimage\"},\"datePublished\":\"2023-01-13T10:17:50+00:00\",\"dateModified\":\"2023-01-13T10:17:50+00:00\",\"author\":{\"@id\":\"https:\/\/skgd.pl\/#\/schema\/person\/f10b1745c655203cea564eb9ceb1589d\"},\"breadcrumb\":{\"@id\":\"https:\/\/skgd.pl\/de\/etap-gminny-wojewodzkiego-konkursu-jezyka-niemieckiego\/#breadcrumb\"},\"inLanguage\":\"de\",\"potentialAction\":[{\"@type\":\"ReadAction\",\"target\":[\"https:\/\/skgd.pl\/de\/etap-gminny-wojewodzkiego-konkursu-jezyka-niemieckiego\/\"]}]},{\"@type\":\"BreadcrumbList\",\"@id\":\"https:\/\/skgd.pl\/de\/etap-gminny-wojewodzkiego-konkursu-jezyka-niemieckiego\/#breadcrumb\",\"itemListElement\":[{\"@type\":\"ListItem\",\"position\":1,\"name\":\"Strona g\u0142\u00f3wna\",\"item\":\"https:\/\/skgd.pl\/\"},{\"@type\":\"ListItem\",\"position\":2,\"name\":\"Gemeindeebene des Woiwodschaftswettbewerbs der deutschen Sprache\"}]},{\"@type\":\"Person\",\"@id\":\"https:\/\/skgd.pl\/#\/schema\/person\/f10b1745c655203cea564eb9ceb1589d\",\"name\":\"Nikola Przyklenk\",\"image\":{\"@type\":\"ImageObject\",\"inLanguage\":\"de\",\"@id\":\"https:\/\/skgd.pl\/#\/schema\/person\/image\/\",\"url\":\"https:\/\/secure.gravatar.com\/avatar\/cb51c24efacc9886d2de7795cfdf1b19?s=96&d=mm&r=g\",\"contentUrl\":\"https:\/\/secure.gravatar.com\/avatar\/cb51c24efacc9886d2de7795cfdf1b19?s=96&d=mm&r=g\",\"caption\":\"Nikola Przyklenk\"},\"url\":\"https:\/\/skgd.pl\/de\/author\/nikola-przyklenk\/\"}]}<\/script>\n<!-- \/ Yoast SEO plugin. -->","yoast_head_json":{"title":"Gemeindeebene des Woiwodschaftswettbewerbs der deutschen Sprache - Deutsche Minderheit, Sozial-Kulturelle Gesellschaft der Deutschen im Oppelner Schlesien","robots":{"index":"index","follow":"follow","max-snippet":"max-snippet:-1","max-image-preview":"max-image-preview:large","max-video-preview":"max-video-preview:-1"},"canonical":"https:\/\/skgd.pl\/de\/etap-gminny-wojewodzkiego-konkursu-jezyka-niemieckiego\/","og_locale":"de_DE","og_type":"article","og_title":"Gemeindeebene des Woiwodschaftswettbewerbs der deutschen Sprache - Deutsche Minderheit, Sozial-Kulturelle Gesellschaft der Deutschen im Oppelner Schlesien","og_description":"Heute \u2013 am 13. Januar 2022 um 9. Uhr hat die Gemeindeebene des Woiwodschaftswettbewerbs der deutschen Sprache f\u00fcr Sch\u00fclerInnen der Grundschulen begonnen. Wir w\u00fcnschen allen Teilnehmern viel Erfolg. Wir sehen uns im Finale, ist doch klar! &nbsp; Wir laden Euch au\u00dferdem noch ein, sich die Bildungsplattform der deutschen Minderheit Supereule anzuschauen, einen Ort, an dem [&hellip;]","og_url":"https:\/\/skgd.pl\/de\/etap-gminny-wojewodzkiego-konkursu-jezyka-niemieckiego\/","og_site_name":"Deutsche Minderheit, Sozial-Kulturelle Gesellschaft der Deutschen im Oppelner Schlesien","article_published_time":"2023-01-13T10:17:50+00:00","og_image":[{"width":612,"height":408,"url":"https:\/\/skgd.pl\/wp-content\/uploads\/2023\/01\/konkurs-jezykowy-13.01.2023.jpg","type":"image\/jpeg"}],"twitter_card":"summary_large_image","twitter_misc":{"Verfasst von":"Nikola Przyklenk","Gesch\u00e4tzte Lesezeit":"1\u00a0Minute"},"schema":{"@context":"https:\/\/schema.org","@graph":[{"@type":"WebSite","@id":"https:\/\/skgd.pl\/#website","url":"https:\/\/skgd.pl\/","name":"Deutsche Minderheit, Sozial-Kulturelle Gesellschaft der Deutschen im Oppelner Schlesien","description":"Deutsche Minderheit in Polen","potentialAction":[{"@type":"SearchAction","target":{"@type":"EntryPoint","urlTemplate":"https:\/\/skgd.pl\/?s={search_term_string}"},"query-input":"required name=search_term_string"}],"inLanguage":"de"},{"@type":"ImageObject","inLanguage":"de","@id":"https:\/\/skgd.pl\/de\/etap-gminny-wojewodzkiego-konkursu-jezyka-niemieckiego\/#primaryimage","url":"https:\/\/skgd.pl\/wp-content\/uploads\/2023\/01\/konkurs-jezykowy-13.01.2023.jpg","contentUrl":"https:\/\/skgd.pl\/wp-content\/uploads\/2023\/01\/konkurs-jezykowy-13.01.2023.jpg","width":612,"height":408,"caption":"Three-quarter front view of male and female teenagers in uniforms sitting at desks and concentrating while writing in composition booklets."},{"@type":"WebPage","@id":"https:\/\/skgd.pl\/de\/etap-gminny-wojewodzkiego-konkursu-jezyka-niemieckiego\/#webpage","url":"https:\/\/skgd.pl\/de\/etap-gminny-wojewodzkiego-konkursu-jezyka-niemieckiego\/","name":"Gemeindeebene des Woiwodschaftswettbewerbs der deutschen Sprache - Deutsche Minderheit, Sozial-Kulturelle Gesellschaft der Deutschen im Oppelner Schlesien","isPartOf":{"@id":"https:\/\/skgd.pl\/#website"},"primaryImageOfPage":{"@id":"https:\/\/skgd.pl\/de\/etap-gminny-wojewodzkiego-konkursu-jezyka-niemieckiego\/#primaryimage"},"datePublished":"2023-01-13T10:17:50+00:00","dateModified":"2023-01-13T10:17:50+00:00","author":{"@id":"https:\/\/skgd.pl\/#\/schema\/person\/f10b1745c655203cea564eb9ceb1589d"},"breadcrumb":{"@id":"https:\/\/skgd.pl\/de\/etap-gminny-wojewodzkiego-konkursu-jezyka-niemieckiego\/#breadcrumb"},"inLanguage":"de","potentialAction":[{"@type":"ReadAction","target":["https:\/\/skgd.pl\/de\/etap-gminny-wojewodzkiego-konkursu-jezyka-niemieckiego\/"]}]},{"@type":"BreadcrumbList","@id":"https:\/\/skgd.pl\/de\/etap-gminny-wojewodzkiego-konkursu-jezyka-niemieckiego\/#breadcrumb","itemListElement":[{"@type":"ListItem","position":1,"name":"Strona g\u0142\u00f3wna","item":"https:\/\/skgd.pl\/"},{"@type":"ListItem","position":2,"name":"Gemeindeebene des Woiwodschaftswettbewerbs der deutschen Sprache"}]},{"@type":"Person","@id":"https:\/\/skgd.pl\/#\/schema\/person\/f10b1745c655203cea564eb9ceb1589d","name":"Nikola Przyklenk","image":{"@type":"ImageObject","inLanguage":"de","@id":"https:\/\/skgd.pl\/#\/schema\/person\/image\/","url":"https:\/\/secure.gravatar.com\/avatar\/cb51c24efacc9886d2de7795cfdf1b19?s=96&d=mm&r=g","contentUrl":"https:\/\/secure.gravatar.com\/avatar\/cb51c24efacc9886d2de7795cfdf1b19?s=96&d=mm&r=g","caption":"Nikola Przyklenk"},"url":"https:\/\/skgd.pl\/de\/author\/nikola-przyklenk\/"}]}},"_links":{"self":[{"href":"https:\/\/skgd.pl\/de\/wp-json\/wp\/v2\/posts\/31664","targetHints":{"allow":["GET"]}}],"collection":[{"href":"https:\/\/skgd.pl\/de\/wp-json\/wp\/v2\/posts"}],"about":[{"href":"https:\/\/skgd.pl\/de\/wp-json\/wp\/v2\/types\/post"}],"author":[{"embeddable":true,"href":"https:\/\/skgd.pl\/de\/wp-json\/wp\/v2\/users\/15"}],"replies":[{"embeddable":true,"href":"https:\/\/skgd.pl\/de\/wp-json\/wp\/v2\/comments?post=31664"}],"version-history":[{"count":2,"href":"https:\/\/skgd.pl\/de\/wp-json\/wp\/v2\/posts\/31664\/revisions"}],"predecessor-version":[{"id":31667,"href":"https:\/\/skgd.pl\/de\/wp-json\/wp\/v2\/posts\/31664\/revisions\/31667"}],"wp:featuredmedia":[{"embeddable":true,"href":"https:\/\/skgd.pl\/de\/wp-json\/wp\/v2\/media\/31665"}],"wp:attachment":[{"href":"https:\/\/skgd.pl\/de\/wp-json\/wp\/v2\/media?parent=31664"}],"wp:term":[{"taxonomy":"category","embeddable":true,"href":"https:\/\/skgd.pl\/de\/wp-json\/wp\/v2\/categories?post=31664"},{"taxonomy":"post_tag","embeddable":true,"href":"https:\/\/skgd.pl\/de\/wp-json\/wp\/v2\/tags?post=31664"}],"curies":[{"name":"wp","href":"https:\/\/api.w.org\/{rel}","templated":true}]}}