{"id":31659,"date":"2023-01-15T15:00:11","date_gmt":"2023-01-15T14:00:11","guid":{"rendered":"https:\/\/skgd.pl\/?p=31659"},"modified":"2023-01-15T10:11:53","modified_gmt":"2023-01-15T09:11:53","slug":"obchody-tragedii-gornoslaskiej-w-lambinowicach","status":"publish","type":"post","link":"https:\/\/skgd.pl\/de\/obchody-tragedii-gornoslaskiej-w-lambinowicach\/","title":{"rendered":"Feierlichkeiten der Oberschlesischen Trag\u00f6die in Lamsdorf"},"content":{"rendered":"<p><\/p>\n<p class=\"western\"><span style=\"font-family: Arial, sans-serif;\">So wie in den Jahren zuvor, so auch in diesem Jahr m\u00f6chte der Vorsitzende des Verbandes der deutschen sozial-kulturellen Gesellschaften Herr Rafa\u0142 Bartek Sie&nbsp;<\/span><span style=\"font-family: Arial, sans-serif;\">am<\/span><strong><span style=\"font-family: Arial, sans-serif;\"> 29.01.2023<\/span><\/strong><span style=\"font-family: Arial, sans-serif;\">&nbsp;<\/span><span style=\"font-family: Arial, sans-serif;\">zu der Gedenkveranstaltung <\/span><span style=\"font-family: Arial, sans-serif;\">zu ehren der Opfer der sog. Oberschlesischen Trag\u00f6die, einladen.&nbsp;<\/span><span style=\"font-family: Arial, sans-serif;\">In diesem Jahr finden die Feierlichkeiten bereits zum zw\u00f6lften Mal statt.<\/span><\/p>\n<p class=\"western\"><span style=\"font-family: Arial, sans-serif;\">Programm:<\/span><\/p>\n<p class=\"western\"><span style=\"font-family: Arial, sans-serif;\">15.00 Uhr &#8211; Andacht in der St. Maria Magdalena Kirche in Lamsdorf<\/span><\/p>\n<p class=\"western\"><span style=\"font-family: Arial, sans-serif;\">15.45 Uhr &#8211; Fahrt zum Friedhof des Arbeitslagers<\/span><\/p>\n<p class=\"western\"><span style=\"font-family: Arial, sans-serif;\">16.00 Uhr &#8211; Kranzniederlegung<\/span><\/p>\n<p class=\"western\"><span style=\"font-family: Arial, sans-serif;\">17.00 Uhr &#8211; Vortrag von Dr. Renata Kobylarz-Bu\u0142a \u00fcber das Arbeitslager in Lamsdorf<\/span><\/p>\n<p class=\"western\">&nbsp;<\/p>\n<p class=\"western\"><span style=\"font-family: Arial, sans-serif;\">Ort:<br \/>\nDorfsaal in Bielitz<br \/>\nBielitz 109<br \/>\n48-316 Lamsdorf<\/span><\/p>\n<p>&nbsp;<\/p>\n<p class=\"western\"><strong><span style=\"font-family: Arial, sans-serif;\">Der Verband der deutschen Gesellschaften stellt einen Bus nach Lamsdorf zur Verf\u00fcgung.<\/span><\/strong><\/p>\n<p class=\"western\"><strong><span style=\"font-family: Arial, sans-serif;\">Anmeldung unter Tele<span lang=\"de-DE\">fonnummer:<\/span> 77\/454 78 78, 77\/453 85 07<\/span><\/strong><\/p>\n<p>&nbsp;<\/p>\n<p>Veranstalter: Verband der deutschen sozial-kulturellen Gesellschaften in Polen<br \/>\nFinanziert durch: <span lang=\"de-DE\">Konsulat der Bundesrepublik Deutschland in Oppeln <\/span><\/p>","protected":false},"excerpt":{"rendered":"<p>So wie in den Jahren zuvor, so auch in diesem Jahr m\u00f6chte der Vorsitzende des Verbandes der deutschen sozial-kulturellen Gesellschaften Herr Rafa\u0142 Bartek Sie&nbsp;am 29.01.2023&nbsp;zu der Gedenkveranstaltung zu ehren der Opfer der sog. Oberschlesischen Trag\u00f6die, einladen.&nbsp;In diesem Jahr finden die Feierlichkeiten bereits zum zw\u00f6lften Mal statt. Programm: 15.00 Uhr &#8211; Andacht in der St. Maria [&hellip;]<\/p>\n","protected":false},"author":15,"featured_media":31661,"comment_status":"closed","ping_status":"open","sticky":false,"template":"","format":"standard","meta":{"footnotes":""},"categories":[1],"tags":[],"class_list":["post-31659","post","type-post","status-publish","format-standard","has-post-thumbnail","hentry","category-aktualnosci"],"yoast_head":"<!-- This site is optimized with the Yoast SEO plugin v18.9 - https:\/\/yoast.com\/wordpress\/plugins\/seo\/ -->\n<title>Feierlichkeiten der Oberschlesischen Trag\u00f6die in Lamsdorf - Deutsche Minderheit, Sozial-Kulturelle Gesellschaft der Deutschen im Oppelner Schlesien<\/title>\n<meta name=\"robots\" content=\"index, follow, max-snippet:-1, max-image-preview:large, max-video-preview:-1\" \/>\n<link rel=\"canonical\" href=\"https:\/\/skgd.pl\/obchody-tragedii-gornoslaskiej-w-lambinowicach\/\" \/>\n<meta property=\"og:locale\" content=\"de_DE\" \/>\n<meta property=\"og:type\" content=\"article\" \/>\n<meta property=\"og:title\" content=\"Feierlichkeiten der Oberschlesischen Trag\u00f6die in Lamsdorf - Deutsche Minderheit, Sozial-Kulturelle Gesellschaft der Deutschen im Oppelner Schlesien\" \/>\n<meta property=\"og:description\" content=\"So wie in den Jahren zuvor, so auch in diesem Jahr m\u00f6chte der Vorsitzende des Verbandes der deutschen sozial-kulturellen Gesellschaften Herr Rafa\u0142 Bartek Sie&nbsp;am 29.01.2023&nbsp;zu der Gedenkveranstaltung zu ehren der Opfer der sog. Oberschlesischen Trag\u00f6die, einladen.&nbsp;In diesem Jahr finden die Feierlichkeiten bereits zum zw\u00f6lften Mal statt. Programm: 15.00 Uhr &#8211; Andacht in der St. Maria [&hellip;]\" \/>\n<meta property=\"og:url\" content=\"https:\/\/skgd.pl\/obchody-tragedii-gornoslaskiej-w-lambinowicach\/\" \/>\n<meta property=\"og:site_name\" content=\"Deutsche Minderheit, Sozial-Kulturelle Gesellschaft der Deutschen im Oppelner Schlesien\" \/>\n<meta property=\"article:published_time\" content=\"2023-01-15T14:00:11+00:00\" \/>\n<meta property=\"article:modified_time\" content=\"2023-01-15T09:11:53+00:00\" \/>\n<meta property=\"og:image\" content=\"https:\/\/skgd.pl\/wp-content\/uploads\/2023\/01\/obchody-lambinowice.jpg\" \/>\n\t<meta property=\"og:image:width\" content=\"752\" \/>\n\t<meta property=\"og:image:height\" content=\"500\" \/>\n\t<meta property=\"og:image:type\" content=\"image\/jpeg\" \/>\n<meta name=\"twitter:card\" content=\"summary_large_image\" \/>\n<meta name=\"twitter:label1\" content=\"Verfasst von\" \/>\n\t<meta name=\"twitter:data1\" content=\"Nikola Przyklenk\" \/>\n\t<meta name=\"twitter:label2\" content=\"Gesch\u00e4tzte Lesezeit\" \/>\n\t<meta name=\"twitter:data2\" content=\"1\u00a0Minute\" \/>\n<script type=\"application\/ld+json\" class=\"yoast-schema-graph\">{\"@context\":\"https:\/\/schema.org\",\"@graph\":[{\"@type\":\"WebSite\",\"@id\":\"https:\/\/skgd.pl\/#website\",\"url\":\"https:\/\/skgd.pl\/\",\"name\":\"Deutsche Minderheit, Sozial-Kulturelle Gesellschaft der Deutschen im Oppelner Schlesien\",\"description\":\"Deutsche Minderheit in Polen\",\"potentialAction\":[{\"@type\":\"SearchAction\",\"target\":{\"@type\":\"EntryPoint\",\"urlTemplate\":\"https:\/\/skgd.pl\/?s={search_term_string}\"},\"query-input\":\"required name=search_term_string\"}],\"inLanguage\":\"de\"},{\"@type\":\"ImageObject\",\"inLanguage\":\"de\",\"@id\":\"https:\/\/skgd.pl\/obchody-tragedii-gornoslaskiej-w-lambinowicach\/#primaryimage\",\"url\":\"https:\/\/skgd.pl\/wp-content\/uploads\/2023\/01\/obchody-lambinowice.jpg\",\"contentUrl\":\"https:\/\/skgd.pl\/wp-content\/uploads\/2023\/01\/obchody-lambinowice.jpg\",\"width\":752,\"height\":500},{\"@type\":\"WebPage\",\"@id\":\"https:\/\/skgd.pl\/obchody-tragedii-gornoslaskiej-w-lambinowicach\/#webpage\",\"url\":\"https:\/\/skgd.pl\/obchody-tragedii-gornoslaskiej-w-lambinowicach\/\",\"name\":\"Feierlichkeiten der Oberschlesischen Trag\u00f6die in Lamsdorf - Deutsche Minderheit, Sozial-Kulturelle Gesellschaft der Deutschen im Oppelner Schlesien\",\"isPartOf\":{\"@id\":\"https:\/\/skgd.pl\/#website\"},\"primaryImageOfPage\":{\"@id\":\"https:\/\/skgd.pl\/obchody-tragedii-gornoslaskiej-w-lambinowicach\/#primaryimage\"},\"datePublished\":\"2023-01-15T14:00:11+00:00\",\"dateModified\":\"2023-01-15T09:11:53+00:00\",\"author\":{\"@id\":\"https:\/\/skgd.pl\/#\/schema\/person\/f10b1745c655203cea564eb9ceb1589d\"},\"breadcrumb\":{\"@id\":\"https:\/\/skgd.pl\/obchody-tragedii-gornoslaskiej-w-lambinowicach\/#breadcrumb\"},\"inLanguage\":\"de\",\"potentialAction\":[{\"@type\":\"ReadAction\",\"target\":[\"https:\/\/skgd.pl\/obchody-tragedii-gornoslaskiej-w-lambinowicach\/\"]}]},{\"@type\":\"BreadcrumbList\",\"@id\":\"https:\/\/skgd.pl\/obchody-tragedii-gornoslaskiej-w-lambinowicach\/#breadcrumb\",\"itemListElement\":[{\"@type\":\"ListItem\",\"position\":1,\"name\":\"Strona g\u0142\u00f3wna\",\"item\":\"https:\/\/skgd.pl\/\"},{\"@type\":\"ListItem\",\"position\":2,\"name\":\"Obchody Tragedii G\u00f3rno\u015bl\u0105skiej w\u00a0\u0141ambinowicach\"}]},{\"@type\":\"Person\",\"@id\":\"https:\/\/skgd.pl\/#\/schema\/person\/f10b1745c655203cea564eb9ceb1589d\",\"name\":\"Nikola Przyklenk\",\"image\":{\"@type\":\"ImageObject\",\"inLanguage\":\"de\",\"@id\":\"https:\/\/skgd.pl\/#\/schema\/person\/image\/\",\"url\":\"https:\/\/secure.gravatar.com\/avatar\/cb51c24efacc9886d2de7795cfdf1b19?s=96&d=mm&r=g\",\"contentUrl\":\"https:\/\/secure.gravatar.com\/avatar\/cb51c24efacc9886d2de7795cfdf1b19?s=96&d=mm&r=g\",\"caption\":\"Nikola Przyklenk\"},\"url\":\"https:\/\/skgd.pl\/de\/author\/nikola-przyklenk\/\"}]}<\/script>\n<!-- \/ Yoast SEO plugin. -->","yoast_head_json":{"title":"Feierlichkeiten der Oberschlesischen Trag\u00f6die in Lamsdorf - Deutsche Minderheit, Sozial-Kulturelle Gesellschaft der Deutschen im Oppelner Schlesien","robots":{"index":"index","follow":"follow","max-snippet":"max-snippet:-1","max-image-preview":"max-image-preview:large","max-video-preview":"max-video-preview:-1"},"canonical":"https:\/\/skgd.pl\/obchody-tragedii-gornoslaskiej-w-lambinowicach\/","og_locale":"de_DE","og_type":"article","og_title":"Feierlichkeiten der Oberschlesischen Trag\u00f6die in Lamsdorf - Deutsche Minderheit, Sozial-Kulturelle Gesellschaft der Deutschen im Oppelner Schlesien","og_description":"So wie in den Jahren zuvor, so auch in diesem Jahr m\u00f6chte der Vorsitzende des Verbandes der deutschen sozial-kulturellen Gesellschaften Herr Rafa\u0142 Bartek Sie&nbsp;am 29.01.2023&nbsp;zu der Gedenkveranstaltung zu ehren der Opfer der sog. Oberschlesischen Trag\u00f6die, einladen.&nbsp;In diesem Jahr finden die Feierlichkeiten bereits zum zw\u00f6lften Mal statt. Programm: 15.00 Uhr &#8211; Andacht in der St. Maria [&hellip;]","og_url":"https:\/\/skgd.pl\/obchody-tragedii-gornoslaskiej-w-lambinowicach\/","og_site_name":"Deutsche Minderheit, Sozial-Kulturelle Gesellschaft der Deutschen im Oppelner Schlesien","article_published_time":"2023-01-15T14:00:11+00:00","article_modified_time":"2023-01-15T09:11:53+00:00","og_image":[{"width":752,"height":500,"url":"https:\/\/skgd.pl\/wp-content\/uploads\/2023\/01\/obchody-lambinowice.jpg","type":"image\/jpeg"}],"twitter_card":"summary_large_image","twitter_misc":{"Verfasst von":"Nikola Przyklenk","Gesch\u00e4tzte Lesezeit":"1\u00a0Minute"},"schema":{"@context":"https:\/\/schema.org","@graph":[{"@type":"WebSite","@id":"https:\/\/skgd.pl\/#website","url":"https:\/\/skgd.pl\/","name":"Deutsche Minderheit, Sozial-Kulturelle Gesellschaft der Deutschen im Oppelner Schlesien","description":"Deutsche Minderheit in Polen","potentialAction":[{"@type":"SearchAction","target":{"@type":"EntryPoint","urlTemplate":"https:\/\/skgd.pl\/?s={search_term_string}"},"query-input":"required name=search_term_string"}],"inLanguage":"de"},{"@type":"ImageObject","inLanguage":"de","@id":"https:\/\/skgd.pl\/obchody-tragedii-gornoslaskiej-w-lambinowicach\/#primaryimage","url":"https:\/\/skgd.pl\/wp-content\/uploads\/2023\/01\/obchody-lambinowice.jpg","contentUrl":"https:\/\/skgd.pl\/wp-content\/uploads\/2023\/01\/obchody-lambinowice.jpg","width":752,"height":500},{"@type":"WebPage","@id":"https:\/\/skgd.pl\/obchody-tragedii-gornoslaskiej-w-lambinowicach\/#webpage","url":"https:\/\/skgd.pl\/obchody-tragedii-gornoslaskiej-w-lambinowicach\/","name":"Feierlichkeiten der Oberschlesischen Trag\u00f6die in Lamsdorf - Deutsche Minderheit, Sozial-Kulturelle Gesellschaft der Deutschen im Oppelner Schlesien","isPartOf":{"@id":"https:\/\/skgd.pl\/#website"},"primaryImageOfPage":{"@id":"https:\/\/skgd.pl\/obchody-tragedii-gornoslaskiej-w-lambinowicach\/#primaryimage"},"datePublished":"2023-01-15T14:00:11+00:00","dateModified":"2023-01-15T09:11:53+00:00","author":{"@id":"https:\/\/skgd.pl\/#\/schema\/person\/f10b1745c655203cea564eb9ceb1589d"},"breadcrumb":{"@id":"https:\/\/skgd.pl\/obchody-tragedii-gornoslaskiej-w-lambinowicach\/#breadcrumb"},"inLanguage":"de","potentialAction":[{"@type":"ReadAction","target":["https:\/\/skgd.pl\/obchody-tragedii-gornoslaskiej-w-lambinowicach\/"]}]},{"@type":"BreadcrumbList","@id":"https:\/\/skgd.pl\/obchody-tragedii-gornoslaskiej-w-lambinowicach\/#breadcrumb","itemListElement":[{"@type":"ListItem","position":1,"name":"Strona g\u0142\u00f3wna","item":"https:\/\/skgd.pl\/"},{"@type":"ListItem","position":2,"name":"Obchody Tragedii G\u00f3rno\u015bl\u0105skiej w\u00a0\u0141ambinowicach"}]},{"@type":"Person","@id":"https:\/\/skgd.pl\/#\/schema\/person\/f10b1745c655203cea564eb9ceb1589d","name":"Nikola Przyklenk","image":{"@type":"ImageObject","inLanguage":"de","@id":"https:\/\/skgd.pl\/#\/schema\/person\/image\/","url":"https:\/\/secure.gravatar.com\/avatar\/cb51c24efacc9886d2de7795cfdf1b19?s=96&d=mm&r=g","contentUrl":"https:\/\/secure.gravatar.com\/avatar\/cb51c24efacc9886d2de7795cfdf1b19?s=96&d=mm&r=g","caption":"Nikola Przyklenk"},"url":"https:\/\/skgd.pl\/de\/author\/nikola-przyklenk\/"}]}},"_links":{"self":[{"href":"https:\/\/skgd.pl\/de\/wp-json\/wp\/v2\/posts\/31659","targetHints":{"allow":["GET"]}}],"collection":[{"href":"https:\/\/skgd.pl\/de\/wp-json\/wp\/v2\/posts"}],"about":[{"href":"https:\/\/skgd.pl\/de\/wp-json\/wp\/v2\/types\/post"}],"author":[{"embeddable":true,"href":"https:\/\/skgd.pl\/de\/wp-json\/wp\/v2\/users\/15"}],"replies":[{"embeddable":true,"href":"https:\/\/skgd.pl\/de\/wp-json\/wp\/v2\/comments?post=31659"}],"version-history":[{"count":4,"href":"https:\/\/skgd.pl\/de\/wp-json\/wp\/v2\/posts\/31659\/revisions"}],"predecessor-version":[{"id":31668,"href":"https:\/\/skgd.pl\/de\/wp-json\/wp\/v2\/posts\/31659\/revisions\/31668"}],"wp:featuredmedia":[{"embeddable":true,"href":"https:\/\/skgd.pl\/de\/wp-json\/wp\/v2\/media\/31661"}],"wp:attachment":[{"href":"https:\/\/skgd.pl\/de\/wp-json\/wp\/v2\/media?parent=31659"}],"wp:term":[{"taxonomy":"category","embeddable":true,"href":"https:\/\/skgd.pl\/de\/wp-json\/wp\/v2\/categories?post=31659"},{"taxonomy":"post_tag","embeddable":true,"href":"https:\/\/skgd.pl\/de\/wp-json\/wp\/v2\/tags?post=31659"}],"curies":[{"name":"wp","href":"https:\/\/api.w.org\/{rel}","templated":true}]}}