{"id":26353,"date":"2021-05-16T14:30:11","date_gmt":"2021-05-16T12:30:11","guid":{"rendered":"https:\/\/skgd.pl\/?p=26353"},"modified":"2021-05-20T15:24:44","modified_gmt":"2021-05-20T13:24:44","slug":"slaskie-i-niemieckie-ludowe-tance-dzieciece-warsztaty-2","status":"publish","type":"post","link":"https:\/\/skgd.pl\/de\/slaskie-i-niemieckie-ludowe-tance-dzieciece-warsztaty-2\/","title":{"rendered":"Schlesiche und deutsche Kindervolkst\u00e4nze \u2013 WORKSHOPS"},"content":{"rendered":"<p><\/p>\n<p style=\"text-align: justify;\">Die Sozial-Kulturelle Gesellschaft der Deutschen in Oppelner Schlesien organisiert die Rekrutierung zu einer Reihe von Treffen, die die Verbesserung der F\u00e4higkeiten der Arbeit mit Kindern mit den Elementen der musikalischen Spiele und T\u00e4nze erm\u00f6glichen.<\/p>\n<p style=\"text-align: justify;\">Eingeladen sind insbesondere Kindergarten- und Schulp\u00e4dagogen, Kulturanimateure, Aktivisten der deutschen Minderheit und andere, die an der Verbesserung der F\u00e4higkeiten der Arbeit mit Kindern in Verbindung mit regionaler Bildung interessiert sind.<\/p>\n<p style=\"text-align: justify;\">Im Programm: Einf\u00fchrung regionaler Elemente in die Arbeit mit Kindern und die Grundlagen der schlesischen und deutschen Volkst\u00e4nze. Die Teilnehmer lernen auch, wo es Raum f\u00fcr Kreativit\u00e4t und Individualit\u00e4t in dieser Musik gibt und wie man sie im p\u00e4dagogischen Prozess einsetzen kann.<\/p>\n<p style=\"text-align: justify;\">Unser Ziel ist es, gemeinsam mit Erwachsenen den Kindern den kulturellen Reichtum der Region, in der sie leben, bestm\u00f6glich zu vermitteln und ihr Identit\u00e4tsgef\u00fchl zu st\u00e4rken. Wir hoffen, in den Kindern eine gr\u00f6\u00dfere Offenheit f\u00fcr die Welt und Bereitschaft zur Zusammenarbeit in einer Gruppe. Wir hoffen auch, dass die Treffen eine Gelegenheit zum Erfahrungsaustausch unter den Teilnehmern sind.&nbsp;<\/p>\n<p style=\"text-align: justify;\">Der erste Workshop besch\u00e4ftigt sich mit der Methodik der Arbeit mit Kindern auf der Basis von Volksmusik. Der Hauptleiter wird: <strong>Iga Fedak<\/strong> &#8211; Ethnologin, Ethnomusikologin, Volkstanzlehrerin. Im Rahmen eines Aufbaustudiums unterrichtet sie traditionelle T\u00e4nze an der Musiksakademie in Kattowitz. Sie wird begleitet von <strong>Kuba<\/strong> <strong>Fedak<\/strong> &#8211; Musiker, Multiinstrumentalist, P\u00e4dagoge, Komponist.<\/p>\n<h4 style=\"text-align: justify;\"><strong>Der erste Workshop findet am 05.06.2021 von 10:00-18:00 Uhr im Kulturzentrum in Oberglogau statt. <\/strong><\/h4>\n<p style=\"text-align: justify;\"><strong>Bewerbungen m\u00fcssen \u00fcber das Online-Formular&nbsp; <a href=\"https:\/\/forms.gle\/wcQJBpdJ1EJFUcQk9\">https:\/\/forms.gle\/wcQJBpdJ1EJFUcQk9<\/a> oder durch Ausf\u00fcllen eines herk\u00f6mmlichen Fragebogens und Zusendung per Post erfolgen.<\/strong><\/p>\n<h4 style=\"text-align: justify;\"><strong>Die Frist f\u00fcr die Einsendung von Bewerbungen ist der 31.05.2021<\/strong><\/h4>\n<p style=\"text-align: justify;\">Die Teilnahme an allen Workshops ist kostenlos.<\/p>\n<p style=\"text-align: justify;\">Die Registrierung beinhaltet nur das erste Treffen. Die Termine der folgenden Sitzungen werden der \u00d6ffentlichkeit bekannt gegeben.<\/p>\n<p style=\"text-align: justify;\"><u>Bitte beachten Sie, dass die Anzahl der Pl\u00e4tze begrenzt ist!<\/u><\/p>\n<p style=\"text-align: justify;\"><strong>Wir laden Sie herzlich ein!<\/strong><\/p>\n<p><\/p>","protected":false},"excerpt":{"rendered":"<p>Die Sozial-Kulturelle Gesellschaft der Deutschen in Oppelner Schlesien organisiert die Rekrutierung zu einer Reihe von Treffen, die die Verbesserung der F\u00e4higkeiten der Arbeit mit Kindern mit den Elementen der musikalischen Spiele und T\u00e4nze erm\u00f6glichen. Eingeladen sind insbesondere Kindergarten- und Schulp\u00e4dagogen, Kulturanimateure, Aktivisten der deutschen Minderheit und andere, die an der Verbesserung der F\u00e4higkeiten der Arbeit [&hellip;]<\/p>\n","protected":false},"author":7,"featured_media":26354,"comment_status":"closed","ping_status":"open","sticky":false,"template":"","format":"standard","meta":{"footnotes":""},"categories":[1],"tags":[],"class_list":["post-26353","post","type-post","status-publish","format-standard","has-post-thumbnail","hentry","category-aktualnosci"],"yoast_head":"<!-- This site is optimized with the Yoast SEO plugin v18.9 - https:\/\/yoast.com\/wordpress\/plugins\/seo\/ -->\n<title>Schlesiche und deutsche Kindervolkst\u00e4nze \u2013 WORKSHOPS - Deutsche Minderheit, Sozial-Kulturelle Gesellschaft der Deutschen im Oppelner Schlesien<\/title>\n<meta name=\"robots\" content=\"index, follow, max-snippet:-1, max-image-preview:large, max-video-preview:-1\" \/>\n<link rel=\"canonical\" href=\"https:\/\/skgd.pl\/de\/slaskie-i-niemieckie-ludowe-tance-dzieciece-warsztaty-2\/\" \/>\n<meta property=\"og:locale\" content=\"de_DE\" \/>\n<meta property=\"og:type\" content=\"article\" \/>\n<meta property=\"og:title\" content=\"Schlesiche und deutsche Kindervolkst\u00e4nze \u2013 WORKSHOPS - Deutsche Minderheit, Sozial-Kulturelle Gesellschaft der Deutschen im Oppelner Schlesien\" \/>\n<meta property=\"og:description\" content=\"Die Sozial-Kulturelle Gesellschaft der Deutschen in Oppelner Schlesien organisiert die Rekrutierung zu einer Reihe von Treffen, die die Verbesserung der F\u00e4higkeiten der Arbeit mit Kindern mit den Elementen der musikalischen Spiele und T\u00e4nze erm\u00f6glichen. Eingeladen sind insbesondere Kindergarten- und Schulp\u00e4dagogen, Kulturanimateure, Aktivisten der deutschen Minderheit und andere, die an der Verbesserung der F\u00e4higkeiten der Arbeit [&hellip;]\" \/>\n<meta property=\"og:url\" content=\"https:\/\/skgd.pl\/de\/slaskie-i-niemieckie-ludowe-tance-dzieciece-warsztaty-2\/\" \/>\n<meta property=\"og:site_name\" content=\"Deutsche Minderheit, Sozial-Kulturelle Gesellschaft der Deutschen im Oppelner Schlesien\" \/>\n<meta property=\"article:published_time\" content=\"2021-05-16T12:30:11+00:00\" \/>\n<meta property=\"article:modified_time\" content=\"2021-05-20T13:24:44+00:00\" \/>\n<meta property=\"og:image\" content=\"https:\/\/skgd.pl\/wp-content\/uploads\/2021\/05\/plakat-724x1024.png\" \/>\n\t<meta property=\"og:image:width\" content=\"724\" \/>\n\t<meta property=\"og:image:height\" content=\"1024\" \/>\n\t<meta property=\"og:image:type\" content=\"image\/png\" \/>\n<meta name=\"twitter:card\" content=\"summary_large_image\" \/>\n<meta name=\"twitter:label1\" content=\"Verfasst von\" \/>\n\t<meta name=\"twitter:data1\" content=\"Zuzanna Herud\" \/>\n\t<meta name=\"twitter:label2\" content=\"Gesch\u00e4tzte Lesezeit\" \/>\n\t<meta name=\"twitter:data2\" content=\"3\u00a0Minuten\" \/>\n<script type=\"application\/ld+json\" class=\"yoast-schema-graph\">{\"@context\":\"https:\/\/schema.org\",\"@graph\":[{\"@type\":\"WebSite\",\"@id\":\"https:\/\/skgd.pl\/#website\",\"url\":\"https:\/\/skgd.pl\/\",\"name\":\"Deutsche Minderheit, Sozial-Kulturelle Gesellschaft der Deutschen im Oppelner Schlesien\",\"description\":\"Deutsche Minderheit in Polen\",\"potentialAction\":[{\"@type\":\"SearchAction\",\"target\":{\"@type\":\"EntryPoint\",\"urlTemplate\":\"https:\/\/skgd.pl\/?s={search_term_string}\"},\"query-input\":\"required name=search_term_string\"}],\"inLanguage\":\"de\"},{\"@type\":\"ImageObject\",\"inLanguage\":\"de\",\"@id\":\"https:\/\/skgd.pl\/de\/slaskie-i-niemieckie-ludowe-tance-dzieciece-warsztaty-2\/#primaryimage\",\"url\":\"https:\/\/skgd.pl\/wp-content\/uploads\/2021\/05\/plakat.png\",\"contentUrl\":\"https:\/\/skgd.pl\/wp-content\/uploads\/2021\/05\/plakat.png\",\"width\":1920,\"height\":2717},{\"@type\":\"WebPage\",\"@id\":\"https:\/\/skgd.pl\/de\/slaskie-i-niemieckie-ludowe-tance-dzieciece-warsztaty-2\/#webpage\",\"url\":\"https:\/\/skgd.pl\/de\/slaskie-i-niemieckie-ludowe-tance-dzieciece-warsztaty-2\/\",\"name\":\"Schlesiche und deutsche Kindervolkst\u00e4nze \u2013 WORKSHOPS - Deutsche Minderheit, Sozial-Kulturelle Gesellschaft der Deutschen im Oppelner Schlesien\",\"isPartOf\":{\"@id\":\"https:\/\/skgd.pl\/#website\"},\"primaryImageOfPage\":{\"@id\":\"https:\/\/skgd.pl\/de\/slaskie-i-niemieckie-ludowe-tance-dzieciece-warsztaty-2\/#primaryimage\"},\"datePublished\":\"2021-05-16T12:30:11+00:00\",\"dateModified\":\"2021-05-20T13:24:44+00:00\",\"author\":{\"@id\":\"https:\/\/skgd.pl\/#\/schema\/person\/dcdd6dd89280fa49735a207f6d6dccd2\"},\"breadcrumb\":{\"@id\":\"https:\/\/skgd.pl\/de\/slaskie-i-niemieckie-ludowe-tance-dzieciece-warsztaty-2\/#breadcrumb\"},\"inLanguage\":\"de\",\"potentialAction\":[{\"@type\":\"ReadAction\",\"target\":[\"https:\/\/skgd.pl\/de\/slaskie-i-niemieckie-ludowe-tance-dzieciece-warsztaty-2\/\"]}]},{\"@type\":\"BreadcrumbList\",\"@id\":\"https:\/\/skgd.pl\/de\/slaskie-i-niemieckie-ludowe-tance-dzieciece-warsztaty-2\/#breadcrumb\",\"itemListElement\":[{\"@type\":\"ListItem\",\"position\":1,\"name\":\"Strona g\u0142\u00f3wna\",\"item\":\"https:\/\/skgd.pl\/\"},{\"@type\":\"ListItem\",\"position\":2,\"name\":\"Schlesiche und deutsche Kindervolkst\u00e4nze \u2013 WORKSHOPS\"}]},{\"@type\":\"Person\",\"@id\":\"https:\/\/skgd.pl\/#\/schema\/person\/dcdd6dd89280fa49735a207f6d6dccd2\",\"name\":\"Zuzanna Herud\",\"image\":{\"@type\":\"ImageObject\",\"inLanguage\":\"de\",\"@id\":\"https:\/\/skgd.pl\/#\/schema\/person\/image\/\",\"url\":\"https:\/\/secure.gravatar.com\/avatar\/a01f92cb4421a03a6fa61cc64f8d96dc?s=96&d=mm&r=g\",\"contentUrl\":\"https:\/\/secure.gravatar.com\/avatar\/a01f92cb4421a03a6fa61cc64f8d96dc?s=96&d=mm&r=g\",\"caption\":\"Zuzanna Herud\"},\"url\":\"https:\/\/skgd.pl\/de\/author\/zuzanna\/\"}]}<\/script>\n<!-- \/ Yoast SEO plugin. -->","yoast_head_json":{"title":"Schlesiche und deutsche Kindervolkst\u00e4nze \u2013 WORKSHOPS - Deutsche Minderheit, Sozial-Kulturelle Gesellschaft der Deutschen im Oppelner Schlesien","robots":{"index":"index","follow":"follow","max-snippet":"max-snippet:-1","max-image-preview":"max-image-preview:large","max-video-preview":"max-video-preview:-1"},"canonical":"https:\/\/skgd.pl\/de\/slaskie-i-niemieckie-ludowe-tance-dzieciece-warsztaty-2\/","og_locale":"de_DE","og_type":"article","og_title":"Schlesiche und deutsche Kindervolkst\u00e4nze \u2013 WORKSHOPS - Deutsche Minderheit, Sozial-Kulturelle Gesellschaft der Deutschen im Oppelner Schlesien","og_description":"Die Sozial-Kulturelle Gesellschaft der Deutschen in Oppelner Schlesien organisiert die Rekrutierung zu einer Reihe von Treffen, die die Verbesserung der F\u00e4higkeiten der Arbeit mit Kindern mit den Elementen der musikalischen Spiele und T\u00e4nze erm\u00f6glichen. Eingeladen sind insbesondere Kindergarten- und Schulp\u00e4dagogen, Kulturanimateure, Aktivisten der deutschen Minderheit und andere, die an der Verbesserung der F\u00e4higkeiten der Arbeit [&hellip;]","og_url":"https:\/\/skgd.pl\/de\/slaskie-i-niemieckie-ludowe-tance-dzieciece-warsztaty-2\/","og_site_name":"Deutsche Minderheit, Sozial-Kulturelle Gesellschaft der Deutschen im Oppelner Schlesien","article_published_time":"2021-05-16T12:30:11+00:00","article_modified_time":"2021-05-20T13:24:44+00:00","og_image":[{"width":724,"height":1024,"url":"https:\/\/skgd.pl\/wp-content\/uploads\/2021\/05\/plakat-724x1024.png","type":"image\/png"}],"twitter_card":"summary_large_image","twitter_misc":{"Verfasst von":"Zuzanna Herud","Gesch\u00e4tzte Lesezeit":"3\u00a0Minuten"},"schema":{"@context":"https:\/\/schema.org","@graph":[{"@type":"WebSite","@id":"https:\/\/skgd.pl\/#website","url":"https:\/\/skgd.pl\/","name":"Deutsche Minderheit, Sozial-Kulturelle Gesellschaft der Deutschen im Oppelner Schlesien","description":"Deutsche Minderheit in Polen","potentialAction":[{"@type":"SearchAction","target":{"@type":"EntryPoint","urlTemplate":"https:\/\/skgd.pl\/?s={search_term_string}"},"query-input":"required name=search_term_string"}],"inLanguage":"de"},{"@type":"ImageObject","inLanguage":"de","@id":"https:\/\/skgd.pl\/de\/slaskie-i-niemieckie-ludowe-tance-dzieciece-warsztaty-2\/#primaryimage","url":"https:\/\/skgd.pl\/wp-content\/uploads\/2021\/05\/plakat.png","contentUrl":"https:\/\/skgd.pl\/wp-content\/uploads\/2021\/05\/plakat.png","width":1920,"height":2717},{"@type":"WebPage","@id":"https:\/\/skgd.pl\/de\/slaskie-i-niemieckie-ludowe-tance-dzieciece-warsztaty-2\/#webpage","url":"https:\/\/skgd.pl\/de\/slaskie-i-niemieckie-ludowe-tance-dzieciece-warsztaty-2\/","name":"Schlesiche und deutsche Kindervolkst\u00e4nze \u2013 WORKSHOPS - Deutsche Minderheit, Sozial-Kulturelle Gesellschaft der Deutschen im Oppelner Schlesien","isPartOf":{"@id":"https:\/\/skgd.pl\/#website"},"primaryImageOfPage":{"@id":"https:\/\/skgd.pl\/de\/slaskie-i-niemieckie-ludowe-tance-dzieciece-warsztaty-2\/#primaryimage"},"datePublished":"2021-05-16T12:30:11+00:00","dateModified":"2021-05-20T13:24:44+00:00","author":{"@id":"https:\/\/skgd.pl\/#\/schema\/person\/dcdd6dd89280fa49735a207f6d6dccd2"},"breadcrumb":{"@id":"https:\/\/skgd.pl\/de\/slaskie-i-niemieckie-ludowe-tance-dzieciece-warsztaty-2\/#breadcrumb"},"inLanguage":"de","potentialAction":[{"@type":"ReadAction","target":["https:\/\/skgd.pl\/de\/slaskie-i-niemieckie-ludowe-tance-dzieciece-warsztaty-2\/"]}]},{"@type":"BreadcrumbList","@id":"https:\/\/skgd.pl\/de\/slaskie-i-niemieckie-ludowe-tance-dzieciece-warsztaty-2\/#breadcrumb","itemListElement":[{"@type":"ListItem","position":1,"name":"Strona g\u0142\u00f3wna","item":"https:\/\/skgd.pl\/"},{"@type":"ListItem","position":2,"name":"Schlesiche und deutsche Kindervolkst\u00e4nze \u2013 WORKSHOPS"}]},{"@type":"Person","@id":"https:\/\/skgd.pl\/#\/schema\/person\/dcdd6dd89280fa49735a207f6d6dccd2","name":"Zuzanna Herud","image":{"@type":"ImageObject","inLanguage":"de","@id":"https:\/\/skgd.pl\/#\/schema\/person\/image\/","url":"https:\/\/secure.gravatar.com\/avatar\/a01f92cb4421a03a6fa61cc64f8d96dc?s=96&d=mm&r=g","contentUrl":"https:\/\/secure.gravatar.com\/avatar\/a01f92cb4421a03a6fa61cc64f8d96dc?s=96&d=mm&r=g","caption":"Zuzanna Herud"},"url":"https:\/\/skgd.pl\/de\/author\/zuzanna\/"}]}},"_links":{"self":[{"href":"https:\/\/skgd.pl\/de\/wp-json\/wp\/v2\/posts\/26353","targetHints":{"allow":["GET"]}}],"collection":[{"href":"https:\/\/skgd.pl\/de\/wp-json\/wp\/v2\/posts"}],"about":[{"href":"https:\/\/skgd.pl\/de\/wp-json\/wp\/v2\/types\/post"}],"author":[{"embeddable":true,"href":"https:\/\/skgd.pl\/de\/wp-json\/wp\/v2\/users\/7"}],"replies":[{"embeddable":true,"href":"https:\/\/skgd.pl\/de\/wp-json\/wp\/v2\/comments?post=26353"}],"version-history":[{"count":2,"href":"https:\/\/skgd.pl\/de\/wp-json\/wp\/v2\/posts\/26353\/revisions"}],"predecessor-version":[{"id":26442,"href":"https:\/\/skgd.pl\/de\/wp-json\/wp\/v2\/posts\/26353\/revisions\/26442"}],"wp:featuredmedia":[{"embeddable":true,"href":"https:\/\/skgd.pl\/de\/wp-json\/wp\/v2\/media\/26354"}],"wp:attachment":[{"href":"https:\/\/skgd.pl\/de\/wp-json\/wp\/v2\/media?parent=26353"}],"wp:term":[{"taxonomy":"category","embeddable":true,"href":"https:\/\/skgd.pl\/de\/wp-json\/wp\/v2\/categories?post=26353"},{"taxonomy":"post_tag","embeddable":true,"href":"https:\/\/skgd.pl\/de\/wp-json\/wp\/v2\/tags?post=26353"}],"curies":[{"name":"wp","href":"https:\/\/api.w.org\/{rel}","templated":true}]}}