{"id":26349,"date":"2021-05-13T18:09:09","date_gmt":"2021-05-13T16:09:09","guid":{"rendered":"https:\/\/skgd.pl\/?p=26349"},"modified":"2021-05-13T18:09:09","modified_gmt":"2021-05-13T16:09:09","slug":"kolejny-kamien-milowy-na-drodze-ku-uruchomieniu-centrum-dokumentacyjno-wystawienniczego-niemcow-w-polsce","status":"publish","type":"post","link":"https:\/\/skgd.pl\/de\/kolejny-kamien-milowy-na-drodze-ku-uruchomieniu-centrum-dokumentacyjno-wystawienniczego-niemcow-w-polsce\/","title":{"rendered":"Ein weiterer Meilenstein auf dem Weg zur Er\u00f6ffnung des Dokumentations- und Ausstellungszentrums der Deutschen in Polen"},"content":{"rendered":"<p><\/p>\n<p style=\"text-align: justify;\">Am 13. Mai 2021 in Oppeln, in Anwesenheit von Andrzej Bu\u0142a, Marschall der Woiwodschaft Oppeln, wurde eine Vereinbarung \u00fcber die gemeinsame Errichtung und den Betrieb des Dokumentations- und Ausstellungszentrums der Deutschen in Polen zwischen der \u00d6ffentlichen Woiwodschaftsbibliothek in Oppeln, vertreten durch ihren Direktor Tadeusz Chrobak, und dem Verband der deutschen sozial-kulturellen Gesellschaften in Polen, vertreten durch Bernard Gaida, Vorstandsvorsitzenden des Verbandes, und Rafa\u0142 Bartek, Vizevorsitzenden des Verbandes, unterzeichnet. Die Vereinbarung wurde unterzeichnet in Erf\u00fcllung der in der vorj\u00e4hrigen Absichtserkl\u00e4rung zwischen der Woiwodschaft Oppeln und dem Verband der deutschen sozial-kulturellen Gesellschaften erkl\u00e4rten Intentionen, sowie im Zusammenhang mit dem Beschluss des Regionalparlaments der Woiwodschaft Oppeln zur Erweiterung der Aufgaben der \u00d6ffentlichen Woiwodschaftsbibliothek in Oppeln um die Aus\u00fcbung der Funktion des Informationszentrums: Dokumentations- und Ausstellungszentrums der Deutschen in Polen. Das Zentrum wird&nbsp;seinen Sitz in einem zu diesem Zweck adaptierten B\u00fcrgerhaus an der Szpitalna-Stra\u00dfe 11 haben, dessen Renovierung und Umbau vom deutschen Ministerium f\u00fcr Inneres, Bau und Heimat finanziert wurde.&nbsp;Derzeit wird dank der Unterst\u00fctzung des polnischen und deutschen Ministeriums intensiv an der Dauerausstellung gearbeitet. Die Er\u00f6ffnung des Zentrums ist f\u00fcr Anfang 2022 geplant.<\/p>\n<p style=\"text-align: justify;\">&nbsp;<\/p>\n<p style=\"text-align: justify;\">&nbsp;<\/p>\n<p><\/p>","protected":false},"excerpt":{"rendered":"<p>Am 13. Mai 2021 in Oppeln, in Anwesenheit von Andrzej Bu\u0142a, Marschall der Woiwodschaft Oppeln, wurde eine Vereinbarung \u00fcber die gemeinsame Errichtung und den Betrieb des Dokumentations- und Ausstellungszentrums der Deutschen in Polen zwischen der \u00d6ffentlichen Woiwodschaftsbibliothek in Oppeln, vertreten durch ihren Direktor Tadeusz Chrobak, und dem Verband der deutschen sozial-kulturellen Gesellschaften in Polen, vertreten [&hellip;]<\/p>\n","protected":false},"author":2,"featured_media":26350,"comment_status":"closed","ping_status":"open","sticky":false,"template":"","format":"standard","meta":{"footnotes":""},"categories":[1],"tags":[],"class_list":["post-26349","post","type-post","status-publish","format-standard","has-post-thumbnail","hentry","category-aktualnosci"],"yoast_head":"<!-- This site is optimized with the Yoast SEO plugin v18.9 - https:\/\/yoast.com\/wordpress\/plugins\/seo\/ -->\n<title>Ein weiterer Meilenstein auf dem Weg zur Er\u00f6ffnung des Dokumentations- und Ausstellungszentrums der Deutschen in Polen - Deutsche Minderheit, Sozial-Kulturelle Gesellschaft der Deutschen im Oppelner Schlesien<\/title>\n<meta name=\"robots\" content=\"index, follow, max-snippet:-1, max-image-preview:large, max-video-preview:-1\" \/>\n<link rel=\"canonical\" href=\"https:\/\/skgd.pl\/kolejny-kamien-milowy-na-drodze-ku-uruchomieniu-centrum-dokumentacyjno-wystawienniczego-niemcow-w-polsce\/\" \/>\n<meta property=\"og:locale\" content=\"de_DE\" \/>\n<meta property=\"og:type\" content=\"article\" \/>\n<meta property=\"og:title\" content=\"Ein weiterer Meilenstein auf dem Weg zur Er\u00f6ffnung des Dokumentations- und Ausstellungszentrums der Deutschen in Polen - Deutsche Minderheit, Sozial-Kulturelle Gesellschaft der Deutschen im Oppelner Schlesien\" \/>\n<meta property=\"og:description\" content=\"Am 13. Mai 2021 in Oppeln, in Anwesenheit von Andrzej Bu\u0142a, Marschall der Woiwodschaft Oppeln, wurde eine Vereinbarung \u00fcber die gemeinsame Errichtung und den Betrieb des Dokumentations- und Ausstellungszentrums der Deutschen in Polen zwischen der \u00d6ffentlichen Woiwodschaftsbibliothek in Oppeln, vertreten durch ihren Direktor Tadeusz Chrobak, und dem Verband der deutschen sozial-kulturellen Gesellschaften in Polen, vertreten [&hellip;]\" \/>\n<meta property=\"og:url\" content=\"https:\/\/skgd.pl\/kolejny-kamien-milowy-na-drodze-ku-uruchomieniu-centrum-dokumentacyjno-wystawienniczego-niemcow-w-polsce\/\" \/>\n<meta property=\"og:site_name\" content=\"Deutsche Minderheit, Sozial-Kulturelle Gesellschaft der Deutschen im Oppelner Schlesien\" \/>\n<meta property=\"article:published_time\" content=\"2021-05-13T16:09:09+00:00\" \/>\n<meta property=\"og:image\" content=\"https:\/\/skgd.pl\/wp-content\/uploads\/2021\/05\/186488047_4249173508426781_4745458781642005443_n.jpg\" \/>\n\t<meta property=\"og:image:width\" content=\"1820\" \/>\n\t<meta property=\"og:image:height\" content=\"1365\" \/>\n\t<meta property=\"og:image:type\" content=\"image\/jpeg\" \/>\n<meta name=\"twitter:card\" content=\"summary_large_image\" \/>\n<meta name=\"twitter:label1\" content=\"Verfasst von\" \/>\n\t<meta name=\"twitter:data1\" content=\"Joanna Hassa\" \/>\n\t<meta name=\"twitter:label2\" content=\"Gesch\u00e4tzte Lesezeit\" \/>\n\t<meta name=\"twitter:data2\" content=\"2\u00a0Minuten\" \/>\n<script type=\"application\/ld+json\" class=\"yoast-schema-graph\">{\"@context\":\"https:\/\/schema.org\",\"@graph\":[{\"@type\":\"WebSite\",\"@id\":\"https:\/\/skgd.pl\/#website\",\"url\":\"https:\/\/skgd.pl\/\",\"name\":\"Deutsche Minderheit, Sozial-Kulturelle Gesellschaft der Deutschen im Oppelner Schlesien\",\"description\":\"Deutsche Minderheit in Polen\",\"potentialAction\":[{\"@type\":\"SearchAction\",\"target\":{\"@type\":\"EntryPoint\",\"urlTemplate\":\"https:\/\/skgd.pl\/?s={search_term_string}\"},\"query-input\":\"required name=search_term_string\"}],\"inLanguage\":\"de\"},{\"@type\":\"ImageObject\",\"inLanguage\":\"de\",\"@id\":\"https:\/\/skgd.pl\/kolejny-kamien-milowy-na-drodze-ku-uruchomieniu-centrum-dokumentacyjno-wystawienniczego-niemcow-w-polsce\/#primaryimage\",\"url\":\"https:\/\/skgd.pl\/wp-content\/uploads\/2021\/05\/186488047_4249173508426781_4745458781642005443_n.jpg\",\"contentUrl\":\"https:\/\/skgd.pl\/wp-content\/uploads\/2021\/05\/186488047_4249173508426781_4745458781642005443_n.jpg\",\"width\":1820,\"height\":1365},{\"@type\":\"WebPage\",\"@id\":\"https:\/\/skgd.pl\/kolejny-kamien-milowy-na-drodze-ku-uruchomieniu-centrum-dokumentacyjno-wystawienniczego-niemcow-w-polsce\/#webpage\",\"url\":\"https:\/\/skgd.pl\/kolejny-kamien-milowy-na-drodze-ku-uruchomieniu-centrum-dokumentacyjno-wystawienniczego-niemcow-w-polsce\/\",\"name\":\"Ein weiterer Meilenstein auf dem Weg zur Er\u00f6ffnung des Dokumentations- und Ausstellungszentrums der Deutschen in Polen - Deutsche Minderheit, Sozial-Kulturelle Gesellschaft der Deutschen im Oppelner Schlesien\",\"isPartOf\":{\"@id\":\"https:\/\/skgd.pl\/#website\"},\"primaryImageOfPage\":{\"@id\":\"https:\/\/skgd.pl\/kolejny-kamien-milowy-na-drodze-ku-uruchomieniu-centrum-dokumentacyjno-wystawienniczego-niemcow-w-polsce\/#primaryimage\"},\"datePublished\":\"2021-05-13T16:09:09+00:00\",\"dateModified\":\"2021-05-13T16:09:09+00:00\",\"author\":{\"@id\":\"https:\/\/skgd.pl\/#\/schema\/person\/0620fbcc0ddc3adae2d5dd9fdc163f03\"},\"breadcrumb\":{\"@id\":\"https:\/\/skgd.pl\/kolejny-kamien-milowy-na-drodze-ku-uruchomieniu-centrum-dokumentacyjno-wystawienniczego-niemcow-w-polsce\/#breadcrumb\"},\"inLanguage\":\"de\",\"potentialAction\":[{\"@type\":\"ReadAction\",\"target\":[\"https:\/\/skgd.pl\/kolejny-kamien-milowy-na-drodze-ku-uruchomieniu-centrum-dokumentacyjno-wystawienniczego-niemcow-w-polsce\/\"]}]},{\"@type\":\"BreadcrumbList\",\"@id\":\"https:\/\/skgd.pl\/kolejny-kamien-milowy-na-drodze-ku-uruchomieniu-centrum-dokumentacyjno-wystawienniczego-niemcow-w-polsce\/#breadcrumb\",\"itemListElement\":[{\"@type\":\"ListItem\",\"position\":1,\"name\":\"Strona g\u0142\u00f3wna\",\"item\":\"https:\/\/skgd.pl\/\"},{\"@type\":\"ListItem\",\"position\":2,\"name\":\"Kolejny kamie\u0144 milowy na drodze ku uruchomieniu Centrum Dokumentacyjno-Wystawienniczego Niemc\u00f3w w Polsce\"}]},{\"@type\":\"Person\",\"@id\":\"https:\/\/skgd.pl\/#\/schema\/person\/0620fbcc0ddc3adae2d5dd9fdc163f03\",\"name\":\"Joanna Hassa\",\"image\":{\"@type\":\"ImageObject\",\"inLanguage\":\"de\",\"@id\":\"https:\/\/skgd.pl\/#\/schema\/person\/image\/\",\"url\":\"https:\/\/secure.gravatar.com\/avatar\/e91991b37fe2db6d44fd302c843edfdc?s=96&d=mm&r=g\",\"contentUrl\":\"https:\/\/secure.gravatar.com\/avatar\/e91991b37fe2db6d44fd302c843edfdc?s=96&d=mm&r=g\",\"caption\":\"Joanna Hassa\"},\"url\":\"https:\/\/skgd.pl\/de\/author\/asia\/\"}]}<\/script>\n<!-- \/ Yoast SEO plugin. -->","yoast_head_json":{"title":"Ein weiterer Meilenstein auf dem Weg zur Er\u00f6ffnung des Dokumentations- und Ausstellungszentrums der Deutschen in Polen - Deutsche Minderheit, Sozial-Kulturelle Gesellschaft der Deutschen im Oppelner Schlesien","robots":{"index":"index","follow":"follow","max-snippet":"max-snippet:-1","max-image-preview":"max-image-preview:large","max-video-preview":"max-video-preview:-1"},"canonical":"https:\/\/skgd.pl\/kolejny-kamien-milowy-na-drodze-ku-uruchomieniu-centrum-dokumentacyjno-wystawienniczego-niemcow-w-polsce\/","og_locale":"de_DE","og_type":"article","og_title":"Ein weiterer Meilenstein auf dem Weg zur Er\u00f6ffnung des Dokumentations- und Ausstellungszentrums der Deutschen in Polen - Deutsche Minderheit, Sozial-Kulturelle Gesellschaft der Deutschen im Oppelner Schlesien","og_description":"Am 13. Mai 2021 in Oppeln, in Anwesenheit von Andrzej Bu\u0142a, Marschall der Woiwodschaft Oppeln, wurde eine Vereinbarung \u00fcber die gemeinsame Errichtung und den Betrieb des Dokumentations- und Ausstellungszentrums der Deutschen in Polen zwischen der \u00d6ffentlichen Woiwodschaftsbibliothek in Oppeln, vertreten durch ihren Direktor Tadeusz Chrobak, und dem Verband der deutschen sozial-kulturellen Gesellschaften in Polen, vertreten [&hellip;]","og_url":"https:\/\/skgd.pl\/kolejny-kamien-milowy-na-drodze-ku-uruchomieniu-centrum-dokumentacyjno-wystawienniczego-niemcow-w-polsce\/","og_site_name":"Deutsche Minderheit, Sozial-Kulturelle Gesellschaft der Deutschen im Oppelner Schlesien","article_published_time":"2021-05-13T16:09:09+00:00","og_image":[{"width":1820,"height":1365,"url":"https:\/\/skgd.pl\/wp-content\/uploads\/2021\/05\/186488047_4249173508426781_4745458781642005443_n.jpg","type":"image\/jpeg"}],"twitter_card":"summary_large_image","twitter_misc":{"Verfasst von":"Joanna Hassa","Gesch\u00e4tzte Lesezeit":"2\u00a0Minuten"},"schema":{"@context":"https:\/\/schema.org","@graph":[{"@type":"WebSite","@id":"https:\/\/skgd.pl\/#website","url":"https:\/\/skgd.pl\/","name":"Deutsche Minderheit, Sozial-Kulturelle Gesellschaft der Deutschen im Oppelner Schlesien","description":"Deutsche Minderheit in Polen","potentialAction":[{"@type":"SearchAction","target":{"@type":"EntryPoint","urlTemplate":"https:\/\/skgd.pl\/?s={search_term_string}"},"query-input":"required name=search_term_string"}],"inLanguage":"de"},{"@type":"ImageObject","inLanguage":"de","@id":"https:\/\/skgd.pl\/kolejny-kamien-milowy-na-drodze-ku-uruchomieniu-centrum-dokumentacyjno-wystawienniczego-niemcow-w-polsce\/#primaryimage","url":"https:\/\/skgd.pl\/wp-content\/uploads\/2021\/05\/186488047_4249173508426781_4745458781642005443_n.jpg","contentUrl":"https:\/\/skgd.pl\/wp-content\/uploads\/2021\/05\/186488047_4249173508426781_4745458781642005443_n.jpg","width":1820,"height":1365},{"@type":"WebPage","@id":"https:\/\/skgd.pl\/kolejny-kamien-milowy-na-drodze-ku-uruchomieniu-centrum-dokumentacyjno-wystawienniczego-niemcow-w-polsce\/#webpage","url":"https:\/\/skgd.pl\/kolejny-kamien-milowy-na-drodze-ku-uruchomieniu-centrum-dokumentacyjno-wystawienniczego-niemcow-w-polsce\/","name":"Ein weiterer Meilenstein auf dem Weg zur Er\u00f6ffnung des Dokumentations- und Ausstellungszentrums der Deutschen in Polen - Deutsche Minderheit, Sozial-Kulturelle Gesellschaft der Deutschen im Oppelner Schlesien","isPartOf":{"@id":"https:\/\/skgd.pl\/#website"},"primaryImageOfPage":{"@id":"https:\/\/skgd.pl\/kolejny-kamien-milowy-na-drodze-ku-uruchomieniu-centrum-dokumentacyjno-wystawienniczego-niemcow-w-polsce\/#primaryimage"},"datePublished":"2021-05-13T16:09:09+00:00","dateModified":"2021-05-13T16:09:09+00:00","author":{"@id":"https:\/\/skgd.pl\/#\/schema\/person\/0620fbcc0ddc3adae2d5dd9fdc163f03"},"breadcrumb":{"@id":"https:\/\/skgd.pl\/kolejny-kamien-milowy-na-drodze-ku-uruchomieniu-centrum-dokumentacyjno-wystawienniczego-niemcow-w-polsce\/#breadcrumb"},"inLanguage":"de","potentialAction":[{"@type":"ReadAction","target":["https:\/\/skgd.pl\/kolejny-kamien-milowy-na-drodze-ku-uruchomieniu-centrum-dokumentacyjno-wystawienniczego-niemcow-w-polsce\/"]}]},{"@type":"BreadcrumbList","@id":"https:\/\/skgd.pl\/kolejny-kamien-milowy-na-drodze-ku-uruchomieniu-centrum-dokumentacyjno-wystawienniczego-niemcow-w-polsce\/#breadcrumb","itemListElement":[{"@type":"ListItem","position":1,"name":"Strona g\u0142\u00f3wna","item":"https:\/\/skgd.pl\/"},{"@type":"ListItem","position":2,"name":"Kolejny kamie\u0144 milowy na drodze ku uruchomieniu Centrum Dokumentacyjno-Wystawienniczego Niemc\u00f3w w Polsce"}]},{"@type":"Person","@id":"https:\/\/skgd.pl\/#\/schema\/person\/0620fbcc0ddc3adae2d5dd9fdc163f03","name":"Joanna Hassa","image":{"@type":"ImageObject","inLanguage":"de","@id":"https:\/\/skgd.pl\/#\/schema\/person\/image\/","url":"https:\/\/secure.gravatar.com\/avatar\/e91991b37fe2db6d44fd302c843edfdc?s=96&d=mm&r=g","contentUrl":"https:\/\/secure.gravatar.com\/avatar\/e91991b37fe2db6d44fd302c843edfdc?s=96&d=mm&r=g","caption":"Joanna Hassa"},"url":"https:\/\/skgd.pl\/de\/author\/asia\/"}]}},"_links":{"self":[{"href":"https:\/\/skgd.pl\/de\/wp-json\/wp\/v2\/posts\/26349","targetHints":{"allow":["GET"]}}],"collection":[{"href":"https:\/\/skgd.pl\/de\/wp-json\/wp\/v2\/posts"}],"about":[{"href":"https:\/\/skgd.pl\/de\/wp-json\/wp\/v2\/types\/post"}],"author":[{"embeddable":true,"href":"https:\/\/skgd.pl\/de\/wp-json\/wp\/v2\/users\/2"}],"replies":[{"embeddable":true,"href":"https:\/\/skgd.pl\/de\/wp-json\/wp\/v2\/comments?post=26349"}],"version-history":[{"count":1,"href":"https:\/\/skgd.pl\/de\/wp-json\/wp\/v2\/posts\/26349\/revisions"}],"predecessor-version":[{"id":26351,"href":"https:\/\/skgd.pl\/de\/wp-json\/wp\/v2\/posts\/26349\/revisions\/26351"}],"wp:featuredmedia":[{"embeddable":true,"href":"https:\/\/skgd.pl\/de\/wp-json\/wp\/v2\/media\/26350"}],"wp:attachment":[{"href":"https:\/\/skgd.pl\/de\/wp-json\/wp\/v2\/media?parent=26349"}],"wp:term":[{"taxonomy":"category","embeddable":true,"href":"https:\/\/skgd.pl\/de\/wp-json\/wp\/v2\/categories?post=26349"},{"taxonomy":"post_tag","embeddable":true,"href":"https:\/\/skgd.pl\/de\/wp-json\/wp\/v2\/tags?post=26349"}],"curies":[{"name":"wp","href":"https:\/\/api.w.org\/{rel}","templated":true}]}}