{"id":26342,"date":"2021-05-14T11:50:35","date_gmt":"2021-05-14T09:50:35","guid":{"rendered":"https:\/\/skgd.pl\/?p=26342"},"modified":"2021-05-15T14:52:00","modified_gmt":"2021-05-15T12:52:00","slug":"juz-teraz-premiera-odcinka-dmi-tv-7-andrea-das-bin-ich","status":"publish","type":"post","link":"https:\/\/skgd.pl\/de\/juz-teraz-premiera-odcinka-dmi-tv-7-andrea-das-bin-ich\/","title":{"rendered":"Schon jetzt die Premiere der Folge vom DMi-TV #7 Andrea. Das bin ich!"},"content":{"rendered":"<p><\/p>\n<p style=\"text-align: justify;\">Schon jetzt die Premiere der #7 Folge der Serie DMi-TV!<\/p>\n<p style=\"text-align: justify;\">In dieser Folge hat Andrea wieder einen Gast eingeladen und zwar die Hauptkoordinatorin des Projektes ELOm &#8211; Magdalena Prochota! Sie erz\u00e4hlt \u00fcber das Projekt, dar\u00fcber, wer auf die Idee gekommen ist und was sie und die Jugend dazu motiviert im Projekt teilzunehmen.&nbsp;<\/p>\n<p style=\"text-align: justify;\">Wir laden herzlich ein!<\/p>\n<p style=\"text-align: justify;\"><iframe loading=\"lazy\" title=\"YouTube video player\" src=\"https:\/\/www.youtube.com\/embed\/Qm6Cc5yVMjg\" width=\"560\" height=\"315\" frameborder=\"0\" allowfullscreen=\"allowfullscreen\"><\/iframe><\/p>\n<p style=\"text-align: justify;\"><span><strong>Herausgeber:<\/strong><br \/>\nSozial-Kulturelle Gesellschaft der Deutschen im Oppelner Schlesien&nbsp;<\/span><\/p>\n<p style=\"text-align: justify;\"><span><strong>Realisierung:<\/strong><br \/>\nKrystian Belkius, Roman Szablicki<\/span><\/p>\n<p style=\"text-align: justify;\"><span><strong>Partner:<\/strong><br \/>\nVerband Deutscher Sozial-Kultureller Gesellschaften in Polen, Bund der Jugend der Deutschen Minderheit, Jugendrat der SKGD&nbsp;<\/span><\/p>\n<p style=\"text-align: justify;\"><span><strong>Finanzierung:<\/strong><br \/>\nBundesministerium des Innern f\u00fcr Bau und Heimat&nbsp;<\/span><\/p>\n<p style=\"text-align: justify;\">&nbsp;<\/p>\n<p><\/p>","protected":false},"excerpt":{"rendered":"<p>Schon jetzt die Premiere der #7 Folge der Serie DMi-TV! In dieser Folge hat Andrea wieder einen Gast eingeladen und zwar die Hauptkoordinatorin des Projektes ELOm &#8211; Magdalena Prochota! Sie erz\u00e4hlt \u00fcber das Projekt, dar\u00fcber, wer auf die Idee gekommen ist und was sie und die Jugend dazu motiviert im Projekt teilzunehmen.&nbsp; Wir laden herzlich [&hellip;]<\/p>\n","protected":false},"author":7,"featured_media":26339,"comment_status":"closed","ping_status":"open","sticky":false,"template":"","format":"standard","meta":{"footnotes":""},"categories":[1],"tags":[],"class_list":["post-26342","post","type-post","status-publish","format-standard","has-post-thumbnail","hentry","category-aktualnosci"],"yoast_head":"<!-- This site is optimized with the Yoast SEO plugin v18.9 - https:\/\/yoast.com\/wordpress\/plugins\/seo\/ -->\n<title>Schon jetzt die Premiere der Folge vom DMi-TV #7 Andrea. Das bin ich! - Deutsche Minderheit, Sozial-Kulturelle Gesellschaft der Deutschen im Oppelner Schlesien<\/title>\n<meta name=\"robots\" content=\"index, follow, max-snippet:-1, max-image-preview:large, max-video-preview:-1\" \/>\n<link rel=\"canonical\" href=\"https:\/\/skgd.pl\/juz-teraz-premiera-odcinka-dmi-tv-7-andrea-das-bin-ich\/\" \/>\n<meta property=\"og:locale\" content=\"de_DE\" \/>\n<meta property=\"og:type\" content=\"article\" \/>\n<meta property=\"og:title\" content=\"Schon jetzt die Premiere der Folge vom DMi-TV #7 Andrea. Das bin ich! - Deutsche Minderheit, Sozial-Kulturelle Gesellschaft der Deutschen im Oppelner Schlesien\" \/>\n<meta property=\"og:description\" content=\"Schon jetzt die Premiere der #7 Folge der Serie DMi-TV! In dieser Folge hat Andrea wieder einen Gast eingeladen und zwar die Hauptkoordinatorin des Projektes ELOm &#8211; Magdalena Prochota! Sie erz\u00e4hlt \u00fcber das Projekt, dar\u00fcber, wer auf die Idee gekommen ist und was sie und die Jugend dazu motiviert im Projekt teilzunehmen.&nbsp; Wir laden herzlich [&hellip;]\" \/>\n<meta property=\"og:url\" content=\"https:\/\/skgd.pl\/juz-teraz-premiera-odcinka-dmi-tv-7-andrea-das-bin-ich\/\" \/>\n<meta property=\"og:site_name\" content=\"Deutsche Minderheit, Sozial-Kulturelle Gesellschaft der Deutschen im Oppelner Schlesien\" \/>\n<meta property=\"article:published_time\" content=\"2021-05-14T09:50:35+00:00\" \/>\n<meta property=\"article:modified_time\" content=\"2021-05-15T12:52:00+00:00\" \/>\n<meta property=\"og:image\" content=\"https:\/\/skgd.pl\/wp-content\/uploads\/2021\/05\/7-ANDREA-DAS-BIN-ICH.png\" \/>\n\t<meta property=\"og:image:width\" content=\"940\" \/>\n\t<meta property=\"og:image:height\" content=\"788\" \/>\n\t<meta property=\"og:image:type\" content=\"image\/png\" \/>\n<meta name=\"twitter:card\" content=\"summary_large_image\" \/>\n<meta name=\"twitter:label1\" content=\"Verfasst von\" \/>\n\t<meta name=\"twitter:data1\" content=\"Zuzanna Herud\" \/>\n\t<meta name=\"twitter:label2\" content=\"Gesch\u00e4tzte Lesezeit\" \/>\n\t<meta name=\"twitter:data2\" content=\"1\u00a0Minute\" \/>\n<script type=\"application\/ld+json\" class=\"yoast-schema-graph\">{\"@context\":\"https:\/\/schema.org\",\"@graph\":[{\"@type\":\"WebSite\",\"@id\":\"https:\/\/skgd.pl\/#website\",\"url\":\"https:\/\/skgd.pl\/\",\"name\":\"Deutsche Minderheit, Sozial-Kulturelle Gesellschaft der Deutschen im Oppelner Schlesien\",\"description\":\"Deutsche Minderheit in Polen\",\"potentialAction\":[{\"@type\":\"SearchAction\",\"target\":{\"@type\":\"EntryPoint\",\"urlTemplate\":\"https:\/\/skgd.pl\/?s={search_term_string}\"},\"query-input\":\"required name=search_term_string\"}],\"inLanguage\":\"de\"},{\"@type\":\"ImageObject\",\"inLanguage\":\"de\",\"@id\":\"https:\/\/skgd.pl\/juz-teraz-premiera-odcinka-dmi-tv-7-andrea-das-bin-ich\/#primaryimage\",\"url\":\"https:\/\/skgd.pl\/wp-content\/uploads\/2021\/05\/7-ANDREA-DAS-BIN-ICH.png\",\"contentUrl\":\"https:\/\/skgd.pl\/wp-content\/uploads\/2021\/05\/7-ANDREA-DAS-BIN-ICH.png\",\"width\":940,\"height\":788},{\"@type\":\"WebPage\",\"@id\":\"https:\/\/skgd.pl\/juz-teraz-premiera-odcinka-dmi-tv-7-andrea-das-bin-ich\/#webpage\",\"url\":\"https:\/\/skgd.pl\/juz-teraz-premiera-odcinka-dmi-tv-7-andrea-das-bin-ich\/\",\"name\":\"Schon jetzt die Premiere der Folge vom DMi-TV #7 Andrea. Das bin ich! - Deutsche Minderheit, Sozial-Kulturelle Gesellschaft der Deutschen im Oppelner Schlesien\",\"isPartOf\":{\"@id\":\"https:\/\/skgd.pl\/#website\"},\"primaryImageOfPage\":{\"@id\":\"https:\/\/skgd.pl\/juz-teraz-premiera-odcinka-dmi-tv-7-andrea-das-bin-ich\/#primaryimage\"},\"datePublished\":\"2021-05-14T09:50:35+00:00\",\"dateModified\":\"2021-05-15T12:52:00+00:00\",\"author\":{\"@id\":\"https:\/\/skgd.pl\/#\/schema\/person\/dcdd6dd89280fa49735a207f6d6dccd2\"},\"breadcrumb\":{\"@id\":\"https:\/\/skgd.pl\/juz-teraz-premiera-odcinka-dmi-tv-7-andrea-das-bin-ich\/#breadcrumb\"},\"inLanguage\":\"de\",\"potentialAction\":[{\"@type\":\"ReadAction\",\"target\":[\"https:\/\/skgd.pl\/juz-teraz-premiera-odcinka-dmi-tv-7-andrea-das-bin-ich\/\"]}]},{\"@type\":\"BreadcrumbList\",\"@id\":\"https:\/\/skgd.pl\/juz-teraz-premiera-odcinka-dmi-tv-7-andrea-das-bin-ich\/#breadcrumb\",\"itemListElement\":[{\"@type\":\"ListItem\",\"position\":1,\"name\":\"Strona g\u0142\u00f3wna\",\"item\":\"https:\/\/skgd.pl\/\"},{\"@type\":\"ListItem\",\"position\":2,\"name\":\"Ju\u017c teraz premiera odcinka DMi-TV #7 Andrea. Das bin ich!\"}]},{\"@type\":\"Person\",\"@id\":\"https:\/\/skgd.pl\/#\/schema\/person\/dcdd6dd89280fa49735a207f6d6dccd2\",\"name\":\"Zuzanna Herud\",\"image\":{\"@type\":\"ImageObject\",\"inLanguage\":\"de\",\"@id\":\"https:\/\/skgd.pl\/#\/schema\/person\/image\/\",\"url\":\"https:\/\/secure.gravatar.com\/avatar\/a01f92cb4421a03a6fa61cc64f8d96dc?s=96&d=mm&r=g\",\"contentUrl\":\"https:\/\/secure.gravatar.com\/avatar\/a01f92cb4421a03a6fa61cc64f8d96dc?s=96&d=mm&r=g\",\"caption\":\"Zuzanna Herud\"},\"url\":\"https:\/\/skgd.pl\/de\/author\/zuzanna\/\"}]}<\/script>\n<!-- \/ Yoast SEO plugin. -->","yoast_head_json":{"title":"Schon jetzt die Premiere der Folge vom DMi-TV #7 Andrea. Das bin ich! - Deutsche Minderheit, Sozial-Kulturelle Gesellschaft der Deutschen im Oppelner Schlesien","robots":{"index":"index","follow":"follow","max-snippet":"max-snippet:-1","max-image-preview":"max-image-preview:large","max-video-preview":"max-video-preview:-1"},"canonical":"https:\/\/skgd.pl\/juz-teraz-premiera-odcinka-dmi-tv-7-andrea-das-bin-ich\/","og_locale":"de_DE","og_type":"article","og_title":"Schon jetzt die Premiere der Folge vom DMi-TV #7 Andrea. Das bin ich! - Deutsche Minderheit, Sozial-Kulturelle Gesellschaft der Deutschen im Oppelner Schlesien","og_description":"Schon jetzt die Premiere der #7 Folge der Serie DMi-TV! In dieser Folge hat Andrea wieder einen Gast eingeladen und zwar die Hauptkoordinatorin des Projektes ELOm &#8211; Magdalena Prochota! Sie erz\u00e4hlt \u00fcber das Projekt, dar\u00fcber, wer auf die Idee gekommen ist und was sie und die Jugend dazu motiviert im Projekt teilzunehmen.&nbsp; Wir laden herzlich [&hellip;]","og_url":"https:\/\/skgd.pl\/juz-teraz-premiera-odcinka-dmi-tv-7-andrea-das-bin-ich\/","og_site_name":"Deutsche Minderheit, Sozial-Kulturelle Gesellschaft der Deutschen im Oppelner Schlesien","article_published_time":"2021-05-14T09:50:35+00:00","article_modified_time":"2021-05-15T12:52:00+00:00","og_image":[{"width":940,"height":788,"url":"https:\/\/skgd.pl\/wp-content\/uploads\/2021\/05\/7-ANDREA-DAS-BIN-ICH.png","type":"image\/png"}],"twitter_card":"summary_large_image","twitter_misc":{"Verfasst von":"Zuzanna Herud","Gesch\u00e4tzte Lesezeit":"1\u00a0Minute"},"schema":{"@context":"https:\/\/schema.org","@graph":[{"@type":"WebSite","@id":"https:\/\/skgd.pl\/#website","url":"https:\/\/skgd.pl\/","name":"Deutsche Minderheit, Sozial-Kulturelle Gesellschaft der Deutschen im Oppelner Schlesien","description":"Deutsche Minderheit in Polen","potentialAction":[{"@type":"SearchAction","target":{"@type":"EntryPoint","urlTemplate":"https:\/\/skgd.pl\/?s={search_term_string}"},"query-input":"required name=search_term_string"}],"inLanguage":"de"},{"@type":"ImageObject","inLanguage":"de","@id":"https:\/\/skgd.pl\/juz-teraz-premiera-odcinka-dmi-tv-7-andrea-das-bin-ich\/#primaryimage","url":"https:\/\/skgd.pl\/wp-content\/uploads\/2021\/05\/7-ANDREA-DAS-BIN-ICH.png","contentUrl":"https:\/\/skgd.pl\/wp-content\/uploads\/2021\/05\/7-ANDREA-DAS-BIN-ICH.png","width":940,"height":788},{"@type":"WebPage","@id":"https:\/\/skgd.pl\/juz-teraz-premiera-odcinka-dmi-tv-7-andrea-das-bin-ich\/#webpage","url":"https:\/\/skgd.pl\/juz-teraz-premiera-odcinka-dmi-tv-7-andrea-das-bin-ich\/","name":"Schon jetzt die Premiere der Folge vom DMi-TV #7 Andrea. Das bin ich! - Deutsche Minderheit, Sozial-Kulturelle Gesellschaft der Deutschen im Oppelner Schlesien","isPartOf":{"@id":"https:\/\/skgd.pl\/#website"},"primaryImageOfPage":{"@id":"https:\/\/skgd.pl\/juz-teraz-premiera-odcinka-dmi-tv-7-andrea-das-bin-ich\/#primaryimage"},"datePublished":"2021-05-14T09:50:35+00:00","dateModified":"2021-05-15T12:52:00+00:00","author":{"@id":"https:\/\/skgd.pl\/#\/schema\/person\/dcdd6dd89280fa49735a207f6d6dccd2"},"breadcrumb":{"@id":"https:\/\/skgd.pl\/juz-teraz-premiera-odcinka-dmi-tv-7-andrea-das-bin-ich\/#breadcrumb"},"inLanguage":"de","potentialAction":[{"@type":"ReadAction","target":["https:\/\/skgd.pl\/juz-teraz-premiera-odcinka-dmi-tv-7-andrea-das-bin-ich\/"]}]},{"@type":"BreadcrumbList","@id":"https:\/\/skgd.pl\/juz-teraz-premiera-odcinka-dmi-tv-7-andrea-das-bin-ich\/#breadcrumb","itemListElement":[{"@type":"ListItem","position":1,"name":"Strona g\u0142\u00f3wna","item":"https:\/\/skgd.pl\/"},{"@type":"ListItem","position":2,"name":"Ju\u017c teraz premiera odcinka DMi-TV #7 Andrea. Das bin ich!"}]},{"@type":"Person","@id":"https:\/\/skgd.pl\/#\/schema\/person\/dcdd6dd89280fa49735a207f6d6dccd2","name":"Zuzanna Herud","image":{"@type":"ImageObject","inLanguage":"de","@id":"https:\/\/skgd.pl\/#\/schema\/person\/image\/","url":"https:\/\/secure.gravatar.com\/avatar\/a01f92cb4421a03a6fa61cc64f8d96dc?s=96&d=mm&r=g","contentUrl":"https:\/\/secure.gravatar.com\/avatar\/a01f92cb4421a03a6fa61cc64f8d96dc?s=96&d=mm&r=g","caption":"Zuzanna Herud"},"url":"https:\/\/skgd.pl\/de\/author\/zuzanna\/"}]}},"_links":{"self":[{"href":"https:\/\/skgd.pl\/de\/wp-json\/wp\/v2\/posts\/26342","targetHints":{"allow":["GET"]}}],"collection":[{"href":"https:\/\/skgd.pl\/de\/wp-json\/wp\/v2\/posts"}],"about":[{"href":"https:\/\/skgd.pl\/de\/wp-json\/wp\/v2\/types\/post"}],"author":[{"embeddable":true,"href":"https:\/\/skgd.pl\/de\/wp-json\/wp\/v2\/users\/7"}],"replies":[{"embeddable":true,"href":"https:\/\/skgd.pl\/de\/wp-json\/wp\/v2\/comments?post=26342"}],"version-history":[{"count":2,"href":"https:\/\/skgd.pl\/de\/wp-json\/wp\/v2\/posts\/26342\/revisions"}],"predecessor-version":[{"id":26368,"href":"https:\/\/skgd.pl\/de\/wp-json\/wp\/v2\/posts\/26342\/revisions\/26368"}],"wp:featuredmedia":[{"embeddable":true,"href":"https:\/\/skgd.pl\/de\/wp-json\/wp\/v2\/media\/26339"}],"wp:attachment":[{"href":"https:\/\/skgd.pl\/de\/wp-json\/wp\/v2\/media?parent=26342"}],"wp:term":[{"taxonomy":"category","embeddable":true,"href":"https:\/\/skgd.pl\/de\/wp-json\/wp\/v2\/categories?post=26342"},{"taxonomy":"post_tag","embeddable":true,"href":"https:\/\/skgd.pl\/de\/wp-json\/wp\/v2\/tags?post=26342"}],"curies":[{"name":"wp","href":"https:\/\/api.w.org\/{rel}","templated":true}]}}