{"id":26258,"date":"2021-05-06T11:00:13","date_gmt":"2021-05-06T09:00:13","guid":{"rendered":"https:\/\/skgd.pl\/?p=26258"},"modified":"2021-05-06T10:57:59","modified_gmt":"2021-05-06T08:57:59","slug":"list-gratulacyjny-rektora-politechniki-opolskiej","status":"publish","type":"post","link":"https:\/\/skgd.pl\/de\/list-gratulacyjny-rektora-politechniki-opolskiej\/","title":{"rendered":"Gratulationsschreiben des Rektors der Technischen Universit\u00e4t Opole"},"content":{"rendered":"<p><\/p>\n<p style=\"text-align: justify;\">Die Sozial-Kulturelle Gesellschaft der Deutschen in Oppelner Schlesien feierte im vergangenen Jahr ihr 30-j\u00e4hriges Gr\u00fcndungsjubil\u00e4um der Organisation der Deutschen Minderheit in der Woiwodschaft Oppeln. Im Rahmen der Feierlichkeiten zum 30-j\u00e4hrigen Bestehen wurden Publikationen herausgegeben, die an die wichtigsten Ereignisse und die Geschichte der Gr\u00fcndung der Organisation erinnern.&nbsp;<\/p>\n<p style=\"text-align: justify;\">Besonders gefreut haben wir uns \u00fcber das Gratulationsschreiben des Rektors der Technischen Universit\u00e4t Oppeln Dr Habil. Ing. Marcin Lorenc der die Bedeutung unserer T\u00e4tigkeit vor dem Hintergrund der Vielfalt der Region des Oppelner Schlesiens hervorhob.&nbsp;<\/p>\n<p style=\"text-align: justify;\"><img loading=\"lazy\" decoding=\"async\" class=\"aligncenter wp-image-26260 size-large\" src=\"https:\/\/skgd.pl\/wp-content\/uploads\/2021\/05\/Pismo-1-724x1024.jpg\" alt=\"\" width=\"724\" height=\"1024\" srcset=\"https:\/\/skgd.pl\/wp-content\/uploads\/2021\/05\/Pismo-1-724x1024.jpg 724w, https:\/\/skgd.pl\/wp-content\/uploads\/2021\/05\/Pismo-1-600x849.jpg 600w, https:\/\/skgd.pl\/wp-content\/uploads\/2021\/05\/Pismo-1-212x300.jpg 212w, https:\/\/skgd.pl\/wp-content\/uploads\/2021\/05\/Pismo-1-768x1086.jpg 768w, https:\/\/skgd.pl\/wp-content\/uploads\/2021\/05\/Pismo-1-1086x1536.jpg 1086w, https:\/\/skgd.pl\/wp-content\/uploads\/2021\/05\/Pismo-1-1448x2048.jpg 1448w, https:\/\/skgd.pl\/wp-content\/uploads\/2021\/05\/Pismo-1-800x1132.jpg 800w, https:\/\/skgd.pl\/wp-content\/uploads\/2021\/05\/Pismo-1.jpg 1653w\" sizes=\"auto, (max-width: 724px) 100vw, 724px\" \/><\/p>\n<p><\/p>","protected":false},"excerpt":{"rendered":"<p>Die Sozial-Kulturelle Gesellschaft der Deutschen in Oppelner Schlesien feierte im vergangenen Jahr ihr 30-j\u00e4hriges Gr\u00fcndungsjubil\u00e4um der Organisation der Deutschen Minderheit in der Woiwodschaft Oppeln. Im Rahmen der Feierlichkeiten zum 30-j\u00e4hrigen Bestehen wurden Publikationen herausgegeben, die an die wichtigsten Ereignisse und die Geschichte der Gr\u00fcndung der Organisation erinnern.&nbsp; Besonders gefreut haben wir uns \u00fcber das Gratulationsschreiben [&hellip;]<\/p>\n","protected":false},"author":7,"featured_media":26259,"comment_status":"closed","ping_status":"open","sticky":false,"template":"","format":"standard","meta":{"footnotes":""},"categories":[1],"tags":[],"class_list":["post-26258","post","type-post","status-publish","format-standard","has-post-thumbnail","hentry","category-aktualnosci"],"yoast_head":"<!-- This site is optimized with the Yoast SEO plugin v18.9 - https:\/\/yoast.com\/wordpress\/plugins\/seo\/ -->\n<title>Gratulationsschreiben des Rektors der Technischen Universit\u00e4t Opole - Deutsche Minderheit, Sozial-Kulturelle Gesellschaft der Deutschen im Oppelner Schlesien<\/title>\n<meta name=\"robots\" content=\"index, follow, max-snippet:-1, max-image-preview:large, max-video-preview:-1\" \/>\n<link rel=\"canonical\" href=\"https:\/\/skgd.pl\/de\/list-gratulacyjny-rektora-politechniki-opolskiej\/\" \/>\n<meta property=\"og:locale\" content=\"de_DE\" \/>\n<meta property=\"og:type\" content=\"article\" \/>\n<meta property=\"og:title\" content=\"Gratulationsschreiben des Rektors der Technischen Universit\u00e4t Opole - Deutsche Minderheit, Sozial-Kulturelle Gesellschaft der Deutschen im Oppelner Schlesien\" \/>\n<meta property=\"og:description\" content=\"Die Sozial-Kulturelle Gesellschaft der Deutschen in Oppelner Schlesien feierte im vergangenen Jahr ihr 30-j\u00e4hriges Gr\u00fcndungsjubil\u00e4um der Organisation der Deutschen Minderheit in der Woiwodschaft Oppeln. Im Rahmen der Feierlichkeiten zum 30-j\u00e4hrigen Bestehen wurden Publikationen herausgegeben, die an die wichtigsten Ereignisse und die Geschichte der Gr\u00fcndung der Organisation erinnern.&nbsp; Besonders gefreut haben wir uns \u00fcber das Gratulationsschreiben [&hellip;]\" \/>\n<meta property=\"og:url\" content=\"https:\/\/skgd.pl\/de\/list-gratulacyjny-rektora-politechniki-opolskiej\/\" \/>\n<meta property=\"og:site_name\" content=\"Deutsche Minderheit, Sozial-Kulturelle Gesellschaft der Deutschen im Oppelner Schlesien\" \/>\n<meta property=\"article:published_time\" content=\"2021-05-06T09:00:13+00:00\" \/>\n<meta property=\"article:modified_time\" content=\"2021-05-06T08:57:59+00:00\" \/>\n<meta property=\"og:image\" content=\"https:\/\/skgd.pl\/wp-content\/uploads\/2021\/05\/publikacje.jpeg\" \/>\n\t<meta property=\"og:image:width\" content=\"1600\" \/>\n\t<meta property=\"og:image:height\" content=\"900\" \/>\n\t<meta property=\"og:image:type\" content=\"image\/jpeg\" \/>\n<meta name=\"twitter:card\" content=\"summary_large_image\" \/>\n<meta name=\"twitter:label1\" content=\"Verfasst von\" \/>\n\t<meta name=\"twitter:data1\" content=\"Zuzanna Herud\" \/>\n\t<meta name=\"twitter:label2\" content=\"Gesch\u00e4tzte Lesezeit\" \/>\n\t<meta name=\"twitter:data2\" content=\"1\u00a0Minute\" \/>\n<script type=\"application\/ld+json\" class=\"yoast-schema-graph\">{\"@context\":\"https:\/\/schema.org\",\"@graph\":[{\"@type\":\"WebSite\",\"@id\":\"https:\/\/skgd.pl\/#website\",\"url\":\"https:\/\/skgd.pl\/\",\"name\":\"Deutsche Minderheit, Sozial-Kulturelle Gesellschaft der Deutschen im Oppelner Schlesien\",\"description\":\"Deutsche Minderheit in Polen\",\"potentialAction\":[{\"@type\":\"SearchAction\",\"target\":{\"@type\":\"EntryPoint\",\"urlTemplate\":\"https:\/\/skgd.pl\/?s={search_term_string}\"},\"query-input\":\"required name=search_term_string\"}],\"inLanguage\":\"de\"},{\"@type\":\"ImageObject\",\"inLanguage\":\"de\",\"@id\":\"https:\/\/skgd.pl\/de\/list-gratulacyjny-rektora-politechniki-opolskiej\/#primaryimage\",\"url\":\"https:\/\/skgd.pl\/wp-content\/uploads\/2021\/05\/publikacje.jpeg\",\"contentUrl\":\"https:\/\/skgd.pl\/wp-content\/uploads\/2021\/05\/publikacje.jpeg\",\"width\":1600,\"height\":900},{\"@type\":\"WebPage\",\"@id\":\"https:\/\/skgd.pl\/de\/list-gratulacyjny-rektora-politechniki-opolskiej\/#webpage\",\"url\":\"https:\/\/skgd.pl\/de\/list-gratulacyjny-rektora-politechniki-opolskiej\/\",\"name\":\"Gratulationsschreiben des Rektors der Technischen Universit\u00e4t Opole - Deutsche Minderheit, Sozial-Kulturelle Gesellschaft der Deutschen im Oppelner Schlesien\",\"isPartOf\":{\"@id\":\"https:\/\/skgd.pl\/#website\"},\"primaryImageOfPage\":{\"@id\":\"https:\/\/skgd.pl\/de\/list-gratulacyjny-rektora-politechniki-opolskiej\/#primaryimage\"},\"datePublished\":\"2021-05-06T09:00:13+00:00\",\"dateModified\":\"2021-05-06T08:57:59+00:00\",\"author\":{\"@id\":\"https:\/\/skgd.pl\/#\/schema\/person\/dcdd6dd89280fa49735a207f6d6dccd2\"},\"breadcrumb\":{\"@id\":\"https:\/\/skgd.pl\/de\/list-gratulacyjny-rektora-politechniki-opolskiej\/#breadcrumb\"},\"inLanguage\":\"de\",\"potentialAction\":[{\"@type\":\"ReadAction\",\"target\":[\"https:\/\/skgd.pl\/de\/list-gratulacyjny-rektora-politechniki-opolskiej\/\"]}]},{\"@type\":\"BreadcrumbList\",\"@id\":\"https:\/\/skgd.pl\/de\/list-gratulacyjny-rektora-politechniki-opolskiej\/#breadcrumb\",\"itemListElement\":[{\"@type\":\"ListItem\",\"position\":1,\"name\":\"Strona g\u0142\u00f3wna\",\"item\":\"https:\/\/skgd.pl\/\"},{\"@type\":\"ListItem\",\"position\":2,\"name\":\"Gratulationsschreiben des Rektors der Technischen Universit\u00e4t Opole\"}]},{\"@type\":\"Person\",\"@id\":\"https:\/\/skgd.pl\/#\/schema\/person\/dcdd6dd89280fa49735a207f6d6dccd2\",\"name\":\"Zuzanna Herud\",\"image\":{\"@type\":\"ImageObject\",\"inLanguage\":\"de\",\"@id\":\"https:\/\/skgd.pl\/#\/schema\/person\/image\/\",\"url\":\"https:\/\/secure.gravatar.com\/avatar\/a01f92cb4421a03a6fa61cc64f8d96dc?s=96&d=mm&r=g\",\"contentUrl\":\"https:\/\/secure.gravatar.com\/avatar\/a01f92cb4421a03a6fa61cc64f8d96dc?s=96&d=mm&r=g\",\"caption\":\"Zuzanna Herud\"},\"url\":\"https:\/\/skgd.pl\/de\/author\/zuzanna\/\"}]}<\/script>\n<!-- \/ Yoast SEO plugin. -->","yoast_head_json":{"title":"Gratulationsschreiben des Rektors der Technischen Universit\u00e4t Opole - Deutsche Minderheit, Sozial-Kulturelle Gesellschaft der Deutschen im Oppelner Schlesien","robots":{"index":"index","follow":"follow","max-snippet":"max-snippet:-1","max-image-preview":"max-image-preview:large","max-video-preview":"max-video-preview:-1"},"canonical":"https:\/\/skgd.pl\/de\/list-gratulacyjny-rektora-politechniki-opolskiej\/","og_locale":"de_DE","og_type":"article","og_title":"Gratulationsschreiben des Rektors der Technischen Universit\u00e4t Opole - Deutsche Minderheit, Sozial-Kulturelle Gesellschaft der Deutschen im Oppelner Schlesien","og_description":"Die Sozial-Kulturelle Gesellschaft der Deutschen in Oppelner Schlesien feierte im vergangenen Jahr ihr 30-j\u00e4hriges Gr\u00fcndungsjubil\u00e4um der Organisation der Deutschen Minderheit in der Woiwodschaft Oppeln. Im Rahmen der Feierlichkeiten zum 30-j\u00e4hrigen Bestehen wurden Publikationen herausgegeben, die an die wichtigsten Ereignisse und die Geschichte der Gr\u00fcndung der Organisation erinnern.&nbsp; Besonders gefreut haben wir uns \u00fcber das Gratulationsschreiben [&hellip;]","og_url":"https:\/\/skgd.pl\/de\/list-gratulacyjny-rektora-politechniki-opolskiej\/","og_site_name":"Deutsche Minderheit, Sozial-Kulturelle Gesellschaft der Deutschen im Oppelner Schlesien","article_published_time":"2021-05-06T09:00:13+00:00","article_modified_time":"2021-05-06T08:57:59+00:00","og_image":[{"width":1600,"height":900,"url":"https:\/\/skgd.pl\/wp-content\/uploads\/2021\/05\/publikacje.jpeg","type":"image\/jpeg"}],"twitter_card":"summary_large_image","twitter_misc":{"Verfasst von":"Zuzanna Herud","Gesch\u00e4tzte Lesezeit":"1\u00a0Minute"},"schema":{"@context":"https:\/\/schema.org","@graph":[{"@type":"WebSite","@id":"https:\/\/skgd.pl\/#website","url":"https:\/\/skgd.pl\/","name":"Deutsche Minderheit, Sozial-Kulturelle Gesellschaft der Deutschen im Oppelner Schlesien","description":"Deutsche Minderheit in Polen","potentialAction":[{"@type":"SearchAction","target":{"@type":"EntryPoint","urlTemplate":"https:\/\/skgd.pl\/?s={search_term_string}"},"query-input":"required name=search_term_string"}],"inLanguage":"de"},{"@type":"ImageObject","inLanguage":"de","@id":"https:\/\/skgd.pl\/de\/list-gratulacyjny-rektora-politechniki-opolskiej\/#primaryimage","url":"https:\/\/skgd.pl\/wp-content\/uploads\/2021\/05\/publikacje.jpeg","contentUrl":"https:\/\/skgd.pl\/wp-content\/uploads\/2021\/05\/publikacje.jpeg","width":1600,"height":900},{"@type":"WebPage","@id":"https:\/\/skgd.pl\/de\/list-gratulacyjny-rektora-politechniki-opolskiej\/#webpage","url":"https:\/\/skgd.pl\/de\/list-gratulacyjny-rektora-politechniki-opolskiej\/","name":"Gratulationsschreiben des Rektors der Technischen Universit\u00e4t Opole - Deutsche Minderheit, Sozial-Kulturelle Gesellschaft der Deutschen im Oppelner Schlesien","isPartOf":{"@id":"https:\/\/skgd.pl\/#website"},"primaryImageOfPage":{"@id":"https:\/\/skgd.pl\/de\/list-gratulacyjny-rektora-politechniki-opolskiej\/#primaryimage"},"datePublished":"2021-05-06T09:00:13+00:00","dateModified":"2021-05-06T08:57:59+00:00","author":{"@id":"https:\/\/skgd.pl\/#\/schema\/person\/dcdd6dd89280fa49735a207f6d6dccd2"},"breadcrumb":{"@id":"https:\/\/skgd.pl\/de\/list-gratulacyjny-rektora-politechniki-opolskiej\/#breadcrumb"},"inLanguage":"de","potentialAction":[{"@type":"ReadAction","target":["https:\/\/skgd.pl\/de\/list-gratulacyjny-rektora-politechniki-opolskiej\/"]}]},{"@type":"BreadcrumbList","@id":"https:\/\/skgd.pl\/de\/list-gratulacyjny-rektora-politechniki-opolskiej\/#breadcrumb","itemListElement":[{"@type":"ListItem","position":1,"name":"Strona g\u0142\u00f3wna","item":"https:\/\/skgd.pl\/"},{"@type":"ListItem","position":2,"name":"Gratulationsschreiben des Rektors der Technischen Universit\u00e4t Opole"}]},{"@type":"Person","@id":"https:\/\/skgd.pl\/#\/schema\/person\/dcdd6dd89280fa49735a207f6d6dccd2","name":"Zuzanna Herud","image":{"@type":"ImageObject","inLanguage":"de","@id":"https:\/\/skgd.pl\/#\/schema\/person\/image\/","url":"https:\/\/secure.gravatar.com\/avatar\/a01f92cb4421a03a6fa61cc64f8d96dc?s=96&d=mm&r=g","contentUrl":"https:\/\/secure.gravatar.com\/avatar\/a01f92cb4421a03a6fa61cc64f8d96dc?s=96&d=mm&r=g","caption":"Zuzanna Herud"},"url":"https:\/\/skgd.pl\/de\/author\/zuzanna\/"}]}},"_links":{"self":[{"href":"https:\/\/skgd.pl\/de\/wp-json\/wp\/v2\/posts\/26258","targetHints":{"allow":["GET"]}}],"collection":[{"href":"https:\/\/skgd.pl\/de\/wp-json\/wp\/v2\/posts"}],"about":[{"href":"https:\/\/skgd.pl\/de\/wp-json\/wp\/v2\/types\/post"}],"author":[{"embeddable":true,"href":"https:\/\/skgd.pl\/de\/wp-json\/wp\/v2\/users\/7"}],"replies":[{"embeddable":true,"href":"https:\/\/skgd.pl\/de\/wp-json\/wp\/v2\/comments?post=26258"}],"version-history":[{"count":1,"href":"https:\/\/skgd.pl\/de\/wp-json\/wp\/v2\/posts\/26258\/revisions"}],"predecessor-version":[{"id":26262,"href":"https:\/\/skgd.pl\/de\/wp-json\/wp\/v2\/posts\/26258\/revisions\/26262"}],"wp:featuredmedia":[{"embeddable":true,"href":"https:\/\/skgd.pl\/de\/wp-json\/wp\/v2\/media\/26259"}],"wp:attachment":[{"href":"https:\/\/skgd.pl\/de\/wp-json\/wp\/v2\/media?parent=26258"}],"wp:term":[{"taxonomy":"category","embeddable":true,"href":"https:\/\/skgd.pl\/de\/wp-json\/wp\/v2\/categories?post=26258"},{"taxonomy":"post_tag","embeddable":true,"href":"https:\/\/skgd.pl\/de\/wp-json\/wp\/v2\/tags?post=26258"}],"curies":[{"name":"wp","href":"https:\/\/api.w.org\/{rel}","templated":true}]}}