{"id":26253,"date":"2021-05-07T09:30:55","date_gmt":"2021-05-07T07:30:55","guid":{"rendered":"https:\/\/skgd.pl\/?p=26253"},"modified":"2021-05-06T09:36:39","modified_gmt":"2021-05-06T07:36:39","slug":"projektu-deutsch-ag-edycja-jesien-2021","status":"publish","type":"post","link":"https:\/\/skgd.pl\/de\/projektu-deutsch-ag-edycja-jesien-2021\/","title":{"rendered":"Das Projekt &#8220;Deutsch AG&#8221; &#8211; Herbstedition 2021"},"content":{"rendered":"<p><\/p>\n<p style=\"text-align: justify;\"><strong>Ab dem 1. September 2021 f\u00e4ngt die neue Edition des Projekts &#8220;Deutsch AG&#8221; an.<\/strong><span>&nbsp;<\/span>Melden k\u00f6nnen sich Schulen oder Gemeinden.<span>&nbsp;<\/span><span>Voraussetzung:<\/span><span>&nbsp;<\/span>die Anzahl der Gruppe betr\u00e4gt von 5 bis 15 Sch\u00fcler und die Schule\/ bzw. Gemeinde muss die Schulr\u00e4umlichkeiten kostenfrei zur Verf\u00fcgung stellen.<span>&nbsp;<\/span><strong>Es k\u00f6nnen sich auch neue Gruppen anmelden.&nbsp;<\/strong><\/p>\n<p style=\"text-align: justify;\">Das Projekt &#8220;Deutsch AG&#8221; richtet sich an Sch\u00fcler der 7. und 8. Klasse der Grundschule, die bis zur 6. Klasse Deutsch als Minderheitensprache erlernt haben. Im Rahmen des Projekts werden zwei zus\u00e4tzliche Unterrichtsstunden w\u00f6chentlich angeboten. Diese werden in den schulischen R\u00e4umlichkeiten nach Abschluss des regul\u00e4ren Unterrichts organisiert. Dadurch k\u00f6nnen sich die Kinder sprachlich weiterentwickeln und ihr Wissen \u00fcber die Landeskunde, Kultur und Geschichte des deutschsprachigen Raums erweitern.<\/p>\n<p style=\"text-align: justify;\">Wir empfehlen, am Projekt teilzunehmen!<\/p>\n<p>&nbsp;<\/p>\n<p><span style=\"color: #808080; font-size: 13px;\">Quelle: www.vdg.pl<\/span><\/p>","protected":false},"excerpt":{"rendered":"<p>Ab dem 1. September 2021 f\u00e4ngt die neue Edition des Projekts &#8220;Deutsch AG&#8221; an.&nbsp;Melden k\u00f6nnen sich Schulen oder Gemeinden.&nbsp;Voraussetzung:&nbsp;die Anzahl der Gruppe betr\u00e4gt von 5 bis 15 Sch\u00fcler und die Schule\/ bzw. Gemeinde muss die Schulr\u00e4umlichkeiten kostenfrei zur Verf\u00fcgung stellen.&nbsp;Es k\u00f6nnen sich auch neue Gruppen anmelden.&nbsp; Das Projekt &#8220;Deutsch AG&#8221; richtet sich an Sch\u00fcler der [&hellip;]<\/p>\n","protected":false},"author":7,"featured_media":26254,"comment_status":"closed","ping_status":"open","sticky":false,"template":"","format":"standard","meta":{"footnotes":""},"categories":[1],"tags":[],"class_list":["post-26253","post","type-post","status-publish","format-standard","has-post-thumbnail","hentry","category-aktualnosci"],"yoast_head":"<!-- This site is optimized with the Yoast SEO plugin v18.9 - https:\/\/yoast.com\/wordpress\/plugins\/seo\/ -->\n<title>Das Projekt &quot;Deutsch AG&quot; - Herbstedition 2021 - Deutsche Minderheit, Sozial-Kulturelle Gesellschaft der Deutschen im Oppelner Schlesien<\/title>\n<meta name=\"robots\" content=\"index, follow, max-snippet:-1, max-image-preview:large, max-video-preview:-1\" \/>\n<link rel=\"canonical\" href=\"https:\/\/skgd.pl\/projektu-deutsch-ag-edycja-jesien-2021\/\" \/>\n<meta property=\"og:locale\" content=\"de_DE\" \/>\n<meta property=\"og:type\" content=\"article\" \/>\n<meta property=\"og:title\" content=\"Das Projekt &quot;Deutsch AG&quot; - Herbstedition 2021 - Deutsche Minderheit, Sozial-Kulturelle Gesellschaft der Deutschen im Oppelner Schlesien\" \/>\n<meta property=\"og:description\" content=\"Ab dem 1. September 2021 f\u00e4ngt die neue Edition des Projekts &#8220;Deutsch AG&#8221; an.&nbsp;Melden k\u00f6nnen sich Schulen oder Gemeinden.&nbsp;Voraussetzung:&nbsp;die Anzahl der Gruppe betr\u00e4gt von 5 bis 15 Sch\u00fcler und die Schule\/ bzw. Gemeinde muss die Schulr\u00e4umlichkeiten kostenfrei zur Verf\u00fcgung stellen.&nbsp;Es k\u00f6nnen sich auch neue Gruppen anmelden.&nbsp; Das Projekt &#8220;Deutsch AG&#8221; richtet sich an Sch\u00fcler der [&hellip;]\" \/>\n<meta property=\"og:url\" content=\"https:\/\/skgd.pl\/projektu-deutsch-ag-edycja-jesien-2021\/\" \/>\n<meta property=\"og:site_name\" content=\"Deutsche Minderheit, Sozial-Kulturelle Gesellschaft der Deutschen im Oppelner Schlesien\" \/>\n<meta property=\"article:published_time\" content=\"2021-05-07T07:30:55+00:00\" \/>\n<meta property=\"article:modified_time\" content=\"2021-05-06T07:36:39+00:00\" \/>\n<meta property=\"og:image\" content=\"https:\/\/skgd.pl\/wp-content\/uploads\/2021\/05\/deutsch-AG.jpg\" \/>\n\t<meta property=\"og:image:width\" content=\"829\" \/>\n\t<meta property=\"og:image:height\" content=\"588\" \/>\n\t<meta property=\"og:image:type\" content=\"image\/jpeg\" \/>\n<meta name=\"twitter:card\" content=\"summary_large_image\" \/>\n<meta name=\"twitter:label1\" content=\"Verfasst von\" \/>\n\t<meta name=\"twitter:data1\" content=\"Zuzanna Herud\" \/>\n\t<meta name=\"twitter:label2\" content=\"Gesch\u00e4tzte Lesezeit\" \/>\n\t<meta name=\"twitter:data2\" content=\"2\u00a0Minuten\" \/>\n<script type=\"application\/ld+json\" class=\"yoast-schema-graph\">{\"@context\":\"https:\/\/schema.org\",\"@graph\":[{\"@type\":\"WebSite\",\"@id\":\"https:\/\/skgd.pl\/#website\",\"url\":\"https:\/\/skgd.pl\/\",\"name\":\"Deutsche Minderheit, Sozial-Kulturelle Gesellschaft der Deutschen im Oppelner Schlesien\",\"description\":\"Deutsche Minderheit in Polen\",\"potentialAction\":[{\"@type\":\"SearchAction\",\"target\":{\"@type\":\"EntryPoint\",\"urlTemplate\":\"https:\/\/skgd.pl\/?s={search_term_string}\"},\"query-input\":\"required name=search_term_string\"}],\"inLanguage\":\"de\"},{\"@type\":\"ImageObject\",\"inLanguage\":\"de\",\"@id\":\"https:\/\/skgd.pl\/projektu-deutsch-ag-edycja-jesien-2021\/#primaryimage\",\"url\":\"https:\/\/skgd.pl\/wp-content\/uploads\/2021\/05\/deutsch-AG.jpg\",\"contentUrl\":\"https:\/\/skgd.pl\/wp-content\/uploads\/2021\/05\/deutsch-AG.jpg\",\"width\":829,\"height\":588},{\"@type\":\"WebPage\",\"@id\":\"https:\/\/skgd.pl\/projektu-deutsch-ag-edycja-jesien-2021\/#webpage\",\"url\":\"https:\/\/skgd.pl\/projektu-deutsch-ag-edycja-jesien-2021\/\",\"name\":\"Das Projekt \\\"Deutsch AG\\\" - Herbstedition 2021 - Deutsche Minderheit, Sozial-Kulturelle Gesellschaft der Deutschen im Oppelner Schlesien\",\"isPartOf\":{\"@id\":\"https:\/\/skgd.pl\/#website\"},\"primaryImageOfPage\":{\"@id\":\"https:\/\/skgd.pl\/projektu-deutsch-ag-edycja-jesien-2021\/#primaryimage\"},\"datePublished\":\"2021-05-07T07:30:55+00:00\",\"dateModified\":\"2021-05-06T07:36:39+00:00\",\"author\":{\"@id\":\"https:\/\/skgd.pl\/#\/schema\/person\/dcdd6dd89280fa49735a207f6d6dccd2\"},\"breadcrumb\":{\"@id\":\"https:\/\/skgd.pl\/projektu-deutsch-ag-edycja-jesien-2021\/#breadcrumb\"},\"inLanguage\":\"de\",\"potentialAction\":[{\"@type\":\"ReadAction\",\"target\":[\"https:\/\/skgd.pl\/projektu-deutsch-ag-edycja-jesien-2021\/\"]}]},{\"@type\":\"BreadcrumbList\",\"@id\":\"https:\/\/skgd.pl\/projektu-deutsch-ag-edycja-jesien-2021\/#breadcrumb\",\"itemListElement\":[{\"@type\":\"ListItem\",\"position\":1,\"name\":\"Strona g\u0142\u00f3wna\",\"item\":\"https:\/\/skgd.pl\/\"},{\"@type\":\"ListItem\",\"position\":2,\"name\":\"Projektu &#8220;Deutsch AG&#8221; &#8211; Edycja jesie\u0144 2021\"}]},{\"@type\":\"Person\",\"@id\":\"https:\/\/skgd.pl\/#\/schema\/person\/dcdd6dd89280fa49735a207f6d6dccd2\",\"name\":\"Zuzanna Herud\",\"image\":{\"@type\":\"ImageObject\",\"inLanguage\":\"de\",\"@id\":\"https:\/\/skgd.pl\/#\/schema\/person\/image\/\",\"url\":\"https:\/\/secure.gravatar.com\/avatar\/a01f92cb4421a03a6fa61cc64f8d96dc?s=96&d=mm&r=g\",\"contentUrl\":\"https:\/\/secure.gravatar.com\/avatar\/a01f92cb4421a03a6fa61cc64f8d96dc?s=96&d=mm&r=g\",\"caption\":\"Zuzanna Herud\"},\"url\":\"https:\/\/skgd.pl\/de\/author\/zuzanna\/\"}]}<\/script>\n<!-- \/ Yoast SEO plugin. -->","yoast_head_json":{"title":"Das Projekt \"Deutsch AG\" - Herbstedition 2021 - Deutsche Minderheit, Sozial-Kulturelle Gesellschaft der Deutschen im Oppelner Schlesien","robots":{"index":"index","follow":"follow","max-snippet":"max-snippet:-1","max-image-preview":"max-image-preview:large","max-video-preview":"max-video-preview:-1"},"canonical":"https:\/\/skgd.pl\/projektu-deutsch-ag-edycja-jesien-2021\/","og_locale":"de_DE","og_type":"article","og_title":"Das Projekt \"Deutsch AG\" - Herbstedition 2021 - Deutsche Minderheit, Sozial-Kulturelle Gesellschaft der Deutschen im Oppelner Schlesien","og_description":"Ab dem 1. September 2021 f\u00e4ngt die neue Edition des Projekts &#8220;Deutsch AG&#8221; an.&nbsp;Melden k\u00f6nnen sich Schulen oder Gemeinden.&nbsp;Voraussetzung:&nbsp;die Anzahl der Gruppe betr\u00e4gt von 5 bis 15 Sch\u00fcler und die Schule\/ bzw. Gemeinde muss die Schulr\u00e4umlichkeiten kostenfrei zur Verf\u00fcgung stellen.&nbsp;Es k\u00f6nnen sich auch neue Gruppen anmelden.&nbsp; Das Projekt &#8220;Deutsch AG&#8221; richtet sich an Sch\u00fcler der [&hellip;]","og_url":"https:\/\/skgd.pl\/projektu-deutsch-ag-edycja-jesien-2021\/","og_site_name":"Deutsche Minderheit, Sozial-Kulturelle Gesellschaft der Deutschen im Oppelner Schlesien","article_published_time":"2021-05-07T07:30:55+00:00","article_modified_time":"2021-05-06T07:36:39+00:00","og_image":[{"width":829,"height":588,"url":"https:\/\/skgd.pl\/wp-content\/uploads\/2021\/05\/deutsch-AG.jpg","type":"image\/jpeg"}],"twitter_card":"summary_large_image","twitter_misc":{"Verfasst von":"Zuzanna Herud","Gesch\u00e4tzte Lesezeit":"2\u00a0Minuten"},"schema":{"@context":"https:\/\/schema.org","@graph":[{"@type":"WebSite","@id":"https:\/\/skgd.pl\/#website","url":"https:\/\/skgd.pl\/","name":"Deutsche Minderheit, Sozial-Kulturelle Gesellschaft der Deutschen im Oppelner Schlesien","description":"Deutsche Minderheit in Polen","potentialAction":[{"@type":"SearchAction","target":{"@type":"EntryPoint","urlTemplate":"https:\/\/skgd.pl\/?s={search_term_string}"},"query-input":"required name=search_term_string"}],"inLanguage":"de"},{"@type":"ImageObject","inLanguage":"de","@id":"https:\/\/skgd.pl\/projektu-deutsch-ag-edycja-jesien-2021\/#primaryimage","url":"https:\/\/skgd.pl\/wp-content\/uploads\/2021\/05\/deutsch-AG.jpg","contentUrl":"https:\/\/skgd.pl\/wp-content\/uploads\/2021\/05\/deutsch-AG.jpg","width":829,"height":588},{"@type":"WebPage","@id":"https:\/\/skgd.pl\/projektu-deutsch-ag-edycja-jesien-2021\/#webpage","url":"https:\/\/skgd.pl\/projektu-deutsch-ag-edycja-jesien-2021\/","name":"Das Projekt \"Deutsch AG\" - Herbstedition 2021 - Deutsche Minderheit, Sozial-Kulturelle Gesellschaft der Deutschen im Oppelner Schlesien","isPartOf":{"@id":"https:\/\/skgd.pl\/#website"},"primaryImageOfPage":{"@id":"https:\/\/skgd.pl\/projektu-deutsch-ag-edycja-jesien-2021\/#primaryimage"},"datePublished":"2021-05-07T07:30:55+00:00","dateModified":"2021-05-06T07:36:39+00:00","author":{"@id":"https:\/\/skgd.pl\/#\/schema\/person\/dcdd6dd89280fa49735a207f6d6dccd2"},"breadcrumb":{"@id":"https:\/\/skgd.pl\/projektu-deutsch-ag-edycja-jesien-2021\/#breadcrumb"},"inLanguage":"de","potentialAction":[{"@type":"ReadAction","target":["https:\/\/skgd.pl\/projektu-deutsch-ag-edycja-jesien-2021\/"]}]},{"@type":"BreadcrumbList","@id":"https:\/\/skgd.pl\/projektu-deutsch-ag-edycja-jesien-2021\/#breadcrumb","itemListElement":[{"@type":"ListItem","position":1,"name":"Strona g\u0142\u00f3wna","item":"https:\/\/skgd.pl\/"},{"@type":"ListItem","position":2,"name":"Projektu &#8220;Deutsch AG&#8221; &#8211; Edycja jesie\u0144 2021"}]},{"@type":"Person","@id":"https:\/\/skgd.pl\/#\/schema\/person\/dcdd6dd89280fa49735a207f6d6dccd2","name":"Zuzanna Herud","image":{"@type":"ImageObject","inLanguage":"de","@id":"https:\/\/skgd.pl\/#\/schema\/person\/image\/","url":"https:\/\/secure.gravatar.com\/avatar\/a01f92cb4421a03a6fa61cc64f8d96dc?s=96&d=mm&r=g","contentUrl":"https:\/\/secure.gravatar.com\/avatar\/a01f92cb4421a03a6fa61cc64f8d96dc?s=96&d=mm&r=g","caption":"Zuzanna Herud"},"url":"https:\/\/skgd.pl\/de\/author\/zuzanna\/"}]}},"_links":{"self":[{"href":"https:\/\/skgd.pl\/de\/wp-json\/wp\/v2\/posts\/26253","targetHints":{"allow":["GET"]}}],"collection":[{"href":"https:\/\/skgd.pl\/de\/wp-json\/wp\/v2\/posts"}],"about":[{"href":"https:\/\/skgd.pl\/de\/wp-json\/wp\/v2\/types\/post"}],"author":[{"embeddable":true,"href":"https:\/\/skgd.pl\/de\/wp-json\/wp\/v2\/users\/7"}],"replies":[{"embeddable":true,"href":"https:\/\/skgd.pl\/de\/wp-json\/wp\/v2\/comments?post=26253"}],"version-history":[{"count":1,"href":"https:\/\/skgd.pl\/de\/wp-json\/wp\/v2\/posts\/26253\/revisions"}],"predecessor-version":[{"id":26257,"href":"https:\/\/skgd.pl\/de\/wp-json\/wp\/v2\/posts\/26253\/revisions\/26257"}],"wp:featuredmedia":[{"embeddable":true,"href":"https:\/\/skgd.pl\/de\/wp-json\/wp\/v2\/media\/26254"}],"wp:attachment":[{"href":"https:\/\/skgd.pl\/de\/wp-json\/wp\/v2\/media?parent=26253"}],"wp:term":[{"taxonomy":"category","embeddable":true,"href":"https:\/\/skgd.pl\/de\/wp-json\/wp\/v2\/categories?post=26253"},{"taxonomy":"post_tag","embeddable":true,"href":"https:\/\/skgd.pl\/de\/wp-json\/wp\/v2\/tags?post=26253"}],"curies":[{"name":"wp","href":"https:\/\/api.w.org\/{rel}","templated":true}]}}