{"id":26217,"date":"2021-05-06T16:30:35","date_gmt":"2021-05-06T14:30:35","guid":{"rendered":"https:\/\/skgd.pl\/?p=26217"},"modified":"2021-05-05T11:34:20","modified_gmt":"2021-05-05T09:34:20","slug":"zmiana-terminow-zebran-rocznych-w-dfk","status":"publish","type":"post","link":"https:\/\/skgd.pl\/de\/zmiana-terminow-zebran-rocznych-w-dfk\/","title":{"rendered":"\u00c4nderung der Termine der Jahresversammlungen in den DFKs"},"content":{"rendered":"<p><\/p>\n<p style=\"text-align: justify;\">Gem\u00e4\u00df der Verordnung des Ministers f\u00fcr Finanzen, Fonds und Regionalpolitik vom 26. M\u00e4rz 2021 \u00fcber die Festlegung anderer Fristen f\u00fcr die Erf\u00fcllung von Pflichten im Bereich der Evidenzen und im Bereich der Erstellung, Genehmigung, Bereitstellung und Weiterleitung von Berichten oder Informationen an das entsprechende Register, Einheit oder Beh\u00f6rde hat der Vorstand der Sozial-Kulturellen Gesellschaft der Deutschen in Oppelner Schlesien die Termine der Jahresversammlungen f\u00fcr das Jahr 2020 in den Strukturen ge\u00e4ndert.&nbsp;<\/p>\n<p style=\"text-align: justify;\"><img loading=\"lazy\" decoding=\"async\" class=\"aligncenter wp-image-26218 size-large\" src=\"https:\/\/skgd.pl\/wp-content\/uploads\/2021\/05\/Uchwala_zmiana-terminow-zebran-rocznych-1-724x1024.jpg\" alt=\"\" width=\"724\" height=\"1024\" srcset=\"https:\/\/skgd.pl\/wp-content\/uploads\/2021\/05\/Uchwala_zmiana-terminow-zebran-rocznych-1-724x1024.jpg 724w, https:\/\/skgd.pl\/wp-content\/uploads\/2021\/05\/Uchwala_zmiana-terminow-zebran-rocznych-1-600x848.jpg 600w, https:\/\/skgd.pl\/wp-content\/uploads\/2021\/05\/Uchwala_zmiana-terminow-zebran-rocznych-1-212x300.jpg 212w, https:\/\/skgd.pl\/wp-content\/uploads\/2021\/05\/Uchwala_zmiana-terminow-zebran-rocznych-1-768x1086.jpg 768w, https:\/\/skgd.pl\/wp-content\/uploads\/2021\/05\/Uchwala_zmiana-terminow-zebran-rocznych-1-1086x1536.jpg 1086w, https:\/\/skgd.pl\/wp-content\/uploads\/2021\/05\/Uchwala_zmiana-terminow-zebran-rocznych-1-1448x2048.jpg 1448w, https:\/\/skgd.pl\/wp-content\/uploads\/2021\/05\/Uchwala_zmiana-terminow-zebran-rocznych-1-800x1131.jpg 800w, https:\/\/skgd.pl\/wp-content\/uploads\/2021\/05\/Uchwala_zmiana-terminow-zebran-rocznych-1.jpg 1654w\" sizes=\"auto, (max-width: 724px) 100vw, 724px\" \/><img loading=\"lazy\" decoding=\"async\" class=\"aligncenter wp-image-26219 size-large\" src=\"https:\/\/skgd.pl\/wp-content\/uploads\/2021\/05\/Uchwala_zmiana-terminow-zebran-rocznych-2-724x1024.jpg\" alt=\"\" width=\"724\" height=\"1024\" srcset=\"https:\/\/skgd.pl\/wp-content\/uploads\/2021\/05\/Uchwala_zmiana-terminow-zebran-rocznych-2-724x1024.jpg 724w, https:\/\/skgd.pl\/wp-content\/uploads\/2021\/05\/Uchwala_zmiana-terminow-zebran-rocznych-2-600x848.jpg 600w, https:\/\/skgd.pl\/wp-content\/uploads\/2021\/05\/Uchwala_zmiana-terminow-zebran-rocznych-2-212x300.jpg 212w, https:\/\/skgd.pl\/wp-content\/uploads\/2021\/05\/Uchwala_zmiana-terminow-zebran-rocznych-2-768x1086.jpg 768w, https:\/\/skgd.pl\/wp-content\/uploads\/2021\/05\/Uchwala_zmiana-terminow-zebran-rocznych-2-1086x1536.jpg 1086w, https:\/\/skgd.pl\/wp-content\/uploads\/2021\/05\/Uchwala_zmiana-terminow-zebran-rocznych-2-1448x2048.jpg 1448w, https:\/\/skgd.pl\/wp-content\/uploads\/2021\/05\/Uchwala_zmiana-terminow-zebran-rocznych-2-800x1131.jpg 800w, https:\/\/skgd.pl\/wp-content\/uploads\/2021\/05\/Uchwala_zmiana-terminow-zebran-rocznych-2.jpg 1654w\" sizes=\"auto, (max-width: 724px) 100vw, 724px\" \/><\/p>\n<p><\/p>","protected":false},"excerpt":{"rendered":"<p>Gem\u00e4\u00df der Verordnung des Ministers f\u00fcr Finanzen, Fonds und Regionalpolitik vom 26. M\u00e4rz 2021 \u00fcber die Festlegung anderer Fristen f\u00fcr die Erf\u00fcllung von Pflichten im Bereich der Evidenzen und im Bereich der Erstellung, Genehmigung, Bereitstellung und Weiterleitung von Berichten oder Informationen an das entsprechende Register, Einheit oder Beh\u00f6rde hat der Vorstand der Sozial-Kulturellen Gesellschaft der [&hellip;]<\/p>\n","protected":false},"author":7,"featured_media":24522,"comment_status":"closed","ping_status":"open","sticky":false,"template":"","format":"standard","meta":{"footnotes":""},"categories":[1],"tags":[],"class_list":["post-26217","post","type-post","status-publish","format-standard","has-post-thumbnail","hentry","category-aktualnosci"],"yoast_head":"<!-- This site is optimized with the Yoast SEO plugin v18.9 - https:\/\/yoast.com\/wordpress\/plugins\/seo\/ -->\n<title>\u00c4nderung der Termine der Jahresversammlungen in den DFKs - Deutsche Minderheit, Sozial-Kulturelle Gesellschaft der Deutschen im Oppelner Schlesien<\/title>\n<meta name=\"robots\" content=\"index, follow, max-snippet:-1, max-image-preview:large, max-video-preview:-1\" \/>\n<link rel=\"canonical\" href=\"https:\/\/skgd.pl\/de\/zmiana-terminow-zebran-rocznych-w-dfk\/\" \/>\n<meta property=\"og:locale\" content=\"de_DE\" \/>\n<meta property=\"og:type\" content=\"article\" \/>\n<meta property=\"og:title\" content=\"\u00c4nderung der Termine der Jahresversammlungen in den DFKs - Deutsche Minderheit, Sozial-Kulturelle Gesellschaft der Deutschen im Oppelner Schlesien\" \/>\n<meta property=\"og:description\" content=\"Gem\u00e4\u00df der Verordnung des Ministers f\u00fcr Finanzen, Fonds und Regionalpolitik vom 26. M\u00e4rz 2021 \u00fcber die Festlegung anderer Fristen f\u00fcr die Erf\u00fcllung von Pflichten im Bereich der Evidenzen und im Bereich der Erstellung, Genehmigung, Bereitstellung und Weiterleitung von Berichten oder Informationen an das entsprechende Register, Einheit oder Beh\u00f6rde hat der Vorstand der Sozial-Kulturellen Gesellschaft der [&hellip;]\" \/>\n<meta property=\"og:url\" content=\"https:\/\/skgd.pl\/de\/zmiana-terminow-zebran-rocznych-w-dfk\/\" \/>\n<meta property=\"og:site_name\" content=\"Deutsche Minderheit, Sozial-Kulturelle Gesellschaft der Deutschen im Oppelner Schlesien\" \/>\n<meta property=\"article:published_time\" content=\"2021-05-06T14:30:35+00:00\" \/>\n<meta property=\"article:modified_time\" content=\"2021-05-05T09:34:20+00:00\" \/>\n<meta property=\"og:image\" content=\"https:\/\/skgd.pl\/wp-content\/uploads\/2020\/08\/DSC_0080-scaled.jpg\" \/>\n\t<meta property=\"og:image:width\" content=\"2560\" \/>\n\t<meta property=\"og:image:height\" content=\"1696\" \/>\n\t<meta property=\"og:image:type\" content=\"image\/jpeg\" \/>\n<meta name=\"twitter:card\" content=\"summary_large_image\" \/>\n<meta name=\"twitter:label1\" content=\"Verfasst von\" \/>\n\t<meta name=\"twitter:data1\" content=\"Zuzanna Herud\" \/>\n\t<meta name=\"twitter:label2\" content=\"Gesch\u00e4tzte Lesezeit\" \/>\n\t<meta name=\"twitter:data2\" content=\"1\u00a0Minute\" \/>\n<script type=\"application\/ld+json\" class=\"yoast-schema-graph\">{\"@context\":\"https:\/\/schema.org\",\"@graph\":[{\"@type\":\"WebSite\",\"@id\":\"https:\/\/skgd.pl\/#website\",\"url\":\"https:\/\/skgd.pl\/\",\"name\":\"Deutsche Minderheit, Sozial-Kulturelle Gesellschaft der Deutschen im Oppelner Schlesien\",\"description\":\"Deutsche Minderheit in Polen\",\"potentialAction\":[{\"@type\":\"SearchAction\",\"target\":{\"@type\":\"EntryPoint\",\"urlTemplate\":\"https:\/\/skgd.pl\/?s={search_term_string}\"},\"query-input\":\"required name=search_term_string\"}],\"inLanguage\":\"de\"},{\"@type\":\"ImageObject\",\"inLanguage\":\"de\",\"@id\":\"https:\/\/skgd.pl\/de\/zmiana-terminow-zebran-rocznych-w-dfk\/#primaryimage\",\"url\":\"https:\/\/skgd.pl\/wp-content\/uploads\/2020\/08\/DSC_0080-scaled.jpg\",\"contentUrl\":\"https:\/\/skgd.pl\/wp-content\/uploads\/2020\/08\/DSC_0080-scaled.jpg\",\"width\":2560,\"height\":1696},{\"@type\":\"WebPage\",\"@id\":\"https:\/\/skgd.pl\/de\/zmiana-terminow-zebran-rocznych-w-dfk\/#webpage\",\"url\":\"https:\/\/skgd.pl\/de\/zmiana-terminow-zebran-rocznych-w-dfk\/\",\"name\":\"\u00c4nderung der Termine der Jahresversammlungen in den DFKs - Deutsche Minderheit, Sozial-Kulturelle Gesellschaft der Deutschen im Oppelner Schlesien\",\"isPartOf\":{\"@id\":\"https:\/\/skgd.pl\/#website\"},\"primaryImageOfPage\":{\"@id\":\"https:\/\/skgd.pl\/de\/zmiana-terminow-zebran-rocznych-w-dfk\/#primaryimage\"},\"datePublished\":\"2021-05-06T14:30:35+00:00\",\"dateModified\":\"2021-05-05T09:34:20+00:00\",\"author\":{\"@id\":\"https:\/\/skgd.pl\/#\/schema\/person\/dcdd6dd89280fa49735a207f6d6dccd2\"},\"breadcrumb\":{\"@id\":\"https:\/\/skgd.pl\/de\/zmiana-terminow-zebran-rocznych-w-dfk\/#breadcrumb\"},\"inLanguage\":\"de\",\"potentialAction\":[{\"@type\":\"ReadAction\",\"target\":[\"https:\/\/skgd.pl\/de\/zmiana-terminow-zebran-rocznych-w-dfk\/\"]}]},{\"@type\":\"BreadcrumbList\",\"@id\":\"https:\/\/skgd.pl\/de\/zmiana-terminow-zebran-rocznych-w-dfk\/#breadcrumb\",\"itemListElement\":[{\"@type\":\"ListItem\",\"position\":1,\"name\":\"Strona g\u0142\u00f3wna\",\"item\":\"https:\/\/skgd.pl\/\"},{\"@type\":\"ListItem\",\"position\":2,\"name\":\"\u00c4nderung der Termine der Jahresversammlungen in den DFKs\"}]},{\"@type\":\"Person\",\"@id\":\"https:\/\/skgd.pl\/#\/schema\/person\/dcdd6dd89280fa49735a207f6d6dccd2\",\"name\":\"Zuzanna Herud\",\"image\":{\"@type\":\"ImageObject\",\"inLanguage\":\"de\",\"@id\":\"https:\/\/skgd.pl\/#\/schema\/person\/image\/\",\"url\":\"https:\/\/secure.gravatar.com\/avatar\/a01f92cb4421a03a6fa61cc64f8d96dc?s=96&d=mm&r=g\",\"contentUrl\":\"https:\/\/secure.gravatar.com\/avatar\/a01f92cb4421a03a6fa61cc64f8d96dc?s=96&d=mm&r=g\",\"caption\":\"Zuzanna Herud\"},\"url\":\"https:\/\/skgd.pl\/de\/author\/zuzanna\/\"}]}<\/script>\n<!-- \/ Yoast SEO plugin. -->","yoast_head_json":{"title":"\u00c4nderung der Termine der Jahresversammlungen in den DFKs - Deutsche Minderheit, Sozial-Kulturelle Gesellschaft der Deutschen im Oppelner Schlesien","robots":{"index":"index","follow":"follow","max-snippet":"max-snippet:-1","max-image-preview":"max-image-preview:large","max-video-preview":"max-video-preview:-1"},"canonical":"https:\/\/skgd.pl\/de\/zmiana-terminow-zebran-rocznych-w-dfk\/","og_locale":"de_DE","og_type":"article","og_title":"\u00c4nderung der Termine der Jahresversammlungen in den DFKs - Deutsche Minderheit, Sozial-Kulturelle Gesellschaft der Deutschen im Oppelner Schlesien","og_description":"Gem\u00e4\u00df der Verordnung des Ministers f\u00fcr Finanzen, Fonds und Regionalpolitik vom 26. M\u00e4rz 2021 \u00fcber die Festlegung anderer Fristen f\u00fcr die Erf\u00fcllung von Pflichten im Bereich der Evidenzen und im Bereich der Erstellung, Genehmigung, Bereitstellung und Weiterleitung von Berichten oder Informationen an das entsprechende Register, Einheit oder Beh\u00f6rde hat der Vorstand der Sozial-Kulturellen Gesellschaft der [&hellip;]","og_url":"https:\/\/skgd.pl\/de\/zmiana-terminow-zebran-rocznych-w-dfk\/","og_site_name":"Deutsche Minderheit, Sozial-Kulturelle Gesellschaft der Deutschen im Oppelner Schlesien","article_published_time":"2021-05-06T14:30:35+00:00","article_modified_time":"2021-05-05T09:34:20+00:00","og_image":[{"width":2560,"height":1696,"url":"https:\/\/skgd.pl\/wp-content\/uploads\/2020\/08\/DSC_0080-scaled.jpg","type":"image\/jpeg"}],"twitter_card":"summary_large_image","twitter_misc":{"Verfasst von":"Zuzanna Herud","Gesch\u00e4tzte Lesezeit":"1\u00a0Minute"},"schema":{"@context":"https:\/\/schema.org","@graph":[{"@type":"WebSite","@id":"https:\/\/skgd.pl\/#website","url":"https:\/\/skgd.pl\/","name":"Deutsche Minderheit, Sozial-Kulturelle Gesellschaft der Deutschen im Oppelner Schlesien","description":"Deutsche Minderheit in Polen","potentialAction":[{"@type":"SearchAction","target":{"@type":"EntryPoint","urlTemplate":"https:\/\/skgd.pl\/?s={search_term_string}"},"query-input":"required name=search_term_string"}],"inLanguage":"de"},{"@type":"ImageObject","inLanguage":"de","@id":"https:\/\/skgd.pl\/de\/zmiana-terminow-zebran-rocznych-w-dfk\/#primaryimage","url":"https:\/\/skgd.pl\/wp-content\/uploads\/2020\/08\/DSC_0080-scaled.jpg","contentUrl":"https:\/\/skgd.pl\/wp-content\/uploads\/2020\/08\/DSC_0080-scaled.jpg","width":2560,"height":1696},{"@type":"WebPage","@id":"https:\/\/skgd.pl\/de\/zmiana-terminow-zebran-rocznych-w-dfk\/#webpage","url":"https:\/\/skgd.pl\/de\/zmiana-terminow-zebran-rocznych-w-dfk\/","name":"\u00c4nderung der Termine der Jahresversammlungen in den DFKs - Deutsche Minderheit, Sozial-Kulturelle Gesellschaft der Deutschen im Oppelner Schlesien","isPartOf":{"@id":"https:\/\/skgd.pl\/#website"},"primaryImageOfPage":{"@id":"https:\/\/skgd.pl\/de\/zmiana-terminow-zebran-rocznych-w-dfk\/#primaryimage"},"datePublished":"2021-05-06T14:30:35+00:00","dateModified":"2021-05-05T09:34:20+00:00","author":{"@id":"https:\/\/skgd.pl\/#\/schema\/person\/dcdd6dd89280fa49735a207f6d6dccd2"},"breadcrumb":{"@id":"https:\/\/skgd.pl\/de\/zmiana-terminow-zebran-rocznych-w-dfk\/#breadcrumb"},"inLanguage":"de","potentialAction":[{"@type":"ReadAction","target":["https:\/\/skgd.pl\/de\/zmiana-terminow-zebran-rocznych-w-dfk\/"]}]},{"@type":"BreadcrumbList","@id":"https:\/\/skgd.pl\/de\/zmiana-terminow-zebran-rocznych-w-dfk\/#breadcrumb","itemListElement":[{"@type":"ListItem","position":1,"name":"Strona g\u0142\u00f3wna","item":"https:\/\/skgd.pl\/"},{"@type":"ListItem","position":2,"name":"\u00c4nderung der Termine der Jahresversammlungen in den DFKs"}]},{"@type":"Person","@id":"https:\/\/skgd.pl\/#\/schema\/person\/dcdd6dd89280fa49735a207f6d6dccd2","name":"Zuzanna Herud","image":{"@type":"ImageObject","inLanguage":"de","@id":"https:\/\/skgd.pl\/#\/schema\/person\/image\/","url":"https:\/\/secure.gravatar.com\/avatar\/a01f92cb4421a03a6fa61cc64f8d96dc?s=96&d=mm&r=g","contentUrl":"https:\/\/secure.gravatar.com\/avatar\/a01f92cb4421a03a6fa61cc64f8d96dc?s=96&d=mm&r=g","caption":"Zuzanna Herud"},"url":"https:\/\/skgd.pl\/de\/author\/zuzanna\/"}]}},"_links":{"self":[{"href":"https:\/\/skgd.pl\/de\/wp-json\/wp\/v2\/posts\/26217","targetHints":{"allow":["GET"]}}],"collection":[{"href":"https:\/\/skgd.pl\/de\/wp-json\/wp\/v2\/posts"}],"about":[{"href":"https:\/\/skgd.pl\/de\/wp-json\/wp\/v2\/types\/post"}],"author":[{"embeddable":true,"href":"https:\/\/skgd.pl\/de\/wp-json\/wp\/v2\/users\/7"}],"replies":[{"embeddable":true,"href":"https:\/\/skgd.pl\/de\/wp-json\/wp\/v2\/comments?post=26217"}],"version-history":[{"count":1,"href":"https:\/\/skgd.pl\/de\/wp-json\/wp\/v2\/posts\/26217\/revisions"}],"predecessor-version":[{"id":26221,"href":"https:\/\/skgd.pl\/de\/wp-json\/wp\/v2\/posts\/26217\/revisions\/26221"}],"wp:featuredmedia":[{"embeddable":true,"href":"https:\/\/skgd.pl\/de\/wp-json\/wp\/v2\/media\/24522"}],"wp:attachment":[{"href":"https:\/\/skgd.pl\/de\/wp-json\/wp\/v2\/media?parent=26217"}],"wp:term":[{"taxonomy":"category","embeddable":true,"href":"https:\/\/skgd.pl\/de\/wp-json\/wp\/v2\/categories?post=26217"},{"taxonomy":"post_tag","embeddable":true,"href":"https:\/\/skgd.pl\/de\/wp-json\/wp\/v2\/tags?post=26217"}],"curies":[{"name":"wp","href":"https:\/\/api.w.org\/{rel}","templated":true}]}}