{"id":26210,"date":"2021-05-07T14:50:00","date_gmt":"2021-05-07T12:50:00","guid":{"rendered":"https:\/\/skgd.pl\/?p=26210"},"modified":"2021-05-05T11:43:24","modified_gmt":"2021-05-05T09:43:24","slug":"ruszaja-zgloszenia-do-xxix-przegladu-orkiestr-mniejszosci-niemieckiej-lesnica-2021","status":"publish","type":"post","link":"https:\/\/skgd.pl\/de\/ruszaja-zgloszenia-do-xxix-przegladu-orkiestr-mniejszosci-niemieckiej-lesnica-2021\/","title":{"rendered":"Es starten die Anmeldungen zum 29. Revue der Blasorchester der Deutschen Minderheit Leschnitz 2021"},"content":{"rendered":"<p><span>Der Schlesische Selbstverwaltungsverband<\/span> <span>organisiert zum XXIX Mal in Zusammenarbeit<\/span> mit dem Zentrum f\u00fcr Kultur und Erholung in Leschnitz das Revue der Blasorchester der Deutschen Minderheit Leschnitz 2021. Dieses Mal findet die Veranstaltung <strong>online<\/strong> statt.&nbsp;<\/p>\n<p>Alle Orchester und Bands sind zur Teilnahme eingeladen. Um an dem Review teilzunehmen, muss man bis zum <strong>30. Juni 2021<\/strong> das Teilnehmerformular an folgende Adresse schicken: <strong><a href=\"mailto:biuro@stowarzyszenie.lesnica.pl\">biuro@stowarzyszenie.lesnica.pl<\/a><\/strong> und bis zum <strong>30. September 2021<\/strong> ein Video mit einem aufgenommenen Musikst\u00fcck.&nbsp;<\/p>\n<p>Das Reglement des Wettbewerbs und das Anmeldeformular k\u00f6nnen Sie aus der Box rechts herunterladen.&nbsp;<\/p>\n<p>F\u00fcr weitere Informationen kontaktieren Sie bitte Dominika Szablicka: Tel. 77\/46 39 821, E-Mail: <strong><a href=\"mailto:biuro@stowarzyszenie.lesnica.pl\">biuro@stowarzyszenie.lesnica.pl<\/a><\/strong>.&nbsp;<\/p>\n<p>&nbsp;<\/p>","protected":false},"excerpt":{"rendered":"<p>Der Schlesische Selbstverwaltungsverband organisiert zum XXIX Mal in Zusammenarbeit mit dem Zentrum f\u00fcr Kultur und Erholung in Leschnitz das Revue der Blasorchester der Deutschen Minderheit Leschnitz 2021. Dieses Mal findet die Veranstaltung online statt.&nbsp; Alle Orchester und Bands sind zur Teilnahme eingeladen. Um an dem Review teilzunehmen, muss man bis zum 30. Juni 2021 das [&hellip;]<\/p>\n","protected":false},"author":7,"featured_media":26215,"comment_status":"closed","ping_status":"open","sticky":false,"template":"","format":"standard","meta":{"footnotes":""},"categories":[1],"tags":[],"class_list":["post-26210","post","type-post","status-publish","format-standard","has-post-thumbnail","hentry","category-aktualnosci"],"yoast_head":"<!-- This site is optimized with the Yoast SEO plugin v18.9 - https:\/\/yoast.com\/wordpress\/plugins\/seo\/ -->\n<title>Es starten die Anmeldungen zum 29. Revue der Blasorchester der Deutschen Minderheit Leschnitz 2021 - Deutsche Minderheit, Sozial-Kulturelle Gesellschaft der Deutschen im Oppelner Schlesien<\/title>\n<meta name=\"robots\" content=\"index, follow, max-snippet:-1, max-image-preview:large, max-video-preview:-1\" \/>\n<link rel=\"canonical\" href=\"https:\/\/skgd.pl\/ruszaja-zgloszenia-do-xxix-przegladu-orkiestr-mniejszosci-niemieckiej-lesnica-2021\/\" \/>\n<meta property=\"og:locale\" content=\"de_DE\" \/>\n<meta property=\"og:type\" content=\"article\" \/>\n<meta property=\"og:title\" content=\"Es starten die Anmeldungen zum 29. Revue der Blasorchester der Deutschen Minderheit Leschnitz 2021 - Deutsche Minderheit, Sozial-Kulturelle Gesellschaft der Deutschen im Oppelner Schlesien\" \/>\n<meta property=\"og:description\" content=\"Der Schlesische Selbstverwaltungsverband organisiert zum XXIX Mal in Zusammenarbeit mit dem Zentrum f\u00fcr Kultur und Erholung in Leschnitz das Revue der Blasorchester der Deutschen Minderheit Leschnitz 2021. Dieses Mal findet die Veranstaltung online statt.&nbsp; Alle Orchester und Bands sind zur Teilnahme eingeladen. Um an dem Review teilzunehmen, muss man bis zum 30. Juni 2021 das [&hellip;]\" \/>\n<meta property=\"og:url\" content=\"https:\/\/skgd.pl\/ruszaja-zgloszenia-do-xxix-przegladu-orkiestr-mniejszosci-niemieckiej-lesnica-2021\/\" \/>\n<meta property=\"og:site_name\" content=\"Deutsche Minderheit, Sozial-Kulturelle Gesellschaft der Deutschen im Oppelner Schlesien\" \/>\n<meta property=\"article:published_time\" content=\"2021-05-07T12:50:00+00:00\" \/>\n<meta property=\"article:modified_time\" content=\"2021-05-05T09:43:24+00:00\" \/>\n<meta property=\"og:image\" content=\"https:\/\/skgd.pl\/wp-content\/uploads\/2021\/05\/LESCHNITZ-2019.jpg\" \/>\n\t<meta property=\"og:image:width\" content=\"2245\" \/>\n\t<meta property=\"og:image:height\" content=\"1587\" \/>\n\t<meta property=\"og:image:type\" content=\"image\/jpeg\" \/>\n<meta name=\"twitter:card\" content=\"summary_large_image\" \/>\n<meta name=\"twitter:label1\" content=\"Verfasst von\" \/>\n\t<meta name=\"twitter:data1\" content=\"Zuzanna Herud\" \/>\n\t<meta name=\"twitter:label2\" content=\"Gesch\u00e4tzte Lesezeit\" \/>\n\t<meta name=\"twitter:data2\" content=\"1\u00a0Minute\" \/>\n<script type=\"application\/ld+json\" class=\"yoast-schema-graph\">{\"@context\":\"https:\/\/schema.org\",\"@graph\":[{\"@type\":\"WebSite\",\"@id\":\"https:\/\/skgd.pl\/#website\",\"url\":\"https:\/\/skgd.pl\/\",\"name\":\"Deutsche Minderheit, Sozial-Kulturelle Gesellschaft der Deutschen im Oppelner Schlesien\",\"description\":\"Deutsche Minderheit in Polen\",\"potentialAction\":[{\"@type\":\"SearchAction\",\"target\":{\"@type\":\"EntryPoint\",\"urlTemplate\":\"https:\/\/skgd.pl\/?s={search_term_string}\"},\"query-input\":\"required name=search_term_string\"}],\"inLanguage\":\"de\"},{\"@type\":\"ImageObject\",\"inLanguage\":\"de\",\"@id\":\"https:\/\/skgd.pl\/ruszaja-zgloszenia-do-xxix-przegladu-orkiestr-mniejszosci-niemieckiej-lesnica-2021\/#primaryimage\",\"url\":\"https:\/\/skgd.pl\/wp-content\/uploads\/2021\/05\/LESCHNITZ-2019.jpg\",\"contentUrl\":\"https:\/\/skgd.pl\/wp-content\/uploads\/2021\/05\/LESCHNITZ-2019.jpg\",\"width\":2245,\"height\":1587},{\"@type\":\"WebPage\",\"@id\":\"https:\/\/skgd.pl\/ruszaja-zgloszenia-do-xxix-przegladu-orkiestr-mniejszosci-niemieckiej-lesnica-2021\/#webpage\",\"url\":\"https:\/\/skgd.pl\/ruszaja-zgloszenia-do-xxix-przegladu-orkiestr-mniejszosci-niemieckiej-lesnica-2021\/\",\"name\":\"Es starten die Anmeldungen zum 29. Revue der Blasorchester der Deutschen Minderheit Leschnitz 2021 - Deutsche Minderheit, Sozial-Kulturelle Gesellschaft der Deutschen im Oppelner Schlesien\",\"isPartOf\":{\"@id\":\"https:\/\/skgd.pl\/#website\"},\"primaryImageOfPage\":{\"@id\":\"https:\/\/skgd.pl\/ruszaja-zgloszenia-do-xxix-przegladu-orkiestr-mniejszosci-niemieckiej-lesnica-2021\/#primaryimage\"},\"datePublished\":\"2021-05-07T12:50:00+00:00\",\"dateModified\":\"2021-05-05T09:43:24+00:00\",\"author\":{\"@id\":\"https:\/\/skgd.pl\/#\/schema\/person\/dcdd6dd89280fa49735a207f6d6dccd2\"},\"breadcrumb\":{\"@id\":\"https:\/\/skgd.pl\/ruszaja-zgloszenia-do-xxix-przegladu-orkiestr-mniejszosci-niemieckiej-lesnica-2021\/#breadcrumb\"},\"inLanguage\":\"de\",\"potentialAction\":[{\"@type\":\"ReadAction\",\"target\":[\"https:\/\/skgd.pl\/ruszaja-zgloszenia-do-xxix-przegladu-orkiestr-mniejszosci-niemieckiej-lesnica-2021\/\"]}]},{\"@type\":\"BreadcrumbList\",\"@id\":\"https:\/\/skgd.pl\/ruszaja-zgloszenia-do-xxix-przegladu-orkiestr-mniejszosci-niemieckiej-lesnica-2021\/#breadcrumb\",\"itemListElement\":[{\"@type\":\"ListItem\",\"position\":1,\"name\":\"Strona g\u0142\u00f3wna\",\"item\":\"https:\/\/skgd.pl\/\"},{\"@type\":\"ListItem\",\"position\":2,\"name\":\"Ruszaj\u0105 zg\u0142oszenia do XXIX Przegl\u0105du Orkiestr Mniejszo\u015bci Niemieckiej Le\u015bnica 2021\"}]},{\"@type\":\"Person\",\"@id\":\"https:\/\/skgd.pl\/#\/schema\/person\/dcdd6dd89280fa49735a207f6d6dccd2\",\"name\":\"Zuzanna Herud\",\"image\":{\"@type\":\"ImageObject\",\"inLanguage\":\"de\",\"@id\":\"https:\/\/skgd.pl\/#\/schema\/person\/image\/\",\"url\":\"https:\/\/secure.gravatar.com\/avatar\/a01f92cb4421a03a6fa61cc64f8d96dc?s=96&d=mm&r=g\",\"contentUrl\":\"https:\/\/secure.gravatar.com\/avatar\/a01f92cb4421a03a6fa61cc64f8d96dc?s=96&d=mm&r=g\",\"caption\":\"Zuzanna Herud\"},\"url\":\"https:\/\/skgd.pl\/de\/author\/zuzanna\/\"}]}<\/script>\n<!-- \/ Yoast SEO plugin. -->","yoast_head_json":{"title":"Es starten die Anmeldungen zum 29. Revue der Blasorchester der Deutschen Minderheit Leschnitz 2021 - Deutsche Minderheit, Sozial-Kulturelle Gesellschaft der Deutschen im Oppelner Schlesien","robots":{"index":"index","follow":"follow","max-snippet":"max-snippet:-1","max-image-preview":"max-image-preview:large","max-video-preview":"max-video-preview:-1"},"canonical":"https:\/\/skgd.pl\/ruszaja-zgloszenia-do-xxix-przegladu-orkiestr-mniejszosci-niemieckiej-lesnica-2021\/","og_locale":"de_DE","og_type":"article","og_title":"Es starten die Anmeldungen zum 29. Revue der Blasorchester der Deutschen Minderheit Leschnitz 2021 - Deutsche Minderheit, Sozial-Kulturelle Gesellschaft der Deutschen im Oppelner Schlesien","og_description":"Der Schlesische Selbstverwaltungsverband organisiert zum XXIX Mal in Zusammenarbeit mit dem Zentrum f\u00fcr Kultur und Erholung in Leschnitz das Revue der Blasorchester der Deutschen Minderheit Leschnitz 2021. Dieses Mal findet die Veranstaltung online statt.&nbsp; Alle Orchester und Bands sind zur Teilnahme eingeladen. Um an dem Review teilzunehmen, muss man bis zum 30. Juni 2021 das [&hellip;]","og_url":"https:\/\/skgd.pl\/ruszaja-zgloszenia-do-xxix-przegladu-orkiestr-mniejszosci-niemieckiej-lesnica-2021\/","og_site_name":"Deutsche Minderheit, Sozial-Kulturelle Gesellschaft der Deutschen im Oppelner Schlesien","article_published_time":"2021-05-07T12:50:00+00:00","article_modified_time":"2021-05-05T09:43:24+00:00","og_image":[{"width":2245,"height":1587,"url":"https:\/\/skgd.pl\/wp-content\/uploads\/2021\/05\/LESCHNITZ-2019.jpg","type":"image\/jpeg"}],"twitter_card":"summary_large_image","twitter_misc":{"Verfasst von":"Zuzanna Herud","Gesch\u00e4tzte Lesezeit":"1\u00a0Minute"},"schema":{"@context":"https:\/\/schema.org","@graph":[{"@type":"WebSite","@id":"https:\/\/skgd.pl\/#website","url":"https:\/\/skgd.pl\/","name":"Deutsche Minderheit, Sozial-Kulturelle Gesellschaft der Deutschen im Oppelner Schlesien","description":"Deutsche Minderheit in Polen","potentialAction":[{"@type":"SearchAction","target":{"@type":"EntryPoint","urlTemplate":"https:\/\/skgd.pl\/?s={search_term_string}"},"query-input":"required name=search_term_string"}],"inLanguage":"de"},{"@type":"ImageObject","inLanguage":"de","@id":"https:\/\/skgd.pl\/ruszaja-zgloszenia-do-xxix-przegladu-orkiestr-mniejszosci-niemieckiej-lesnica-2021\/#primaryimage","url":"https:\/\/skgd.pl\/wp-content\/uploads\/2021\/05\/LESCHNITZ-2019.jpg","contentUrl":"https:\/\/skgd.pl\/wp-content\/uploads\/2021\/05\/LESCHNITZ-2019.jpg","width":2245,"height":1587},{"@type":"WebPage","@id":"https:\/\/skgd.pl\/ruszaja-zgloszenia-do-xxix-przegladu-orkiestr-mniejszosci-niemieckiej-lesnica-2021\/#webpage","url":"https:\/\/skgd.pl\/ruszaja-zgloszenia-do-xxix-przegladu-orkiestr-mniejszosci-niemieckiej-lesnica-2021\/","name":"Es starten die Anmeldungen zum 29. Revue der Blasorchester der Deutschen Minderheit Leschnitz 2021 - Deutsche Minderheit, Sozial-Kulturelle Gesellschaft der Deutschen im Oppelner Schlesien","isPartOf":{"@id":"https:\/\/skgd.pl\/#website"},"primaryImageOfPage":{"@id":"https:\/\/skgd.pl\/ruszaja-zgloszenia-do-xxix-przegladu-orkiestr-mniejszosci-niemieckiej-lesnica-2021\/#primaryimage"},"datePublished":"2021-05-07T12:50:00+00:00","dateModified":"2021-05-05T09:43:24+00:00","author":{"@id":"https:\/\/skgd.pl\/#\/schema\/person\/dcdd6dd89280fa49735a207f6d6dccd2"},"breadcrumb":{"@id":"https:\/\/skgd.pl\/ruszaja-zgloszenia-do-xxix-przegladu-orkiestr-mniejszosci-niemieckiej-lesnica-2021\/#breadcrumb"},"inLanguage":"de","potentialAction":[{"@type":"ReadAction","target":["https:\/\/skgd.pl\/ruszaja-zgloszenia-do-xxix-przegladu-orkiestr-mniejszosci-niemieckiej-lesnica-2021\/"]}]},{"@type":"BreadcrumbList","@id":"https:\/\/skgd.pl\/ruszaja-zgloszenia-do-xxix-przegladu-orkiestr-mniejszosci-niemieckiej-lesnica-2021\/#breadcrumb","itemListElement":[{"@type":"ListItem","position":1,"name":"Strona g\u0142\u00f3wna","item":"https:\/\/skgd.pl\/"},{"@type":"ListItem","position":2,"name":"Ruszaj\u0105 zg\u0142oszenia do XXIX Przegl\u0105du Orkiestr Mniejszo\u015bci Niemieckiej Le\u015bnica 2021"}]},{"@type":"Person","@id":"https:\/\/skgd.pl\/#\/schema\/person\/dcdd6dd89280fa49735a207f6d6dccd2","name":"Zuzanna Herud","image":{"@type":"ImageObject","inLanguage":"de","@id":"https:\/\/skgd.pl\/#\/schema\/person\/image\/","url":"https:\/\/secure.gravatar.com\/avatar\/a01f92cb4421a03a6fa61cc64f8d96dc?s=96&d=mm&r=g","contentUrl":"https:\/\/secure.gravatar.com\/avatar\/a01f92cb4421a03a6fa61cc64f8d96dc?s=96&d=mm&r=g","caption":"Zuzanna Herud"},"url":"https:\/\/skgd.pl\/de\/author\/zuzanna\/"}]}},"_links":{"self":[{"href":"https:\/\/skgd.pl\/de\/wp-json\/wp\/v2\/posts\/26210","targetHints":{"allow":["GET"]}}],"collection":[{"href":"https:\/\/skgd.pl\/de\/wp-json\/wp\/v2\/posts"}],"about":[{"href":"https:\/\/skgd.pl\/de\/wp-json\/wp\/v2\/types\/post"}],"author":[{"embeddable":true,"href":"https:\/\/skgd.pl\/de\/wp-json\/wp\/v2\/users\/7"}],"replies":[{"embeddable":true,"href":"https:\/\/skgd.pl\/de\/wp-json\/wp\/v2\/comments?post=26210"}],"version-history":[{"count":4,"href":"https:\/\/skgd.pl\/de\/wp-json\/wp\/v2\/posts\/26210\/revisions"}],"predecessor-version":[{"id":26225,"href":"https:\/\/skgd.pl\/de\/wp-json\/wp\/v2\/posts\/26210\/revisions\/26225"}],"wp:featuredmedia":[{"embeddable":true,"href":"https:\/\/skgd.pl\/de\/wp-json\/wp\/v2\/media\/26215"}],"wp:attachment":[{"href":"https:\/\/skgd.pl\/de\/wp-json\/wp\/v2\/media?parent=26210"}],"wp:term":[{"taxonomy":"category","embeddable":true,"href":"https:\/\/skgd.pl\/de\/wp-json\/wp\/v2\/categories?post=26210"},{"taxonomy":"post_tag","embeddable":true,"href":"https:\/\/skgd.pl\/de\/wp-json\/wp\/v2\/tags?post=26210"}],"curies":[{"name":"wp","href":"https:\/\/api.w.org\/{rel}","templated":true}]}}