{"id":26198,"date":"2021-05-03T19:26:32","date_gmt":"2021-05-03T17:26:32","guid":{"rendered":"https:\/\/skgd.pl\/?p=26198"},"modified":"2021-05-03T19:26:32","modified_gmt":"2021-05-03T17:26:32","slug":"bernard-gaida-w-schlesien-journal-o-spisie-powszechnym","status":"publish","type":"post","link":"https:\/\/skgd.pl\/de\/bernard-gaida-w-schlesien-journal-o-spisie-powszechnym\/","title":{"rendered":"Bernard Gaida im Schlesien Journal \u00fcber die Volksz\u00e4hlung"},"content":{"rendered":"<p><\/p>\n<div class=\"kvgmc6g5 cxmmr5t8 oygrvhab hcukyx3x c1et5uql ii04i59q\">\n<div dir=\"auto\" style=\"text-align: justify;\">Im Schlesien Journal spricht Bernard Gaida, der Vorsitzende des Verbandes der Deutschen Gesellschaften in Polen \u00fcber die Volksz\u00e4hlung.&nbsp;<\/div>\n<div dir=\"auto\" style=\"text-align: justify;\">Mehr dar\u00fcber in der Folge des Schlesien Journals:&nbsp;<\/div>\n<\/div>\n<p style=\"text-align: justify;\"><iframe loading=\"lazy\" title=\"YouTube video player\" src=\"https:\/\/www.youtube.com\/embed\/NLzgMWGuaOg\" width=\"560\" height=\"315\" frameborder=\"0\" allowfullscreen=\"allowfullscreen\"><\/iframe><\/p>\n<p style=\"text-align: justify;\">Die Volksz\u00e4hlung begann am 1. April 2021. Die Hauptmethode der Volksz\u00e4hlung ist die sogenannte Selbstaufz\u00e4hlung \u00fcber das Internet. Was hei\u00dft das? Dies bedeutet, dass Sie ab dem 1. April 2021 auf der Website https:\/\/spis.gov.pl\/ Ihre Daten in einer speziell vorbereiteten Form eingeben und sich selber niederschreiben<span>&nbsp;<\/span><span class=\"fJyiwb\" id=\"tw-bil-st\">k\u00f6nnen<\/span>. Das Formular enth\u00e4lt ungef\u00e4hr ein Dutzend Fragen, einschlie\u00dflich Fragen zur Nationalit\u00e4t.<\/p>\n<ul style=\"text-align: justify;\">\n<li>Welche Nationalit\u00e4t haben Sie? ( Die Staatsangeh\u00f6rigkeit ist nicht zu verwechseln mit der Nationalit\u00e4t \u2013 also der Staatsb\u00fcrgerschaft!) W\u00e4hlen Sie aus \u2013 DEUTSCH!!<\/li>\n<li>F\u00fchlen Sie sich auch einer anderen Nation oder ethnischen Gemeinschaft zugeh\u00f6rig? Sie k\u00f6nnen POLEN oder ANDERE w\u00e4hlen<\/li>\n<li>Welche Sprache sprechen Sie normalerweise zu Hause? Antwort: DEUTSCH<\/li>\n<\/ul>\n<p style=\"text-align: justify;\">Mehr \u00fcber die Volksz\u00e4hlung erf\u00e4hrst Du, auf der SKGD-Seite hier:<span>&nbsp;<\/span><a href=\"https:\/\/spis.skgd.pl\/index.html\">https:\/\/spis.skgd.pl\/index.html<\/a><\/p>\n<p style=\"text-align: justify;\">Die deutsche Minderheit f\u00f6rdert die Teilnahme an der Volksz\u00e4hlung!<\/p>\n<p><\/p>","protected":false},"excerpt":{"rendered":"<p>Im Schlesien Journal spricht Bernard Gaida, der Vorsitzende des Verbandes der Deutschen Gesellschaften in Polen \u00fcber die Volksz\u00e4hlung.&nbsp; Mehr dar\u00fcber in der Folge des Schlesien Journals:&nbsp; Die Volksz\u00e4hlung begann am 1. April 2021. Die Hauptmethode der Volksz\u00e4hlung ist die sogenannte Selbstaufz\u00e4hlung \u00fcber das Internet. Was hei\u00dft das? Dies bedeutet, dass Sie ab dem 1. April [&hellip;]<\/p>\n","protected":false},"author":7,"featured_media":19466,"comment_status":"closed","ping_status":"open","sticky":false,"template":"","format":"standard","meta":{"footnotes":""},"categories":[1],"tags":[],"class_list":["post-26198","post","type-post","status-publish","format-standard","has-post-thumbnail","hentry","category-aktualnosci"],"yoast_head":"<!-- This site is optimized with the Yoast SEO plugin v18.9 - https:\/\/yoast.com\/wordpress\/plugins\/seo\/ -->\n<title>Bernard Gaida im Schlesien Journal \u00fcber die Volksz\u00e4hlung - Deutsche Minderheit, Sozial-Kulturelle Gesellschaft der Deutschen im Oppelner Schlesien<\/title>\n<meta name=\"robots\" content=\"index, follow, max-snippet:-1, max-image-preview:large, max-video-preview:-1\" \/>\n<link rel=\"canonical\" href=\"https:\/\/skgd.pl\/de\/bernard-gaida-w-schlesien-journal-o-spisie-powszechnym\/\" \/>\n<meta property=\"og:locale\" content=\"de_DE\" \/>\n<meta property=\"og:type\" content=\"article\" \/>\n<meta property=\"og:title\" content=\"Bernard Gaida im Schlesien Journal \u00fcber die Volksz\u00e4hlung - Deutsche Minderheit, Sozial-Kulturelle Gesellschaft der Deutschen im Oppelner Schlesien\" \/>\n<meta property=\"og:description\" content=\"Im Schlesien Journal spricht Bernard Gaida, der Vorsitzende des Verbandes der Deutschen Gesellschaften in Polen \u00fcber die Volksz\u00e4hlung.&nbsp; Mehr dar\u00fcber in der Folge des Schlesien Journals:&nbsp; Die Volksz\u00e4hlung begann am 1. April 2021. Die Hauptmethode der Volksz\u00e4hlung ist die sogenannte Selbstaufz\u00e4hlung \u00fcber das Internet. Was hei\u00dft das? Dies bedeutet, dass Sie ab dem 1. April [&hellip;]\" \/>\n<meta property=\"og:url\" content=\"https:\/\/skgd.pl\/de\/bernard-gaida-w-schlesien-journal-o-spisie-powszechnym\/\" \/>\n<meta property=\"og:site_name\" content=\"Deutsche Minderheit, Sozial-Kulturelle Gesellschaft der Deutschen im Oppelner Schlesien\" \/>\n<meta property=\"article:published_time\" content=\"2021-05-03T17:26:32+00:00\" \/>\n<meta property=\"og:image\" content=\"https:\/\/skgd.pl\/wp-content\/uploads\/2019\/01\/B.-Gaida2.jpg\" \/>\n\t<meta property=\"og:image:width\" content=\"1748\" \/>\n\t<meta property=\"og:image:height\" content=\"1444\" \/>\n\t<meta property=\"og:image:type\" content=\"image\/jpeg\" \/>\n<meta name=\"twitter:card\" content=\"summary_large_image\" \/>\n<meta name=\"twitter:label1\" content=\"Verfasst von\" \/>\n\t<meta name=\"twitter:data1\" content=\"Zuzanna Herud\" \/>\n\t<meta name=\"twitter:label2\" content=\"Gesch\u00e4tzte Lesezeit\" \/>\n\t<meta name=\"twitter:data2\" content=\"2\u00a0Minuten\" \/>\n<script type=\"application\/ld+json\" class=\"yoast-schema-graph\">{\"@context\":\"https:\/\/schema.org\",\"@graph\":[{\"@type\":\"WebSite\",\"@id\":\"https:\/\/skgd.pl\/#website\",\"url\":\"https:\/\/skgd.pl\/\",\"name\":\"Deutsche Minderheit, Sozial-Kulturelle Gesellschaft der Deutschen im Oppelner Schlesien\",\"description\":\"Deutsche Minderheit in Polen\",\"potentialAction\":[{\"@type\":\"SearchAction\",\"target\":{\"@type\":\"EntryPoint\",\"urlTemplate\":\"https:\/\/skgd.pl\/?s={search_term_string}\"},\"query-input\":\"required name=search_term_string\"}],\"inLanguage\":\"de\"},{\"@type\":\"ImageObject\",\"inLanguage\":\"de\",\"@id\":\"https:\/\/skgd.pl\/de\/bernard-gaida-w-schlesien-journal-o-spisie-powszechnym\/#primaryimage\",\"url\":\"https:\/\/skgd.pl\/wp-content\/uploads\/2019\/01\/B.-Gaida2.jpg\",\"contentUrl\":\"https:\/\/skgd.pl\/wp-content\/uploads\/2019\/01\/B.-Gaida2.jpg\",\"width\":1748,\"height\":1444},{\"@type\":\"WebPage\",\"@id\":\"https:\/\/skgd.pl\/de\/bernard-gaida-w-schlesien-journal-o-spisie-powszechnym\/#webpage\",\"url\":\"https:\/\/skgd.pl\/de\/bernard-gaida-w-schlesien-journal-o-spisie-powszechnym\/\",\"name\":\"Bernard Gaida im Schlesien Journal \u00fcber die Volksz\u00e4hlung - Deutsche Minderheit, Sozial-Kulturelle Gesellschaft der Deutschen im Oppelner Schlesien\",\"isPartOf\":{\"@id\":\"https:\/\/skgd.pl\/#website\"},\"primaryImageOfPage\":{\"@id\":\"https:\/\/skgd.pl\/de\/bernard-gaida-w-schlesien-journal-o-spisie-powszechnym\/#primaryimage\"},\"datePublished\":\"2021-05-03T17:26:32+00:00\",\"dateModified\":\"2021-05-03T17:26:32+00:00\",\"author\":{\"@id\":\"https:\/\/skgd.pl\/#\/schema\/person\/dcdd6dd89280fa49735a207f6d6dccd2\"},\"breadcrumb\":{\"@id\":\"https:\/\/skgd.pl\/de\/bernard-gaida-w-schlesien-journal-o-spisie-powszechnym\/#breadcrumb\"},\"inLanguage\":\"de\",\"potentialAction\":[{\"@type\":\"ReadAction\",\"target\":[\"https:\/\/skgd.pl\/de\/bernard-gaida-w-schlesien-journal-o-spisie-powszechnym\/\"]}]},{\"@type\":\"BreadcrumbList\",\"@id\":\"https:\/\/skgd.pl\/de\/bernard-gaida-w-schlesien-journal-o-spisie-powszechnym\/#breadcrumb\",\"itemListElement\":[{\"@type\":\"ListItem\",\"position\":1,\"name\":\"Strona g\u0142\u00f3wna\",\"item\":\"https:\/\/skgd.pl\/\"},{\"@type\":\"ListItem\",\"position\":2,\"name\":\"Bernard Gaida im Schlesien Journal \u00fcber die Volksz\u00e4hlung\"}]},{\"@type\":\"Person\",\"@id\":\"https:\/\/skgd.pl\/#\/schema\/person\/dcdd6dd89280fa49735a207f6d6dccd2\",\"name\":\"Zuzanna Herud\",\"image\":{\"@type\":\"ImageObject\",\"inLanguage\":\"de\",\"@id\":\"https:\/\/skgd.pl\/#\/schema\/person\/image\/\",\"url\":\"https:\/\/secure.gravatar.com\/avatar\/a01f92cb4421a03a6fa61cc64f8d96dc?s=96&d=mm&r=g\",\"contentUrl\":\"https:\/\/secure.gravatar.com\/avatar\/a01f92cb4421a03a6fa61cc64f8d96dc?s=96&d=mm&r=g\",\"caption\":\"Zuzanna Herud\"},\"url\":\"https:\/\/skgd.pl\/de\/author\/zuzanna\/\"}]}<\/script>\n<!-- \/ Yoast SEO plugin. -->","yoast_head_json":{"title":"Bernard Gaida im Schlesien Journal \u00fcber die Volksz\u00e4hlung - Deutsche Minderheit, Sozial-Kulturelle Gesellschaft der Deutschen im Oppelner Schlesien","robots":{"index":"index","follow":"follow","max-snippet":"max-snippet:-1","max-image-preview":"max-image-preview:large","max-video-preview":"max-video-preview:-1"},"canonical":"https:\/\/skgd.pl\/de\/bernard-gaida-w-schlesien-journal-o-spisie-powszechnym\/","og_locale":"de_DE","og_type":"article","og_title":"Bernard Gaida im Schlesien Journal \u00fcber die Volksz\u00e4hlung - Deutsche Minderheit, Sozial-Kulturelle Gesellschaft der Deutschen im Oppelner Schlesien","og_description":"Im Schlesien Journal spricht Bernard Gaida, der Vorsitzende des Verbandes der Deutschen Gesellschaften in Polen \u00fcber die Volksz\u00e4hlung.&nbsp; Mehr dar\u00fcber in der Folge des Schlesien Journals:&nbsp; Die Volksz\u00e4hlung begann am 1. April 2021. Die Hauptmethode der Volksz\u00e4hlung ist die sogenannte Selbstaufz\u00e4hlung \u00fcber das Internet. Was hei\u00dft das? Dies bedeutet, dass Sie ab dem 1. April [&hellip;]","og_url":"https:\/\/skgd.pl\/de\/bernard-gaida-w-schlesien-journal-o-spisie-powszechnym\/","og_site_name":"Deutsche Minderheit, Sozial-Kulturelle Gesellschaft der Deutschen im Oppelner Schlesien","article_published_time":"2021-05-03T17:26:32+00:00","og_image":[{"width":1748,"height":1444,"url":"https:\/\/skgd.pl\/wp-content\/uploads\/2019\/01\/B.-Gaida2.jpg","type":"image\/jpeg"}],"twitter_card":"summary_large_image","twitter_misc":{"Verfasst von":"Zuzanna Herud","Gesch\u00e4tzte Lesezeit":"2\u00a0Minuten"},"schema":{"@context":"https:\/\/schema.org","@graph":[{"@type":"WebSite","@id":"https:\/\/skgd.pl\/#website","url":"https:\/\/skgd.pl\/","name":"Deutsche Minderheit, Sozial-Kulturelle Gesellschaft der Deutschen im Oppelner Schlesien","description":"Deutsche Minderheit in Polen","potentialAction":[{"@type":"SearchAction","target":{"@type":"EntryPoint","urlTemplate":"https:\/\/skgd.pl\/?s={search_term_string}"},"query-input":"required name=search_term_string"}],"inLanguage":"de"},{"@type":"ImageObject","inLanguage":"de","@id":"https:\/\/skgd.pl\/de\/bernard-gaida-w-schlesien-journal-o-spisie-powszechnym\/#primaryimage","url":"https:\/\/skgd.pl\/wp-content\/uploads\/2019\/01\/B.-Gaida2.jpg","contentUrl":"https:\/\/skgd.pl\/wp-content\/uploads\/2019\/01\/B.-Gaida2.jpg","width":1748,"height":1444},{"@type":"WebPage","@id":"https:\/\/skgd.pl\/de\/bernard-gaida-w-schlesien-journal-o-spisie-powszechnym\/#webpage","url":"https:\/\/skgd.pl\/de\/bernard-gaida-w-schlesien-journal-o-spisie-powszechnym\/","name":"Bernard Gaida im Schlesien Journal \u00fcber die Volksz\u00e4hlung - Deutsche Minderheit, Sozial-Kulturelle Gesellschaft der Deutschen im Oppelner Schlesien","isPartOf":{"@id":"https:\/\/skgd.pl\/#website"},"primaryImageOfPage":{"@id":"https:\/\/skgd.pl\/de\/bernard-gaida-w-schlesien-journal-o-spisie-powszechnym\/#primaryimage"},"datePublished":"2021-05-03T17:26:32+00:00","dateModified":"2021-05-03T17:26:32+00:00","author":{"@id":"https:\/\/skgd.pl\/#\/schema\/person\/dcdd6dd89280fa49735a207f6d6dccd2"},"breadcrumb":{"@id":"https:\/\/skgd.pl\/de\/bernard-gaida-w-schlesien-journal-o-spisie-powszechnym\/#breadcrumb"},"inLanguage":"de","potentialAction":[{"@type":"ReadAction","target":["https:\/\/skgd.pl\/de\/bernard-gaida-w-schlesien-journal-o-spisie-powszechnym\/"]}]},{"@type":"BreadcrumbList","@id":"https:\/\/skgd.pl\/de\/bernard-gaida-w-schlesien-journal-o-spisie-powszechnym\/#breadcrumb","itemListElement":[{"@type":"ListItem","position":1,"name":"Strona g\u0142\u00f3wna","item":"https:\/\/skgd.pl\/"},{"@type":"ListItem","position":2,"name":"Bernard Gaida im Schlesien Journal \u00fcber die Volksz\u00e4hlung"}]},{"@type":"Person","@id":"https:\/\/skgd.pl\/#\/schema\/person\/dcdd6dd89280fa49735a207f6d6dccd2","name":"Zuzanna Herud","image":{"@type":"ImageObject","inLanguage":"de","@id":"https:\/\/skgd.pl\/#\/schema\/person\/image\/","url":"https:\/\/secure.gravatar.com\/avatar\/a01f92cb4421a03a6fa61cc64f8d96dc?s=96&d=mm&r=g","contentUrl":"https:\/\/secure.gravatar.com\/avatar\/a01f92cb4421a03a6fa61cc64f8d96dc?s=96&d=mm&r=g","caption":"Zuzanna Herud"},"url":"https:\/\/skgd.pl\/de\/author\/zuzanna\/"}]}},"_links":{"self":[{"href":"https:\/\/skgd.pl\/de\/wp-json\/wp\/v2\/posts\/26198","targetHints":{"allow":["GET"]}}],"collection":[{"href":"https:\/\/skgd.pl\/de\/wp-json\/wp\/v2\/posts"}],"about":[{"href":"https:\/\/skgd.pl\/de\/wp-json\/wp\/v2\/types\/post"}],"author":[{"embeddable":true,"href":"https:\/\/skgd.pl\/de\/wp-json\/wp\/v2\/users\/7"}],"replies":[{"embeddable":true,"href":"https:\/\/skgd.pl\/de\/wp-json\/wp\/v2\/comments?post=26198"}],"version-history":[{"count":1,"href":"https:\/\/skgd.pl\/de\/wp-json\/wp\/v2\/posts\/26198\/revisions"}],"predecessor-version":[{"id":26199,"href":"https:\/\/skgd.pl\/de\/wp-json\/wp\/v2\/posts\/26198\/revisions\/26199"}],"wp:featuredmedia":[{"embeddable":true,"href":"https:\/\/skgd.pl\/de\/wp-json\/wp\/v2\/media\/19466"}],"wp:attachment":[{"href":"https:\/\/skgd.pl\/de\/wp-json\/wp\/v2\/media?parent=26198"}],"wp:term":[{"taxonomy":"category","embeddable":true,"href":"https:\/\/skgd.pl\/de\/wp-json\/wp\/v2\/categories?post=26198"},{"taxonomy":"post_tag","embeddable":true,"href":"https:\/\/skgd.pl\/de\/wp-json\/wp\/v2\/tags?post=26198"}],"curies":[{"name":"wp","href":"https:\/\/api.w.org\/{rel}","templated":true}]}}