{"id":26193,"date":"2021-05-02T16:04:32","date_gmt":"2021-05-02T14:04:32","guid":{"rendered":"https:\/\/skgd.pl\/?p=26193"},"modified":"2021-05-02T16:04:32","modified_gmt":"2021-05-02T14:04:32","slug":"przedstawiciele-mniejszosci-niemieckiej-upamietnili-uczestnikow-tzw-powstan-slaskich","status":"publish","type":"post","link":"https:\/\/skgd.pl\/de\/przedstawiciele-mniejszosci-niemieckiej-upamietnili-uczestnikow-tzw-powstan-slaskich\/","title":{"rendered":"Vertreter der deutschen Minderheit gedachten der Teilnehmer der sog. Schlesische Aufst\u00e4nde"},"content":{"rendered":"<p><\/p>\n<div dir=\"auto\" style=\"text-align: justify;\">Am heutigen Vormittag legten auf dem Annaberger Friedhof Vertreter der deutschen Minderheit: der Vizevorsitzende der SKGD im Oppelner Schlesien und gleichzeitig Abgeordneter Ryszard Galla, Vorsitzender des Verbandes der deutschen Gesellschaften Bernard Gaida<br \/>\nund Sejmik-Abgeordnete Edyta Gola und Roman Kolek Kr\u00e4nze an Gr\u00e4bern der deutschen und polnischen K\u00e4mpfer des sog. schlesischen Aufstandes. Damit will die Minderheit unterstreichen, dass nach 100 Jahren ein gemeinsames Gedenken aller Opfer m\u00f6glich sein m\u00fcsste.<\/div>\n<div dir=\"auto\" style=\"text-align: justify;\">Ebenfalls heute finden auf dem Annaberg die offiziellen Feierlichkeiten zum Ausbruch des III Schlesischen Aufstandes statt.<\/div>\n<p><iframe loading=\"lazy\" style=\"border: none; overflow: hidden;\" src=\"https:\/\/www.facebook.com\/plugins\/video.php?height=314&amp;href=https%3A%2F%2Fwww.facebook.com%2Fwochenblattpl%2Fvideos%2F196934528778340%2F&amp;show_text=true&amp;width=560\" width=\"560\" height=\"429\" frameborder=\"0\" scrolling=\"no\" allowfullscreen=\"allowfullscreen\"><\/iframe><\/p>","protected":false},"excerpt":{"rendered":"<p>Am heutigen Vormittag legten auf dem Annaberger Friedhof Vertreter der deutschen Minderheit: der Vizevorsitzende der SKGD im Oppelner Schlesien und gleichzeitig Abgeordneter Ryszard Galla, Vorsitzender des Verbandes der deutschen Gesellschaften Bernard Gaida und Sejmik-Abgeordnete Edyta Gola und Roman Kolek Kr\u00e4nze an Gr\u00e4bern der deutschen und polnischen K\u00e4mpfer des sog. schlesischen Aufstandes. Damit will die Minderheit [&hellip;]<\/p>\n","protected":false},"author":2,"featured_media":26194,"comment_status":"closed","ping_status":"open","sticky":false,"template":"","format":"standard","meta":{"footnotes":""},"categories":[1],"tags":[],"class_list":["post-26193","post","type-post","status-publish","format-standard","has-post-thumbnail","hentry","category-aktualnosci"],"yoast_head":"<!-- This site is optimized with the Yoast SEO plugin v18.9 - https:\/\/yoast.com\/wordpress\/plugins\/seo\/ -->\n<title>Vertreter der deutschen Minderheit gedachten der Teilnehmer der sog. Schlesische Aufst\u00e4nde - Deutsche Minderheit, Sozial-Kulturelle Gesellschaft der Deutschen im Oppelner Schlesien<\/title>\n<meta name=\"robots\" content=\"index, follow, max-snippet:-1, max-image-preview:large, max-video-preview:-1\" \/>\n<link rel=\"canonical\" href=\"https:\/\/skgd.pl\/przedstawiciele-mniejszosci-niemieckiej-upamietnili-uczestnikow-tzw-powstan-slaskich\/\" \/>\n<meta property=\"og:locale\" content=\"de_DE\" \/>\n<meta property=\"og:type\" content=\"article\" \/>\n<meta property=\"og:title\" content=\"Vertreter der deutschen Minderheit gedachten der Teilnehmer der sog. Schlesische Aufst\u00e4nde - Deutsche Minderheit, Sozial-Kulturelle Gesellschaft der Deutschen im Oppelner Schlesien\" \/>\n<meta property=\"og:description\" content=\"Am heutigen Vormittag legten auf dem Annaberger Friedhof Vertreter der deutschen Minderheit: der Vizevorsitzende der SKGD im Oppelner Schlesien und gleichzeitig Abgeordneter Ryszard Galla, Vorsitzender des Verbandes der deutschen Gesellschaften Bernard Gaida und Sejmik-Abgeordnete Edyta Gola und Roman Kolek Kr\u00e4nze an Gr\u00e4bern der deutschen und polnischen K\u00e4mpfer des sog. schlesischen Aufstandes. Damit will die Minderheit [&hellip;]\" \/>\n<meta property=\"og:url\" content=\"https:\/\/skgd.pl\/przedstawiciele-mniejszosci-niemieckiej-upamietnili-uczestnikow-tzw-powstan-slaskich\/\" \/>\n<meta property=\"og:site_name\" content=\"Deutsche Minderheit, Sozial-Kulturelle Gesellschaft der Deutschen im Oppelner Schlesien\" \/>\n<meta property=\"article:published_time\" content=\"2021-05-02T14:04:32+00:00\" \/>\n<meta property=\"og:image\" content=\"https:\/\/skgd.pl\/wp-content\/uploads\/2021\/05\/annaberg-1024x575.png\" \/>\n\t<meta property=\"og:image:width\" content=\"1024\" \/>\n\t<meta property=\"og:image:height\" content=\"575\" \/>\n\t<meta property=\"og:image:type\" content=\"image\/png\" \/>\n<meta name=\"twitter:card\" content=\"summary_large_image\" \/>\n<meta name=\"twitter:label1\" content=\"Verfasst von\" \/>\n\t<meta name=\"twitter:data1\" content=\"Joanna Hassa\" \/>\n\t<meta name=\"twitter:label2\" content=\"Gesch\u00e4tzte Lesezeit\" \/>\n\t<meta name=\"twitter:data2\" content=\"1\u00a0Minute\" \/>\n<script type=\"application\/ld+json\" class=\"yoast-schema-graph\">{\"@context\":\"https:\/\/schema.org\",\"@graph\":[{\"@type\":\"WebSite\",\"@id\":\"https:\/\/skgd.pl\/#website\",\"url\":\"https:\/\/skgd.pl\/\",\"name\":\"Deutsche Minderheit, Sozial-Kulturelle Gesellschaft der Deutschen im Oppelner Schlesien\",\"description\":\"Deutsche Minderheit in Polen\",\"potentialAction\":[{\"@type\":\"SearchAction\",\"target\":{\"@type\":\"EntryPoint\",\"urlTemplate\":\"https:\/\/skgd.pl\/?s={search_term_string}\"},\"query-input\":\"required name=search_term_string\"}],\"inLanguage\":\"de\"},{\"@type\":\"ImageObject\",\"inLanguage\":\"de\",\"@id\":\"https:\/\/skgd.pl\/przedstawiciele-mniejszosci-niemieckiej-upamietnili-uczestnikow-tzw-powstan-slaskich\/#primaryimage\",\"url\":\"https:\/\/skgd.pl\/wp-content\/uploads\/2021\/05\/annaberg.png\",\"contentUrl\":\"https:\/\/skgd.pl\/wp-content\/uploads\/2021\/05\/annaberg.png\",\"width\":1440,\"height\":808},{\"@type\":\"WebPage\",\"@id\":\"https:\/\/skgd.pl\/przedstawiciele-mniejszosci-niemieckiej-upamietnili-uczestnikow-tzw-powstan-slaskich\/#webpage\",\"url\":\"https:\/\/skgd.pl\/przedstawiciele-mniejszosci-niemieckiej-upamietnili-uczestnikow-tzw-powstan-slaskich\/\",\"name\":\"Vertreter der deutschen Minderheit gedachten der Teilnehmer der sog. Schlesische Aufst\u00e4nde - Deutsche Minderheit, Sozial-Kulturelle Gesellschaft der Deutschen im Oppelner Schlesien\",\"isPartOf\":{\"@id\":\"https:\/\/skgd.pl\/#website\"},\"primaryImageOfPage\":{\"@id\":\"https:\/\/skgd.pl\/przedstawiciele-mniejszosci-niemieckiej-upamietnili-uczestnikow-tzw-powstan-slaskich\/#primaryimage\"},\"datePublished\":\"2021-05-02T14:04:32+00:00\",\"dateModified\":\"2021-05-02T14:04:32+00:00\",\"author\":{\"@id\":\"https:\/\/skgd.pl\/#\/schema\/person\/0620fbcc0ddc3adae2d5dd9fdc163f03\"},\"breadcrumb\":{\"@id\":\"https:\/\/skgd.pl\/przedstawiciele-mniejszosci-niemieckiej-upamietnili-uczestnikow-tzw-powstan-slaskich\/#breadcrumb\"},\"inLanguage\":\"de\",\"potentialAction\":[{\"@type\":\"ReadAction\",\"target\":[\"https:\/\/skgd.pl\/przedstawiciele-mniejszosci-niemieckiej-upamietnili-uczestnikow-tzw-powstan-slaskich\/\"]}]},{\"@type\":\"BreadcrumbList\",\"@id\":\"https:\/\/skgd.pl\/przedstawiciele-mniejszosci-niemieckiej-upamietnili-uczestnikow-tzw-powstan-slaskich\/#breadcrumb\",\"itemListElement\":[{\"@type\":\"ListItem\",\"position\":1,\"name\":\"Strona g\u0142\u00f3wna\",\"item\":\"https:\/\/skgd.pl\/\"},{\"@type\":\"ListItem\",\"position\":2,\"name\":\"Przedstawiciele Mniejszo\u015bci Niemieckiej upami\u0119tnili uczestnik\u00f3w tzw. Powsta\u0144 \u015al\u0105skich\"}]},{\"@type\":\"Person\",\"@id\":\"https:\/\/skgd.pl\/#\/schema\/person\/0620fbcc0ddc3adae2d5dd9fdc163f03\",\"name\":\"Joanna Hassa\",\"image\":{\"@type\":\"ImageObject\",\"inLanguage\":\"de\",\"@id\":\"https:\/\/skgd.pl\/#\/schema\/person\/image\/\",\"url\":\"https:\/\/secure.gravatar.com\/avatar\/e91991b37fe2db6d44fd302c843edfdc?s=96&d=mm&r=g\",\"contentUrl\":\"https:\/\/secure.gravatar.com\/avatar\/e91991b37fe2db6d44fd302c843edfdc?s=96&d=mm&r=g\",\"caption\":\"Joanna Hassa\"},\"url\":\"https:\/\/skgd.pl\/de\/author\/asia\/\"}]}<\/script>\n<!-- \/ Yoast SEO plugin. -->","yoast_head_json":{"title":"Vertreter der deutschen Minderheit gedachten der Teilnehmer der sog. Schlesische Aufst\u00e4nde - Deutsche Minderheit, Sozial-Kulturelle Gesellschaft der Deutschen im Oppelner Schlesien","robots":{"index":"index","follow":"follow","max-snippet":"max-snippet:-1","max-image-preview":"max-image-preview:large","max-video-preview":"max-video-preview:-1"},"canonical":"https:\/\/skgd.pl\/przedstawiciele-mniejszosci-niemieckiej-upamietnili-uczestnikow-tzw-powstan-slaskich\/","og_locale":"de_DE","og_type":"article","og_title":"Vertreter der deutschen Minderheit gedachten der Teilnehmer der sog. Schlesische Aufst\u00e4nde - Deutsche Minderheit, Sozial-Kulturelle Gesellschaft der Deutschen im Oppelner Schlesien","og_description":"Am heutigen Vormittag legten auf dem Annaberger Friedhof Vertreter der deutschen Minderheit: der Vizevorsitzende der SKGD im Oppelner Schlesien und gleichzeitig Abgeordneter Ryszard Galla, Vorsitzender des Verbandes der deutschen Gesellschaften Bernard Gaida und Sejmik-Abgeordnete Edyta Gola und Roman Kolek Kr\u00e4nze an Gr\u00e4bern der deutschen und polnischen K\u00e4mpfer des sog. schlesischen Aufstandes. Damit will die Minderheit [&hellip;]","og_url":"https:\/\/skgd.pl\/przedstawiciele-mniejszosci-niemieckiej-upamietnili-uczestnikow-tzw-powstan-slaskich\/","og_site_name":"Deutsche Minderheit, Sozial-Kulturelle Gesellschaft der Deutschen im Oppelner Schlesien","article_published_time":"2021-05-02T14:04:32+00:00","og_image":[{"width":1024,"height":575,"url":"https:\/\/skgd.pl\/wp-content\/uploads\/2021\/05\/annaberg-1024x575.png","type":"image\/png"}],"twitter_card":"summary_large_image","twitter_misc":{"Verfasst von":"Joanna Hassa","Gesch\u00e4tzte Lesezeit":"1\u00a0Minute"},"schema":{"@context":"https:\/\/schema.org","@graph":[{"@type":"WebSite","@id":"https:\/\/skgd.pl\/#website","url":"https:\/\/skgd.pl\/","name":"Deutsche Minderheit, Sozial-Kulturelle Gesellschaft der Deutschen im Oppelner Schlesien","description":"Deutsche Minderheit in Polen","potentialAction":[{"@type":"SearchAction","target":{"@type":"EntryPoint","urlTemplate":"https:\/\/skgd.pl\/?s={search_term_string}"},"query-input":"required name=search_term_string"}],"inLanguage":"de"},{"@type":"ImageObject","inLanguage":"de","@id":"https:\/\/skgd.pl\/przedstawiciele-mniejszosci-niemieckiej-upamietnili-uczestnikow-tzw-powstan-slaskich\/#primaryimage","url":"https:\/\/skgd.pl\/wp-content\/uploads\/2021\/05\/annaberg.png","contentUrl":"https:\/\/skgd.pl\/wp-content\/uploads\/2021\/05\/annaberg.png","width":1440,"height":808},{"@type":"WebPage","@id":"https:\/\/skgd.pl\/przedstawiciele-mniejszosci-niemieckiej-upamietnili-uczestnikow-tzw-powstan-slaskich\/#webpage","url":"https:\/\/skgd.pl\/przedstawiciele-mniejszosci-niemieckiej-upamietnili-uczestnikow-tzw-powstan-slaskich\/","name":"Vertreter der deutschen Minderheit gedachten der Teilnehmer der sog. Schlesische Aufst\u00e4nde - Deutsche Minderheit, Sozial-Kulturelle Gesellschaft der Deutschen im Oppelner Schlesien","isPartOf":{"@id":"https:\/\/skgd.pl\/#website"},"primaryImageOfPage":{"@id":"https:\/\/skgd.pl\/przedstawiciele-mniejszosci-niemieckiej-upamietnili-uczestnikow-tzw-powstan-slaskich\/#primaryimage"},"datePublished":"2021-05-02T14:04:32+00:00","dateModified":"2021-05-02T14:04:32+00:00","author":{"@id":"https:\/\/skgd.pl\/#\/schema\/person\/0620fbcc0ddc3adae2d5dd9fdc163f03"},"breadcrumb":{"@id":"https:\/\/skgd.pl\/przedstawiciele-mniejszosci-niemieckiej-upamietnili-uczestnikow-tzw-powstan-slaskich\/#breadcrumb"},"inLanguage":"de","potentialAction":[{"@type":"ReadAction","target":["https:\/\/skgd.pl\/przedstawiciele-mniejszosci-niemieckiej-upamietnili-uczestnikow-tzw-powstan-slaskich\/"]}]},{"@type":"BreadcrumbList","@id":"https:\/\/skgd.pl\/przedstawiciele-mniejszosci-niemieckiej-upamietnili-uczestnikow-tzw-powstan-slaskich\/#breadcrumb","itemListElement":[{"@type":"ListItem","position":1,"name":"Strona g\u0142\u00f3wna","item":"https:\/\/skgd.pl\/"},{"@type":"ListItem","position":2,"name":"Przedstawiciele Mniejszo\u015bci Niemieckiej upami\u0119tnili uczestnik\u00f3w tzw. Powsta\u0144 \u015al\u0105skich"}]},{"@type":"Person","@id":"https:\/\/skgd.pl\/#\/schema\/person\/0620fbcc0ddc3adae2d5dd9fdc163f03","name":"Joanna Hassa","image":{"@type":"ImageObject","inLanguage":"de","@id":"https:\/\/skgd.pl\/#\/schema\/person\/image\/","url":"https:\/\/secure.gravatar.com\/avatar\/e91991b37fe2db6d44fd302c843edfdc?s=96&d=mm&r=g","contentUrl":"https:\/\/secure.gravatar.com\/avatar\/e91991b37fe2db6d44fd302c843edfdc?s=96&d=mm&r=g","caption":"Joanna Hassa"},"url":"https:\/\/skgd.pl\/de\/author\/asia\/"}]}},"_links":{"self":[{"href":"https:\/\/skgd.pl\/de\/wp-json\/wp\/v2\/posts\/26193","targetHints":{"allow":["GET"]}}],"collection":[{"href":"https:\/\/skgd.pl\/de\/wp-json\/wp\/v2\/posts"}],"about":[{"href":"https:\/\/skgd.pl\/de\/wp-json\/wp\/v2\/types\/post"}],"author":[{"embeddable":true,"href":"https:\/\/skgd.pl\/de\/wp-json\/wp\/v2\/users\/2"}],"replies":[{"embeddable":true,"href":"https:\/\/skgd.pl\/de\/wp-json\/wp\/v2\/comments?post=26193"}],"version-history":[{"count":1,"href":"https:\/\/skgd.pl\/de\/wp-json\/wp\/v2\/posts\/26193\/revisions"}],"predecessor-version":[{"id":26195,"href":"https:\/\/skgd.pl\/de\/wp-json\/wp\/v2\/posts\/26193\/revisions\/26195"}],"wp:featuredmedia":[{"embeddable":true,"href":"https:\/\/skgd.pl\/de\/wp-json\/wp\/v2\/media\/26194"}],"wp:attachment":[{"href":"https:\/\/skgd.pl\/de\/wp-json\/wp\/v2\/media?parent=26193"}],"wp:term":[{"taxonomy":"category","embeddable":true,"href":"https:\/\/skgd.pl\/de\/wp-json\/wp\/v2\/categories?post=26193"},{"taxonomy":"post_tag","embeddable":true,"href":"https:\/\/skgd.pl\/de\/wp-json\/wp\/v2\/tags?post=26193"}],"curies":[{"name":"wp","href":"https:\/\/api.w.org\/{rel}","templated":true}]}}