{"id":25725,"date":"2021-03-19T13:00:02","date_gmt":"2021-03-19T12:00:02","guid":{"rendered":"https:\/\/skgd.pl\/?p=25725"},"modified":"2021-03-19T09:12:47","modified_gmt":"2021-03-19T08:12:47","slug":"za-chwile-premiera-odcinka-dmi-tv","status":"publish","type":"post","link":"https:\/\/skgd.pl\/de\/za-chwile-premiera-odcinka-dmi-tv\/","title":{"rendered":"Schon gleich gibts Premiere der neuen DMi-TV Folge!"},"content":{"rendered":"<p><\/p>\n<p style=\"text-align: justify;\"><span>In der kommenden Folge spricht Andrea Pola\u0144ski mit einem weiteren Spezialgast, den stellvertretenden Vorsitzenden des Jugendrates \u2013 Konrad M\u00fcller \u00fcber die T\u00e4tigkeit und Rolles der Jugendorganisation der SKGD im Oppelner Schlesien. Wenn ihr zum Jugendrat und seinen Projekten erfahren wollt oder Mitglied werden m\u00f6chtet schaut auf die Seiten des Jugendrates:&nbsp;<\/span><span><\/span><\/p>\n<ul style=\"text-align: justify;\">\n<li><strong><span><a href=\"https:\/\/www.facebook.com\/Jugendrat-TSKN-108745640978427\">FACEBOOK<\/a><\/span><\/strong><\/li>\n<li><span><strong><a href=\"https:\/\/www.instagram.com\/jugendrat_tskn\/\">INSTAGRAM<\/a><\/strong><\/span><\/li>\n<\/ul>\n<p style=\"text-align: justify;\">Die Premiere der Folge gibt es heute, den <strong>19.03.2021, um 13:30 Uhr auf unsere YouTube- Seite:<span>&nbsp;<\/span><span><a href=\"https:\/\/www.youtube.com\/channel\/UCYGOz4BuMUP78wRXTV8ToIA\">You Tube<\/a><\/span><\/strong><\/p>\n<p style=\"text-align: justify;\">Schaltet ein!&nbsp;<\/p>\n<p style=\"text-align: justify;\"><iframe loading=\"lazy\" src=\"https:\/\/www.youtube.com\/embed\/I2BpM_tqek8\" width=\"560\" height=\"315\" frameborder=\"0\" allowfullscreen=\"allowfullscreen\"><\/iframe><\/p>\n<p style=\"text-align: justify;\"><span><strong>Herausgeber:<\/strong><br \/>\nSozial-Kulturelle Gesellschaft der Deutschen im Oppelner Schlesien&nbsp;<\/span><\/p>\n<p style=\"text-align: justify;\"><span><strong>Realisierung:<\/strong><br \/>\nKrystian Belkius, Roman Szablicki<\/span><\/p>\n<p style=\"text-align: justify;\"><span><strong>Partner:<\/strong><br \/>\nVerband Deutscher Sozial-Kultureller Gesellschaften in Polen, Bund der Jugend der Deutschen Minderheit, Jugendrat der SKGD&nbsp;<\/span><\/p>\n<p style=\"text-align: justify;\"><span><strong>Finanzierung:<\/strong><br \/>\nBumdesministerium des Innern f\u00fcr Bau und Heimat&nbsp;<\/span><\/p>\n<p><\/p>","protected":false},"excerpt":{"rendered":"<p>In der kommenden Folge spricht Andrea Pola\u0144ski mit einem weiteren Spezialgast, den stellvertretenden Vorsitzenden des Jugendrates \u2013 Konrad M\u00fcller \u00fcber die T\u00e4tigkeit und Rolles der Jugendorganisation der SKGD im Oppelner Schlesien. Wenn ihr zum Jugendrat und seinen Projekten erfahren wollt oder Mitglied werden m\u00f6chtet schaut auf die Seiten des Jugendrates:&nbsp; FACEBOOK INSTAGRAM Die Premiere der [&hellip;]<\/p>\n","protected":false},"author":7,"featured_media":25726,"comment_status":"closed","ping_status":"open","sticky":false,"template":"","format":"standard","meta":{"footnotes":""},"categories":[1],"tags":[],"class_list":["post-25725","post","type-post","status-publish","format-standard","has-post-thumbnail","hentry","category-aktualnosci"],"yoast_head":"<!-- This site is optimized with the Yoast SEO plugin v18.9 - https:\/\/yoast.com\/wordpress\/plugins\/seo\/ -->\n<title>Schon gleich gibts Premiere der neuen DMi-TV Folge! - Deutsche Minderheit, Sozial-Kulturelle Gesellschaft der Deutschen im Oppelner Schlesien<\/title>\n<meta name=\"robots\" content=\"index, follow, max-snippet:-1, max-image-preview:large, max-video-preview:-1\" \/>\n<link rel=\"canonical\" href=\"https:\/\/skgd.pl\/za-chwile-premiera-odcinka-dmi-tv\/\" \/>\n<meta property=\"og:locale\" content=\"de_DE\" \/>\n<meta property=\"og:type\" content=\"article\" \/>\n<meta property=\"og:title\" content=\"Schon gleich gibts Premiere der neuen DMi-TV Folge! - Deutsche Minderheit, Sozial-Kulturelle Gesellschaft der Deutschen im Oppelner Schlesien\" \/>\n<meta property=\"og:description\" content=\"In der kommenden Folge spricht Andrea Pola\u0144ski mit einem weiteren Spezialgast, den stellvertretenden Vorsitzenden des Jugendrates \u2013 Konrad M\u00fcller \u00fcber die T\u00e4tigkeit und Rolles der Jugendorganisation der SKGD im Oppelner Schlesien. Wenn ihr zum Jugendrat und seinen Projekten erfahren wollt oder Mitglied werden m\u00f6chtet schaut auf die Seiten des Jugendrates:&nbsp; FACEBOOK INSTAGRAM Die Premiere der [&hellip;]\" \/>\n<meta property=\"og:url\" content=\"https:\/\/skgd.pl\/za-chwile-premiera-odcinka-dmi-tv\/\" \/>\n<meta property=\"og:site_name\" content=\"Deutsche Minderheit, Sozial-Kulturelle Gesellschaft der Deutschen im Oppelner Schlesien\" \/>\n<meta property=\"article:published_time\" content=\"2021-03-19T12:00:02+00:00\" \/>\n<meta property=\"article:modified_time\" content=\"2021-03-19T08:12:47+00:00\" \/>\n<meta property=\"og:image\" content=\"https:\/\/skgd.pl\/wp-content\/uploads\/2021\/03\/dmi-tv.jpg\" \/>\n\t<meta property=\"og:image:width\" content=\"2245\" \/>\n\t<meta property=\"og:image:height\" content=\"1587\" \/>\n\t<meta property=\"og:image:type\" content=\"image\/jpeg\" \/>\n<meta name=\"twitter:card\" content=\"summary_large_image\" \/>\n<meta name=\"twitter:label1\" content=\"Verfasst von\" \/>\n\t<meta name=\"twitter:data1\" content=\"Zuzanna Herud\" \/>\n\t<meta name=\"twitter:label2\" content=\"Gesch\u00e4tzte Lesezeit\" \/>\n\t<meta name=\"twitter:data2\" content=\"1\u00a0Minute\" \/>\n<script type=\"application\/ld+json\" class=\"yoast-schema-graph\">{\"@context\":\"https:\/\/schema.org\",\"@graph\":[{\"@type\":\"WebSite\",\"@id\":\"https:\/\/skgd.pl\/#website\",\"url\":\"https:\/\/skgd.pl\/\",\"name\":\"Deutsche Minderheit, Sozial-Kulturelle Gesellschaft der Deutschen im Oppelner Schlesien\",\"description\":\"Deutsche Minderheit in Polen\",\"potentialAction\":[{\"@type\":\"SearchAction\",\"target\":{\"@type\":\"EntryPoint\",\"urlTemplate\":\"https:\/\/skgd.pl\/?s={search_term_string}\"},\"query-input\":\"required name=search_term_string\"}],\"inLanguage\":\"de\"},{\"@type\":\"ImageObject\",\"inLanguage\":\"de\",\"@id\":\"https:\/\/skgd.pl\/za-chwile-premiera-odcinka-dmi-tv\/#primaryimage\",\"url\":\"https:\/\/skgd.pl\/wp-content\/uploads\/2021\/03\/dmi-tv.jpg\",\"contentUrl\":\"https:\/\/skgd.pl\/wp-content\/uploads\/2021\/03\/dmi-tv.jpg\",\"width\":2245,\"height\":1587},{\"@type\":\"WebPage\",\"@id\":\"https:\/\/skgd.pl\/za-chwile-premiera-odcinka-dmi-tv\/#webpage\",\"url\":\"https:\/\/skgd.pl\/za-chwile-premiera-odcinka-dmi-tv\/\",\"name\":\"Schon gleich gibts Premiere der neuen DMi-TV Folge! - Deutsche Minderheit, Sozial-Kulturelle Gesellschaft der Deutschen im Oppelner Schlesien\",\"isPartOf\":{\"@id\":\"https:\/\/skgd.pl\/#website\"},\"primaryImageOfPage\":{\"@id\":\"https:\/\/skgd.pl\/za-chwile-premiera-odcinka-dmi-tv\/#primaryimage\"},\"datePublished\":\"2021-03-19T12:00:02+00:00\",\"dateModified\":\"2021-03-19T08:12:47+00:00\",\"author\":{\"@id\":\"https:\/\/skgd.pl\/#\/schema\/person\/dcdd6dd89280fa49735a207f6d6dccd2\"},\"breadcrumb\":{\"@id\":\"https:\/\/skgd.pl\/za-chwile-premiera-odcinka-dmi-tv\/#breadcrumb\"},\"inLanguage\":\"de\",\"potentialAction\":[{\"@type\":\"ReadAction\",\"target\":[\"https:\/\/skgd.pl\/za-chwile-premiera-odcinka-dmi-tv\/\"]}]},{\"@type\":\"BreadcrumbList\",\"@id\":\"https:\/\/skgd.pl\/za-chwile-premiera-odcinka-dmi-tv\/#breadcrumb\",\"itemListElement\":[{\"@type\":\"ListItem\",\"position\":1,\"name\":\"Strona g\u0142\u00f3wna\",\"item\":\"https:\/\/skgd.pl\/\"},{\"@type\":\"ListItem\",\"position\":2,\"name\":\"Za chwil\u0119 premiera odcinka DMi-TV!\"}]},{\"@type\":\"Person\",\"@id\":\"https:\/\/skgd.pl\/#\/schema\/person\/dcdd6dd89280fa49735a207f6d6dccd2\",\"name\":\"Zuzanna Herud\",\"image\":{\"@type\":\"ImageObject\",\"inLanguage\":\"de\",\"@id\":\"https:\/\/skgd.pl\/#\/schema\/person\/image\/\",\"url\":\"https:\/\/secure.gravatar.com\/avatar\/a01f92cb4421a03a6fa61cc64f8d96dc?s=96&d=mm&r=g\",\"contentUrl\":\"https:\/\/secure.gravatar.com\/avatar\/a01f92cb4421a03a6fa61cc64f8d96dc?s=96&d=mm&r=g\",\"caption\":\"Zuzanna Herud\"},\"url\":\"https:\/\/skgd.pl\/de\/author\/zuzanna\/\"}]}<\/script>\n<!-- \/ Yoast SEO plugin. -->","yoast_head_json":{"title":"Schon gleich gibts Premiere der neuen DMi-TV Folge! - Deutsche Minderheit, Sozial-Kulturelle Gesellschaft der Deutschen im Oppelner Schlesien","robots":{"index":"index","follow":"follow","max-snippet":"max-snippet:-1","max-image-preview":"max-image-preview:large","max-video-preview":"max-video-preview:-1"},"canonical":"https:\/\/skgd.pl\/za-chwile-premiera-odcinka-dmi-tv\/","og_locale":"de_DE","og_type":"article","og_title":"Schon gleich gibts Premiere der neuen DMi-TV Folge! - Deutsche Minderheit, Sozial-Kulturelle Gesellschaft der Deutschen im Oppelner Schlesien","og_description":"In der kommenden Folge spricht Andrea Pola\u0144ski mit einem weiteren Spezialgast, den stellvertretenden Vorsitzenden des Jugendrates \u2013 Konrad M\u00fcller \u00fcber die T\u00e4tigkeit und Rolles der Jugendorganisation der SKGD im Oppelner Schlesien. Wenn ihr zum Jugendrat und seinen Projekten erfahren wollt oder Mitglied werden m\u00f6chtet schaut auf die Seiten des Jugendrates:&nbsp; FACEBOOK INSTAGRAM Die Premiere der [&hellip;]","og_url":"https:\/\/skgd.pl\/za-chwile-premiera-odcinka-dmi-tv\/","og_site_name":"Deutsche Minderheit, Sozial-Kulturelle Gesellschaft der Deutschen im Oppelner Schlesien","article_published_time":"2021-03-19T12:00:02+00:00","article_modified_time":"2021-03-19T08:12:47+00:00","og_image":[{"width":2245,"height":1587,"url":"https:\/\/skgd.pl\/wp-content\/uploads\/2021\/03\/dmi-tv.jpg","type":"image\/jpeg"}],"twitter_card":"summary_large_image","twitter_misc":{"Verfasst von":"Zuzanna Herud","Gesch\u00e4tzte Lesezeit":"1\u00a0Minute"},"schema":{"@context":"https:\/\/schema.org","@graph":[{"@type":"WebSite","@id":"https:\/\/skgd.pl\/#website","url":"https:\/\/skgd.pl\/","name":"Deutsche Minderheit, Sozial-Kulturelle Gesellschaft der Deutschen im Oppelner Schlesien","description":"Deutsche Minderheit in Polen","potentialAction":[{"@type":"SearchAction","target":{"@type":"EntryPoint","urlTemplate":"https:\/\/skgd.pl\/?s={search_term_string}"},"query-input":"required name=search_term_string"}],"inLanguage":"de"},{"@type":"ImageObject","inLanguage":"de","@id":"https:\/\/skgd.pl\/za-chwile-premiera-odcinka-dmi-tv\/#primaryimage","url":"https:\/\/skgd.pl\/wp-content\/uploads\/2021\/03\/dmi-tv.jpg","contentUrl":"https:\/\/skgd.pl\/wp-content\/uploads\/2021\/03\/dmi-tv.jpg","width":2245,"height":1587},{"@type":"WebPage","@id":"https:\/\/skgd.pl\/za-chwile-premiera-odcinka-dmi-tv\/#webpage","url":"https:\/\/skgd.pl\/za-chwile-premiera-odcinka-dmi-tv\/","name":"Schon gleich gibts Premiere der neuen DMi-TV Folge! - Deutsche Minderheit, Sozial-Kulturelle Gesellschaft der Deutschen im Oppelner Schlesien","isPartOf":{"@id":"https:\/\/skgd.pl\/#website"},"primaryImageOfPage":{"@id":"https:\/\/skgd.pl\/za-chwile-premiera-odcinka-dmi-tv\/#primaryimage"},"datePublished":"2021-03-19T12:00:02+00:00","dateModified":"2021-03-19T08:12:47+00:00","author":{"@id":"https:\/\/skgd.pl\/#\/schema\/person\/dcdd6dd89280fa49735a207f6d6dccd2"},"breadcrumb":{"@id":"https:\/\/skgd.pl\/za-chwile-premiera-odcinka-dmi-tv\/#breadcrumb"},"inLanguage":"de","potentialAction":[{"@type":"ReadAction","target":["https:\/\/skgd.pl\/za-chwile-premiera-odcinka-dmi-tv\/"]}]},{"@type":"BreadcrumbList","@id":"https:\/\/skgd.pl\/za-chwile-premiera-odcinka-dmi-tv\/#breadcrumb","itemListElement":[{"@type":"ListItem","position":1,"name":"Strona g\u0142\u00f3wna","item":"https:\/\/skgd.pl\/"},{"@type":"ListItem","position":2,"name":"Za chwil\u0119 premiera odcinka DMi-TV!"}]},{"@type":"Person","@id":"https:\/\/skgd.pl\/#\/schema\/person\/dcdd6dd89280fa49735a207f6d6dccd2","name":"Zuzanna Herud","image":{"@type":"ImageObject","inLanguage":"de","@id":"https:\/\/skgd.pl\/#\/schema\/person\/image\/","url":"https:\/\/secure.gravatar.com\/avatar\/a01f92cb4421a03a6fa61cc64f8d96dc?s=96&d=mm&r=g","contentUrl":"https:\/\/secure.gravatar.com\/avatar\/a01f92cb4421a03a6fa61cc64f8d96dc?s=96&d=mm&r=g","caption":"Zuzanna Herud"},"url":"https:\/\/skgd.pl\/de\/author\/zuzanna\/"}]}},"_links":{"self":[{"href":"https:\/\/skgd.pl\/de\/wp-json\/wp\/v2\/posts\/25725","targetHints":{"allow":["GET"]}}],"collection":[{"href":"https:\/\/skgd.pl\/de\/wp-json\/wp\/v2\/posts"}],"about":[{"href":"https:\/\/skgd.pl\/de\/wp-json\/wp\/v2\/types\/post"}],"author":[{"embeddable":true,"href":"https:\/\/skgd.pl\/de\/wp-json\/wp\/v2\/users\/7"}],"replies":[{"embeddable":true,"href":"https:\/\/skgd.pl\/de\/wp-json\/wp\/v2\/comments?post=25725"}],"version-history":[{"count":1,"href":"https:\/\/skgd.pl\/de\/wp-json\/wp\/v2\/posts\/25725\/revisions"}],"predecessor-version":[{"id":25727,"href":"https:\/\/skgd.pl\/de\/wp-json\/wp\/v2\/posts\/25725\/revisions\/25727"}],"wp:featuredmedia":[{"embeddable":true,"href":"https:\/\/skgd.pl\/de\/wp-json\/wp\/v2\/media\/25726"}],"wp:attachment":[{"href":"https:\/\/skgd.pl\/de\/wp-json\/wp\/v2\/media?parent=25725"}],"wp:term":[{"taxonomy":"category","embeddable":true,"href":"https:\/\/skgd.pl\/de\/wp-json\/wp\/v2\/categories?post=25725"},{"taxonomy":"post_tag","embeddable":true,"href":"https:\/\/skgd.pl\/de\/wp-json\/wp\/v2\/tags?post=25725"}],"curies":[{"name":"wp","href":"https:\/\/api.w.org\/{rel}","templated":true}]}}