{"id":25715,"date":"2021-03-18T15:04:19","date_gmt":"2021-03-18T14:04:19","guid":{"rendered":"https:\/\/skgd.pl\/?p=25715"},"modified":"2021-03-18T15:44:51","modified_gmt":"2021-03-18T14:44:51","slug":"premiera-odcinka-5-andrea-das-bin-ich-rada-mlodziezowa-tskn","status":"publish","type":"post","link":"https:\/\/skgd.pl\/de\/premiera-odcinka-5-andrea-das-bin-ich-rada-mlodziezowa-tskn\/","title":{"rendered":"PREMIERE DER FOLGE \u201e#5 ANDREA. DAS BIN ICH! \u2013 DER JUGENDRAT DER SKGD\u201d"},"content":{"rendered":"<p><\/p>\n<p style=\"text-align: justify;\"><span>DMi-TV ist eine Serie von YouTube-Vlogs mit Andrea Pola\u0144ski, die als engagierte Jugendliche ihren Bezug zur Deutschen Minderheit zeigen will.<\/span><\/p>\n<p style=\"text-align: justify;\"><span>In der kommenden Folge spricht Andrea Pola\u0144ski mit einem weiteren Spezialgast, den stellvertretenden Vorsitzenden des Jugendrates \u2013 Konrad M\u00fcller \u00fcber die T\u00e4tigkeit und Rolles der Jugendorganisation der SKGD im Oppelner Schlesien. Wenn ihr zum Jugendrat und seinen Projekten erfahren wollt oder Mitglied werden m\u00f6chtet schaut auf die Seiten des Jugendrates:&nbsp;<\/span><span><\/span><\/p>\n<ul>\n<li style=\"text-align: justify;\"><strong><span style=\"background-color: #ff6600;\"><a style=\"background-color: #ff6600;\" href=\"https:\/\/www.facebook.com\/Jugendrat-TSKN-108745640978427\">FACEBOOK<\/a><\/span><\/strong><\/li>\n<li><span style=\"background-color: #ff6600;\"><strong><a style=\"background-color: #ff6600;\" href=\"https:\/\/www.instagram.com\/jugendrat_tskn\/\">INSTAGRAM<\/a><\/strong><\/span><\/li>\n<\/ul>\n<p style=\"text-align: justify;\">Die Premiere der Folge gibt es am<span>&nbsp;<\/span><strong>Freitag 19.03.2021, um 13:30 Uhr auf unsere YouTube- Seite: <span style=\"background-color: #ff6600;\"><a style=\"background-color: #ff6600;\" href=\"https:\/\/www.youtube.com\/channel\/UCYGOz4BuMUP78wRXTV8ToIA\">You Tube<\/a><\/span><\/strong><\/p>\n<p style=\"text-align: justify;\">Schaltet ein!&nbsp;<\/p>\n<p style=\"text-align: justify;\">&nbsp;<\/p>\n<p style=\"text-align: justify;\"><span><strong>Herausgeber:<\/strong><br \/>\nSozial-Kulturelle Gesellschaft der Deutschen im Oppelner Schlesien&nbsp;<\/span><\/p>\n<p style=\"text-align: justify;\"><span><strong>Realisierung:<\/strong><br \/>\nKrystian Belkius, Roman Szablicki<\/span><\/p>\n<p style=\"text-align: justify;\"><span><strong>Partner:<\/strong><br \/>\nVerband Deutscher Sozial-Kultureller Gesellschaften in Polen, Bund der Jugend der Deutschen Minderheit, Jugendrat der SKGD&nbsp;<\/span><\/p>\n<p style=\"text-align: justify;\"><span><strong>Finanzierung:<\/strong><br \/>\nBumdesministerium des Innern f\u00fcr Bau und Heimat&nbsp;<\/span><\/p>\n<div class=\"pagination\" style=\"text-align: justify;\">&nbsp;<\/div>\n<p><\/p>","protected":false},"excerpt":{"rendered":"<p>DMi-TV ist eine Serie von YouTube-Vlogs mit Andrea Pola\u0144ski, die als engagierte Jugendliche ihren Bezug zur Deutschen Minderheit zeigen will. In der kommenden Folge spricht Andrea Pola\u0144ski mit einem weiteren Spezialgast, den stellvertretenden Vorsitzenden des Jugendrates \u2013 Konrad M\u00fcller \u00fcber die T\u00e4tigkeit und Rolles der Jugendorganisation der SKGD im Oppelner Schlesien. Wenn ihr zum Jugendrat [&hellip;]<\/p>\n","protected":false},"author":7,"featured_media":25716,"comment_status":"closed","ping_status":"open","sticky":false,"template":"","format":"standard","meta":{"footnotes":""},"categories":[1],"tags":[],"class_list":["post-25715","post","type-post","status-publish","format-standard","has-post-thumbnail","hentry","category-aktualnosci"],"yoast_head":"<!-- This site is optimized with the Yoast SEO plugin v18.9 - https:\/\/yoast.com\/wordpress\/plugins\/seo\/ -->\n<title>PREMIERE DER FOLGE \u201e#5 ANDREA. DAS BIN ICH! \u2013 DER JUGENDRAT DER SKGD\u201d - Deutsche Minderheit, Sozial-Kulturelle Gesellschaft der Deutschen im Oppelner Schlesien<\/title>\n<meta name=\"robots\" content=\"index, follow, max-snippet:-1, max-image-preview:large, max-video-preview:-1\" \/>\n<link rel=\"canonical\" href=\"https:\/\/skgd.pl\/premiera-odcinka-5-andrea-das-bin-ich-rada-mlodziezowa-tskn\/\" \/>\n<meta property=\"og:locale\" content=\"de_DE\" \/>\n<meta property=\"og:type\" content=\"article\" \/>\n<meta property=\"og:title\" content=\"PREMIERE DER FOLGE \u201e#5 ANDREA. DAS BIN ICH! \u2013 DER JUGENDRAT DER SKGD\u201d - Deutsche Minderheit, Sozial-Kulturelle Gesellschaft der Deutschen im Oppelner Schlesien\" \/>\n<meta property=\"og:description\" content=\"DMi-TV ist eine Serie von YouTube-Vlogs mit Andrea Pola\u0144ski, die als engagierte Jugendliche ihren Bezug zur Deutschen Minderheit zeigen will. In der kommenden Folge spricht Andrea Pola\u0144ski mit einem weiteren Spezialgast, den stellvertretenden Vorsitzenden des Jugendrates \u2013 Konrad M\u00fcller \u00fcber die T\u00e4tigkeit und Rolles der Jugendorganisation der SKGD im Oppelner Schlesien. Wenn ihr zum Jugendrat [&hellip;]\" \/>\n<meta property=\"og:url\" content=\"https:\/\/skgd.pl\/premiera-odcinka-5-andrea-das-bin-ich-rada-mlodziezowa-tskn\/\" \/>\n<meta property=\"og:site_name\" content=\"Deutsche Minderheit, Sozial-Kulturelle Gesellschaft der Deutschen im Oppelner Schlesien\" \/>\n<meta property=\"article:published_time\" content=\"2021-03-18T14:04:19+00:00\" \/>\n<meta property=\"article:modified_time\" content=\"2021-03-18T14:44:51+00:00\" \/>\n<meta property=\"og:image\" content=\"https:\/\/skgd.pl\/wp-content\/uploads\/2021\/03\/Kopia-dmi-tv-.jpg\" \/>\n\t<meta property=\"og:image:width\" content=\"940\" \/>\n\t<meta property=\"og:image:height\" content=\"788\" \/>\n\t<meta property=\"og:image:type\" content=\"image\/jpeg\" \/>\n<meta name=\"twitter:card\" content=\"summary_large_image\" \/>\n<meta name=\"twitter:label1\" content=\"Verfasst von\" \/>\n\t<meta name=\"twitter:data1\" content=\"Zuzanna Herud\" \/>\n\t<meta name=\"twitter:label2\" content=\"Gesch\u00e4tzte Lesezeit\" \/>\n\t<meta name=\"twitter:data2\" content=\"1\u00a0Minute\" \/>\n<script type=\"application\/ld+json\" class=\"yoast-schema-graph\">{\"@context\":\"https:\/\/schema.org\",\"@graph\":[{\"@type\":\"WebSite\",\"@id\":\"https:\/\/skgd.pl\/#website\",\"url\":\"https:\/\/skgd.pl\/\",\"name\":\"Deutsche Minderheit, Sozial-Kulturelle Gesellschaft der Deutschen im Oppelner Schlesien\",\"description\":\"Deutsche Minderheit in Polen\",\"potentialAction\":[{\"@type\":\"SearchAction\",\"target\":{\"@type\":\"EntryPoint\",\"urlTemplate\":\"https:\/\/skgd.pl\/?s={search_term_string}\"},\"query-input\":\"required name=search_term_string\"}],\"inLanguage\":\"de\"},{\"@type\":\"ImageObject\",\"inLanguage\":\"de\",\"@id\":\"https:\/\/skgd.pl\/premiera-odcinka-5-andrea-das-bin-ich-rada-mlodziezowa-tskn\/#primaryimage\",\"url\":\"https:\/\/skgd.pl\/wp-content\/uploads\/2021\/03\/Kopia-dmi-tv-.jpg\",\"contentUrl\":\"https:\/\/skgd.pl\/wp-content\/uploads\/2021\/03\/Kopia-dmi-tv-.jpg\",\"width\":940,\"height\":788},{\"@type\":\"WebPage\",\"@id\":\"https:\/\/skgd.pl\/premiera-odcinka-5-andrea-das-bin-ich-rada-mlodziezowa-tskn\/#webpage\",\"url\":\"https:\/\/skgd.pl\/premiera-odcinka-5-andrea-das-bin-ich-rada-mlodziezowa-tskn\/\",\"name\":\"PREMIERE DER FOLGE \u201e#5 ANDREA. DAS BIN ICH! \u2013 DER JUGENDRAT DER SKGD\u201d - Deutsche Minderheit, Sozial-Kulturelle Gesellschaft der Deutschen im Oppelner Schlesien\",\"isPartOf\":{\"@id\":\"https:\/\/skgd.pl\/#website\"},\"primaryImageOfPage\":{\"@id\":\"https:\/\/skgd.pl\/premiera-odcinka-5-andrea-das-bin-ich-rada-mlodziezowa-tskn\/#primaryimage\"},\"datePublished\":\"2021-03-18T14:04:19+00:00\",\"dateModified\":\"2021-03-18T14:44:51+00:00\",\"author\":{\"@id\":\"https:\/\/skgd.pl\/#\/schema\/person\/dcdd6dd89280fa49735a207f6d6dccd2\"},\"breadcrumb\":{\"@id\":\"https:\/\/skgd.pl\/premiera-odcinka-5-andrea-das-bin-ich-rada-mlodziezowa-tskn\/#breadcrumb\"},\"inLanguage\":\"de\",\"potentialAction\":[{\"@type\":\"ReadAction\",\"target\":[\"https:\/\/skgd.pl\/premiera-odcinka-5-andrea-das-bin-ich-rada-mlodziezowa-tskn\/\"]}]},{\"@type\":\"BreadcrumbList\",\"@id\":\"https:\/\/skgd.pl\/premiera-odcinka-5-andrea-das-bin-ich-rada-mlodziezowa-tskn\/#breadcrumb\",\"itemListElement\":[{\"@type\":\"ListItem\",\"position\":1,\"name\":\"Strona g\u0142\u00f3wna\",\"item\":\"https:\/\/skgd.pl\/\"},{\"@type\":\"ListItem\",\"position\":2,\"name\":\"PREMIERA ODCINKA \u201e#5 ANDREA. DAS BIN ICH! \u2013 RADA M\u0141ODZIE\u017bOWA TSKN\u201d\"}]},{\"@type\":\"Person\",\"@id\":\"https:\/\/skgd.pl\/#\/schema\/person\/dcdd6dd89280fa49735a207f6d6dccd2\",\"name\":\"Zuzanna Herud\",\"image\":{\"@type\":\"ImageObject\",\"inLanguage\":\"de\",\"@id\":\"https:\/\/skgd.pl\/#\/schema\/person\/image\/\",\"url\":\"https:\/\/secure.gravatar.com\/avatar\/a01f92cb4421a03a6fa61cc64f8d96dc?s=96&d=mm&r=g\",\"contentUrl\":\"https:\/\/secure.gravatar.com\/avatar\/a01f92cb4421a03a6fa61cc64f8d96dc?s=96&d=mm&r=g\",\"caption\":\"Zuzanna Herud\"},\"url\":\"https:\/\/skgd.pl\/de\/author\/zuzanna\/\"}]}<\/script>\n<!-- \/ Yoast SEO plugin. -->","yoast_head_json":{"title":"PREMIERE DER FOLGE \u201e#5 ANDREA. DAS BIN ICH! \u2013 DER JUGENDRAT DER SKGD\u201d - Deutsche Minderheit, Sozial-Kulturelle Gesellschaft der Deutschen im Oppelner Schlesien","robots":{"index":"index","follow":"follow","max-snippet":"max-snippet:-1","max-image-preview":"max-image-preview:large","max-video-preview":"max-video-preview:-1"},"canonical":"https:\/\/skgd.pl\/premiera-odcinka-5-andrea-das-bin-ich-rada-mlodziezowa-tskn\/","og_locale":"de_DE","og_type":"article","og_title":"PREMIERE DER FOLGE \u201e#5 ANDREA. DAS BIN ICH! \u2013 DER JUGENDRAT DER SKGD\u201d - Deutsche Minderheit, Sozial-Kulturelle Gesellschaft der Deutschen im Oppelner Schlesien","og_description":"DMi-TV ist eine Serie von YouTube-Vlogs mit Andrea Pola\u0144ski, die als engagierte Jugendliche ihren Bezug zur Deutschen Minderheit zeigen will. In der kommenden Folge spricht Andrea Pola\u0144ski mit einem weiteren Spezialgast, den stellvertretenden Vorsitzenden des Jugendrates \u2013 Konrad M\u00fcller \u00fcber die T\u00e4tigkeit und Rolles der Jugendorganisation der SKGD im Oppelner Schlesien. Wenn ihr zum Jugendrat [&hellip;]","og_url":"https:\/\/skgd.pl\/premiera-odcinka-5-andrea-das-bin-ich-rada-mlodziezowa-tskn\/","og_site_name":"Deutsche Minderheit, Sozial-Kulturelle Gesellschaft der Deutschen im Oppelner Schlesien","article_published_time":"2021-03-18T14:04:19+00:00","article_modified_time":"2021-03-18T14:44:51+00:00","og_image":[{"width":940,"height":788,"url":"https:\/\/skgd.pl\/wp-content\/uploads\/2021\/03\/Kopia-dmi-tv-.jpg","type":"image\/jpeg"}],"twitter_card":"summary_large_image","twitter_misc":{"Verfasst von":"Zuzanna Herud","Gesch\u00e4tzte Lesezeit":"1\u00a0Minute"},"schema":{"@context":"https:\/\/schema.org","@graph":[{"@type":"WebSite","@id":"https:\/\/skgd.pl\/#website","url":"https:\/\/skgd.pl\/","name":"Deutsche Minderheit, Sozial-Kulturelle Gesellschaft der Deutschen im Oppelner Schlesien","description":"Deutsche Minderheit in Polen","potentialAction":[{"@type":"SearchAction","target":{"@type":"EntryPoint","urlTemplate":"https:\/\/skgd.pl\/?s={search_term_string}"},"query-input":"required name=search_term_string"}],"inLanguage":"de"},{"@type":"ImageObject","inLanguage":"de","@id":"https:\/\/skgd.pl\/premiera-odcinka-5-andrea-das-bin-ich-rada-mlodziezowa-tskn\/#primaryimage","url":"https:\/\/skgd.pl\/wp-content\/uploads\/2021\/03\/Kopia-dmi-tv-.jpg","contentUrl":"https:\/\/skgd.pl\/wp-content\/uploads\/2021\/03\/Kopia-dmi-tv-.jpg","width":940,"height":788},{"@type":"WebPage","@id":"https:\/\/skgd.pl\/premiera-odcinka-5-andrea-das-bin-ich-rada-mlodziezowa-tskn\/#webpage","url":"https:\/\/skgd.pl\/premiera-odcinka-5-andrea-das-bin-ich-rada-mlodziezowa-tskn\/","name":"PREMIERE DER FOLGE \u201e#5 ANDREA. DAS BIN ICH! \u2013 DER JUGENDRAT DER SKGD\u201d - Deutsche Minderheit, Sozial-Kulturelle Gesellschaft der Deutschen im Oppelner Schlesien","isPartOf":{"@id":"https:\/\/skgd.pl\/#website"},"primaryImageOfPage":{"@id":"https:\/\/skgd.pl\/premiera-odcinka-5-andrea-das-bin-ich-rada-mlodziezowa-tskn\/#primaryimage"},"datePublished":"2021-03-18T14:04:19+00:00","dateModified":"2021-03-18T14:44:51+00:00","author":{"@id":"https:\/\/skgd.pl\/#\/schema\/person\/dcdd6dd89280fa49735a207f6d6dccd2"},"breadcrumb":{"@id":"https:\/\/skgd.pl\/premiera-odcinka-5-andrea-das-bin-ich-rada-mlodziezowa-tskn\/#breadcrumb"},"inLanguage":"de","potentialAction":[{"@type":"ReadAction","target":["https:\/\/skgd.pl\/premiera-odcinka-5-andrea-das-bin-ich-rada-mlodziezowa-tskn\/"]}]},{"@type":"BreadcrumbList","@id":"https:\/\/skgd.pl\/premiera-odcinka-5-andrea-das-bin-ich-rada-mlodziezowa-tskn\/#breadcrumb","itemListElement":[{"@type":"ListItem","position":1,"name":"Strona g\u0142\u00f3wna","item":"https:\/\/skgd.pl\/"},{"@type":"ListItem","position":2,"name":"PREMIERA ODCINKA \u201e#5 ANDREA. DAS BIN ICH! \u2013 RADA M\u0141ODZIE\u017bOWA TSKN\u201d"}]},{"@type":"Person","@id":"https:\/\/skgd.pl\/#\/schema\/person\/dcdd6dd89280fa49735a207f6d6dccd2","name":"Zuzanna Herud","image":{"@type":"ImageObject","inLanguage":"de","@id":"https:\/\/skgd.pl\/#\/schema\/person\/image\/","url":"https:\/\/secure.gravatar.com\/avatar\/a01f92cb4421a03a6fa61cc64f8d96dc?s=96&d=mm&r=g","contentUrl":"https:\/\/secure.gravatar.com\/avatar\/a01f92cb4421a03a6fa61cc64f8d96dc?s=96&d=mm&r=g","caption":"Zuzanna Herud"},"url":"https:\/\/skgd.pl\/de\/author\/zuzanna\/"}]}},"_links":{"self":[{"href":"https:\/\/skgd.pl\/de\/wp-json\/wp\/v2\/posts\/25715","targetHints":{"allow":["GET"]}}],"collection":[{"href":"https:\/\/skgd.pl\/de\/wp-json\/wp\/v2\/posts"}],"about":[{"href":"https:\/\/skgd.pl\/de\/wp-json\/wp\/v2\/types\/post"}],"author":[{"embeddable":true,"href":"https:\/\/skgd.pl\/de\/wp-json\/wp\/v2\/users\/7"}],"replies":[{"embeddable":true,"href":"https:\/\/skgd.pl\/de\/wp-json\/wp\/v2\/comments?post=25715"}],"version-history":[{"count":3,"href":"https:\/\/skgd.pl\/de\/wp-json\/wp\/v2\/posts\/25715\/revisions"}],"predecessor-version":[{"id":25719,"href":"https:\/\/skgd.pl\/de\/wp-json\/wp\/v2\/posts\/25715\/revisions\/25719"}],"wp:featuredmedia":[{"embeddable":true,"href":"https:\/\/skgd.pl\/de\/wp-json\/wp\/v2\/media\/25716"}],"wp:attachment":[{"href":"https:\/\/skgd.pl\/de\/wp-json\/wp\/v2\/media?parent=25715"}],"wp:term":[{"taxonomy":"category","embeddable":true,"href":"https:\/\/skgd.pl\/de\/wp-json\/wp\/v2\/categories?post=25715"},{"taxonomy":"post_tag","embeddable":true,"href":"https:\/\/skgd.pl\/de\/wp-json\/wp\/v2\/tags?post=25715"}],"curies":[{"name":"wp","href":"https:\/\/api.w.org\/{rel}","templated":true}]}}