{"id":25708,"date":"2021-03-17T11:48:16","date_gmt":"2021-03-17T10:48:16","guid":{"rendered":"https:\/\/skgd.pl\/?p=25708"},"modified":"2021-03-17T15:03:47","modified_gmt":"2021-03-17T14:03:47","slug":"wystartowaly-zgloszenia-na-konferencje-mlodziezowa","status":"publish","type":"post","link":"https:\/\/skgd.pl\/de\/wystartowaly-zgloszenia-na-konferencje-mlodziezowa\/","title":{"rendered":"Die Anmeldungen zur Jugendkonferenz des BJDMs laufen!"},"content":{"rendered":"<p>In diesem Jahr wird die Jugendkonferenz des Bundes der Jugend der Deutschen Minderheit in der Republik Polen zu einem sehr wichtigen Thema veranstaltet \u2013 die Sensibilisierung von Jugendlichen vor bestehenden Gefahren aus dem politisch rechten Spektrum.<\/p>\n<p>Am&nbsp;<strong>Freitag und Samstag (26. und 27.03.2021)<\/strong> findet online der erste Teil der Konferenz mit interessanten Workshops statt, die Jugendliche weitere Aktivit\u00e4t in der Deutschen Minderheit schulen und st\u00e4rken! Ihr erlernt neues Wissen, diskutiert und arbeitet zusammen daran, den BJDM und Euch weiterzuentwickeln!<\/p>\n<p>Der Hauptworkshop wird von&nbsp;<em>Jan Repnak<\/em>&nbsp;(Jugendwerk der AWO im westlichen Westfalen) geleitet. Er ist f\u00fcr seine Tools und die Aufkl\u00e4rungsarbeit bei Jugendlichen in Bezug auf rechte Ideologie bekannt. In seinem&nbsp;Workshop werden vor allem das Wissen zu rechtem Gedankengut sowie rechte&nbsp;Ann\u00e4herungsversuche angesprochen.<\/p>\n<p>In einem Gespr\u00e4ch mit&nbsp;<em>Joanna Hassa<\/em>&nbsp;(SKGD) soll das Problemfeld \u201cDeutsche Minderheit und evtl. rechtes Denken\u201d besprochen werden.<\/p>\n<p>Dabei werden die Vergangenheit des BJDM sowie die Entwicklungen in den letzten Jahren anhand von Beispielen analysiert.<\/p>\n<p>F\u00fcr die Teilnahme an den ersten beiden Projekttagen (26. \/27.03.) kann man sich bis zum 23. M\u00e4rz 2021. unter den Link: <strong><a href=\"https:\/\/t1p.de\/Jugendkonferenz-Anmeldung\">t1p.de\/Jugendkonferenz-Anmeldung<\/a><\/strong>&nbsp;anmelden!<\/p>\n<p>An der Konferenz k\u00f6nnen Jugendliche von Alter ab 16 bis 35 Jahren teilnehmen.<\/p>\n<p>&nbsp;<\/p>\n<p>&nbsp;<\/p>\n<p>&nbsp;<\/p>\n<p>&nbsp;<\/p>","protected":false},"excerpt":{"rendered":"<p>In diesem Jahr wird die Jugendkonferenz des Bundes der Jugend der Deutschen Minderheit in der Republik Polen zu einem sehr wichtigen Thema veranstaltet \u2013 die Sensibilisierung von Jugendlichen vor bestehenden Gefahren aus dem politisch rechten Spektrum. Am&nbsp;Freitag und Samstag (26. und 27.03.2021) findet online der erste Teil der Konferenz mit interessanten Workshops statt, die Jugendliche [&hellip;]<\/p>\n","protected":false},"author":7,"featured_media":25710,"comment_status":"closed","ping_status":"open","sticky":false,"template":"","format":"standard","meta":{"footnotes":""},"categories":[1],"tags":[],"class_list":["post-25708","post","type-post","status-publish","format-standard","has-post-thumbnail","hentry","category-aktualnosci"],"yoast_head":"<!-- This site is optimized with the Yoast SEO plugin v18.9 - https:\/\/yoast.com\/wordpress\/plugins\/seo\/ -->\n<title>Die Anmeldungen zur Jugendkonferenz des BJDMs laufen! - Deutsche Minderheit, Sozial-Kulturelle Gesellschaft der Deutschen im Oppelner Schlesien<\/title>\n<meta name=\"robots\" content=\"index, follow, max-snippet:-1, max-image-preview:large, max-video-preview:-1\" \/>\n<link rel=\"canonical\" href=\"https:\/\/skgd.pl\/wystartowaly-zgloszenia-na-konferencje-mlodziezowa\/\" \/>\n<meta property=\"og:locale\" content=\"de_DE\" \/>\n<meta property=\"og:type\" content=\"article\" \/>\n<meta property=\"og:title\" content=\"Die Anmeldungen zur Jugendkonferenz des BJDMs laufen! - Deutsche Minderheit, Sozial-Kulturelle Gesellschaft der Deutschen im Oppelner Schlesien\" \/>\n<meta property=\"og:description\" content=\"In diesem Jahr wird die Jugendkonferenz des Bundes der Jugend der Deutschen Minderheit in der Republik Polen zu einem sehr wichtigen Thema veranstaltet \u2013 die Sensibilisierung von Jugendlichen vor bestehenden Gefahren aus dem politisch rechten Spektrum. Am&nbsp;Freitag und Samstag (26. und 27.03.2021) findet online der erste Teil der Konferenz mit interessanten Workshops statt, die Jugendliche [&hellip;]\" \/>\n<meta property=\"og:url\" content=\"https:\/\/skgd.pl\/wystartowaly-zgloszenia-na-konferencje-mlodziezowa\/\" \/>\n<meta property=\"og:site_name\" content=\"Deutsche Minderheit, Sozial-Kulturelle Gesellschaft der Deutschen im Oppelner Schlesien\" \/>\n<meta property=\"article:published_time\" content=\"2021-03-17T10:48:16+00:00\" \/>\n<meta property=\"article:modified_time\" content=\"2021-03-17T14:03:47+00:00\" \/>\n<meta property=\"og:image\" content=\"https:\/\/skgd.pl\/wp-content\/uploads\/2021\/03\/Jugendkonferenz-foto-.png\" \/>\n\t<meta property=\"og:image:width\" content=\"1584\" \/>\n\t<meta property=\"og:image:height\" content=\"792\" \/>\n\t<meta property=\"og:image:type\" content=\"image\/png\" \/>\n<meta name=\"twitter:card\" content=\"summary_large_image\" \/>\n<meta name=\"twitter:label1\" content=\"Verfasst von\" \/>\n\t<meta name=\"twitter:data1\" content=\"Zuzanna Herud\" \/>\n\t<meta name=\"twitter:label2\" content=\"Gesch\u00e4tzte Lesezeit\" \/>\n\t<meta name=\"twitter:data2\" content=\"2\u00a0Minuten\" \/>\n<script type=\"application\/ld+json\" class=\"yoast-schema-graph\">{\"@context\":\"https:\/\/schema.org\",\"@graph\":[{\"@type\":\"WebSite\",\"@id\":\"https:\/\/skgd.pl\/#website\",\"url\":\"https:\/\/skgd.pl\/\",\"name\":\"Deutsche Minderheit, Sozial-Kulturelle Gesellschaft der Deutschen im Oppelner Schlesien\",\"description\":\"Deutsche Minderheit in Polen\",\"potentialAction\":[{\"@type\":\"SearchAction\",\"target\":{\"@type\":\"EntryPoint\",\"urlTemplate\":\"https:\/\/skgd.pl\/?s={search_term_string}\"},\"query-input\":\"required name=search_term_string\"}],\"inLanguage\":\"de\"},{\"@type\":\"ImageObject\",\"inLanguage\":\"de\",\"@id\":\"https:\/\/skgd.pl\/wystartowaly-zgloszenia-na-konferencje-mlodziezowa\/#primaryimage\",\"url\":\"https:\/\/skgd.pl\/wp-content\/uploads\/2021\/03\/Jugendkonferenz-foto-.png\",\"contentUrl\":\"https:\/\/skgd.pl\/wp-content\/uploads\/2021\/03\/Jugendkonferenz-foto-.png\",\"width\":1584,\"height\":792},{\"@type\":\"WebPage\",\"@id\":\"https:\/\/skgd.pl\/wystartowaly-zgloszenia-na-konferencje-mlodziezowa\/#webpage\",\"url\":\"https:\/\/skgd.pl\/wystartowaly-zgloszenia-na-konferencje-mlodziezowa\/\",\"name\":\"Die Anmeldungen zur Jugendkonferenz des BJDMs laufen! - Deutsche Minderheit, Sozial-Kulturelle Gesellschaft der Deutschen im Oppelner Schlesien\",\"isPartOf\":{\"@id\":\"https:\/\/skgd.pl\/#website\"},\"primaryImageOfPage\":{\"@id\":\"https:\/\/skgd.pl\/wystartowaly-zgloszenia-na-konferencje-mlodziezowa\/#primaryimage\"},\"datePublished\":\"2021-03-17T10:48:16+00:00\",\"dateModified\":\"2021-03-17T14:03:47+00:00\",\"author\":{\"@id\":\"https:\/\/skgd.pl\/#\/schema\/person\/dcdd6dd89280fa49735a207f6d6dccd2\"},\"breadcrumb\":{\"@id\":\"https:\/\/skgd.pl\/wystartowaly-zgloszenia-na-konferencje-mlodziezowa\/#breadcrumb\"},\"inLanguage\":\"de\",\"potentialAction\":[{\"@type\":\"ReadAction\",\"target\":[\"https:\/\/skgd.pl\/wystartowaly-zgloszenia-na-konferencje-mlodziezowa\/\"]}]},{\"@type\":\"BreadcrumbList\",\"@id\":\"https:\/\/skgd.pl\/wystartowaly-zgloszenia-na-konferencje-mlodziezowa\/#breadcrumb\",\"itemListElement\":[{\"@type\":\"ListItem\",\"position\":1,\"name\":\"Strona g\u0142\u00f3wna\",\"item\":\"https:\/\/skgd.pl\/\"},{\"@type\":\"ListItem\",\"position\":2,\"name\":\"Wystartowa\u0142y zg\u0142oszenia na Konferencj\u0119 M\u0142odzie\u017cow\u0105!\"}]},{\"@type\":\"Person\",\"@id\":\"https:\/\/skgd.pl\/#\/schema\/person\/dcdd6dd89280fa49735a207f6d6dccd2\",\"name\":\"Zuzanna Herud\",\"image\":{\"@type\":\"ImageObject\",\"inLanguage\":\"de\",\"@id\":\"https:\/\/skgd.pl\/#\/schema\/person\/image\/\",\"url\":\"https:\/\/secure.gravatar.com\/avatar\/a01f92cb4421a03a6fa61cc64f8d96dc?s=96&d=mm&r=g\",\"contentUrl\":\"https:\/\/secure.gravatar.com\/avatar\/a01f92cb4421a03a6fa61cc64f8d96dc?s=96&d=mm&r=g\",\"caption\":\"Zuzanna Herud\"},\"url\":\"https:\/\/skgd.pl\/de\/author\/zuzanna\/\"}]}<\/script>\n<!-- \/ Yoast SEO plugin. -->","yoast_head_json":{"title":"Die Anmeldungen zur Jugendkonferenz des BJDMs laufen! - Deutsche Minderheit, Sozial-Kulturelle Gesellschaft der Deutschen im Oppelner Schlesien","robots":{"index":"index","follow":"follow","max-snippet":"max-snippet:-1","max-image-preview":"max-image-preview:large","max-video-preview":"max-video-preview:-1"},"canonical":"https:\/\/skgd.pl\/wystartowaly-zgloszenia-na-konferencje-mlodziezowa\/","og_locale":"de_DE","og_type":"article","og_title":"Die Anmeldungen zur Jugendkonferenz des BJDMs laufen! - Deutsche Minderheit, Sozial-Kulturelle Gesellschaft der Deutschen im Oppelner Schlesien","og_description":"In diesem Jahr wird die Jugendkonferenz des Bundes der Jugend der Deutschen Minderheit in der Republik Polen zu einem sehr wichtigen Thema veranstaltet \u2013 die Sensibilisierung von Jugendlichen vor bestehenden Gefahren aus dem politisch rechten Spektrum. Am&nbsp;Freitag und Samstag (26. und 27.03.2021) findet online der erste Teil der Konferenz mit interessanten Workshops statt, die Jugendliche [&hellip;]","og_url":"https:\/\/skgd.pl\/wystartowaly-zgloszenia-na-konferencje-mlodziezowa\/","og_site_name":"Deutsche Minderheit, Sozial-Kulturelle Gesellschaft der Deutschen im Oppelner Schlesien","article_published_time":"2021-03-17T10:48:16+00:00","article_modified_time":"2021-03-17T14:03:47+00:00","og_image":[{"width":1584,"height":792,"url":"https:\/\/skgd.pl\/wp-content\/uploads\/2021\/03\/Jugendkonferenz-foto-.png","type":"image\/png"}],"twitter_card":"summary_large_image","twitter_misc":{"Verfasst von":"Zuzanna Herud","Gesch\u00e4tzte Lesezeit":"2\u00a0Minuten"},"schema":{"@context":"https:\/\/schema.org","@graph":[{"@type":"WebSite","@id":"https:\/\/skgd.pl\/#website","url":"https:\/\/skgd.pl\/","name":"Deutsche Minderheit, Sozial-Kulturelle Gesellschaft der Deutschen im Oppelner Schlesien","description":"Deutsche Minderheit in Polen","potentialAction":[{"@type":"SearchAction","target":{"@type":"EntryPoint","urlTemplate":"https:\/\/skgd.pl\/?s={search_term_string}"},"query-input":"required name=search_term_string"}],"inLanguage":"de"},{"@type":"ImageObject","inLanguage":"de","@id":"https:\/\/skgd.pl\/wystartowaly-zgloszenia-na-konferencje-mlodziezowa\/#primaryimage","url":"https:\/\/skgd.pl\/wp-content\/uploads\/2021\/03\/Jugendkonferenz-foto-.png","contentUrl":"https:\/\/skgd.pl\/wp-content\/uploads\/2021\/03\/Jugendkonferenz-foto-.png","width":1584,"height":792},{"@type":"WebPage","@id":"https:\/\/skgd.pl\/wystartowaly-zgloszenia-na-konferencje-mlodziezowa\/#webpage","url":"https:\/\/skgd.pl\/wystartowaly-zgloszenia-na-konferencje-mlodziezowa\/","name":"Die Anmeldungen zur Jugendkonferenz des BJDMs laufen! - Deutsche Minderheit, Sozial-Kulturelle Gesellschaft der Deutschen im Oppelner Schlesien","isPartOf":{"@id":"https:\/\/skgd.pl\/#website"},"primaryImageOfPage":{"@id":"https:\/\/skgd.pl\/wystartowaly-zgloszenia-na-konferencje-mlodziezowa\/#primaryimage"},"datePublished":"2021-03-17T10:48:16+00:00","dateModified":"2021-03-17T14:03:47+00:00","author":{"@id":"https:\/\/skgd.pl\/#\/schema\/person\/dcdd6dd89280fa49735a207f6d6dccd2"},"breadcrumb":{"@id":"https:\/\/skgd.pl\/wystartowaly-zgloszenia-na-konferencje-mlodziezowa\/#breadcrumb"},"inLanguage":"de","potentialAction":[{"@type":"ReadAction","target":["https:\/\/skgd.pl\/wystartowaly-zgloszenia-na-konferencje-mlodziezowa\/"]}]},{"@type":"BreadcrumbList","@id":"https:\/\/skgd.pl\/wystartowaly-zgloszenia-na-konferencje-mlodziezowa\/#breadcrumb","itemListElement":[{"@type":"ListItem","position":1,"name":"Strona g\u0142\u00f3wna","item":"https:\/\/skgd.pl\/"},{"@type":"ListItem","position":2,"name":"Wystartowa\u0142y zg\u0142oszenia na Konferencj\u0119 M\u0142odzie\u017cow\u0105!"}]},{"@type":"Person","@id":"https:\/\/skgd.pl\/#\/schema\/person\/dcdd6dd89280fa49735a207f6d6dccd2","name":"Zuzanna Herud","image":{"@type":"ImageObject","inLanguage":"de","@id":"https:\/\/skgd.pl\/#\/schema\/person\/image\/","url":"https:\/\/secure.gravatar.com\/avatar\/a01f92cb4421a03a6fa61cc64f8d96dc?s=96&d=mm&r=g","contentUrl":"https:\/\/secure.gravatar.com\/avatar\/a01f92cb4421a03a6fa61cc64f8d96dc?s=96&d=mm&r=g","caption":"Zuzanna Herud"},"url":"https:\/\/skgd.pl\/de\/author\/zuzanna\/"}]}},"_links":{"self":[{"href":"https:\/\/skgd.pl\/de\/wp-json\/wp\/v2\/posts\/25708","targetHints":{"allow":["GET"]}}],"collection":[{"href":"https:\/\/skgd.pl\/de\/wp-json\/wp\/v2\/posts"}],"about":[{"href":"https:\/\/skgd.pl\/de\/wp-json\/wp\/v2\/types\/post"}],"author":[{"embeddable":true,"href":"https:\/\/skgd.pl\/de\/wp-json\/wp\/v2\/users\/7"}],"replies":[{"embeddable":true,"href":"https:\/\/skgd.pl\/de\/wp-json\/wp\/v2\/comments?post=25708"}],"version-history":[{"count":4,"href":"https:\/\/skgd.pl\/de\/wp-json\/wp\/v2\/posts\/25708\/revisions"}],"predecessor-version":[{"id":25714,"href":"https:\/\/skgd.pl\/de\/wp-json\/wp\/v2\/posts\/25708\/revisions\/25714"}],"wp:featuredmedia":[{"embeddable":true,"href":"https:\/\/skgd.pl\/de\/wp-json\/wp\/v2\/media\/25710"}],"wp:attachment":[{"href":"https:\/\/skgd.pl\/de\/wp-json\/wp\/v2\/media?parent=25708"}],"wp:term":[{"taxonomy":"category","embeddable":true,"href":"https:\/\/skgd.pl\/de\/wp-json\/wp\/v2\/categories?post=25708"},{"taxonomy":"post_tag","embeddable":true,"href":"https:\/\/skgd.pl\/de\/wp-json\/wp\/v2\/tags?post=25708"}],"curies":[{"name":"wp","href":"https:\/\/api.w.org\/{rel}","templated":true}]}}