{"id":25619,"date":"2021-03-09T12:31:00","date_gmt":"2021-03-09T11:31:00","guid":{"rendered":"https:\/\/skgd.pl\/?p=25619"},"modified":"2021-03-09T12:31:00","modified_gmt":"2021-03-09T11:31:00","slug":"szkolenie-dla-wychowawcow-wypoczynku-skierowane-do-mlodziezy-mniejszosci-niemieckiej","status":"publish","type":"post","link":"https:\/\/skgd.pl\/de\/szkolenie-dla-wychowawcow-wypoczynku-skierowane-do-mlodziezy-mniejszosci-niemieckiej\/","title":{"rendered":"SCHULUNG F\u00dcR FREIZEITBETREUER DER DEUTSCHEN MINDERHEIT"},"content":{"rendered":"<p><span style=\"font-size: 12px; color: #808080;\">Quelle: vdg.pl<\/span><\/p>\n<p style=\"text-align: justify;\">Verband der Deutschen Sozial-Kulturellen Gesellschaften veranstaltet f\u00fcr Jugendliche der Deutschen Minderheit im Alter von 18 bis 35 Jahren eine Schulung als Freizeitbetreuer, die mit Verordnung des Minister f\u00fcr Nationale Bildung \u00fcbereinstimmt.<\/p>\n<p style=\"text-align: justify;\">Die Absolvierung der Schulung f\u00fcr die Betreuer berechtigt zur Aus\u00fcbung der T\u00e4tigkeit als Erzieher bei Freizeitaktivit\u00e4ten wie Ausfl\u00fcge, Camps, Studienreisen u.a., die in Polen und im Ausland organisiert werden. Die Schulung wird von qualifizierter Lehrkraft nach den aktuellen Richtlinien des Schulamtes durchgef\u00fchrt. Nach dem Abschluss und Bestehen der Pr\u00fcfung erh\u00e4lt jeder Teilnehmer ein Zertifikat mit einer unbegrenzten G\u00fcltigkeit. Wer will, kann au\u00dferdem an einer Erste-Hilfe-Grundausbildung teilnehmen.<\/p>\n<p style=\"text-align: justify;\"><strong>Anmeldefrist:<\/strong><span>&nbsp;<\/span>7. Mai 2021<strong><br \/>\nTermine der Schulung:<span>&nbsp;<\/span><\/strong>22-23. Mai und 29-30. Mai 2021<\/p>\n<p style=\"text-align: justify;\"><strong>Alter:<\/strong><span>&nbsp;<\/span>18-35<br \/>\n<strong>Ort:<\/strong>&nbsp; Zwi\u0105zek Ochotniczych Stra\u017cy Po\u017carnych Rzeczypospolitej Polskiej O\u015brodek Szkoleniowy w Turawie, ul. Stra\u017cacka 1<br \/>\n<strong>Kosten:<\/strong><span>&nbsp;<\/span>DMI-Mitglieder: 100 PLN, keine Mitglieder: 170 PLN<br \/>\n<strong>Koordinatorin:<\/strong><span>&nbsp;<\/span>Beata Sordon,<span>&nbsp;<\/span><span id=\"cloakc3f5a4e5271f14acc9134360f02f0587\"><\/span><a href=\"mailto:beata.sordon@vdg.pl\">beata.sordon@vdg.pl<\/a><br \/>\n<strong>Tel:<\/strong><span>&nbsp;<\/span>728 149 579<br \/>\noder: 77 454 78 78 Durchwahl: 109<\/p>\n<p><img loading=\"lazy\" decoding=\"async\" class=\"alignleft wp-image-25621 size-full\" src=\"https:\/\/skgd.pl\/wp-content\/uploads\/2021\/03\/Anmeldung_Betreuer_BMI-fill-600x849-1.jpg\" alt=\"\" width=\"600\" height=\"849\" srcset=\"https:\/\/skgd.pl\/wp-content\/uploads\/2021\/03\/Anmeldung_Betreuer_BMI-fill-600x849-1.jpg 600w, https:\/\/skgd.pl\/wp-content\/uploads\/2021\/03\/Anmeldung_Betreuer_BMI-fill-600x849-1-212x300.jpg 212w\" sizes=\"auto, (max-width: 600px) 100vw, 600px\" \/><\/p>\n<p>&nbsp;<\/p>\n<p>&nbsp;<\/p>\n<p>&nbsp;<\/p>\n<p>&nbsp;<\/p>\n<p>&nbsp;<\/p>\n<p>&nbsp;<\/p>\n<p>&nbsp;<\/p>\n<p>&nbsp;<\/p>\n<p>&nbsp;<\/p>\n<p>&nbsp;<\/p>\n<p>&nbsp;<\/p>\n<p>&nbsp;<\/p>\n<p>&nbsp;<\/p>\n<p>&nbsp;<\/p>\n<p>&nbsp;<\/p>\n<p>&nbsp;<\/p>\n<p>&nbsp;<\/p>\n<p>&nbsp;<\/p>\n<p>&nbsp;<\/p>\n<p>&nbsp;<\/p>\n<p>&nbsp;<\/p>\n<p>&nbsp;<\/p>\n<p>&nbsp;<\/p>\n<p>&nbsp;<\/p>","protected":false},"excerpt":{"rendered":"<p>Quelle: vdg.pl Verband der Deutschen Sozial-Kulturellen Gesellschaften veranstaltet f\u00fcr Jugendliche der Deutschen Minderheit im Alter von 18 bis 35 Jahren eine Schulung als Freizeitbetreuer, die mit Verordnung des Minister f\u00fcr Nationale Bildung \u00fcbereinstimmt. Die Absolvierung der Schulung f\u00fcr die Betreuer berechtigt zur Aus\u00fcbung der T\u00e4tigkeit als Erzieher bei Freizeitaktivit\u00e4ten wie Ausfl\u00fcge, Camps, Studienreisen u.a., die [&hellip;]<\/p>\n","protected":false},"author":7,"featured_media":25620,"comment_status":"closed","ping_status":"open","sticky":false,"template":"","format":"standard","meta":{"footnotes":""},"categories":[1],"tags":[],"class_list":["post-25619","post","type-post","status-publish","format-standard","has-post-thumbnail","hentry","category-aktualnosci"],"yoast_head":"<!-- This site is optimized with the Yoast SEO plugin v18.9 - https:\/\/yoast.com\/wordpress\/plugins\/seo\/ -->\n<title>SCHULUNG F\u00dcR FREIZEITBETREUER DER DEUTSCHEN MINDERHEIT - Deutsche Minderheit, Sozial-Kulturelle Gesellschaft der Deutschen im Oppelner Schlesien<\/title>\n<meta name=\"robots\" content=\"index, follow, max-snippet:-1, max-image-preview:large, max-video-preview:-1\" \/>\n<link rel=\"canonical\" href=\"https:\/\/skgd.pl\/de\/szkolenie-dla-wychowawcow-wypoczynku-skierowane-do-mlodziezy-mniejszosci-niemieckiej\/\" \/>\n<meta property=\"og:locale\" content=\"de_DE\" \/>\n<meta property=\"og:type\" content=\"article\" \/>\n<meta property=\"og:title\" content=\"SCHULUNG F\u00dcR FREIZEITBETREUER DER DEUTSCHEN MINDERHEIT - Deutsche Minderheit, Sozial-Kulturelle Gesellschaft der Deutschen im Oppelner Schlesien\" \/>\n<meta property=\"og:description\" content=\"Quelle: vdg.pl Verband der Deutschen Sozial-Kulturellen Gesellschaften veranstaltet f\u00fcr Jugendliche der Deutschen Minderheit im Alter von 18 bis 35 Jahren eine Schulung als Freizeitbetreuer, die mit Verordnung des Minister f\u00fcr Nationale Bildung \u00fcbereinstimmt. Die Absolvierung der Schulung f\u00fcr die Betreuer berechtigt zur Aus\u00fcbung der T\u00e4tigkeit als Erzieher bei Freizeitaktivit\u00e4ten wie Ausfl\u00fcge, Camps, Studienreisen u.a., die [&hellip;]\" \/>\n<meta property=\"og:url\" content=\"https:\/\/skgd.pl\/de\/szkolenie-dla-wychowawcow-wypoczynku-skierowane-do-mlodziezy-mniejszosci-niemieckiej\/\" \/>\n<meta property=\"og:site_name\" content=\"Deutsche Minderheit, Sozial-Kulturelle Gesellschaft der Deutschen im Oppelner Schlesien\" \/>\n<meta property=\"article:published_time\" content=\"2021-03-09T11:31:00+00:00\" \/>\n<meta property=\"og:image\" content=\"https:\/\/skgd.pl\/wp-content\/uploads\/2021\/03\/088cd0a09fbf1f8ca77133526bce7dd0_XL.jpg\" \/>\n\t<meta property=\"og:image:width\" content=\"1024\" \/>\n\t<meta property=\"og:image:height\" content=\"648\" \/>\n\t<meta property=\"og:image:type\" content=\"image\/jpeg\" \/>\n<meta name=\"twitter:card\" content=\"summary_large_image\" \/>\n<meta name=\"twitter:label1\" content=\"Verfasst von\" \/>\n\t<meta name=\"twitter:data1\" content=\"Zuzanna Herud\" \/>\n\t<meta name=\"twitter:label2\" content=\"Gesch\u00e4tzte Lesezeit\" \/>\n\t<meta name=\"twitter:data2\" content=\"2\u00a0Minuten\" \/>\n<script type=\"application\/ld+json\" class=\"yoast-schema-graph\">{\"@context\":\"https:\/\/schema.org\",\"@graph\":[{\"@type\":\"WebSite\",\"@id\":\"https:\/\/skgd.pl\/#website\",\"url\":\"https:\/\/skgd.pl\/\",\"name\":\"Deutsche Minderheit, Sozial-Kulturelle Gesellschaft der Deutschen im Oppelner Schlesien\",\"description\":\"Deutsche Minderheit in Polen\",\"potentialAction\":[{\"@type\":\"SearchAction\",\"target\":{\"@type\":\"EntryPoint\",\"urlTemplate\":\"https:\/\/skgd.pl\/?s={search_term_string}\"},\"query-input\":\"required name=search_term_string\"}],\"inLanguage\":\"de\"},{\"@type\":\"ImageObject\",\"inLanguage\":\"de\",\"@id\":\"https:\/\/skgd.pl\/de\/szkolenie-dla-wychowawcow-wypoczynku-skierowane-do-mlodziezy-mniejszosci-niemieckiej\/#primaryimage\",\"url\":\"https:\/\/skgd.pl\/wp-content\/uploads\/2021\/03\/088cd0a09fbf1f8ca77133526bce7dd0_XL.jpg\",\"contentUrl\":\"https:\/\/skgd.pl\/wp-content\/uploads\/2021\/03\/088cd0a09fbf1f8ca77133526bce7dd0_XL.jpg\",\"width\":1024,\"height\":648},{\"@type\":\"WebPage\",\"@id\":\"https:\/\/skgd.pl\/de\/szkolenie-dla-wychowawcow-wypoczynku-skierowane-do-mlodziezy-mniejszosci-niemieckiej\/#webpage\",\"url\":\"https:\/\/skgd.pl\/de\/szkolenie-dla-wychowawcow-wypoczynku-skierowane-do-mlodziezy-mniejszosci-niemieckiej\/\",\"name\":\"SCHULUNG F\u00dcR FREIZEITBETREUER DER DEUTSCHEN MINDERHEIT - Deutsche Minderheit, Sozial-Kulturelle Gesellschaft der Deutschen im Oppelner Schlesien\",\"isPartOf\":{\"@id\":\"https:\/\/skgd.pl\/#website\"},\"primaryImageOfPage\":{\"@id\":\"https:\/\/skgd.pl\/de\/szkolenie-dla-wychowawcow-wypoczynku-skierowane-do-mlodziezy-mniejszosci-niemieckiej\/#primaryimage\"},\"datePublished\":\"2021-03-09T11:31:00+00:00\",\"dateModified\":\"2021-03-09T11:31:00+00:00\",\"author\":{\"@id\":\"https:\/\/skgd.pl\/#\/schema\/person\/dcdd6dd89280fa49735a207f6d6dccd2\"},\"breadcrumb\":{\"@id\":\"https:\/\/skgd.pl\/de\/szkolenie-dla-wychowawcow-wypoczynku-skierowane-do-mlodziezy-mniejszosci-niemieckiej\/#breadcrumb\"},\"inLanguage\":\"de\",\"potentialAction\":[{\"@type\":\"ReadAction\",\"target\":[\"https:\/\/skgd.pl\/de\/szkolenie-dla-wychowawcow-wypoczynku-skierowane-do-mlodziezy-mniejszosci-niemieckiej\/\"]}]},{\"@type\":\"BreadcrumbList\",\"@id\":\"https:\/\/skgd.pl\/de\/szkolenie-dla-wychowawcow-wypoczynku-skierowane-do-mlodziezy-mniejszosci-niemieckiej\/#breadcrumb\",\"itemListElement\":[{\"@type\":\"ListItem\",\"position\":1,\"name\":\"Strona g\u0142\u00f3wna\",\"item\":\"https:\/\/skgd.pl\/\"},{\"@type\":\"ListItem\",\"position\":2,\"name\":\"SCHULUNG F\u00dcR FREIZEITBETREUER DER DEUTSCHEN MINDERHEIT\"}]},{\"@type\":\"Person\",\"@id\":\"https:\/\/skgd.pl\/#\/schema\/person\/dcdd6dd89280fa49735a207f6d6dccd2\",\"name\":\"Zuzanna Herud\",\"image\":{\"@type\":\"ImageObject\",\"inLanguage\":\"de\",\"@id\":\"https:\/\/skgd.pl\/#\/schema\/person\/image\/\",\"url\":\"https:\/\/secure.gravatar.com\/avatar\/a01f92cb4421a03a6fa61cc64f8d96dc?s=96&d=mm&r=g\",\"contentUrl\":\"https:\/\/secure.gravatar.com\/avatar\/a01f92cb4421a03a6fa61cc64f8d96dc?s=96&d=mm&r=g\",\"caption\":\"Zuzanna Herud\"},\"url\":\"https:\/\/skgd.pl\/de\/author\/zuzanna\/\"}]}<\/script>\n<!-- \/ Yoast SEO plugin. -->","yoast_head_json":{"title":"SCHULUNG F\u00dcR FREIZEITBETREUER DER DEUTSCHEN MINDERHEIT - Deutsche Minderheit, Sozial-Kulturelle Gesellschaft der Deutschen im Oppelner Schlesien","robots":{"index":"index","follow":"follow","max-snippet":"max-snippet:-1","max-image-preview":"max-image-preview:large","max-video-preview":"max-video-preview:-1"},"canonical":"https:\/\/skgd.pl\/de\/szkolenie-dla-wychowawcow-wypoczynku-skierowane-do-mlodziezy-mniejszosci-niemieckiej\/","og_locale":"de_DE","og_type":"article","og_title":"SCHULUNG F\u00dcR FREIZEITBETREUER DER DEUTSCHEN MINDERHEIT - Deutsche Minderheit, Sozial-Kulturelle Gesellschaft der Deutschen im Oppelner Schlesien","og_description":"Quelle: vdg.pl Verband der Deutschen Sozial-Kulturellen Gesellschaften veranstaltet f\u00fcr Jugendliche der Deutschen Minderheit im Alter von 18 bis 35 Jahren eine Schulung als Freizeitbetreuer, die mit Verordnung des Minister f\u00fcr Nationale Bildung \u00fcbereinstimmt. Die Absolvierung der Schulung f\u00fcr die Betreuer berechtigt zur Aus\u00fcbung der T\u00e4tigkeit als Erzieher bei Freizeitaktivit\u00e4ten wie Ausfl\u00fcge, Camps, Studienreisen u.a., die [&hellip;]","og_url":"https:\/\/skgd.pl\/de\/szkolenie-dla-wychowawcow-wypoczynku-skierowane-do-mlodziezy-mniejszosci-niemieckiej\/","og_site_name":"Deutsche Minderheit, Sozial-Kulturelle Gesellschaft der Deutschen im Oppelner Schlesien","article_published_time":"2021-03-09T11:31:00+00:00","og_image":[{"width":1024,"height":648,"url":"https:\/\/skgd.pl\/wp-content\/uploads\/2021\/03\/088cd0a09fbf1f8ca77133526bce7dd0_XL.jpg","type":"image\/jpeg"}],"twitter_card":"summary_large_image","twitter_misc":{"Verfasst von":"Zuzanna Herud","Gesch\u00e4tzte Lesezeit":"2\u00a0Minuten"},"schema":{"@context":"https:\/\/schema.org","@graph":[{"@type":"WebSite","@id":"https:\/\/skgd.pl\/#website","url":"https:\/\/skgd.pl\/","name":"Deutsche Minderheit, Sozial-Kulturelle Gesellschaft der Deutschen im Oppelner Schlesien","description":"Deutsche Minderheit in Polen","potentialAction":[{"@type":"SearchAction","target":{"@type":"EntryPoint","urlTemplate":"https:\/\/skgd.pl\/?s={search_term_string}"},"query-input":"required name=search_term_string"}],"inLanguage":"de"},{"@type":"ImageObject","inLanguage":"de","@id":"https:\/\/skgd.pl\/de\/szkolenie-dla-wychowawcow-wypoczynku-skierowane-do-mlodziezy-mniejszosci-niemieckiej\/#primaryimage","url":"https:\/\/skgd.pl\/wp-content\/uploads\/2021\/03\/088cd0a09fbf1f8ca77133526bce7dd0_XL.jpg","contentUrl":"https:\/\/skgd.pl\/wp-content\/uploads\/2021\/03\/088cd0a09fbf1f8ca77133526bce7dd0_XL.jpg","width":1024,"height":648},{"@type":"WebPage","@id":"https:\/\/skgd.pl\/de\/szkolenie-dla-wychowawcow-wypoczynku-skierowane-do-mlodziezy-mniejszosci-niemieckiej\/#webpage","url":"https:\/\/skgd.pl\/de\/szkolenie-dla-wychowawcow-wypoczynku-skierowane-do-mlodziezy-mniejszosci-niemieckiej\/","name":"SCHULUNG F\u00dcR FREIZEITBETREUER DER DEUTSCHEN MINDERHEIT - Deutsche Minderheit, Sozial-Kulturelle Gesellschaft der Deutschen im Oppelner Schlesien","isPartOf":{"@id":"https:\/\/skgd.pl\/#website"},"primaryImageOfPage":{"@id":"https:\/\/skgd.pl\/de\/szkolenie-dla-wychowawcow-wypoczynku-skierowane-do-mlodziezy-mniejszosci-niemieckiej\/#primaryimage"},"datePublished":"2021-03-09T11:31:00+00:00","dateModified":"2021-03-09T11:31:00+00:00","author":{"@id":"https:\/\/skgd.pl\/#\/schema\/person\/dcdd6dd89280fa49735a207f6d6dccd2"},"breadcrumb":{"@id":"https:\/\/skgd.pl\/de\/szkolenie-dla-wychowawcow-wypoczynku-skierowane-do-mlodziezy-mniejszosci-niemieckiej\/#breadcrumb"},"inLanguage":"de","potentialAction":[{"@type":"ReadAction","target":["https:\/\/skgd.pl\/de\/szkolenie-dla-wychowawcow-wypoczynku-skierowane-do-mlodziezy-mniejszosci-niemieckiej\/"]}]},{"@type":"BreadcrumbList","@id":"https:\/\/skgd.pl\/de\/szkolenie-dla-wychowawcow-wypoczynku-skierowane-do-mlodziezy-mniejszosci-niemieckiej\/#breadcrumb","itemListElement":[{"@type":"ListItem","position":1,"name":"Strona g\u0142\u00f3wna","item":"https:\/\/skgd.pl\/"},{"@type":"ListItem","position":2,"name":"SCHULUNG F\u00dcR FREIZEITBETREUER DER DEUTSCHEN MINDERHEIT"}]},{"@type":"Person","@id":"https:\/\/skgd.pl\/#\/schema\/person\/dcdd6dd89280fa49735a207f6d6dccd2","name":"Zuzanna Herud","image":{"@type":"ImageObject","inLanguage":"de","@id":"https:\/\/skgd.pl\/#\/schema\/person\/image\/","url":"https:\/\/secure.gravatar.com\/avatar\/a01f92cb4421a03a6fa61cc64f8d96dc?s=96&d=mm&r=g","contentUrl":"https:\/\/secure.gravatar.com\/avatar\/a01f92cb4421a03a6fa61cc64f8d96dc?s=96&d=mm&r=g","caption":"Zuzanna Herud"},"url":"https:\/\/skgd.pl\/de\/author\/zuzanna\/"}]}},"_links":{"self":[{"href":"https:\/\/skgd.pl\/de\/wp-json\/wp\/v2\/posts\/25619","targetHints":{"allow":["GET"]}}],"collection":[{"href":"https:\/\/skgd.pl\/de\/wp-json\/wp\/v2\/posts"}],"about":[{"href":"https:\/\/skgd.pl\/de\/wp-json\/wp\/v2\/types\/post"}],"author":[{"embeddable":true,"href":"https:\/\/skgd.pl\/de\/wp-json\/wp\/v2\/users\/7"}],"replies":[{"embeddable":true,"href":"https:\/\/skgd.pl\/de\/wp-json\/wp\/v2\/comments?post=25619"}],"version-history":[{"count":3,"href":"https:\/\/skgd.pl\/de\/wp-json\/wp\/v2\/posts\/25619\/revisions"}],"predecessor-version":[{"id":25624,"href":"https:\/\/skgd.pl\/de\/wp-json\/wp\/v2\/posts\/25619\/revisions\/25624"}],"wp:featuredmedia":[{"embeddable":true,"href":"https:\/\/skgd.pl\/de\/wp-json\/wp\/v2\/media\/25620"}],"wp:attachment":[{"href":"https:\/\/skgd.pl\/de\/wp-json\/wp\/v2\/media?parent=25619"}],"wp:term":[{"taxonomy":"category","embeddable":true,"href":"https:\/\/skgd.pl\/de\/wp-json\/wp\/v2\/categories?post=25619"},{"taxonomy":"post_tag","embeddable":true,"href":"https:\/\/skgd.pl\/de\/wp-json\/wp\/v2\/tags?post=25619"}],"curies":[{"name":"wp","href":"https:\/\/api.w.org\/{rel}","templated":true}]}}