{"id":24827,"date":"2020-10-01T10:11:12","date_gmt":"2020-10-01T08:11:12","guid":{"rendered":"https:\/\/skgd.pl\/?p=24827"},"modified":"2020-10-01T10:17:16","modified_gmt":"2020-10-01T08:17:16","slug":"juz-dzis-otwarcie-wystawy-typowo-slaskie-swiadomosc-regionalna-i-slaskie-tozsamosci","status":"publish","type":"post","link":"https:\/\/skgd.pl\/de\/juz-dzis-otwarcie-wystawy-typowo-slaskie-swiadomosc-regionalna-i-slaskie-tozsamosci\/","title":{"rendered":"Schon heute findet die Er\u00f6ffnung der Ausstellung &#8220;TYPISCH SCHLESISCH!? Regionalbewusstsein und schlesische Identit\u00e4ten&#8221; statt."},"content":{"rendered":"<p><\/p>\n<p style=\"text-align: justify;\">Schon heute, und zwar am 1. Oktober 2020 findet die Er\u00f6ffnung der Ausstellung <strong>&#8220;TYPISCH SCHLESISCH!? Regionalbewusstsein und schlesische Identit\u00e4ten&#8221;<\/strong> statt. Diese Ausstellung ist das Ergebnis einer polnisch-deutschen Konferenz, die vom Haus Schlesien in K\u00f6nigswinter zum Thema Regionalbewusstsein im Kontext Schlesiens organisiert wurde. Vertreter der wissenschaftlichen deutschen und polnischen Institutionen und Museen nahmen an der Konferenz und an der Vorbereitung der Ausstellung teil. Dann wurde die Frage gestellt: &#8220;Gibt es eine Identit\u00e4t Schlesiens und wenn ja, in welchem Ma\u00dfe?\u201d Die vom Haus Schlesien in K\u00f6nigswinter vorbereitete Ausstellung zeigt aus vielen Perspektiven, wie Schlesien aussieht, wie gro\u00df und vielf\u00e4ltig diese Region ist. Das Er\u00f6ffnungsprogramm der Ausstellung umfasst ein Konzert der oppelner Band <em>Zaginione Archiwum<\/em> und eine Pr\u00e4sentation des Films <em>Konflikt Oleski<\/em>. <strong>Die Er\u00f6ffnung der Ausstellung findet im Geb\u00e4ude der Woiwodschaftsbibliothek in Oppeln in der Piastowska-Stra\u00dfe 20, in der WuBePe-Galerie statt. Die Ausstellung kann man bis zum 31.10.2020 besuchen.<\/strong>&nbsp;<\/p>\n<p style=\"text-align: justify;\">Der Eintritt ist frei.&nbsp;<\/p>\n<p style=\"text-align: justify;\">Die Ausstellung ist Teil der 17. Deutschen Kulturtage im Oppelner Schlesien, die von der Sozial-Kulturellen Gesellschaft der Deutschen im Oppelner Schlesien.&nbsp;<\/p>\n<p style=\"text-align: justify;\">Sie sind herzlich eingeladen!<\/p>\n<p>&nbsp;<\/p>\n<p><img loading=\"lazy\" decoding=\"async\" class=\"aligncenter wp-image-24829 size-full\" src=\"https:\/\/skgd.pl\/wp-content\/uploads\/2020\/10\/plakat.gif\" alt=\"\" width=\"852\" height=\"1200\"><\/p>","protected":false},"excerpt":{"rendered":"<p>Schon heute, und zwar am 1. Oktober 2020 findet die Er\u00f6ffnung der Ausstellung &#8220;TYPISCH SCHLESISCH!? Regionalbewusstsein und schlesische Identit\u00e4ten&#8221; statt. Diese Ausstellung ist das Ergebnis einer polnisch-deutschen Konferenz, die vom Haus Schlesien in K\u00f6nigswinter zum Thema Regionalbewusstsein im Kontext Schlesiens organisiert wurde. Vertreter der wissenschaftlichen deutschen und polnischen Institutionen und Museen nahmen an der Konferenz [&hellip;]<\/p>\n","protected":false},"author":7,"featured_media":24828,"comment_status":"closed","ping_status":"open","sticky":false,"template":"","format":"standard","meta":{"footnotes":""},"categories":[1],"tags":[],"class_list":["post-24827","post","type-post","status-publish","format-standard","has-post-thumbnail","hentry","category-aktualnosci"],"yoast_head":"<!-- This site is optimized with the Yoast SEO plugin v18.9 - https:\/\/yoast.com\/wordpress\/plugins\/seo\/ -->\n<title>Schon heute findet die Er\u00f6ffnung der Ausstellung &quot;TYPISCH SCHLESISCH!? Regionalbewusstsein und schlesische Identit\u00e4ten&quot; statt. - Deutsche Minderheit, Sozial-Kulturelle Gesellschaft der Deutschen im Oppelner Schlesien<\/title>\n<meta name=\"robots\" content=\"index, follow, max-snippet:-1, max-image-preview:large, max-video-preview:-1\" \/>\n<link rel=\"canonical\" href=\"https:\/\/skgd.pl\/de\/juz-dzis-otwarcie-wystawy-typowo-slaskie-swiadomosc-regionalna-i-slaskie-tozsamosci\/\" \/>\n<meta property=\"og:locale\" content=\"de_DE\" \/>\n<meta property=\"og:type\" content=\"article\" \/>\n<meta property=\"og:title\" content=\"Schon heute findet die Er\u00f6ffnung der Ausstellung &quot;TYPISCH SCHLESISCH!? Regionalbewusstsein und schlesische Identit\u00e4ten&quot; statt. - Deutsche Minderheit, Sozial-Kulturelle Gesellschaft der Deutschen im Oppelner Schlesien\" \/>\n<meta property=\"og:description\" content=\"Schon heute, und zwar am 1. Oktober 2020 findet die Er\u00f6ffnung der Ausstellung &#8220;TYPISCH SCHLESISCH!? Regionalbewusstsein und schlesische Identit\u00e4ten&#8221; statt. Diese Ausstellung ist das Ergebnis einer polnisch-deutschen Konferenz, die vom Haus Schlesien in K\u00f6nigswinter zum Thema Regionalbewusstsein im Kontext Schlesiens organisiert wurde. Vertreter der wissenschaftlichen deutschen und polnischen Institutionen und Museen nahmen an der Konferenz [&hellip;]\" \/>\n<meta property=\"og:url\" content=\"https:\/\/skgd.pl\/de\/juz-dzis-otwarcie-wystawy-typowo-slaskie-swiadomosc-regionalna-i-slaskie-tozsamosci\/\" \/>\n<meta property=\"og:site_name\" content=\"Deutsche Minderheit, Sozial-Kulturelle Gesellschaft der Deutschen im Oppelner Schlesien\" \/>\n<meta property=\"article:published_time\" content=\"2020-10-01T08:11:12+00:00\" \/>\n<meta property=\"article:modified_time\" content=\"2020-10-01T08:17:16+00:00\" \/>\n<meta property=\"og:image\" content=\"https:\/\/skgd.pl\/wp-content\/uploads\/2020\/10\/plakat-dwujezyczne.jpg\" \/>\n\t<meta property=\"og:image:width\" content=\"940\" \/>\n\t<meta property=\"og:image:height\" content=\"788\" \/>\n\t<meta property=\"og:image:type\" content=\"image\/jpeg\" \/>\n<meta name=\"twitter:card\" content=\"summary_large_image\" \/>\n<meta name=\"twitter:label1\" content=\"Verfasst von\" \/>\n\t<meta name=\"twitter:data1\" content=\"Zuzanna Herud\" \/>\n\t<meta name=\"twitter:label2\" content=\"Gesch\u00e4tzte Lesezeit\" \/>\n\t<meta name=\"twitter:data2\" content=\"2\u00a0Minuten\" \/>\n<script type=\"application\/ld+json\" class=\"yoast-schema-graph\">{\"@context\":\"https:\/\/schema.org\",\"@graph\":[{\"@type\":\"WebSite\",\"@id\":\"https:\/\/skgd.pl\/#website\",\"url\":\"https:\/\/skgd.pl\/\",\"name\":\"Deutsche Minderheit, Sozial-Kulturelle Gesellschaft der Deutschen im Oppelner Schlesien\",\"description\":\"Deutsche Minderheit in Polen\",\"potentialAction\":[{\"@type\":\"SearchAction\",\"target\":{\"@type\":\"EntryPoint\",\"urlTemplate\":\"https:\/\/skgd.pl\/?s={search_term_string}\"},\"query-input\":\"required name=search_term_string\"}],\"inLanguage\":\"de\"},{\"@type\":\"ImageObject\",\"inLanguage\":\"de\",\"@id\":\"https:\/\/skgd.pl\/de\/juz-dzis-otwarcie-wystawy-typowo-slaskie-swiadomosc-regionalna-i-slaskie-tozsamosci\/#primaryimage\",\"url\":\"https:\/\/skgd.pl\/wp-content\/uploads\/2020\/10\/plakat-dwujezyczne.jpg\",\"contentUrl\":\"https:\/\/skgd.pl\/wp-content\/uploads\/2020\/10\/plakat-dwujezyczne.jpg\",\"width\":940,\"height\":788},{\"@type\":\"WebPage\",\"@id\":\"https:\/\/skgd.pl\/de\/juz-dzis-otwarcie-wystawy-typowo-slaskie-swiadomosc-regionalna-i-slaskie-tozsamosci\/#webpage\",\"url\":\"https:\/\/skgd.pl\/de\/juz-dzis-otwarcie-wystawy-typowo-slaskie-swiadomosc-regionalna-i-slaskie-tozsamosci\/\",\"name\":\"Schon heute findet die Er\u00f6ffnung der Ausstellung \\\"TYPISCH SCHLESISCH!? Regionalbewusstsein und schlesische Identit\u00e4ten\\\" statt. - Deutsche Minderheit, Sozial-Kulturelle Gesellschaft der Deutschen im Oppelner Schlesien\",\"isPartOf\":{\"@id\":\"https:\/\/skgd.pl\/#website\"},\"primaryImageOfPage\":{\"@id\":\"https:\/\/skgd.pl\/de\/juz-dzis-otwarcie-wystawy-typowo-slaskie-swiadomosc-regionalna-i-slaskie-tozsamosci\/#primaryimage\"},\"datePublished\":\"2020-10-01T08:11:12+00:00\",\"dateModified\":\"2020-10-01T08:17:16+00:00\",\"author\":{\"@id\":\"https:\/\/skgd.pl\/#\/schema\/person\/dcdd6dd89280fa49735a207f6d6dccd2\"},\"breadcrumb\":{\"@id\":\"https:\/\/skgd.pl\/de\/juz-dzis-otwarcie-wystawy-typowo-slaskie-swiadomosc-regionalna-i-slaskie-tozsamosci\/#breadcrumb\"},\"inLanguage\":\"de\",\"potentialAction\":[{\"@type\":\"ReadAction\",\"target\":[\"https:\/\/skgd.pl\/de\/juz-dzis-otwarcie-wystawy-typowo-slaskie-swiadomosc-regionalna-i-slaskie-tozsamosci\/\"]}]},{\"@type\":\"BreadcrumbList\",\"@id\":\"https:\/\/skgd.pl\/de\/juz-dzis-otwarcie-wystawy-typowo-slaskie-swiadomosc-regionalna-i-slaskie-tozsamosci\/#breadcrumb\",\"itemListElement\":[{\"@type\":\"ListItem\",\"position\":1,\"name\":\"Strona g\u0142\u00f3wna\",\"item\":\"https:\/\/skgd.pl\/\"},{\"@type\":\"ListItem\",\"position\":2,\"name\":\"Schon heute findet die Er\u00f6ffnung der Ausstellung &#8220;TYPISCH SCHLESISCH!? Regionalbewusstsein und schlesische Identit\u00e4ten&#8221; statt.\"}]},{\"@type\":\"Person\",\"@id\":\"https:\/\/skgd.pl\/#\/schema\/person\/dcdd6dd89280fa49735a207f6d6dccd2\",\"name\":\"Zuzanna Herud\",\"image\":{\"@type\":\"ImageObject\",\"inLanguage\":\"de\",\"@id\":\"https:\/\/skgd.pl\/#\/schema\/person\/image\/\",\"url\":\"https:\/\/secure.gravatar.com\/avatar\/a01f92cb4421a03a6fa61cc64f8d96dc?s=96&d=mm&r=g\",\"contentUrl\":\"https:\/\/secure.gravatar.com\/avatar\/a01f92cb4421a03a6fa61cc64f8d96dc?s=96&d=mm&r=g\",\"caption\":\"Zuzanna Herud\"},\"url\":\"https:\/\/skgd.pl\/de\/author\/zuzanna\/\"}]}<\/script>\n<!-- \/ Yoast SEO plugin. -->","yoast_head_json":{"title":"Schon heute findet die Er\u00f6ffnung der Ausstellung \"TYPISCH SCHLESISCH!? Regionalbewusstsein und schlesische Identit\u00e4ten\" statt. - Deutsche Minderheit, Sozial-Kulturelle Gesellschaft der Deutschen im Oppelner Schlesien","robots":{"index":"index","follow":"follow","max-snippet":"max-snippet:-1","max-image-preview":"max-image-preview:large","max-video-preview":"max-video-preview:-1"},"canonical":"https:\/\/skgd.pl\/de\/juz-dzis-otwarcie-wystawy-typowo-slaskie-swiadomosc-regionalna-i-slaskie-tozsamosci\/","og_locale":"de_DE","og_type":"article","og_title":"Schon heute findet die Er\u00f6ffnung der Ausstellung \"TYPISCH SCHLESISCH!? Regionalbewusstsein und schlesische Identit\u00e4ten\" statt. - Deutsche Minderheit, Sozial-Kulturelle Gesellschaft der Deutschen im Oppelner Schlesien","og_description":"Schon heute, und zwar am 1. Oktober 2020 findet die Er\u00f6ffnung der Ausstellung &#8220;TYPISCH SCHLESISCH!? Regionalbewusstsein und schlesische Identit\u00e4ten&#8221; statt. Diese Ausstellung ist das Ergebnis einer polnisch-deutschen Konferenz, die vom Haus Schlesien in K\u00f6nigswinter zum Thema Regionalbewusstsein im Kontext Schlesiens organisiert wurde. Vertreter der wissenschaftlichen deutschen und polnischen Institutionen und Museen nahmen an der Konferenz [&hellip;]","og_url":"https:\/\/skgd.pl\/de\/juz-dzis-otwarcie-wystawy-typowo-slaskie-swiadomosc-regionalna-i-slaskie-tozsamosci\/","og_site_name":"Deutsche Minderheit, Sozial-Kulturelle Gesellschaft der Deutschen im Oppelner Schlesien","article_published_time":"2020-10-01T08:11:12+00:00","article_modified_time":"2020-10-01T08:17:16+00:00","og_image":[{"width":940,"height":788,"url":"https:\/\/skgd.pl\/wp-content\/uploads\/2020\/10\/plakat-dwujezyczne.jpg","type":"image\/jpeg"}],"twitter_card":"summary_large_image","twitter_misc":{"Verfasst von":"Zuzanna Herud","Gesch\u00e4tzte Lesezeit":"2\u00a0Minuten"},"schema":{"@context":"https:\/\/schema.org","@graph":[{"@type":"WebSite","@id":"https:\/\/skgd.pl\/#website","url":"https:\/\/skgd.pl\/","name":"Deutsche Minderheit, Sozial-Kulturelle Gesellschaft der Deutschen im Oppelner Schlesien","description":"Deutsche Minderheit in Polen","potentialAction":[{"@type":"SearchAction","target":{"@type":"EntryPoint","urlTemplate":"https:\/\/skgd.pl\/?s={search_term_string}"},"query-input":"required name=search_term_string"}],"inLanguage":"de"},{"@type":"ImageObject","inLanguage":"de","@id":"https:\/\/skgd.pl\/de\/juz-dzis-otwarcie-wystawy-typowo-slaskie-swiadomosc-regionalna-i-slaskie-tozsamosci\/#primaryimage","url":"https:\/\/skgd.pl\/wp-content\/uploads\/2020\/10\/plakat-dwujezyczne.jpg","contentUrl":"https:\/\/skgd.pl\/wp-content\/uploads\/2020\/10\/plakat-dwujezyczne.jpg","width":940,"height":788},{"@type":"WebPage","@id":"https:\/\/skgd.pl\/de\/juz-dzis-otwarcie-wystawy-typowo-slaskie-swiadomosc-regionalna-i-slaskie-tozsamosci\/#webpage","url":"https:\/\/skgd.pl\/de\/juz-dzis-otwarcie-wystawy-typowo-slaskie-swiadomosc-regionalna-i-slaskie-tozsamosci\/","name":"Schon heute findet die Er\u00f6ffnung der Ausstellung \"TYPISCH SCHLESISCH!? Regionalbewusstsein und schlesische Identit\u00e4ten\" statt. - Deutsche Minderheit, Sozial-Kulturelle Gesellschaft der Deutschen im Oppelner Schlesien","isPartOf":{"@id":"https:\/\/skgd.pl\/#website"},"primaryImageOfPage":{"@id":"https:\/\/skgd.pl\/de\/juz-dzis-otwarcie-wystawy-typowo-slaskie-swiadomosc-regionalna-i-slaskie-tozsamosci\/#primaryimage"},"datePublished":"2020-10-01T08:11:12+00:00","dateModified":"2020-10-01T08:17:16+00:00","author":{"@id":"https:\/\/skgd.pl\/#\/schema\/person\/dcdd6dd89280fa49735a207f6d6dccd2"},"breadcrumb":{"@id":"https:\/\/skgd.pl\/de\/juz-dzis-otwarcie-wystawy-typowo-slaskie-swiadomosc-regionalna-i-slaskie-tozsamosci\/#breadcrumb"},"inLanguage":"de","potentialAction":[{"@type":"ReadAction","target":["https:\/\/skgd.pl\/de\/juz-dzis-otwarcie-wystawy-typowo-slaskie-swiadomosc-regionalna-i-slaskie-tozsamosci\/"]}]},{"@type":"BreadcrumbList","@id":"https:\/\/skgd.pl\/de\/juz-dzis-otwarcie-wystawy-typowo-slaskie-swiadomosc-regionalna-i-slaskie-tozsamosci\/#breadcrumb","itemListElement":[{"@type":"ListItem","position":1,"name":"Strona g\u0142\u00f3wna","item":"https:\/\/skgd.pl\/"},{"@type":"ListItem","position":2,"name":"Schon heute findet die Er\u00f6ffnung der Ausstellung &#8220;TYPISCH SCHLESISCH!? Regionalbewusstsein und schlesische Identit\u00e4ten&#8221; statt."}]},{"@type":"Person","@id":"https:\/\/skgd.pl\/#\/schema\/person\/dcdd6dd89280fa49735a207f6d6dccd2","name":"Zuzanna Herud","image":{"@type":"ImageObject","inLanguage":"de","@id":"https:\/\/skgd.pl\/#\/schema\/person\/image\/","url":"https:\/\/secure.gravatar.com\/avatar\/a01f92cb4421a03a6fa61cc64f8d96dc?s=96&d=mm&r=g","contentUrl":"https:\/\/secure.gravatar.com\/avatar\/a01f92cb4421a03a6fa61cc64f8d96dc?s=96&d=mm&r=g","caption":"Zuzanna Herud"},"url":"https:\/\/skgd.pl\/de\/author\/zuzanna\/"}]}},"_links":{"self":[{"href":"https:\/\/skgd.pl\/de\/wp-json\/wp\/v2\/posts\/24827","targetHints":{"allow":["GET"]}}],"collection":[{"href":"https:\/\/skgd.pl\/de\/wp-json\/wp\/v2\/posts"}],"about":[{"href":"https:\/\/skgd.pl\/de\/wp-json\/wp\/v2\/types\/post"}],"author":[{"embeddable":true,"href":"https:\/\/skgd.pl\/de\/wp-json\/wp\/v2\/users\/7"}],"replies":[{"embeddable":true,"href":"https:\/\/skgd.pl\/de\/wp-json\/wp\/v2\/comments?post=24827"}],"version-history":[{"count":2,"href":"https:\/\/skgd.pl\/de\/wp-json\/wp\/v2\/posts\/24827\/revisions"}],"predecessor-version":[{"id":24832,"href":"https:\/\/skgd.pl\/de\/wp-json\/wp\/v2\/posts\/24827\/revisions\/24832"}],"wp:featuredmedia":[{"embeddable":true,"href":"https:\/\/skgd.pl\/de\/wp-json\/wp\/v2\/media\/24828"}],"wp:attachment":[{"href":"https:\/\/skgd.pl\/de\/wp-json\/wp\/v2\/media?parent=24827"}],"wp:term":[{"taxonomy":"category","embeddable":true,"href":"https:\/\/skgd.pl\/de\/wp-json\/wp\/v2\/categories?post=24827"},{"taxonomy":"post_tag","embeddable":true,"href":"https:\/\/skgd.pl\/de\/wp-json\/wp\/v2\/tags?post=24827"}],"curies":[{"name":"wp","href":"https:\/\/api.w.org\/{rel}","templated":true}]}}