{"id":23993,"date":"2020-06-16T10:32:41","date_gmt":"2020-06-16T08:32:41","guid":{"rendered":"http:\/\/skgd.pl\/?p=23993"},"modified":"2020-06-16T10:32:41","modified_gmt":"2020-06-16T08:32:41","slug":"wpisy-na-swiadectwie","status":"publish","type":"post","link":"https:\/\/skgd.pl\/de\/wpisy-na-swiadectwie\/","title":{"rendered":"Schulzeugniseintr\u00e4ge"},"content":{"rendered":"<p><\/p>\n<p style=\"text-align: justify;\">Zeugnisse der Sch\u00fcler, die in den folgenden Schulf\u00e4chern unterrichtet wurden:<span>&nbsp;<\/span><em>Deutsch als Minderheitensprache<\/em>,<span>&nbsp;<\/span><em>Geschichte und Kultur der deutschen Minderheit<\/em>,<span>&nbsp;<\/span><em>Geografie Deutschlands<\/em>, beinhalten diese in ihrer Auflistung, sowohl im Falle eines Zeugnisses zur Bef\u00f6rderung in die n\u00e4chste Klasse, wie auch eines Schulabschlusszeugnisses.&nbsp;<\/p>\n<p style=\"text-align: justify;\">Die Voraussetzung f\u00fcr einen Eintrag im<span>&nbsp;<\/span><strong>Klassenzeugnis<\/strong><span>&nbsp;<\/span>ist die positive Bewertung aller n\u00f6tigen Schulf\u00e4cher des laufenden Schuljahres.<\/p>\n<p style=\"text-align: justify;\">Die Voraussetzung f\u00fcr einen Eintrag im<span>&nbsp;<\/span><strong>Schulabschlusszeugnis<\/strong><span>&nbsp;<\/span>ist der erfolgreiche Abschluss der jeweiligen Bildungsstufe, w\u00e4hrend der die F\u00e4cher<span>&nbsp;<\/span><em>Deutsch als Minderheitensprache<\/em>,<span>&nbsp;<\/span><em>Geschichte und Kultur der deutschen Minderheit<\/em>,<span>&nbsp;<\/span><em>Geografie Deutschlands<span>&nbsp;<\/span><\/em>besucht worden sind.<\/p>\n<p style=\"text-align: justify;\"><strong>Bestimmungen \u00fcber die Schulzeugniseintr\u00e4ge<\/strong><\/p>\n<p style=\"text-align: justify;\">Wenn der Lernende f\u00fcr die Schulf\u00e4cher<span>&nbsp;<\/span><em>Deutsch als Minderheitensprache<\/em>,<span>&nbsp;<\/span><em>Geschichte und Kultur der deutschen Minderheit<\/em>,<span>&nbsp;<\/span><em>Geografie Deutschlands<\/em><span>&nbsp;<\/span>angemeldet worden ist, erfolgt der Eintrag dieser Schulf\u00e4cher ins Sch\u00fclernotenverzeichnis, die in die Leistungsaufstellung des entsprechenden Schulzeugnisses \u00fcbernommen werden. Dies wird durch die<span>&nbsp;<\/span>Verordnung des polnischen Bildungsministeriums in Sachen Zeugnisse, staatliche Diplome und anderer Druckerzeugnisse<span>&nbsp;<\/span>vom 27. August 2019 (Gesetzblatt von 2019, Position 1700) festgelegt. \u00dcber die Form der Eintr\u00e4ge hinsichtlich der Minderheitensprache bestimmen die Punkte 15-18 im Anhang Nr. 1 zu der Verordnung. Gem\u00e4\u00df dieser Verordnung sollten die Eintr\u00e4ge ins Klassen- bzw. Schulabschlusszeugnis folgenderma\u00dfen aussehen:<\/p>\n<p style=\"text-align: justify;\">Eintrag des Schulfaches<span>&nbsp;<\/span><em>Deutsch als Minderheitensprache<span>&nbsp;<\/span><\/em>wird unter der Rubrik der \u201e<strong>Pflichtschulf\u00e4cher\u201c<\/strong><span>&nbsp;<\/span>verzeichnet, an der ersten freien Position, mit dem vollst\u00e4ndigen Wortlaut in polnischer Sprache:<\/p>\n<p style=\"text-align: justify;\"><em>j\u0119zyk mniejszo\u015bci narodowej \u2013 niemiecki<span>&nbsp;<\/span><\/em>[Sprache der nationalen Minderheit &#8211; Deutsch]<\/p>\n<p style=\"text-align: justify;\">Das Fach<span>&nbsp;<\/span><em>Geschichte und Kultur<span>&nbsp;<\/span><\/em>wird in der Rubrik<span>&nbsp;<\/span><strong>\u201eZus\u00e4tzliche Schulf\u00e4cher\u201c<\/strong><span>&nbsp;<\/span>eingetragen mit dem folgenden Wortlaut in polnischer Sprache:<\/p>\n<p style=\"text-align: justify;\"><em>historia i kultura mniejszo\u015bci narodowej niemieckiej<\/em><span>&nbsp;<\/span>[Geschichte und Kultur der nationalen deutschen Minderheit]<\/p>\n<p style=\"text-align: justify;\">Falls an der Schule das Fach Geografie des identit\u00e4tsbezogenen Landes gef\u00fchrt worden ist, wird das Schulfach in der Rubrik<span>&nbsp;<\/span><strong>\u201eAndere Schulf\u00e4cher\u201c<\/strong><span>&nbsp;<\/span>aufgelistet mit dem folgenden Wortlaut in polnischer Sprache:<\/p>\n<p style=\"text-align: justify;\"><em>geografia Niemiec<span>&nbsp;<\/span><\/em>[Geografie Deutschlands]<\/p>\n<p style=\"text-align: justify;\">Unklarheiten nach der Bildungsreform gel\u00f6st:<\/p>\n<ul style=\"text-align: justify;\">\n<li>Abmeldung vom Fach \u201eDeutsch als Minderheitensprache\u201c vor dem Abschluss der Bildungsstufe<\/li>\n<\/ul>\n<p style=\"text-align: justify;\">Im Falle einer Abmeldung seitens der Eltern vor dem Abschluss der jeweiligen Bildungsstufe resultiert dies im fehlenden Eintrag der genannten Schulf\u00e4cher auf dem Schulabschlusszeugnis. Das bedeutet<span>&nbsp;<\/span><strong>keine Note auf dem Schulabschlusszeugnis f\u00fcr die F\u00e4cher<span>&nbsp;<\/span><em>\u201eMinderheitensprache &#8211; Deutsch\u201c<span>&nbsp;<\/span><\/em>und<span>&nbsp;<\/span><em>\u201eGeschichte und Kultur der nationalen deutschen Minderheit\u201c.<\/em><\/strong><\/p>\n<p style=\"text-align: justify;\">Beispiel:<\/p>\n<p style=\"text-align: justify;\">Die Sch\u00fcler besuchten<span>&nbsp;<\/span><em>Deutsch als Minderheitensprache<\/em><span>&nbsp;<\/span>(DaM) bis zur 6. Klasse, haben somit auch das Bildungsangebot im Fach<span>&nbsp;<\/span><em>Geschichte und Kultur<\/em><span>&nbsp;<\/span>abgeschlossen, jedoch nach der 6. Klasse haben sie sich vom DaM-Unterricht abgemeldet. In solchen F\u00e4llen wird im Schulabschlusszeugnis der Grundschule kein Eintrag dieser F\u00e4cher verzeichnet.<\/p>\n<ul style=\"text-align: justify;\">\n<li>Die M\u00f6glichkeit zum Erhalt eines Schulzeugnisses<span>&nbsp;<\/span><strong>in zwei Sprachen<span>&nbsp;<\/span><\/strong>(<strong>Polnisch<\/strong><span>&nbsp;<\/span>und<span>&nbsp;<\/span><strong>Deutsch<\/strong>) bei DaM-Unterricht<\/li>\n<\/ul>\n<p style=\"text-align: justify;\">Im Falle des DaM-Unterrichts besteht die M\u00f6glichkeit zum Erhalt des Schulzeugnisses in polnischer und deutscher Sprache. In solchen F\u00e4llen besteht das Schulzeugnis aus<span>&nbsp;<\/span><strong>zwei Teilen<\/strong>: Der erste Teil wird nach dem f\u00fcr die Bildungsstufe festgelegten Muster ausgestellt, gedruckt und ausgef\u00fcllt; der zweite Teil besteht aus einem Zeugnis ausgestellt nach dem gleichen Muster, das \u00fcbersetzt, ausgedruckt und in der Minderheitensprache (Deutsch) ausgestellt wird. Die \u00dcbersetzung, das Ausdrucken und die Ausf\u00fcllung der Zeugnisse in der Minderheitensprache (Deutsch)<span>&nbsp;<\/span><strong>garantiert der Schulleiter<\/strong><span>&nbsp;<\/span>auf<span>&nbsp;<\/span><strong>Antrag<span>&nbsp;<\/span><\/strong>eines vollj\u00e4hrigen<span>&nbsp;<\/span><strong>Lernenden<span>&nbsp;<\/span><\/strong>oder<span>&nbsp;<\/span><strong>Eltern<\/strong><span>&nbsp;<\/span>eines minderj\u00e4hrigen Lernenden.<\/p>\n<p>&nbsp;<\/p>\n<p><span style=\"font-size: 12px; color: #808080;\">Quelle: www.vdg.pl<\/span><\/p>","protected":false},"excerpt":{"rendered":"<p>Zeugnisse der Sch\u00fcler, die in den folgenden Schulf\u00e4chern unterrichtet wurden:&nbsp;Deutsch als Minderheitensprache,&nbsp;Geschichte und Kultur der deutschen Minderheit,&nbsp;Geografie Deutschlands, beinhalten diese in ihrer Auflistung, sowohl im Falle eines Zeugnisses zur Bef\u00f6rderung in die n\u00e4chste Klasse, wie auch eines Schulabschlusszeugnisses.&nbsp; Die Voraussetzung f\u00fcr einen Eintrag im&nbsp;Klassenzeugnis&nbsp;ist die positive Bewertung aller n\u00f6tigen Schulf\u00e4cher des laufenden Schuljahres. Die Voraussetzung [&hellip;]<\/p>\n","protected":false},"author":7,"featured_media":23994,"comment_status":"closed","ping_status":"open","sticky":false,"template":"","format":"standard","meta":{"footnotes":""},"categories":[1],"tags":[],"class_list":["post-23993","post","type-post","status-publish","format-standard","has-post-thumbnail","hentry","category-aktualnosci"],"yoast_head":"<!-- This site is optimized with the Yoast SEO plugin v18.9 - https:\/\/yoast.com\/wordpress\/plugins\/seo\/ -->\n<title>Schulzeugniseintr\u00e4ge - Deutsche Minderheit, Sozial-Kulturelle Gesellschaft der Deutschen im Oppelner Schlesien<\/title>\n<meta name=\"robots\" content=\"index, follow, max-snippet:-1, max-image-preview:large, max-video-preview:-1\" \/>\n<link rel=\"canonical\" href=\"https:\/\/skgd.pl\/de\/wpisy-na-swiadectwie\/\" \/>\n<meta property=\"og:locale\" content=\"de_DE\" \/>\n<meta property=\"og:type\" content=\"article\" \/>\n<meta property=\"og:title\" content=\"Schulzeugniseintr\u00e4ge - Deutsche Minderheit, Sozial-Kulturelle Gesellschaft der Deutschen im Oppelner Schlesien\" \/>\n<meta property=\"og:description\" content=\"Zeugnisse der Sch\u00fcler, die in den folgenden Schulf\u00e4chern unterrichtet wurden:&nbsp;Deutsch als Minderheitensprache,&nbsp;Geschichte und Kultur der deutschen Minderheit,&nbsp;Geografie Deutschlands, beinhalten diese in ihrer Auflistung, sowohl im Falle eines Zeugnisses zur Bef\u00f6rderung in die n\u00e4chste Klasse, wie auch eines Schulabschlusszeugnisses.&nbsp; Die Voraussetzung f\u00fcr einen Eintrag im&nbsp;Klassenzeugnis&nbsp;ist die positive Bewertung aller n\u00f6tigen Schulf\u00e4cher des laufenden Schuljahres. Die Voraussetzung [&hellip;]\" \/>\n<meta property=\"og:url\" content=\"https:\/\/skgd.pl\/de\/wpisy-na-swiadectwie\/\" \/>\n<meta property=\"og:site_name\" content=\"Deutsche Minderheit, Sozial-Kulturelle Gesellschaft der Deutschen im Oppelner Schlesien\" \/>\n<meta property=\"article:published_time\" content=\"2020-06-16T08:32:41+00:00\" \/>\n<meta property=\"og:image\" content=\"https:\/\/skgd.pl\/wp-content\/uploads\/2020\/06\/zeugniss.jpg\" \/>\n\t<meta property=\"og:image:width\" content=\"940\" \/>\n\t<meta property=\"og:image:height\" content=\"788\" \/>\n\t<meta property=\"og:image:type\" content=\"image\/jpeg\" \/>\n<meta name=\"twitter:card\" content=\"summary_large_image\" \/>\n<meta name=\"twitter:label1\" content=\"Verfasst von\" \/>\n\t<meta name=\"twitter:data1\" content=\"Zuzanna Herud\" \/>\n\t<meta name=\"twitter:label2\" content=\"Gesch\u00e4tzte Lesezeit\" \/>\n\t<meta name=\"twitter:data2\" content=\"6\u00a0Minuten\" \/>\n<script type=\"application\/ld+json\" class=\"yoast-schema-graph\">{\"@context\":\"https:\/\/schema.org\",\"@graph\":[{\"@type\":\"WebSite\",\"@id\":\"https:\/\/skgd.pl\/#website\",\"url\":\"https:\/\/skgd.pl\/\",\"name\":\"Deutsche Minderheit, Sozial-Kulturelle Gesellschaft der Deutschen im Oppelner Schlesien\",\"description\":\"Deutsche Minderheit in Polen\",\"potentialAction\":[{\"@type\":\"SearchAction\",\"target\":{\"@type\":\"EntryPoint\",\"urlTemplate\":\"https:\/\/skgd.pl\/?s={search_term_string}\"},\"query-input\":\"required name=search_term_string\"}],\"inLanguage\":\"de\"},{\"@type\":\"ImageObject\",\"inLanguage\":\"de\",\"@id\":\"https:\/\/skgd.pl\/de\/wpisy-na-swiadectwie\/#primaryimage\",\"url\":\"https:\/\/skgd.pl\/wp-content\/uploads\/2020\/06\/zeugniss.jpg\",\"contentUrl\":\"https:\/\/skgd.pl\/wp-content\/uploads\/2020\/06\/zeugniss.jpg\",\"width\":940,\"height\":788},{\"@type\":\"WebPage\",\"@id\":\"https:\/\/skgd.pl\/de\/wpisy-na-swiadectwie\/#webpage\",\"url\":\"https:\/\/skgd.pl\/de\/wpisy-na-swiadectwie\/\",\"name\":\"Schulzeugniseintr\u00e4ge - Deutsche Minderheit, Sozial-Kulturelle Gesellschaft der Deutschen im Oppelner Schlesien\",\"isPartOf\":{\"@id\":\"https:\/\/skgd.pl\/#website\"},\"primaryImageOfPage\":{\"@id\":\"https:\/\/skgd.pl\/de\/wpisy-na-swiadectwie\/#primaryimage\"},\"datePublished\":\"2020-06-16T08:32:41+00:00\",\"dateModified\":\"2020-06-16T08:32:41+00:00\",\"author\":{\"@id\":\"https:\/\/skgd.pl\/#\/schema\/person\/dcdd6dd89280fa49735a207f6d6dccd2\"},\"breadcrumb\":{\"@id\":\"https:\/\/skgd.pl\/de\/wpisy-na-swiadectwie\/#breadcrumb\"},\"inLanguage\":\"de\",\"potentialAction\":[{\"@type\":\"ReadAction\",\"target\":[\"https:\/\/skgd.pl\/de\/wpisy-na-swiadectwie\/\"]}]},{\"@type\":\"BreadcrumbList\",\"@id\":\"https:\/\/skgd.pl\/de\/wpisy-na-swiadectwie\/#breadcrumb\",\"itemListElement\":[{\"@type\":\"ListItem\",\"position\":1,\"name\":\"Strona g\u0142\u00f3wna\",\"item\":\"https:\/\/skgd.pl\/\"},{\"@type\":\"ListItem\",\"position\":2,\"name\":\"Schulzeugniseintr\u00e4ge\"}]},{\"@type\":\"Person\",\"@id\":\"https:\/\/skgd.pl\/#\/schema\/person\/dcdd6dd89280fa49735a207f6d6dccd2\",\"name\":\"Zuzanna Herud\",\"image\":{\"@type\":\"ImageObject\",\"inLanguage\":\"de\",\"@id\":\"https:\/\/skgd.pl\/#\/schema\/person\/image\/\",\"url\":\"https:\/\/secure.gravatar.com\/avatar\/a01f92cb4421a03a6fa61cc64f8d96dc?s=96&d=mm&r=g\",\"contentUrl\":\"https:\/\/secure.gravatar.com\/avatar\/a01f92cb4421a03a6fa61cc64f8d96dc?s=96&d=mm&r=g\",\"caption\":\"Zuzanna Herud\"},\"url\":\"https:\/\/skgd.pl\/de\/author\/zuzanna\/\"}]}<\/script>\n<!-- \/ Yoast SEO plugin. -->","yoast_head_json":{"title":"Schulzeugniseintr\u00e4ge - Deutsche Minderheit, Sozial-Kulturelle Gesellschaft der Deutschen im Oppelner Schlesien","robots":{"index":"index","follow":"follow","max-snippet":"max-snippet:-1","max-image-preview":"max-image-preview:large","max-video-preview":"max-video-preview:-1"},"canonical":"https:\/\/skgd.pl\/de\/wpisy-na-swiadectwie\/","og_locale":"de_DE","og_type":"article","og_title":"Schulzeugniseintr\u00e4ge - Deutsche Minderheit, Sozial-Kulturelle Gesellschaft der Deutschen im Oppelner Schlesien","og_description":"Zeugnisse der Sch\u00fcler, die in den folgenden Schulf\u00e4chern unterrichtet wurden:&nbsp;Deutsch als Minderheitensprache,&nbsp;Geschichte und Kultur der deutschen Minderheit,&nbsp;Geografie Deutschlands, beinhalten diese in ihrer Auflistung, sowohl im Falle eines Zeugnisses zur Bef\u00f6rderung in die n\u00e4chste Klasse, wie auch eines Schulabschlusszeugnisses.&nbsp; Die Voraussetzung f\u00fcr einen Eintrag im&nbsp;Klassenzeugnis&nbsp;ist die positive Bewertung aller n\u00f6tigen Schulf\u00e4cher des laufenden Schuljahres. Die Voraussetzung [&hellip;]","og_url":"https:\/\/skgd.pl\/de\/wpisy-na-swiadectwie\/","og_site_name":"Deutsche Minderheit, Sozial-Kulturelle Gesellschaft der Deutschen im Oppelner Schlesien","article_published_time":"2020-06-16T08:32:41+00:00","og_image":[{"width":940,"height":788,"url":"https:\/\/skgd.pl\/wp-content\/uploads\/2020\/06\/zeugniss.jpg","type":"image\/jpeg"}],"twitter_card":"summary_large_image","twitter_misc":{"Verfasst von":"Zuzanna Herud","Gesch\u00e4tzte Lesezeit":"6\u00a0Minuten"},"schema":{"@context":"https:\/\/schema.org","@graph":[{"@type":"WebSite","@id":"https:\/\/skgd.pl\/#website","url":"https:\/\/skgd.pl\/","name":"Deutsche Minderheit, Sozial-Kulturelle Gesellschaft der Deutschen im Oppelner Schlesien","description":"Deutsche Minderheit in Polen","potentialAction":[{"@type":"SearchAction","target":{"@type":"EntryPoint","urlTemplate":"https:\/\/skgd.pl\/?s={search_term_string}"},"query-input":"required name=search_term_string"}],"inLanguage":"de"},{"@type":"ImageObject","inLanguage":"de","@id":"https:\/\/skgd.pl\/de\/wpisy-na-swiadectwie\/#primaryimage","url":"https:\/\/skgd.pl\/wp-content\/uploads\/2020\/06\/zeugniss.jpg","contentUrl":"https:\/\/skgd.pl\/wp-content\/uploads\/2020\/06\/zeugniss.jpg","width":940,"height":788},{"@type":"WebPage","@id":"https:\/\/skgd.pl\/de\/wpisy-na-swiadectwie\/#webpage","url":"https:\/\/skgd.pl\/de\/wpisy-na-swiadectwie\/","name":"Schulzeugniseintr\u00e4ge - Deutsche Minderheit, Sozial-Kulturelle Gesellschaft der Deutschen im Oppelner Schlesien","isPartOf":{"@id":"https:\/\/skgd.pl\/#website"},"primaryImageOfPage":{"@id":"https:\/\/skgd.pl\/de\/wpisy-na-swiadectwie\/#primaryimage"},"datePublished":"2020-06-16T08:32:41+00:00","dateModified":"2020-06-16T08:32:41+00:00","author":{"@id":"https:\/\/skgd.pl\/#\/schema\/person\/dcdd6dd89280fa49735a207f6d6dccd2"},"breadcrumb":{"@id":"https:\/\/skgd.pl\/de\/wpisy-na-swiadectwie\/#breadcrumb"},"inLanguage":"de","potentialAction":[{"@type":"ReadAction","target":["https:\/\/skgd.pl\/de\/wpisy-na-swiadectwie\/"]}]},{"@type":"BreadcrumbList","@id":"https:\/\/skgd.pl\/de\/wpisy-na-swiadectwie\/#breadcrumb","itemListElement":[{"@type":"ListItem","position":1,"name":"Strona g\u0142\u00f3wna","item":"https:\/\/skgd.pl\/"},{"@type":"ListItem","position":2,"name":"Schulzeugniseintr\u00e4ge"}]},{"@type":"Person","@id":"https:\/\/skgd.pl\/#\/schema\/person\/dcdd6dd89280fa49735a207f6d6dccd2","name":"Zuzanna Herud","image":{"@type":"ImageObject","inLanguage":"de","@id":"https:\/\/skgd.pl\/#\/schema\/person\/image\/","url":"https:\/\/secure.gravatar.com\/avatar\/a01f92cb4421a03a6fa61cc64f8d96dc?s=96&d=mm&r=g","contentUrl":"https:\/\/secure.gravatar.com\/avatar\/a01f92cb4421a03a6fa61cc64f8d96dc?s=96&d=mm&r=g","caption":"Zuzanna Herud"},"url":"https:\/\/skgd.pl\/de\/author\/zuzanna\/"}]}},"_links":{"self":[{"href":"https:\/\/skgd.pl\/de\/wp-json\/wp\/v2\/posts\/23993","targetHints":{"allow":["GET"]}}],"collection":[{"href":"https:\/\/skgd.pl\/de\/wp-json\/wp\/v2\/posts"}],"about":[{"href":"https:\/\/skgd.pl\/de\/wp-json\/wp\/v2\/types\/post"}],"author":[{"embeddable":true,"href":"https:\/\/skgd.pl\/de\/wp-json\/wp\/v2\/users\/7"}],"replies":[{"embeddable":true,"href":"https:\/\/skgd.pl\/de\/wp-json\/wp\/v2\/comments?post=23993"}],"version-history":[{"count":2,"href":"https:\/\/skgd.pl\/de\/wp-json\/wp\/v2\/posts\/23993\/revisions"}],"predecessor-version":[{"id":23996,"href":"https:\/\/skgd.pl\/de\/wp-json\/wp\/v2\/posts\/23993\/revisions\/23996"}],"wp:featuredmedia":[{"embeddable":true,"href":"https:\/\/skgd.pl\/de\/wp-json\/wp\/v2\/media\/23994"}],"wp:attachment":[{"href":"https:\/\/skgd.pl\/de\/wp-json\/wp\/v2\/media?parent=23993"}],"wp:term":[{"taxonomy":"category","embeddable":true,"href":"https:\/\/skgd.pl\/de\/wp-json\/wp\/v2\/categories?post=23993"},{"taxonomy":"post_tag","embeddable":true,"href":"https:\/\/skgd.pl\/de\/wp-json\/wp\/v2\/tags?post=23993"}],"curies":[{"name":"wp","href":"https:\/\/api.w.org\/{rel}","templated":true}]}}