{"id":23981,"date":"2020-06-15T18:43:04","date_gmt":"2020-06-15T16:43:04","guid":{"rendered":"http:\/\/skgd.pl\/?p=23981"},"modified":"2020-06-15T18:43:04","modified_gmt":"2020-06-15T16:43:04","slug":"gratulacje-konsul-rfn-w-opolu-oraz-przewodniczacego-tskn-na-slasku-opolskim-dla-laureatow-konkursu-jezyka-niemieckiego-2020","status":"publish","type":"post","link":"https:\/\/skgd.pl\/de\/gratulacje-konsul-rfn-w-opolu-oraz-przewodniczacego-tskn-na-slasku-opolskim-dla-laureatow-konkursu-jezyka-niemieckiego-2020\/","title":{"rendered":"Gratulationen der Konsulin der BRD in Oppeln und des Vorsitzenden der SKGD im Oppelner Schlesien an die Laureaten des Wettbewerbs der Deutschen Sprache 2020"},"content":{"rendered":"<p><\/p>\n<p style=\"text-align: justify;\"><span>Liebe Sch\u00fclerinnen und Sch\u00fcler, <\/span><\/p>\n<p style=\"text-align: justify;\"><span>Liebe Eltern und Lehrer, <\/span><\/p>\n<p style=\"text-align: justify;\"><span>Wie es jedes Jahr \u00fcblich war, hat die Sozial-Kulturelle Gesellschaft der Deutschen im Oppelner Schlesien zusammen mit der Oppelner Schulaufsichtsbeh\u00f6rde den Wettbewerb der Deutschen Sprache organisiert. Es war \u00fcblich, dass die Deutsche Minderheit f\u00fcr die Besten Sch\u00fclerinnen und Sch\u00fcler der Oppelner Woiwodschaft eine Preisverleihung im Oppelner Sejmik organisiert hat. <\/span><\/p>\n<p style=\"text-align: justify;\"><span>Dieses Jahr konnten wir die Laureaten jedoch nicht pers\u00f6nlich treffen, um Ihnen die Preise zu \u00fcberreichen. Stattdessen wurden sie per Post an die Schulen weitergeleitet, die den Sch\u00fclern w\u00e4hrend der Zeugnis\u00fcbergabe die Urkunde mit den Preisen \u00fcberreichen werden. <\/span><\/p>\n<p style=\"text-align: justify;\"><span>Besondere Gratulationen und Anerkennungsworte wollten jedoch die Konsulin der BRD in Oppeln \u2013 Frau Birgit Fisel-R\u00f6sle und der Vorsitzende der Sozial-Kulturellen Gesellschaft der Deutschen im Oppelner Schlesien \u2013 Herr Rafa\u0142 Bartek, an die Sch\u00fclerinnen und Sch\u00fcler &nbsp;richten. <\/span><\/p>\n<p style=\"text-align: justify;\"><span>Die Gl\u00fcckw\u00fcnsche k\u00f6nnt ihr hier in den unten angegebenen Videos sehen. <\/span><\/p>\n<p style=\"text-align: justify;\"><span>Herzlichen Gl\u00fcckwunsch!<\/span><\/p>\n<p>&nbsp;<\/p>\n<p><strong>Gl\u00fcckw\u00fcnsche der Konsulin der BRD in Oppeln:&nbsp;<\/strong><\/p>\n<p><iframe loading=\"lazy\" src=\"https:\/\/www.youtube.com\/embed\/Qpt8c9IjvCc\" width=\"560\" height=\"315\" frameborder=\"0\" allowfullscreen=\"allowfullscreen\"><\/iframe><\/p>\n<p>&nbsp;<\/p>\n<p><strong>Gl\u00fcckw\u00fcnsche des Vorsitzenden der Sozial-Kulturellen Gesellschaft der Deutschen im Oppelner Schlesien<\/strong> (Deutsche Sprachversion):&nbsp;<\/p>\n<p><iframe loading=\"lazy\" src=\"https:\/\/www.youtube.com\/embed\/Y-yqvTLOIpI\" width=\"560\" height=\"315\" frameborder=\"0\" allowfullscreen=\"allowfullscreen\"><\/iframe><\/p>\n<p>&nbsp;<\/p>\n<p><strong>Gl\u00fcckw\u00fcnsche des Vorsitzenden der Sozial-Kulturellen Gesellschaft der Deutschen im Oppelner Schlesien<\/strong> (Polnische Sprachversion):&nbsp;<\/p>\n<p><iframe loading=\"lazy\" src=\"https:\/\/www.youtube.com\/embed\/cL0YMYQVGqU\" width=\"560\" height=\"315\" frameborder=\"0\" allowfullscreen=\"allowfullscreen\"><\/iframe><\/p>\n<p>&nbsp;<\/p>","protected":false},"excerpt":{"rendered":"<p>Liebe Sch\u00fclerinnen und Sch\u00fcler, Liebe Eltern und Lehrer, Wie es jedes Jahr \u00fcblich war, hat die Sozial-Kulturelle Gesellschaft der Deutschen im Oppelner Schlesien zusammen mit der Oppelner Schulaufsichtsbeh\u00f6rde den Wettbewerb der Deutschen Sprache organisiert. Es war \u00fcblich, dass die Deutsche Minderheit f\u00fcr die Besten Sch\u00fclerinnen und Sch\u00fcler der Oppelner Woiwodschaft eine Preisverleihung im Oppelner Sejmik [&hellip;]<\/p>\n","protected":false},"author":7,"featured_media":23986,"comment_status":"closed","ping_status":"open","sticky":false,"template":"","format":"standard","meta":{"footnotes":""},"categories":[1],"tags":[],"class_list":["post-23981","post","type-post","status-publish","format-standard","has-post-thumbnail","hentry","category-aktualnosci"],"yoast_head":"<!-- This site is optimized with the Yoast SEO plugin v18.9 - https:\/\/yoast.com\/wordpress\/plugins\/seo\/ -->\n<title>Gratulationen der Konsulin der BRD in Oppeln und des Vorsitzenden der SKGD im Oppelner Schlesien an die Laureaten des Wettbewerbs der Deutschen Sprache 2020 - Deutsche Minderheit, Sozial-Kulturelle Gesellschaft der Deutschen im Oppelner Schlesien<\/title>\n<meta name=\"robots\" content=\"index, follow, max-snippet:-1, max-image-preview:large, max-video-preview:-1\" \/>\n<link rel=\"canonical\" href=\"https:\/\/skgd.pl\/de\/gratulacje-konsul-rfn-w-opolu-oraz-przewodniczacego-tskn-na-slasku-opolskim-dla-laureatow-konkursu-jezyka-niemieckiego-2020\/\" \/>\n<meta property=\"og:locale\" content=\"de_DE\" \/>\n<meta property=\"og:type\" content=\"article\" \/>\n<meta property=\"og:title\" content=\"Gratulationen der Konsulin der BRD in Oppeln und des Vorsitzenden der SKGD im Oppelner Schlesien an die Laureaten des Wettbewerbs der Deutschen Sprache 2020 - Deutsche Minderheit, Sozial-Kulturelle Gesellschaft der Deutschen im Oppelner Schlesien\" \/>\n<meta property=\"og:description\" content=\"Liebe Sch\u00fclerinnen und Sch\u00fcler, Liebe Eltern und Lehrer, Wie es jedes Jahr \u00fcblich war, hat die Sozial-Kulturelle Gesellschaft der Deutschen im Oppelner Schlesien zusammen mit der Oppelner Schulaufsichtsbeh\u00f6rde den Wettbewerb der Deutschen Sprache organisiert. Es war \u00fcblich, dass die Deutsche Minderheit f\u00fcr die Besten Sch\u00fclerinnen und Sch\u00fcler der Oppelner Woiwodschaft eine Preisverleihung im Oppelner Sejmik [&hellip;]\" \/>\n<meta property=\"og:url\" content=\"https:\/\/skgd.pl\/de\/gratulacje-konsul-rfn-w-opolu-oraz-przewodniczacego-tskn-na-slasku-opolskim-dla-laureatow-konkursu-jezyka-niemieckiego-2020\/\" \/>\n<meta property=\"og:site_name\" content=\"Deutsche Minderheit, Sozial-Kulturelle Gesellschaft der Deutschen im Oppelner Schlesien\" \/>\n<meta property=\"article:published_time\" content=\"2020-06-15T16:43:04+00:00\" \/>\n<meta property=\"og:image\" content=\"https:\/\/skgd.pl\/wp-content\/uploads\/2020\/06\/Gratulationen-der-Konsulin-der-BRD-in-Oppeln-und-des-Vorsitzenden-der-Sozial-Kulturellen-Gesellschaft-der-Deutschen-im-Oppelner-Schlesien.jpg\" \/>\n\t<meta property=\"og:image:width\" content=\"940\" \/>\n\t<meta property=\"og:image:height\" content=\"788\" \/>\n\t<meta property=\"og:image:type\" content=\"image\/jpeg\" \/>\n<meta name=\"twitter:card\" content=\"summary_large_image\" \/>\n<meta name=\"twitter:label1\" content=\"Verfasst von\" \/>\n\t<meta name=\"twitter:data1\" content=\"Zuzanna Herud\" \/>\n\t<meta name=\"twitter:label2\" content=\"Gesch\u00e4tzte Lesezeit\" \/>\n\t<meta name=\"twitter:data2\" content=\"2\u00a0Minuten\" \/>\n<script type=\"application\/ld+json\" class=\"yoast-schema-graph\">{\"@context\":\"https:\/\/schema.org\",\"@graph\":[{\"@type\":\"WebSite\",\"@id\":\"https:\/\/skgd.pl\/#website\",\"url\":\"https:\/\/skgd.pl\/\",\"name\":\"Deutsche Minderheit, Sozial-Kulturelle Gesellschaft der Deutschen im Oppelner Schlesien\",\"description\":\"Deutsche Minderheit in Polen\",\"potentialAction\":[{\"@type\":\"SearchAction\",\"target\":{\"@type\":\"EntryPoint\",\"urlTemplate\":\"https:\/\/skgd.pl\/?s={search_term_string}\"},\"query-input\":\"required name=search_term_string\"}],\"inLanguage\":\"de\"},{\"@type\":\"ImageObject\",\"inLanguage\":\"de\",\"@id\":\"https:\/\/skgd.pl\/de\/gratulacje-konsul-rfn-w-opolu-oraz-przewodniczacego-tskn-na-slasku-opolskim-dla-laureatow-konkursu-jezyka-niemieckiego-2020\/#primaryimage\",\"url\":\"https:\/\/skgd.pl\/wp-content\/uploads\/2020\/06\/Gratulationen-der-Konsulin-der-BRD-in-Oppeln-und-des-Vorsitzenden-der-Sozial-Kulturellen-Gesellschaft-der-Deutschen-im-Oppelner-Schlesien.jpg\",\"contentUrl\":\"https:\/\/skgd.pl\/wp-content\/uploads\/2020\/06\/Gratulationen-der-Konsulin-der-BRD-in-Oppeln-und-des-Vorsitzenden-der-Sozial-Kulturellen-Gesellschaft-der-Deutschen-im-Oppelner-Schlesien.jpg\",\"width\":940,\"height\":788},{\"@type\":\"WebPage\",\"@id\":\"https:\/\/skgd.pl\/de\/gratulacje-konsul-rfn-w-opolu-oraz-przewodniczacego-tskn-na-slasku-opolskim-dla-laureatow-konkursu-jezyka-niemieckiego-2020\/#webpage\",\"url\":\"https:\/\/skgd.pl\/de\/gratulacje-konsul-rfn-w-opolu-oraz-przewodniczacego-tskn-na-slasku-opolskim-dla-laureatow-konkursu-jezyka-niemieckiego-2020\/\",\"name\":\"Gratulationen der Konsulin der BRD in Oppeln und des Vorsitzenden der SKGD im Oppelner Schlesien an die Laureaten des Wettbewerbs der Deutschen Sprache 2020 - Deutsche Minderheit, Sozial-Kulturelle Gesellschaft der Deutschen im Oppelner Schlesien\",\"isPartOf\":{\"@id\":\"https:\/\/skgd.pl\/#website\"},\"primaryImageOfPage\":{\"@id\":\"https:\/\/skgd.pl\/de\/gratulacje-konsul-rfn-w-opolu-oraz-przewodniczacego-tskn-na-slasku-opolskim-dla-laureatow-konkursu-jezyka-niemieckiego-2020\/#primaryimage\"},\"datePublished\":\"2020-06-15T16:43:04+00:00\",\"dateModified\":\"2020-06-15T16:43:04+00:00\",\"author\":{\"@id\":\"https:\/\/skgd.pl\/#\/schema\/person\/dcdd6dd89280fa49735a207f6d6dccd2\"},\"breadcrumb\":{\"@id\":\"https:\/\/skgd.pl\/de\/gratulacje-konsul-rfn-w-opolu-oraz-przewodniczacego-tskn-na-slasku-opolskim-dla-laureatow-konkursu-jezyka-niemieckiego-2020\/#breadcrumb\"},\"inLanguage\":\"de\",\"potentialAction\":[{\"@type\":\"ReadAction\",\"target\":[\"https:\/\/skgd.pl\/de\/gratulacje-konsul-rfn-w-opolu-oraz-przewodniczacego-tskn-na-slasku-opolskim-dla-laureatow-konkursu-jezyka-niemieckiego-2020\/\"]}]},{\"@type\":\"BreadcrumbList\",\"@id\":\"https:\/\/skgd.pl\/de\/gratulacje-konsul-rfn-w-opolu-oraz-przewodniczacego-tskn-na-slasku-opolskim-dla-laureatow-konkursu-jezyka-niemieckiego-2020\/#breadcrumb\",\"itemListElement\":[{\"@type\":\"ListItem\",\"position\":1,\"name\":\"Strona g\u0142\u00f3wna\",\"item\":\"https:\/\/skgd.pl\/\"},{\"@type\":\"ListItem\",\"position\":2,\"name\":\"Gratulationen der Konsulin der BRD in Oppeln und des Vorsitzenden der SKGD im Oppelner Schlesien an die Laureaten des Wettbewerbs der Deutschen Sprache 2020\"}]},{\"@type\":\"Person\",\"@id\":\"https:\/\/skgd.pl\/#\/schema\/person\/dcdd6dd89280fa49735a207f6d6dccd2\",\"name\":\"Zuzanna Herud\",\"image\":{\"@type\":\"ImageObject\",\"inLanguage\":\"de\",\"@id\":\"https:\/\/skgd.pl\/#\/schema\/person\/image\/\",\"url\":\"https:\/\/secure.gravatar.com\/avatar\/a01f92cb4421a03a6fa61cc64f8d96dc?s=96&d=mm&r=g\",\"contentUrl\":\"https:\/\/secure.gravatar.com\/avatar\/a01f92cb4421a03a6fa61cc64f8d96dc?s=96&d=mm&r=g\",\"caption\":\"Zuzanna Herud\"},\"url\":\"https:\/\/skgd.pl\/de\/author\/zuzanna\/\"}]}<\/script>\n<!-- \/ Yoast SEO plugin. -->","yoast_head_json":{"title":"Gratulationen der Konsulin der BRD in Oppeln und des Vorsitzenden der SKGD im Oppelner Schlesien an die Laureaten des Wettbewerbs der Deutschen Sprache 2020 - Deutsche Minderheit, Sozial-Kulturelle Gesellschaft der Deutschen im Oppelner Schlesien","robots":{"index":"index","follow":"follow","max-snippet":"max-snippet:-1","max-image-preview":"max-image-preview:large","max-video-preview":"max-video-preview:-1"},"canonical":"https:\/\/skgd.pl\/de\/gratulacje-konsul-rfn-w-opolu-oraz-przewodniczacego-tskn-na-slasku-opolskim-dla-laureatow-konkursu-jezyka-niemieckiego-2020\/","og_locale":"de_DE","og_type":"article","og_title":"Gratulationen der Konsulin der BRD in Oppeln und des Vorsitzenden der SKGD im Oppelner Schlesien an die Laureaten des Wettbewerbs der Deutschen Sprache 2020 - Deutsche Minderheit, Sozial-Kulturelle Gesellschaft der Deutschen im Oppelner Schlesien","og_description":"Liebe Sch\u00fclerinnen und Sch\u00fcler, Liebe Eltern und Lehrer, Wie es jedes Jahr \u00fcblich war, hat die Sozial-Kulturelle Gesellschaft der Deutschen im Oppelner Schlesien zusammen mit der Oppelner Schulaufsichtsbeh\u00f6rde den Wettbewerb der Deutschen Sprache organisiert. Es war \u00fcblich, dass die Deutsche Minderheit f\u00fcr die Besten Sch\u00fclerinnen und Sch\u00fcler der Oppelner Woiwodschaft eine Preisverleihung im Oppelner Sejmik [&hellip;]","og_url":"https:\/\/skgd.pl\/de\/gratulacje-konsul-rfn-w-opolu-oraz-przewodniczacego-tskn-na-slasku-opolskim-dla-laureatow-konkursu-jezyka-niemieckiego-2020\/","og_site_name":"Deutsche Minderheit, Sozial-Kulturelle Gesellschaft der Deutschen im Oppelner Schlesien","article_published_time":"2020-06-15T16:43:04+00:00","og_image":[{"width":940,"height":788,"url":"https:\/\/skgd.pl\/wp-content\/uploads\/2020\/06\/Gratulationen-der-Konsulin-der-BRD-in-Oppeln-und-des-Vorsitzenden-der-Sozial-Kulturellen-Gesellschaft-der-Deutschen-im-Oppelner-Schlesien.jpg","type":"image\/jpeg"}],"twitter_card":"summary_large_image","twitter_misc":{"Verfasst von":"Zuzanna Herud","Gesch\u00e4tzte Lesezeit":"2\u00a0Minuten"},"schema":{"@context":"https:\/\/schema.org","@graph":[{"@type":"WebSite","@id":"https:\/\/skgd.pl\/#website","url":"https:\/\/skgd.pl\/","name":"Deutsche Minderheit, Sozial-Kulturelle Gesellschaft der Deutschen im Oppelner Schlesien","description":"Deutsche Minderheit in Polen","potentialAction":[{"@type":"SearchAction","target":{"@type":"EntryPoint","urlTemplate":"https:\/\/skgd.pl\/?s={search_term_string}"},"query-input":"required name=search_term_string"}],"inLanguage":"de"},{"@type":"ImageObject","inLanguage":"de","@id":"https:\/\/skgd.pl\/de\/gratulacje-konsul-rfn-w-opolu-oraz-przewodniczacego-tskn-na-slasku-opolskim-dla-laureatow-konkursu-jezyka-niemieckiego-2020\/#primaryimage","url":"https:\/\/skgd.pl\/wp-content\/uploads\/2020\/06\/Gratulationen-der-Konsulin-der-BRD-in-Oppeln-und-des-Vorsitzenden-der-Sozial-Kulturellen-Gesellschaft-der-Deutschen-im-Oppelner-Schlesien.jpg","contentUrl":"https:\/\/skgd.pl\/wp-content\/uploads\/2020\/06\/Gratulationen-der-Konsulin-der-BRD-in-Oppeln-und-des-Vorsitzenden-der-Sozial-Kulturellen-Gesellschaft-der-Deutschen-im-Oppelner-Schlesien.jpg","width":940,"height":788},{"@type":"WebPage","@id":"https:\/\/skgd.pl\/de\/gratulacje-konsul-rfn-w-opolu-oraz-przewodniczacego-tskn-na-slasku-opolskim-dla-laureatow-konkursu-jezyka-niemieckiego-2020\/#webpage","url":"https:\/\/skgd.pl\/de\/gratulacje-konsul-rfn-w-opolu-oraz-przewodniczacego-tskn-na-slasku-opolskim-dla-laureatow-konkursu-jezyka-niemieckiego-2020\/","name":"Gratulationen der Konsulin der BRD in Oppeln und des Vorsitzenden der SKGD im Oppelner Schlesien an die Laureaten des Wettbewerbs der Deutschen Sprache 2020 - Deutsche Minderheit, Sozial-Kulturelle Gesellschaft der Deutschen im Oppelner Schlesien","isPartOf":{"@id":"https:\/\/skgd.pl\/#website"},"primaryImageOfPage":{"@id":"https:\/\/skgd.pl\/de\/gratulacje-konsul-rfn-w-opolu-oraz-przewodniczacego-tskn-na-slasku-opolskim-dla-laureatow-konkursu-jezyka-niemieckiego-2020\/#primaryimage"},"datePublished":"2020-06-15T16:43:04+00:00","dateModified":"2020-06-15T16:43:04+00:00","author":{"@id":"https:\/\/skgd.pl\/#\/schema\/person\/dcdd6dd89280fa49735a207f6d6dccd2"},"breadcrumb":{"@id":"https:\/\/skgd.pl\/de\/gratulacje-konsul-rfn-w-opolu-oraz-przewodniczacego-tskn-na-slasku-opolskim-dla-laureatow-konkursu-jezyka-niemieckiego-2020\/#breadcrumb"},"inLanguage":"de","potentialAction":[{"@type":"ReadAction","target":["https:\/\/skgd.pl\/de\/gratulacje-konsul-rfn-w-opolu-oraz-przewodniczacego-tskn-na-slasku-opolskim-dla-laureatow-konkursu-jezyka-niemieckiego-2020\/"]}]},{"@type":"BreadcrumbList","@id":"https:\/\/skgd.pl\/de\/gratulacje-konsul-rfn-w-opolu-oraz-przewodniczacego-tskn-na-slasku-opolskim-dla-laureatow-konkursu-jezyka-niemieckiego-2020\/#breadcrumb","itemListElement":[{"@type":"ListItem","position":1,"name":"Strona g\u0142\u00f3wna","item":"https:\/\/skgd.pl\/"},{"@type":"ListItem","position":2,"name":"Gratulationen der Konsulin der BRD in Oppeln und des Vorsitzenden der SKGD im Oppelner Schlesien an die Laureaten des Wettbewerbs der Deutschen Sprache 2020"}]},{"@type":"Person","@id":"https:\/\/skgd.pl\/#\/schema\/person\/dcdd6dd89280fa49735a207f6d6dccd2","name":"Zuzanna Herud","image":{"@type":"ImageObject","inLanguage":"de","@id":"https:\/\/skgd.pl\/#\/schema\/person\/image\/","url":"https:\/\/secure.gravatar.com\/avatar\/a01f92cb4421a03a6fa61cc64f8d96dc?s=96&d=mm&r=g","contentUrl":"https:\/\/secure.gravatar.com\/avatar\/a01f92cb4421a03a6fa61cc64f8d96dc?s=96&d=mm&r=g","caption":"Zuzanna Herud"},"url":"https:\/\/skgd.pl\/de\/author\/zuzanna\/"}]}},"_links":{"self":[{"href":"https:\/\/skgd.pl\/de\/wp-json\/wp\/v2\/posts\/23981","targetHints":{"allow":["GET"]}}],"collection":[{"href":"https:\/\/skgd.pl\/de\/wp-json\/wp\/v2\/posts"}],"about":[{"href":"https:\/\/skgd.pl\/de\/wp-json\/wp\/v2\/types\/post"}],"author":[{"embeddable":true,"href":"https:\/\/skgd.pl\/de\/wp-json\/wp\/v2\/users\/7"}],"replies":[{"embeddable":true,"href":"https:\/\/skgd.pl\/de\/wp-json\/wp\/v2\/comments?post=23981"}],"version-history":[{"count":10,"href":"https:\/\/skgd.pl\/de\/wp-json\/wp\/v2\/posts\/23981\/revisions"}],"predecessor-version":[{"id":23992,"href":"https:\/\/skgd.pl\/de\/wp-json\/wp\/v2\/posts\/23981\/revisions\/23992"}],"wp:featuredmedia":[{"embeddable":true,"href":"https:\/\/skgd.pl\/de\/wp-json\/wp\/v2\/media\/23986"}],"wp:attachment":[{"href":"https:\/\/skgd.pl\/de\/wp-json\/wp\/v2\/media?parent=23981"}],"wp:term":[{"taxonomy":"category","embeddable":true,"href":"https:\/\/skgd.pl\/de\/wp-json\/wp\/v2\/categories?post=23981"},{"taxonomy":"post_tag","embeddable":true,"href":"https:\/\/skgd.pl\/de\/wp-json\/wp\/v2\/tags?post=23981"}],"curies":[{"name":"wp","href":"https:\/\/api.w.org\/{rel}","templated":true}]}}