{"id":23974,"date":"2020-06-14T15:42:59","date_gmt":"2020-06-14T13:42:59","guid":{"rendered":"http:\/\/skgd.pl\/?p=23974"},"modified":"2020-06-14T15:42:59","modified_gmt":"2020-06-14T13:42:59","slug":"perspektive-deutsche-minderheit-premiera-filmowa-z-dyskusja-panelowa-i-czatem-publicznosci","status":"publish","type":"post","link":"https:\/\/skgd.pl\/de\/perspektive-deutsche-minderheit-premiera-filmowa-z-dyskusja-panelowa-i-czatem-publicznosci\/","title":{"rendered":"&#8221;Perspektive deutsche Minderheit&#8221; \u2013 digitale Filmpremiere mit Podiumsgespr\u00e4ch und Publikums-Chat"},"content":{"rendered":"<p><\/p>\n<p style=\"text-align: justify;\">Im Rahmen der &#8220;Langen Nacht der Ideen&#8221; des Ausw\u00e4rtigen Amts wird eine digitale Filmpremiere mit einem Podiumsgespr\u00e4ch und Publikums-Chat&#8221; Perspektive deutsche Minderheit&#8221; veranstaltet. All das findet am Freitag, den 19.06.2020, um 19.00 \u2013 20.30 Uhr statt, auf dem Youtube-Kanal des ifa.<\/p>\n<p style=\"text-align: justify;\">Im \u00f6stlichen Europa und den Staaten der GUS leben etwa eine Million Angeh\u00f6rige der Deutschen Minderheiten. Wer sind sie? Was bewegt sie? Wie sieht ihr Leben als Minderheit aus? Das ifa hat einen Dokumentarfilm gedreht: &#8220;Perspektive deutsche Minderheit&#8221; feiert im Rahmen der digitalen Langen Nacht der Ideen des Ausw\u00e4rtigen Amts seine Premiere. Sie sind herzlich eingeladen!<\/p>\n<p><strong>Der Film wird&nbsp;auf&nbsp;<\/strong><a href=\"http:\/\/newsletter.ifa.de\/go\/10\/FW8I-3Y8IAZ0I-3NQLUD6A-ROHTZ2.html\"><strong>www.youtube.com\/user\/ifaStuttgart<\/strong><\/a><strong>&nbsp;gezeigt.<\/strong><\/p>\n<p style=\"text-align: justify;\">Anschlie\u00dfend findet eine Podiumsdiskussion mit Publikums-Chat statt.<br \/>\nAm Chat k\u00f6nnen Sie als eingeloggte Nutzer\/-innen in Youtube teilnehmen. Das ifa gibt Ihre Fragen an die Podiumsg\u00e4ste weiter.<\/p>\n<p style=\"text-align: justify;\">In pers\u00f6nlichen Portr\u00e4ts berichten acht Menschen aus Polen, Ungarn und der Slowakei von ihrer ber\u00fchrenden Suche nach den eigenen Wurzeln. Es ist ein Ringen um die eigene Identit\u00e4t und sie spiegelt die Geschichte Europas. In den Lebensl\u00e4ufen zeigt sich, wie aus verfeindeten Nationen \u2013 wo nicht immer beste Freunde \u2013 so doch gute Nachbarn wurden und binationale Ehen inzwischen Normalit\u00e4t sind. Deutsche Minderheit, das sind Sch\u00fclerinnen und Studierende, Senioren wie auch Menschen, die mitten im Berufsleben stehen. In der 25-min\u00fctigen Dokumentation &#8220;Perspektive deutsche Minderheit&#8221; erz\u00e4hlen sie ihre Geschichten.<\/p>\n<p style=\"text-align: justify;\">Mehr Informationen finden Sie auf der Webside: <a href=\"https:\/\/www.ifa.de\/veranstaltungen\/detail\/online-premiere-perspektive-deutsche-minderheit\/\">https:\/\/www.ifa.de\/veranstaltungen\/detail\/online-premiere-perspektive-deutsche-minderheit\/<\/a><\/p>\n<p style=\"text-align: justify;\">&nbsp;<\/p>\n<p style=\"text-align: justify;\">Wir laden herzlich ein!&nbsp;<\/p>\n<p><\/p>","protected":false},"excerpt":{"rendered":"<p>Im Rahmen der &#8220;Langen Nacht der Ideen&#8221; des Ausw\u00e4rtigen Amts wird eine digitale Filmpremiere mit einem Podiumsgespr\u00e4ch und Publikums-Chat&#8221; Perspektive deutsche Minderheit&#8221; veranstaltet. All das findet am Freitag, den 19.06.2020, um 19.00 \u2013 20.30 Uhr statt, auf dem Youtube-Kanal des ifa. Im \u00f6stlichen Europa und den Staaten der GUS leben etwa eine Million Angeh\u00f6rige der [&hellip;]<\/p>\n","protected":false},"author":7,"featured_media":23976,"comment_status":"closed","ping_status":"open","sticky":false,"template":"","format":"standard","meta":{"footnotes":""},"categories":[1],"tags":[],"class_list":["post-23974","post","type-post","status-publish","format-standard","has-post-thumbnail","hentry","category-aktualnosci"],"yoast_head":"<!-- This site is optimized with the Yoast SEO plugin v18.9 - https:\/\/yoast.com\/wordpress\/plugins\/seo\/ -->\n<title>&quot;Perspektive deutsche Minderheit&quot; \u2013 digitale Filmpremiere mit Podiumsgespr\u00e4ch und Publikums-Chat - Deutsche Minderheit, Sozial-Kulturelle Gesellschaft der Deutschen im Oppelner Schlesien<\/title>\n<meta name=\"robots\" content=\"index, follow, max-snippet:-1, max-image-preview:large, max-video-preview:-1\" \/>\n<link rel=\"canonical\" href=\"https:\/\/skgd.pl\/de\/perspektive-deutsche-minderheit-premiera-filmowa-z-dyskusja-panelowa-i-czatem-publicznosci\/\" \/>\n<meta property=\"og:locale\" content=\"de_DE\" \/>\n<meta property=\"og:type\" content=\"article\" \/>\n<meta property=\"og:title\" content=\"&quot;Perspektive deutsche Minderheit&quot; \u2013 digitale Filmpremiere mit Podiumsgespr\u00e4ch und Publikums-Chat - Deutsche Minderheit, Sozial-Kulturelle Gesellschaft der Deutschen im Oppelner Schlesien\" \/>\n<meta property=\"og:description\" content=\"Im Rahmen der &#8220;Langen Nacht der Ideen&#8221; des Ausw\u00e4rtigen Amts wird eine digitale Filmpremiere mit einem Podiumsgespr\u00e4ch und Publikums-Chat&#8221; Perspektive deutsche Minderheit&#8221; veranstaltet. All das findet am Freitag, den 19.06.2020, um 19.00 \u2013 20.30 Uhr statt, auf dem Youtube-Kanal des ifa. Im \u00f6stlichen Europa und den Staaten der GUS leben etwa eine Million Angeh\u00f6rige der [&hellip;]\" \/>\n<meta property=\"og:url\" content=\"https:\/\/skgd.pl\/de\/perspektive-deutsche-minderheit-premiera-filmowa-z-dyskusja-panelowa-i-czatem-publicznosci\/\" \/>\n<meta property=\"og:site_name\" content=\"Deutsche Minderheit, Sozial-Kulturelle Gesellschaft der Deutschen im Oppelner Schlesien\" \/>\n<meta property=\"article:published_time\" content=\"2020-06-14T13:42:59+00:00\" \/>\n<meta property=\"og:image\" content=\"https:\/\/skgd.pl\/wp-content\/uploads\/2020\/06\/foto.png\" \/>\n\t<meta property=\"og:image:width\" content=\"540\" \/>\n\t<meta property=\"og:image:height\" content=\"286\" \/>\n\t<meta property=\"og:image:type\" content=\"image\/png\" \/>\n<meta name=\"twitter:card\" content=\"summary_large_image\" \/>\n<meta name=\"twitter:label1\" content=\"Verfasst von\" \/>\n\t<meta name=\"twitter:data1\" content=\"Zuzanna Herud\" \/>\n\t<meta name=\"twitter:label2\" content=\"Gesch\u00e4tzte Lesezeit\" \/>\n\t<meta name=\"twitter:data2\" content=\"3\u00a0Minuten\" \/>\n<script type=\"application\/ld+json\" class=\"yoast-schema-graph\">{\"@context\":\"https:\/\/schema.org\",\"@graph\":[{\"@type\":\"WebSite\",\"@id\":\"https:\/\/skgd.pl\/#website\",\"url\":\"https:\/\/skgd.pl\/\",\"name\":\"Deutsche Minderheit, Sozial-Kulturelle Gesellschaft der Deutschen im Oppelner Schlesien\",\"description\":\"Deutsche Minderheit in Polen\",\"potentialAction\":[{\"@type\":\"SearchAction\",\"target\":{\"@type\":\"EntryPoint\",\"urlTemplate\":\"https:\/\/skgd.pl\/?s={search_term_string}\"},\"query-input\":\"required name=search_term_string\"}],\"inLanguage\":\"de\"},{\"@type\":\"ImageObject\",\"inLanguage\":\"de\",\"@id\":\"https:\/\/skgd.pl\/de\/perspektive-deutsche-minderheit-premiera-filmowa-z-dyskusja-panelowa-i-czatem-publicznosci\/#primaryimage\",\"url\":\"https:\/\/skgd.pl\/wp-content\/uploads\/2020\/06\/foto.png\",\"contentUrl\":\"https:\/\/skgd.pl\/wp-content\/uploads\/2020\/06\/foto.png\",\"width\":540,\"height\":286},{\"@type\":\"WebPage\",\"@id\":\"https:\/\/skgd.pl\/de\/perspektive-deutsche-minderheit-premiera-filmowa-z-dyskusja-panelowa-i-czatem-publicznosci\/#webpage\",\"url\":\"https:\/\/skgd.pl\/de\/perspektive-deutsche-minderheit-premiera-filmowa-z-dyskusja-panelowa-i-czatem-publicznosci\/\",\"name\":\"\\\"Perspektive deutsche Minderheit\\\" \u2013 digitale Filmpremiere mit Podiumsgespr\u00e4ch und Publikums-Chat - Deutsche Minderheit, Sozial-Kulturelle Gesellschaft der Deutschen im Oppelner Schlesien\",\"isPartOf\":{\"@id\":\"https:\/\/skgd.pl\/#website\"},\"primaryImageOfPage\":{\"@id\":\"https:\/\/skgd.pl\/de\/perspektive-deutsche-minderheit-premiera-filmowa-z-dyskusja-panelowa-i-czatem-publicznosci\/#primaryimage\"},\"datePublished\":\"2020-06-14T13:42:59+00:00\",\"dateModified\":\"2020-06-14T13:42:59+00:00\",\"author\":{\"@id\":\"https:\/\/skgd.pl\/#\/schema\/person\/dcdd6dd89280fa49735a207f6d6dccd2\"},\"breadcrumb\":{\"@id\":\"https:\/\/skgd.pl\/de\/perspektive-deutsche-minderheit-premiera-filmowa-z-dyskusja-panelowa-i-czatem-publicznosci\/#breadcrumb\"},\"inLanguage\":\"de\",\"potentialAction\":[{\"@type\":\"ReadAction\",\"target\":[\"https:\/\/skgd.pl\/de\/perspektive-deutsche-minderheit-premiera-filmowa-z-dyskusja-panelowa-i-czatem-publicznosci\/\"]}]},{\"@type\":\"BreadcrumbList\",\"@id\":\"https:\/\/skgd.pl\/de\/perspektive-deutsche-minderheit-premiera-filmowa-z-dyskusja-panelowa-i-czatem-publicznosci\/#breadcrumb\",\"itemListElement\":[{\"@type\":\"ListItem\",\"position\":1,\"name\":\"Strona g\u0142\u00f3wna\",\"item\":\"https:\/\/skgd.pl\/\"},{\"@type\":\"ListItem\",\"position\":2,\"name\":\"&#8221;Perspektive deutsche Minderheit&#8221; \u2013 digitale Filmpremiere mit Podiumsgespr\u00e4ch und Publikums-Chat\"}]},{\"@type\":\"Person\",\"@id\":\"https:\/\/skgd.pl\/#\/schema\/person\/dcdd6dd89280fa49735a207f6d6dccd2\",\"name\":\"Zuzanna Herud\",\"image\":{\"@type\":\"ImageObject\",\"inLanguage\":\"de\",\"@id\":\"https:\/\/skgd.pl\/#\/schema\/person\/image\/\",\"url\":\"https:\/\/secure.gravatar.com\/avatar\/a01f92cb4421a03a6fa61cc64f8d96dc?s=96&d=mm&r=g\",\"contentUrl\":\"https:\/\/secure.gravatar.com\/avatar\/a01f92cb4421a03a6fa61cc64f8d96dc?s=96&d=mm&r=g\",\"caption\":\"Zuzanna Herud\"},\"url\":\"https:\/\/skgd.pl\/de\/author\/zuzanna\/\"}]}<\/script>\n<!-- \/ Yoast SEO plugin. -->","yoast_head_json":{"title":"\"Perspektive deutsche Minderheit\" \u2013 digitale Filmpremiere mit Podiumsgespr\u00e4ch und Publikums-Chat - Deutsche Minderheit, Sozial-Kulturelle Gesellschaft der Deutschen im Oppelner Schlesien","robots":{"index":"index","follow":"follow","max-snippet":"max-snippet:-1","max-image-preview":"max-image-preview:large","max-video-preview":"max-video-preview:-1"},"canonical":"https:\/\/skgd.pl\/de\/perspektive-deutsche-minderheit-premiera-filmowa-z-dyskusja-panelowa-i-czatem-publicznosci\/","og_locale":"de_DE","og_type":"article","og_title":"\"Perspektive deutsche Minderheit\" \u2013 digitale Filmpremiere mit Podiumsgespr\u00e4ch und Publikums-Chat - Deutsche Minderheit, Sozial-Kulturelle Gesellschaft der Deutschen im Oppelner Schlesien","og_description":"Im Rahmen der &#8220;Langen Nacht der Ideen&#8221; des Ausw\u00e4rtigen Amts wird eine digitale Filmpremiere mit einem Podiumsgespr\u00e4ch und Publikums-Chat&#8221; Perspektive deutsche Minderheit&#8221; veranstaltet. All das findet am Freitag, den 19.06.2020, um 19.00 \u2013 20.30 Uhr statt, auf dem Youtube-Kanal des ifa. Im \u00f6stlichen Europa und den Staaten der GUS leben etwa eine Million Angeh\u00f6rige der [&hellip;]","og_url":"https:\/\/skgd.pl\/de\/perspektive-deutsche-minderheit-premiera-filmowa-z-dyskusja-panelowa-i-czatem-publicznosci\/","og_site_name":"Deutsche Minderheit, Sozial-Kulturelle Gesellschaft der Deutschen im Oppelner Schlesien","article_published_time":"2020-06-14T13:42:59+00:00","og_image":[{"width":540,"height":286,"url":"https:\/\/skgd.pl\/wp-content\/uploads\/2020\/06\/foto.png","type":"image\/png"}],"twitter_card":"summary_large_image","twitter_misc":{"Verfasst von":"Zuzanna Herud","Gesch\u00e4tzte Lesezeit":"3\u00a0Minuten"},"schema":{"@context":"https:\/\/schema.org","@graph":[{"@type":"WebSite","@id":"https:\/\/skgd.pl\/#website","url":"https:\/\/skgd.pl\/","name":"Deutsche Minderheit, Sozial-Kulturelle Gesellschaft der Deutschen im Oppelner Schlesien","description":"Deutsche Minderheit in Polen","potentialAction":[{"@type":"SearchAction","target":{"@type":"EntryPoint","urlTemplate":"https:\/\/skgd.pl\/?s={search_term_string}"},"query-input":"required name=search_term_string"}],"inLanguage":"de"},{"@type":"ImageObject","inLanguage":"de","@id":"https:\/\/skgd.pl\/de\/perspektive-deutsche-minderheit-premiera-filmowa-z-dyskusja-panelowa-i-czatem-publicznosci\/#primaryimage","url":"https:\/\/skgd.pl\/wp-content\/uploads\/2020\/06\/foto.png","contentUrl":"https:\/\/skgd.pl\/wp-content\/uploads\/2020\/06\/foto.png","width":540,"height":286},{"@type":"WebPage","@id":"https:\/\/skgd.pl\/de\/perspektive-deutsche-minderheit-premiera-filmowa-z-dyskusja-panelowa-i-czatem-publicznosci\/#webpage","url":"https:\/\/skgd.pl\/de\/perspektive-deutsche-minderheit-premiera-filmowa-z-dyskusja-panelowa-i-czatem-publicznosci\/","name":"\"Perspektive deutsche Minderheit\" \u2013 digitale Filmpremiere mit Podiumsgespr\u00e4ch und Publikums-Chat - Deutsche Minderheit, Sozial-Kulturelle Gesellschaft der Deutschen im Oppelner Schlesien","isPartOf":{"@id":"https:\/\/skgd.pl\/#website"},"primaryImageOfPage":{"@id":"https:\/\/skgd.pl\/de\/perspektive-deutsche-minderheit-premiera-filmowa-z-dyskusja-panelowa-i-czatem-publicznosci\/#primaryimage"},"datePublished":"2020-06-14T13:42:59+00:00","dateModified":"2020-06-14T13:42:59+00:00","author":{"@id":"https:\/\/skgd.pl\/#\/schema\/person\/dcdd6dd89280fa49735a207f6d6dccd2"},"breadcrumb":{"@id":"https:\/\/skgd.pl\/de\/perspektive-deutsche-minderheit-premiera-filmowa-z-dyskusja-panelowa-i-czatem-publicznosci\/#breadcrumb"},"inLanguage":"de","potentialAction":[{"@type":"ReadAction","target":["https:\/\/skgd.pl\/de\/perspektive-deutsche-minderheit-premiera-filmowa-z-dyskusja-panelowa-i-czatem-publicznosci\/"]}]},{"@type":"BreadcrumbList","@id":"https:\/\/skgd.pl\/de\/perspektive-deutsche-minderheit-premiera-filmowa-z-dyskusja-panelowa-i-czatem-publicznosci\/#breadcrumb","itemListElement":[{"@type":"ListItem","position":1,"name":"Strona g\u0142\u00f3wna","item":"https:\/\/skgd.pl\/"},{"@type":"ListItem","position":2,"name":"&#8221;Perspektive deutsche Minderheit&#8221; \u2013 digitale Filmpremiere mit Podiumsgespr\u00e4ch und Publikums-Chat"}]},{"@type":"Person","@id":"https:\/\/skgd.pl\/#\/schema\/person\/dcdd6dd89280fa49735a207f6d6dccd2","name":"Zuzanna Herud","image":{"@type":"ImageObject","inLanguage":"de","@id":"https:\/\/skgd.pl\/#\/schema\/person\/image\/","url":"https:\/\/secure.gravatar.com\/avatar\/a01f92cb4421a03a6fa61cc64f8d96dc?s=96&d=mm&r=g","contentUrl":"https:\/\/secure.gravatar.com\/avatar\/a01f92cb4421a03a6fa61cc64f8d96dc?s=96&d=mm&r=g","caption":"Zuzanna Herud"},"url":"https:\/\/skgd.pl\/de\/author\/zuzanna\/"}]}},"_links":{"self":[{"href":"https:\/\/skgd.pl\/de\/wp-json\/wp\/v2\/posts\/23974","targetHints":{"allow":["GET"]}}],"collection":[{"href":"https:\/\/skgd.pl\/de\/wp-json\/wp\/v2\/posts"}],"about":[{"href":"https:\/\/skgd.pl\/de\/wp-json\/wp\/v2\/types\/post"}],"author":[{"embeddable":true,"href":"https:\/\/skgd.pl\/de\/wp-json\/wp\/v2\/users\/7"}],"replies":[{"embeddable":true,"href":"https:\/\/skgd.pl\/de\/wp-json\/wp\/v2\/comments?post=23974"}],"version-history":[{"count":3,"href":"https:\/\/skgd.pl\/de\/wp-json\/wp\/v2\/posts\/23974\/revisions"}],"predecessor-version":[{"id":23978,"href":"https:\/\/skgd.pl\/de\/wp-json\/wp\/v2\/posts\/23974\/revisions\/23978"}],"wp:featuredmedia":[{"embeddable":true,"href":"https:\/\/skgd.pl\/de\/wp-json\/wp\/v2\/media\/23976"}],"wp:attachment":[{"href":"https:\/\/skgd.pl\/de\/wp-json\/wp\/v2\/media?parent=23974"}],"wp:term":[{"taxonomy":"category","embeddable":true,"href":"https:\/\/skgd.pl\/de\/wp-json\/wp\/v2\/categories?post=23974"},{"taxonomy":"post_tag","embeddable":true,"href":"https:\/\/skgd.pl\/de\/wp-json\/wp\/v2\/tags?post=23974"}],"curies":[{"name":"wp","href":"https:\/\/api.w.org\/{rel}","templated":true}]}}